{"id":7430,"date":"2020-09-19T12:24:18","date_gmt":"2020-09-19T11:24:18","guid":{"rendered":"http:\/\/echta-derminga.de\/?p=7430"},"modified":"2020-09-19T12:51:12","modified_gmt":"2020-09-19T11:51:12","slug":"in-sachen-ortsvorsteher-von-einer-wuerdevollen-gedenkfeier-einer-kindergarten-offensive-und-dem-naturpark-saar-hunsrueck","status":"publish","type":"post","link":"https:\/\/echta-derminga.de\/?p=7430","title":{"rendered":"In Sachen Ortsvorsteher: Von einer w\u00fcrdevollen Gedenkfeier, einer &#8222;Kindergarten-Offensive&#8220; und dem Naturpark Saar-Hunsr\u00fcck"},"content":{"rendered":"\n<p class=\"wp-block-paragraph\" style=\"font-size:18px\">Liebe Dirmingerinnen und Dirminger,<\/p>\n\n\n\n<p class=\"wp-block-paragraph\" style=\"font-size:18px\">hinter uns liegen emotionale und intensive Tage. Unsere Dorfgemeinschaft konnte nach fast einem halben Jahr endlich Abschied von ihrem verstorbenen Ortsvorsteher Manfred Klein nehmen. W\u00e4hrenddessen gilt es weiterhin an der Zukunft unseres Heimatort zu arbeiten. Der Gemeinderat hat diesbez\u00fcglich richtungsweisende Entscheidungen getroffen.<\/p>\n\n\n\n<p class=\"wp-block-paragraph\" style=\"font-size:18px\"><strong>Einstimmiges Votum f\u00fcr \u201eKindergarten -Offensive\u201c der Verwaltungsspitze<\/strong><\/p>\n\n\n\n<p class=\"wp-block-paragraph\" style=\"font-size:18px\">Am Donnerstag, 17. September 20 fand im \u201eBigEpple\u201c eine richtungsweisende Sitzung des Gemeinderates statt. Auf Initiative unseres B\u00fcrgermeisters Dr. Andreas Feld befasste sich das Gremium mit der sogenannten \u201eKindergarten-Offensive\u201c. Aus Sicht des Rathauschefs sind die Wartelisten auf einen Krippen- bzw. Kindergartenplatz viel sind lang. Ich teile diesbez\u00fcglich die Meinung des B\u00fcrgermeisters und finde ebenfalls, dass es in unserer Gemeinde zu wenig Kita- und Krippenpl\u00e4tze gibt. Aus meiner eigenen Erfahrung kann ich berichten, dass viele Eltern mit dieser Situation v\u00f6llig \u00fcberfordert sind und dringend Hilfe ben\u00f6tigen. Ziel ist es nun, schnellstm\u00f6glich neue Kita- und Krippenpl\u00e4tze anzubieten. Dazu soll in Humes eine neue Kindertagesst\u00e4tte erbaut werden. Auch f\u00fcr unseren Ortsteil Dirmingen bedeutet dies einschneidende Ver\u00e4nderungen. Der ehemaligen katholischen Kindergarten Dirmingen soll angemietet werden und kurzfristig wichtige Entlastung bringen. Sollten diese Ma\u00dfnahmen wie gew\u00fcnscht greifen w\u00e4re unsere Gemeinde im landesweiten Vergleich hervorragend aufgestellt. Aktuell fehlen in unserer Heimatgemeinde zur Deckung der gesetzlich geforderten Versorgung insgesamt 19 Krippenpl\u00e4tze sowie 48 Kindergartenpl\u00e4tze. Die Offensive unseres B\u00fcrgermeisters w\u00fcrde also tats\u00e4chlich helfen. Zuk\u00fcnftig sollen also in den Kita-Standorten in Dirmingen und Humes jeweils elf zus\u00e4tzliche Krippenpl\u00e4tze entstehen. In der Dirminger Kita \u201ePusteblume\u201c sollen zudem weitere 25 Kindergartenpl\u00e4tze entstehen. In Humes wurde bereits ein entsprechender Grundst\u00fccksankauf f\u00fcr einen Neubau vollzogen. Als Ortsvorsteher begr\u00fc\u00dfe ich die Initiative des B\u00fcrgermeisters weitere Krippenpl\u00e4tze in unserer Gemeinde einzurichten. Wir sind uns partei\u00fcbergreifend einig, dass die Ma\u00dfnahme dringend erforderlich sind und der ehemalige katholische Kindergarten in Dirmingen gute Voraussetzung schafft, um kurzfristig zu helfen. Ich w\u00fcnsche mir jedoch aufgrund der besonderen Historie in Dirmingen, gerade in diesem Zusammenhang, besonders viel Transparenz. Damit nicht wieder alte Grabenk\u00e4mpfe entstehen, sollte jeder mitgenommen werden. Nach der Entscheidung des Gemeinderates sollen nun die R\u00e4umlichkeiten des ehemaligen katholischen Kindergartens aufger\u00fcstet werden. Ich w\u00fcnsche mir sehr, dass in alle anstehenden Entscheidungen unser Ortsrat einbezogen und informiert wird. Es w\u00e4re gut, wenn wir auch in diesem Fall \u00fcberkonfessionell denken und jeden in unsere \u00dcberlegungen einbeziehen. Nach einem Gespr\u00e4ch mit B\u00fcrgermeister Dr. Andreas Feld bin ich jedoch sehr zuversichtlich, dass die Grundlage f\u00fcr eine gute Zusammenarbeit gegeben ist. Wichtig ist mir pers\u00f6nlich, dass keine Kindergartengruppe auseinander gerissen wird und man versucht altersgerecht einzuteilen. Von daher hoffe ich sehr, dass es gelingt die Kindergartengruppen in der Kita Pusteblume zu lassen und vielmehr f\u00fcr die Krippenkinder ein neues sch\u00f6nes Ambiente auf dem Rothenberg zu erschaffen. Der Gemeinderat hat schlie\u00dflich ein einstimmiges Votum f\u00fcr die Einleitung der erforderlichen Ma\u00dfnahmen abgegeben. Unser Heimatort Dirmingen spielt bei diesem Konzept eine wichtige Rolle. Wir sollten uns nun alle gemeinsam den kommenden Aufgaben stellen.<\/p>\n\n\n\n<figure class=\"wp-block-gallery columns-2 is-cropped wp-block-gallery-1 is-layout-flex wp-block-gallery-is-layout-flex\"><ul class=\"blocks-gallery-grid\"><li class=\"blocks-gallery-item\"><figure><img loading=\"lazy\" decoding=\"async\" width=\"644\" height=\"429\" src=\"https:\/\/echta-derminga.de\/wp-content\/uploads\/2020\/09\/blogi-1-644x429-1.jpg\" alt=\"\" data-id=\"7433\" data-link=\"https:\/\/echta-derminga.de\/?attachment_id=7433\" class=\"wp-image-7433\" srcset=\"https:\/\/echta-derminga.de\/wp-content\/uploads\/2020\/09\/blogi-1-644x429-1.jpg 644w, https:\/\/echta-derminga.de\/wp-content\/uploads\/2020\/09\/blogi-1-644x429-1-300x200.jpg 300w, https:\/\/echta-derminga.de\/wp-content\/uploads\/2020\/09\/blogi-1-644x429-1-120x80.jpg 120w\" sizes=\"auto, (max-width: 644px) 100vw, 644px\" \/><\/figure><\/li><li class=\"blocks-gallery-item\"><figure><img loading=\"lazy\" decoding=\"async\" width=\"644\" height=\"483\" src=\"https:\/\/echta-derminga.de\/wp-content\/uploads\/2020\/09\/kath.-Kita-644x483-1.jpg\" alt=\"\" data-id=\"7434\" data-full-url=\"https:\/\/echta-derminga.de\/wp-content\/uploads\/2020\/09\/kath.-Kita-644x483-1.jpg\" data-link=\"https:\/\/echta-derminga.de\/?attachment_id=7434\" class=\"wp-image-7434\" srcset=\"https:\/\/echta-derminga.de\/wp-content\/uploads\/2020\/09\/kath.-Kita-644x483-1.jpg 644w, https:\/\/echta-derminga.de\/wp-content\/uploads\/2020\/09\/kath.-Kita-644x483-1-300x225.jpg 300w\" sizes=\"auto, (max-width: 644px) 100vw, 644px\" \/><\/figure><\/li><\/ul><\/figure>\n\n\n\n<p class=\"wp-block-paragraph\" style=\"font-size:18px\"><strong>&nbsp;In Gedanken bei \u201eManne\u201c- W\u00fcrdevolle Gedenkfeier im Br\u00fchlpark<\/strong><\/p>\n\n\n\n<p class=\"wp-block-paragraph\" style=\"font-size:18px\">War es Zufall, Schicksal oder F\u00fcgung ? Das Wetterhoch &#8222;Manfred&#8220; sorgte p\u00fcnktlich zur Gedenkfeier unseres verstorbenen Ortsvorstehers Manfred Klein f\u00fcr die passende Rahmenbedingung. Nach dem schmerzlichen Verlust unseres Ortsvorsteher Manfred Klein am 15. M\u00e4rz 2020 konnte unser Heimatort am Freitag, 18.September 2020 endlich Abschied nehmen. Die Familie, der Kulturverein Dirmingen und auch die Gemeinde Eppelborn hatten trotz der anhaltenden Pandemie zu einer Gedenkfeier im Dirminger Br\u00fchlpark eingeladen. W\u00e4hrend der bewegenden Veranstaltung wurde der pl\u00f6tzliche Abschied und die damit verbundene Trauer noch einmal gegenw\u00e4rtig. Nach einem w\u00fcrdevollen evangelischen Gottesdienst, durch Pfarrer Harro Eder, kamen Ehreng\u00e4ste und Weggef\u00e4hrten zu Wort . Die Dirminger Gruppe RASTLOS spielte noch einmal zu Ehren ihres ehemaligen Mitgliedes. Auch Nina Heidemann sorgte mit ihrem Gesang f\u00fcr einen G\u00e4nsehautmoment. Wenn dieser Tag auch schwer und traurig war, so hat er uns doch allen die M\u00f6glichkeit gegeben gemeinsam Abschied von einem guten Freund und wunderbaren Menschen zu nehmen. Mein Dank geht an die Verwaltungsspitze um B\u00fcrgermeister Dr. Andreas Feld, den Bauhof und die Haustechnik der Gemeinde Epeplborn, den Kulturverein Dirmingen, die Gruppe RASTLOS, Nina Heidemann und an Klaus Mohr f\u00fcr die erstklassige Beschallung. Manfred Klein hat f\u00fcr unser Dorf vieles getan. Wir alle sollten ihm ein w\u00fcrdiges Andenken bewahren.<\/p>\n\n\n\n<figure class=\"wp-block-gallery columns-2 is-cropped wp-block-gallery-2 is-layout-flex wp-block-gallery-is-layout-flex\"><ul class=\"blocks-gallery-grid\"><li class=\"blocks-gallery-item\"><figure><img loading=\"lazy\" decoding=\"async\" width=\"700\" height=\"394\" src=\"https:\/\/echta-derminga.de\/wp-content\/uploads\/2020\/09\/12-700x394.jpg\" alt=\"\" data-id=\"7439\" data-link=\"https:\/\/echta-derminga.de\/?attachment_id=7439\" class=\"wp-image-7439\" srcset=\"https:\/\/echta-derminga.de\/wp-content\/uploads\/2020\/09\/12-700x394.jpg 700w, https:\/\/echta-derminga.de\/wp-content\/uploads\/2020\/09\/12-300x169.jpg 300w, https:\/\/echta-derminga.de\/wp-content\/uploads\/2020\/09\/12-768x432.jpg 768w, https:\/\/echta-derminga.de\/wp-content\/uploads\/2020\/09\/12.jpg 900w\" sizes=\"auto, (max-width: 700px) 100vw, 700px\" \/><\/figure><\/li><li class=\"blocks-gallery-item\"><figure><img loading=\"lazy\" decoding=\"async\" width=\"700\" height=\"394\" src=\"https:\/\/echta-derminga.de\/wp-content\/uploads\/2020\/09\/11-700x394.jpg\" alt=\"\" data-id=\"7440\" data-full-url=\"https:\/\/echta-derminga.de\/wp-content\/uploads\/2020\/09\/11.jpg\" data-link=\"https:\/\/echta-derminga.de\/?attachment_id=7440\" class=\"wp-image-7440\" srcset=\"https:\/\/echta-derminga.de\/wp-content\/uploads\/2020\/09\/11-700x394.jpg 700w, https:\/\/echta-derminga.de\/wp-content\/uploads\/2020\/09\/11-300x169.jpg 300w, https:\/\/echta-derminga.de\/wp-content\/uploads\/2020\/09\/11-768x432.jpg 768w, https:\/\/echta-derminga.de\/wp-content\/uploads\/2020\/09\/11.jpg 960w\" sizes=\"auto, (max-width: 700px) 100vw, 700px\" \/><\/figure><\/li><\/ul><\/figure>\n\n\n\n<blockquote class=\"wp-block-quote is-layout-flow wp-block-quote-is-layout-flow\"><p><strong>Das sch\u00f6nste Denkmal, das ein Mensch bekommen kann, steht in den Herzen der Mitmenschen.<\/strong><\/p><cite>Albert Schweitzer<\/cite><\/blockquote>\n\n\n\n<p class=\"wp-block-paragraph\" style=\"font-size:18px\"><strong>Herzlichen Gl\u00fcckwunsch zum 95. Wiegenfest an Hans Obermann<\/strong><\/p>\n\n\n\n<p class=\"wp-block-paragraph\" style=\"font-size:18px\">Gl\u00fcckw\u00fcnsche zu \u00fcberbringen geh\u00f6rt zu den sch\u00f6nsten Aufgaben eines Ortsvorstehers. Am Donnerstag, 17. September durfte ich Herrn Hans Obermann zum 95. Wiegenfest gratulieren. Neben den Gl\u00fcckw\u00fcnschen des Ortsrates \u00fcberbrachte ich zudem die Geburtstagsgr\u00fc\u00dfe des Ministerpr\u00e4sidenten, des Landrates und unserem B\u00fcrgermeister Dr. Andreas Feld. Menschen, die den 95. Geburtstag feiern blicken auf einen langen Lebensweg zur\u00fcck. Gerne habe ich Herrn Hans Obermann zugeh\u00f6rt und seinen Erinnerungen gelauscht. Auch an dieser Stelle nochmals alles Gute viel Gl\u00fcck und Gesundheit.<\/p>\n\n\n\n<div class=\"wp-block-image\"><figure class=\"aligncenter size-large\"><img loading=\"lazy\" decoding=\"async\" width=\"700\" height=\"460\" src=\"https:\/\/echta-derminga.de\/wp-content\/uploads\/2020\/09\/119878949_3311888985572470_2087458908083224991_o-700x460.jpg\" alt=\"\" class=\"wp-image-7437\" srcset=\"https:\/\/echta-derminga.de\/wp-content\/uploads\/2020\/09\/119878949_3311888985572470_2087458908083224991_o-700x460.jpg 700w, https:\/\/echta-derminga.de\/wp-content\/uploads\/2020\/09\/119878949_3311888985572470_2087458908083224991_o-300x197.jpg 300w, https:\/\/echta-derminga.de\/wp-content\/uploads\/2020\/09\/119878949_3311888985572470_2087458908083224991_o-768x504.jpg 768w, https:\/\/echta-derminga.de\/wp-content\/uploads\/2020\/09\/119878949_3311888985572470_2087458908083224991_o-120x80.jpg 120w, https:\/\/echta-derminga.de\/wp-content\/uploads\/2020\/09\/119878949_3311888985572470_2087458908083224991_o.jpg 900w\" sizes=\"auto, (max-width: 700px) 100vw, 700px\" \/><\/figure><\/div>\n\n\n\n<p class=\"wp-block-paragraph\" style=\"font-size:18px\"><strong>Neuer Bauerngarten im Freizeitzentrum Finkenrech er\u00f6ffnet<\/strong><\/p>\n\n\n\n<p class=\"wp-block-paragraph\" style=\"font-size:18px\">Der neue Bauerngarten im Freizeitzentrum Finkenrech l\u00e4sst jedes G\u00e4rtnerherz h\u00f6herschlagen. Frisches Obst, wohlschmeckende Kr\u00e4uter und knackiges Gem\u00fcse wurden in dem neu angelegten Garten angepflanzt. Die Vielfalt des Gartens ist erstaunlich und l\u00e4dt alle G\u00e4ste zum Verweilen ein. Der traditionelle Bauerngarten diente fr\u00fcher als Nutzgarten zur Selbstversorgung. Am Freitag, 11. September wurde der neue Bauerngarten feierlich er\u00f6ffnet. Landrat S\u00f6ren Meng dankte den auf Finkenrech t\u00e4tigen G\u00e4rtnern und lobte die liebevolle Kleinarbeit. Neben B\u00fcrgermeister Dr. Andreas Feld und der ehemaligen B\u00fcrgermeisterin Birgit M\u00fcller-Closset durfte ich gemeinsam mit dem Landrat und dem B\u00fcrgermeister den Bauerngarten er\u00f6ffnen. Mit dieser neuen Anlage verf\u00fcgt das Freizeitzentrum Finkenrech \u00fcber eine weitere Attraktion. Ein Besuch des neuen Bauerngartens lohnt sich in jedem Fall. Sie werden staunen was es alles zu sehen gibt.<\/p>\n\n\n\n<figure class=\"wp-block-gallery columns-2 is-cropped wp-block-gallery-3 is-layout-flex wp-block-gallery-is-layout-flex\"><ul class=\"blocks-gallery-grid\"><li class=\"blocks-gallery-item\"><figure><img loading=\"lazy\" decoding=\"async\" width=\"700\" height=\"525\" src=\"https:\/\/echta-derminga.de\/wp-content\/uploads\/2020\/09\/119029997_1738075026340681_3731250293014609175_n-1-700x525.jpg\" alt=\"\" data-id=\"7443\" data-link=\"https:\/\/echta-derminga.de\/?attachment_id=7443\" class=\"wp-image-7443\" srcset=\"https:\/\/echta-derminga.de\/wp-content\/uploads\/2020\/09\/119029997_1738075026340681_3731250293014609175_n-1-700x525.jpg 700w, https:\/\/echta-derminga.de\/wp-content\/uploads\/2020\/09\/119029997_1738075026340681_3731250293014609175_n-1-300x225.jpg 300w, https:\/\/echta-derminga.de\/wp-content\/uploads\/2020\/09\/119029997_1738075026340681_3731250293014609175_n-1-768x576.jpg 768w, https:\/\/echta-derminga.de\/wp-content\/uploads\/2020\/09\/119029997_1738075026340681_3731250293014609175_n-1.jpg 960w\" sizes=\"auto, (max-width: 700px) 100vw, 700px\" \/><\/figure><\/li><li class=\"blocks-gallery-item\"><figure><img loading=\"lazy\" decoding=\"async\" width=\"700\" height=\"464\" src=\"https:\/\/echta-derminga.de\/wp-content\/uploads\/2020\/09\/119119513_3294101747351194_5974815338695830480_n-700x464.jpg\" alt=\"\" data-id=\"7444\" data-full-url=\"https:\/\/echta-derminga.de\/wp-content\/uploads\/2020\/09\/119119513_3294101747351194_5974815338695830480_n.jpg\" data-link=\"https:\/\/echta-derminga.de\/?attachment_id=7444\" class=\"wp-image-7444\" srcset=\"https:\/\/echta-derminga.de\/wp-content\/uploads\/2020\/09\/119119513_3294101747351194_5974815338695830480_n-700x464.jpg 700w, https:\/\/echta-derminga.de\/wp-content\/uploads\/2020\/09\/119119513_3294101747351194_5974815338695830480_n-300x199.jpg 300w, https:\/\/echta-derminga.de\/wp-content\/uploads\/2020\/09\/119119513_3294101747351194_5974815338695830480_n-120x80.jpg 120w, https:\/\/echta-derminga.de\/wp-content\/uploads\/2020\/09\/119119513_3294101747351194_5974815338695830480_n.jpg 734w\" sizes=\"auto, (max-width: 700px) 100vw, 700px\" \/><\/figure><\/li><\/ul><\/figure>\n\n\n\n<p class=\"wp-block-paragraph\" style=\"font-size:18px\"><strong>40. Jahre Naturpark Saar-Hunsr\u00fcck &#8211; Jubil\u00e4umswanderung durch unsere Heimat<\/strong><\/p>\n\n\n\n<p class=\"wp-block-paragraph\" style=\"font-size:18px\">Der Naturpark Saar-Hunsr\u00fcck wurde im Jahre 1980 ausgewiesen und offiziell im Jahre 1982 gegr\u00fcndet. Im Saarland umfasst das Gebiet insgesamt 19 St\u00e4dte und Gemeinden. Im Jahre 1993 erfolgte auf Antrag der Gemeinde Eppelborn die Eingliederung unseres Heimatortes Dirmingen in den Naturpark. Dirmingen bildet mit seinem Freizeitzentrum Finkenrech die sogenannte \u201cS\u00fcdpforte\u201d des Naturparks-Saar- Hunsr\u00fcck. Am Samstag, 12. September 2019 fand anl\u00e4sslich des Jubil\u00e4ums \u201e40.Jahre Naturpark Saar-Hunsr\u00fcck\u201c eine Wanderung durch Dirmingen statt. Obwohl damals unsere gesamte Heimatgemeinde die Eingliederung in den Naturpark anstrebte wurde allein Dirmingen aufgenommen. Aus diesem Grunde wurde mir die M\u00f6glichkeit einger\u00e4umt meinen Heimatort vorzustellen und seine Sehensw\u00fcrdigkeiten zu pr\u00e4sentieren. &nbsp;Bei dieser Jubil\u00e4ums-Wanderung durch das Naherholungsgebiet \u201eSteinrausche\u201c war die Teilnehmerzahl aufgrund der Hygieneverordnung begrenzt. Im Mittelpunkt der Wanderung stand das bedeutendste geologische Naturdenkmal des Landkreises Neunkirchen, unsere \u201eSteenrutsch\u201c. Dieses quarzitisches Konglomerat, dessen Steinbl\u00f6cke in einem Umkreis von 100,00 m aufget\u00fcrmt sind, liegt in der Gemarkung Dirmingen und betreibt seit Ewigkeit Werbung in eigener Sache. Neben der \u201eSteenrutsch\u201c kann man in Dirmingen viele weitere Sehensw\u00fcrdigkeiten bewundern. Der sanfte Tourismus hat in unserer Region eine echte Chance. Dirmingen zu besuchen hei\u00dft Natur und Kultur hautnah zu erleben.<\/p>\n\n\n\n<figure class=\"wp-block-gallery columns-2 is-cropped wp-block-gallery-4 is-layout-flex wp-block-gallery-is-layout-flex\"><ul class=\"blocks-gallery-grid\"><li class=\"blocks-gallery-item\"><figure><img loading=\"lazy\" decoding=\"async\" width=\"700\" height=\"466\" src=\"https:\/\/echta-derminga.de\/wp-content\/uploads\/2020\/09\/o6-700x466.jpg\" alt=\"\" data-id=\"7361\" data-full-url=\"https:\/\/echta-derminga.de\/wp-content\/uploads\/2020\/09\/o6.jpg\" data-link=\"https:\/\/echta-derminga.de\/?attachment_id=7361\" class=\"wp-image-7361\" srcset=\"https:\/\/echta-derminga.de\/wp-content\/uploads\/2020\/09\/o6-700x466.jpg 700w, https:\/\/echta-derminga.de\/wp-content\/uploads\/2020\/09\/o6-300x200.jpg 300w, https:\/\/echta-derminga.de\/wp-content\/uploads\/2020\/09\/o6-768x512.jpg 768w, https:\/\/echta-derminga.de\/wp-content\/uploads\/2020\/09\/o6-120x80.jpg 120w, https:\/\/echta-derminga.de\/wp-content\/uploads\/2020\/09\/o6.jpg 800w\" sizes=\"auto, (max-width: 700px) 100vw, 700px\" \/><\/figure><\/li><li class=\"blocks-gallery-item\"><figure><img loading=\"lazy\" decoding=\"async\" width=\"700\" height=\"467\" src=\"https:\/\/echta-derminga.de\/wp-content\/uploads\/2020\/09\/o-700x467.jpg\" alt=\"\" data-id=\"7359\" data-full-url=\"https:\/\/echta-derminga.de\/wp-content\/uploads\/2020\/09\/o.jpg\" data-link=\"https:\/\/echta-derminga.de\/?attachment_id=7359\" class=\"wp-image-7359\" srcset=\"https:\/\/echta-derminga.de\/wp-content\/uploads\/2020\/09\/o-700x467.jpg 700w, https:\/\/echta-derminga.de\/wp-content\/uploads\/2020\/09\/o-300x200.jpg 300w, https:\/\/echta-derminga.de\/wp-content\/uploads\/2020\/09\/o-768x512.jpg 768w, https:\/\/echta-derminga.de\/wp-content\/uploads\/2020\/09\/o-120x80.jpg 120w, https:\/\/echta-derminga.de\/wp-content\/uploads\/2020\/09\/o.jpg 1024w\" sizes=\"auto, (max-width: 700px) 100vw, 700px\" \/><\/figure><\/li><\/ul><\/figure>\n\n\n\n<p class=\"wp-block-paragraph\" style=\"font-size:18px\"><strong>Abschlie\u00dfend m\u00f6chte ich noch einmal daran erinnern, dass unsere Nachbarschaftshilfegruppe immer noch zur Verf\u00fcgung steht. Die Pandemie wird uns noch eine Zeitlang besch\u00e4ftigen. Darum ben\u00f6tigen wir weiterhin den absoluten Zusammenhalt unserer Dorfgemeinschaft. Solidarit\u00e4t ist wichtig und st\u00e4rkt unser Miteinander. Bitte denken Sie immer daran: &#8222;&#8230;.es \u00e4ndert sich wirklich \u00fcberhaupt nichts, wenn wir es nicht tun&#8220;. Aus diesem Grunde lade ich alle ein mitzumachen, anzupacken und mitzudenken. Wir m\u00fcssen was bewegen, sonst bewegt sich nichts&#8230;in diesem Sinne w\u00fcnsche ich allen Landsleuten eine sch\u00f6ne Zeit.<\/strong><\/p>\n","protected":false},"excerpt":{"rendered":"<p>Liebe Dirmingerinnen und Dirminger, hinter uns liegen emotionale und intensive Tage. Unsere Dorfgemeinschaft konnte nach fast einem halben Jahr endlich Abschied von ihrem verstorbenen Ortsvorsteher Manfred Klein nehmen. W\u00e4hrenddessen gilt es weiterhin an der Zukunft unseres Heimatort zu arbeiten. Der Gemeinderat hat diesbez\u00fcglich richtungsweisende Entscheidungen getroffen. Einstimmiges Votum f\u00fcr \u201eKindergarten -Offensive\u201c der Verwaltungsspitze Am Donnerstag, 17. September 20 fand im<\/p>\n","protected":false},"author":1,"featured_media":7439,"comment_status":"open","ping_status":"closed","sticky":false,"template":"","format":"standard","meta":{"_crdt_document":"","footnotes":""},"categories":[1,812],"tags":[5,618,127,871,870],"class_list":["post-7430","post","type-post","status-publish","format-standard","has-post-thumbnail","hentry","category-allgemein","category-ortsvorsteher-dirmingen","tag-dirmingen","tag-gemeinde-eppelborn","tag-landkreis-neunkirchen","tag-landrat-neunkirchen","tag-manfred-klein"],"_links":{"self":[{"href":"https:\/\/echta-derminga.de\/index.php?rest_route=\/wp\/v2\/posts\/7430","targetHints":{"allow":["GET"]}}],"collection":[{"href":"https:\/\/echta-derminga.de\/index.php?rest_route=\/wp\/v2\/posts"}],"about":[{"href":"https:\/\/echta-derminga.de\/index.php?rest_route=\/wp\/v2\/types\/post"}],"author":[{"embeddable":true,"href":"https:\/\/echta-derminga.de\/index.php?rest_route=\/wp\/v2\/users\/1"}],"replies":[{"embeddable":true,"href":"https:\/\/echta-derminga.de\/index.php?rest_route=%2Fwp%2Fv2%2Fcomments&post=7430"}],"version-history":[{"count":20,"href":"https:\/\/echta-derminga.de\/index.php?rest_route=\/wp\/v2\/posts\/7430\/revisions"}],"predecessor-version":[{"id":7460,"href":"https:\/\/echta-derminga.de\/index.php?rest_route=\/wp\/v2\/posts\/7430\/revisions\/7460"}],"wp:featuredmedia":[{"embeddable":true,"href":"https:\/\/echta-derminga.de\/index.php?rest_route=\/wp\/v2\/media\/7439"}],"wp:attachment":[{"href":"https:\/\/echta-derminga.de\/index.php?rest_route=%2Fwp%2Fv2%2Fmedia&parent=7430"}],"wp:term":[{"taxonomy":"category","embeddable":true,"href":"https:\/\/echta-derminga.de\/index.php?rest_route=%2Fwp%2Fv2%2Fcategories&post=7430"},{"taxonomy":"post_tag","embeddable":true,"href":"https:\/\/echta-derminga.de\/index.php?rest_route=%2Fwp%2Fv2%2Ftags&post=7430"}],"curies":[{"name":"wp","href":"https:\/\/api.w.org\/{rel}","templated":true}]}}