{"id":746,"date":"2018-03-10T16:23:25","date_gmt":"2018-03-10T15:23:25","guid":{"rendered":"http:\/\/echta-derminga.de\/?p=746"},"modified":"2018-03-10T17:37:50","modified_gmt":"2018-03-10T16:37:50","slug":"erneuerung-in-verantwortung-mein-kritischer-blick-auf-die-parteienlandschaft-und-eine-neue-heimatkultur","status":"publish","type":"post","link":"https:\/\/echta-derminga.de\/?p=746","title":{"rendered":"Erneuerung in Verantwortung? \u2013 Mein kritischer Blick auf die Parteienlandschaft und eine \u201eNeue\u201c Heimatkultur"},"content":{"rendered":"<p><strong>Am Rande des SPD-Landesparteitages in Dillingen nutzte ich die Gelegenheit um mir neue Meinungen und Standpunkte anzuh\u00f6ren. Ich habe mir zuletzt viele Gedanken \u00fcber unsere Parteienlandschaft und die sogenannte \u201eNeue\u201c Heimatkultur gemacht. Gerade in der SPD ist kritisches und lautes Denken erlaubt und keineswegs verp\u00f6nt. Anders als in anderen Parteien d\u00fcrfen Mitglieder der SPD mitdenken, mitdiskutieren und mitentscheiden. Dies unterscheidet die SPD immer noch im Wesentlichen zu anderen Parteien.<\/strong><\/p>\n<p>Dennoch hat auch meine Partei ihre Probleme und viele festgefahrenen Strukturen. Die viel besagte Erneuerung in der SPD ist dringend notwendig und sollte schnellstens umgesetzt werden.Ich habe in den letzten Wochen keinen Hehl daraus gemacht das ich einer Weiterf\u00fchrung der \u201eGro\u00dfen Koalition\u201c skeptisch gegen\u00fcber stehe. Als Demokrat habe ich jedoch gelernt Entscheidungen zu akzeptieren und mitzutragen.<\/p>\n<p><strong>Das neue Motto der Saar SPD hei\u00dft: Erneuerung in der Verantwortung.<\/strong><\/p>\n<p>Keine Frage der ausgearbeitete Koalitionsvertrag ist gut und tr\u00e4gt die deutliche Handschrift der SPD. Auch die neue SPD Ministerriege ist akzeptabel und findet, bis auf wenige Ausnahmen, meine Zustimmung.<\/p>\n<div id=\"attachment_748\" style=\"width: 310px\" class=\"wp-caption alignleft\"><img loading=\"lazy\" decoding=\"async\" aria-describedby=\"caption-attachment-748\" class=\"wp-image-748 size-medium\" src=\"https:\/\/echta-derminga.de\/wp-content\/uploads\/2018\/03\/29025374_1635374416557277_3881443193291538432_n-300x289.jpg\" alt=\"\" width=\"300\" height=\"289\" srcset=\"https:\/\/echta-derminga.de\/wp-content\/uploads\/2018\/03\/29025374_1635374416557277_3881443193291538432_n-300x289.jpg 300w, https:\/\/echta-derminga.de\/wp-content\/uploads\/2018\/03\/29025374_1635374416557277_3881443193291538432_n.jpg 364w\" sizes=\"auto, (max-width: 300px) 100vw, 300px\" \/><p id=\"caption-attachment-748\" class=\"wp-caption-text\">Mit dem neuen Aussenminister<\/p><\/div>\n<p>Ich glaube, dass Heiko Maas in Berlin einen guten Job machen wird. Er hat bereits als Justizminister gute Arbeit geleistet und richtungsweisende Entscheidungen getroffen. Ich glaube beinahe, dass Heiko Maas in Berlin besser aufgehoben ist wie Zuhause im Saarland.<\/p>\n<p>Dennoch m\u00f6chte ich nicht verhehlen, dass mich das innerparteiliche St\u00fchler\u00fccken in allen Parteien ungemein nervt. Heute kann man auch als Wahlverlierer Karriere machen. Ich habe diese Entwicklung bei der Wahl unseres neuen Ministerpr\u00e4sidenten kritisiert und finde solche \u00fcberraschenden Karrierespr\u00fcnge auch in den eigenen Reihen nicht gut. Politik muss f\u00fcr die Menschen greifbar bleiben. Mit Wahlergebnisse muss man respektvoll und dem\u00fctig umgehen.<\/p>\n<p>Keine Frage: Ich habe so meine Probleme mit unserer derzeitigen Parteienlandschaft.<\/p>\n<p>Auf dem SPD Landesparteitag konnte ich viele interessante Ans\u00e4tze und Meinungen mitnehmen. Ich hatte schon das Gef\u00fchl, dass die Partei eine Erneuerung anstrebt. Alleine davon zu reden reicht jedoch nicht aus. Der Landesvorstand und die Delegiertenlisten sind aus meiner Sicht \u00fcberaltert. Wir brauchen dringend junge Leute in unserem Parteivorstand. Bei unseren JUSOS gibt es viele gute, junge Leute. Lasst Sie Verantwortung \u00fcbernehmen.<\/p>\n<p>Aus meiner Sicht werden oftmals die falschen Themen favorisiert und in den Vordergrund gestellt. Die Digitalisierung z. B. ist ein zweischneidiges Schwert. Nat\u00fcrlich m\u00fcssen wir dieses Thema angehen und das vorhandene verbessern. Ich habe jedoch den Eindruck, dass ein gutes Gespr\u00e4ch mehr Sinn ergibt als jede geschriebene Mail. Ich m\u00f6chte damit ausdr\u00fccken, dass der Mensch auch zuk\u00fcnftig vor der Technik stehen muss.<\/p>\n<p><b>Aus meiner Sicht ist die St\u00e4rkung der Kommunen eines der wichtigsten Themen. In einer Zeit, in der viele \u00fcber die Zusammenlegung der Landkreise sprechen, kommt bei mir der \u201eDorf-Patriot\u201c zum Vorschein. Die Politik muss mehr B\u00fcrgern\u00e4he demonstrieren. Die St\u00e4rkung der Kommunen sollte eines der obersten Ziele sein. Dazu geh\u00f6rt, dass auch wir Kommunalpolitiker uns \u00f6ffnen und lernen zuzuh\u00f6ren. Die SPD hat zu Recht in ihrem Leitprogramm die \u00d6ffnung f\u00fcr Nicht-Mitglieder festgeschrieben. Ich f\u00e4nde es gut, wenn mehr Menschen Verantwortung \u00fcbernehmen. Ein Parteibuch sollte daf\u00fcr nicht unbedingt erforderlich sein. Wir brauchen gute Frauen und M\u00e4nner die in unseren Orts- und Gemeinder\u00e4ten Verantwortung \u00fcbernehmen. Ich vertrete ebenfalls die Meinung, dass mehr Frauen in die Verantwortung m\u00fcssen. Ob dazu jedoch das sogenannte Rei\u00dfverschluss-verfahren\u00a0erforderlich ist, erschlie\u00dft sich mir nicht. Aus meiner Sicht d\u00fcrfte die Gleichstellung in unserem Zeitalter kein Thema mehr sein. Verantwortung kann jeder \u00fcbernehmen. Dabei sollte das Geschlecht oder ein Parteibuch keine Rolle spielen.<\/b><\/p>\n<p>Eine der gr\u00f6\u00dften Aufgaben unserer Politik ist, neben der sozialen Gerechtigkeit, der Kampf gegen rechts. Hier sollte jeder seine Stimme gegen die \u201ebraune Hetze\u201c erheben. Der Kampf gegen rechts sollte f\u00fcr uns alle eine Selbstverst\u00e4ndlichkeit sein.<\/p>\n<p>In diesem Zusammenhang habe ich ein Problem mit dem Begriff der neuen sogenannten Leitkultur oder Heimatkultur. Heimat ist etwas Wunderbares! Ich habe jedoch Angst, dass der Begriff Heimatkultur von der rechten Szene missbraucht wird. Bei dem Thema Heimatkultur kann es leicht zu Missverst\u00e4ndnissen kommen. Keine Frage: Wir sollten unsere Kultur und unsere Br\u00e4uche pflegen! Wir d\u00fcrfen jedoch nicht zulassen, dass aus der Unzufriedenheit \u00fcber die Politik Fremdenhass entsteht. Unser Land, unsere Stadt, unser Dorf hat so viel mehr zu bieten als Hass und Hetze.<\/p>\n<p>Wir alle, nicht nur die Politiker, m\u00fcssen uns dieser Herausforderung stellen. Ein Umdenken ist dringend vonn\u00f6ten. Eine Erneuerung ist dringend erforderlich.<\/p>\n<p><strong>Die SPD muss lernen selbstbewusst mit ihren Erfolgen umzugehen. Letztens habe ich geh\u00f6rt, dass ein prominenter CDU Politiker, in Saarlouis, den Mindestlohn als gr\u00f6\u00dften Erfolg seiner Partei verkaufte. Wenn das nicht so schlimm w\u00e4re, m\u00fcsste man dr\u00fcber schmunzeln.<\/strong><\/p>\n<p><b>Mit Christian Petry hat die SPD einen neuen Generalsekret\u00e4r, der f\u00fcr B\u00fcrgernahe\u00a0und Bodenst\u00e4ndigkeit steht. Dennoch braucht die SPD frisches Blut und neue Impulse. Eine Erneuerung der SPD kann es aus meiner Sicht nur mit neuen unverbrauchten Leuten geben. Die Politik hat viel Vertrauen verloren. Wir brauchen mehr Ermutigter und Erneuerer! Ich habe die Hoffnung, dass die neue Landesvorsitzende der Saar SPD Anke Rehlinger das genauso sieht! Meine Partei hat viel aufzuarbeiten. Einsicht ist der erste Weg zur Besserung.<\/b><\/p>\n","protected":false},"excerpt":{"rendered":"<p>Am Rande des SPD-Landesparteitages in Dillingen nutzte ich die Gelegenheit um mir neue Meinungen und Standpunkte anzuh\u00f6ren. Ich habe mir zuletzt viele Gedanken \u00fcber unsere Parteienlandschaft und die sogenannte \u201eNeue\u201c Heimatkultur gemacht. Gerade in der SPD ist kritisches und lautes Denken erlaubt und keineswegs verp\u00f6nt. Anders als in anderen Parteien d\u00fcrfen Mitglieder der SPD mitdenken, mitdiskutieren und mitentscheiden. Dies unterscheidet<\/p>\n","protected":false},"author":1,"featured_media":751,"comment_status":"closed","ping_status":"closed","sticky":false,"template":"","format":"standard","meta":{"_crdt_document":"","footnotes":""},"categories":[46],"tags":[116,121,119,120,117,118],"class_list":["post-746","post","type-post","status-publish","format-standard","has-post-thumbnail","hentry","category-meine-politik","tag-erneuerung","tag-kommunalpolitik","tag-landesparteitag","tag-parteibuch","tag-spd-saar","tag-verantwortung"],"_links":{"self":[{"href":"https:\/\/echta-derminga.de\/index.php?rest_route=\/wp\/v2\/posts\/746","targetHints":{"allow":["GET"]}}],"collection":[{"href":"https:\/\/echta-derminga.de\/index.php?rest_route=\/wp\/v2\/posts"}],"about":[{"href":"https:\/\/echta-derminga.de\/index.php?rest_route=\/wp\/v2\/types\/post"}],"author":[{"embeddable":true,"href":"https:\/\/echta-derminga.de\/index.php?rest_route=\/wp\/v2\/users\/1"}],"replies":[{"embeddable":true,"href":"https:\/\/echta-derminga.de\/index.php?rest_route=%2Fwp%2Fv2%2Fcomments&post=746"}],"version-history":[{"count":4,"href":"https:\/\/echta-derminga.de\/index.php?rest_route=\/wp\/v2\/posts\/746\/revisions"}],"predecessor-version":[{"id":753,"href":"https:\/\/echta-derminga.de\/index.php?rest_route=\/wp\/v2\/posts\/746\/revisions\/753"}],"wp:featuredmedia":[{"embeddable":true,"href":"https:\/\/echta-derminga.de\/index.php?rest_route=\/wp\/v2\/media\/751"}],"wp:attachment":[{"href":"https:\/\/echta-derminga.de\/index.php?rest_route=%2Fwp%2Fv2%2Fmedia&parent=746"}],"wp:term":[{"taxonomy":"category","embeddable":true,"href":"https:\/\/echta-derminga.de\/index.php?rest_route=%2Fwp%2Fv2%2Fcategories&post=746"},{"taxonomy":"post_tag","embeddable":true,"href":"https:\/\/echta-derminga.de\/index.php?rest_route=%2Fwp%2Fv2%2Ftags&post=746"}],"curies":[{"name":"wp","href":"https:\/\/api.w.org\/{rel}","templated":true}]}}