{"id":7532,"date":"2020-10-04T11:29:54","date_gmt":"2020-10-04T10:29:54","guid":{"rendered":"http:\/\/echta-derminga.de\/?p=7532"},"modified":"2020-10-04T11:35:31","modified_gmt":"2020-10-04T10:35:31","slug":"haben-wir-vergessen-wie-man-sich-ernaehrt-meine-gedanken-zum-erntedankfest","status":"publish","type":"post","link":"https:\/\/echta-derminga.de\/?p=7532","title":{"rendered":"Haben wir vergessen, wie man sich ern\u00e4hrt? -Meine Gedanken zum Erntedankfest"},"content":{"rendered":"\n<p class=\"wp-block-paragraph\" style=\"font-size:18px\"><strong>Wie viele von uns wissen, dass wir am ersten Wochenende im Oktober Erntedank feiern? In unserer schnellen globalen und digitalisierten Welt finden zahlreiche Braucht\u00fcmer und Traditionen l\u00e4ngst keinen Platz mehr. Dabei ist das Erntedankfest ein kulturell verankertes Ritual dessen Ursprung in der christlichen Tradition liegt.<\/strong><\/p>\n\n\n\n<p class=\"wp-block-paragraph\" style=\"font-size:18px\">Zu fett, zu s\u00fc\u00df und zu viele Zusatzstoffe. In der Regel haben wir immer viel zu viel Ungesundes auf dem Teller. Weltweit sterben j\u00e4hrlich Millionen Menschen an den Folgen falscher Ern\u00e4hrung. Viele von uns wissen, dass Sie sich falsch ern\u00e4hren, wobei die wenigsten den Absprung schaffen. Ich pers\u00f6nlich geh\u00f6re zweifellos zu dieser Gruppe und befinde mich bereits seit Jahren in diesem Labyrinth. Meistens gibt es kein festes Essenritual. Gegessen wird zwischen T\u00fcr und Angel und auch unsere Kinder haben verlernt gemeinsam, zu bestimmten Zeiten, an einem Tisch zu essen. Das Familienleben ist w\u00e4hrend der Woche vom Alltagsstress gepr\u00e4gt. Gegessen wird vor dem Computer oder unterwegs beim \u201eKebab-Mann\u201c oder an der Imbissbude. Auch das Familienleben leidet unter unserem selbstgew\u00e4hlten Ern\u00e4hrungswahn. Nutella, Burger, Pizza, Pasta, Schokoriegel und vor der Glotze gibt\u2019s noch Chips. Jeder gr\u00e4bt sich sein Grab selbst. Manchmal muss es halt &#8222;Klick&#8220; machen, bevor man etwas \u00e4ndert.<\/p>\n\n\n\n<div class=\"wp-block-image\"><figure class=\"aligncenter size-large\"><img loading=\"lazy\" decoding=\"async\" width=\"700\" height=\"429\" src=\"https:\/\/echta-derminga.de\/wp-content\/uploads\/2020\/10\/20-700x429.jpg\" alt=\"\" class=\"wp-image-7535\" srcset=\"https:\/\/echta-derminga.de\/wp-content\/uploads\/2020\/10\/20-700x429.jpg 700w, https:\/\/echta-derminga.de\/wp-content\/uploads\/2020\/10\/20-300x184.jpg 300w, https:\/\/echta-derminga.de\/wp-content\/uploads\/2020\/10\/20-768x470.jpg 768w, https:\/\/echta-derminga.de\/wp-content\/uploads\/2020\/10\/20.jpg 900w\" sizes=\"auto, (max-width: 700px) 100vw, 700px\" \/><figcaption>Ernte auf dem Dirminger Eller<\/figcaption><\/figure><\/div>\n\n\n\n<p class=\"wp-block-paragraph\" style=\"font-size:18px\"><strong>Letztens hat es bei mir mal &#8222;Klick&#8220; gemacht. Im Garten einer Bekannten durfte ich vor deren Baum ein Apfel kosten. Wunderbar! Ich frage mich, warum wir alle im Discounter unser Obst kaufen. Geht es darum ein paar Cent zu sparen, oder sind wir mit dem Anbau und der Ernte \u00fcberfordert? Haben wir vergessen, wie man sich ern\u00e4hrt? Wir kaufen unser Obst und Gem\u00fcse in Plastik verpackt und sehen abends kopfsch\u00fcttelnd die verm\u00fcllten Weltmeere in den Nachrichten. Neben unserer Essenskultur ist auch der Umgang mit unserem Planeten fl\u00f6ten gegangen. Daran tr\u00e4gt niemand Schuld, au\u00dfer wir selbst. Tats\u00e4chlich gibt es Kinder, die noch nie auf einem Bauernhof waren oder auch noch nie ein frisches Obst, Salat oder Gem\u00fcse gegessen haben.<\/strong><\/p>\n\n\n\n<p class=\"wp-block-paragraph\" style=\"font-size:18px\">Mein Sohn liebt sein Schnitzel, will aber nichts davon h\u00f6ren, dass daf\u00fcr Tiere sterben m\u00fcssen. Ich f\u00f6rdere diese Umst\u00e4nde mit meinem Schweigen. Wir m\u00fcssen wieder lernen unsere Lebensmittel zu sch\u00e4tzen. Wir m\u00fcssen wieder lernen richtig zu Kochen und zu Essen. Unsere Kinder sind ein Abbild von uns selbst. Das Erntedankfest ist ein sch\u00f6ner Anlass, um sich mal wieder die eigenen S\u00fcnden mit seiner Ern\u00e4hrung vor Augen zu f\u00fchren. Das Erntedankfest wird von den beiden Kirchen nach der Ernte im Herbst gefeiert. \u00dcberall in Deutschland finden zwischen Mitte September und Anfang Oktober verschiedene Veranstaltungen zu Erntedank statt. Fr\u00fcher gab es sogar Festumz\u00fcge mit Motivwagen, Fu\u00dfgruppen und Spielmannsz\u00fcgen. Heute findet in Dirmingen die saisonale Gro\u00dfveranstaltung \u201eHerbst auf Finkenrech\u201c mit einem gro\u00dfen Bauernmarkt statt. <\/p>\n\n\n\n<div class=\"wp-block-image\"><figure class=\"aligncenter size-large\"><img loading=\"lazy\" decoding=\"async\" width=\"700\" height=\"323\" src=\"https:\/\/echta-derminga.de\/wp-content\/uploads\/2020\/10\/30-700x323.jpg\" alt=\"\" class=\"wp-image-7537\" srcset=\"https:\/\/echta-derminga.de\/wp-content\/uploads\/2020\/10\/30-700x323.jpg 700w, https:\/\/echta-derminga.de\/wp-content\/uploads\/2020\/10\/30-300x138.jpg 300w, https:\/\/echta-derminga.de\/wp-content\/uploads\/2020\/10\/30-768x354.jpg 768w, https:\/\/echta-derminga.de\/wp-content\/uploads\/2020\/10\/30.jpg 1000w\" sizes=\"auto, (max-width: 700px) 100vw, 700px\" \/><figcaption>Heuernte in Dirmingen. <\/figcaption><\/figure><\/div>\n\n\n\n<p class=\"wp-block-paragraph\" style=\"font-size:18px\"><strong>Ein Erntedankfest gab es schon in vorchristlicher Zeit. Nachweislich wurde in der katholischen Kirche bereits im 3. Jahrhundert Erntedank gefeiert. Nach der Reformation wurde das Erntedankfest an unterschiedlichen Daten gefeiert. Die deutsche katholische Bischofskonferenz einigte sich im Jahre 1972 auf den ersten Sonntag im Oktober als Festtermin. Auch die evangelische Kirche empfiehlt ihren Gemeinden seit dem Jahre 1985 den ersten Sonntag im Oktober als Erntedankfest.<\/strong><\/p>\n\n\n\n<p class=\"wp-block-paragraph\" style=\"font-size:18px\">Dirmingen war schon in der Grafschaft Nassau Saarbr\u00fccken als wohlhabendes Bauerndorf bekannt. Nach dem 30-j\u00e4hrigen Krieg basierte der Wohlstand unseres Heimatortes auf der Landwirtschaft. Mit seiner gro\u00dfen Bannmeile und den vielen Feldern, W\u00e4ldern und Wiesen ist das Tal-Dorf Dirmingen pr\u00e4destiniert f\u00fcr die Landwirtschaft. Unsere historischen Quellen verweisen bereits im Mittelalter auf die durch die Zisterzienser M\u00f6nche gelegte landwirtschaftliche Grundlage. Die Bergmannsbauern legten weitere Grundsteine f\u00fcr die Verbindung zwischen Landwirtschaft und der Montanindustrie. Morgens &#8222;unter Tage\u201c Fr\u00fchschicht, mittags auf dem Felde. Kinder durften w\u00e4hrend der Ernte nicht zur Schule und mussten anpacken. Heute gibt es kaum noch Landwirtschaft in unserer Region. Wir alle haben das mit unserem Konsumverhalten zu verantworten.<\/p>\n\n\n\n<div class=\"wp-block-image\"><figure class=\"aligncenter size-large\"><img loading=\"lazy\" decoding=\"async\" width=\"700\" height=\"410\" src=\"https:\/\/echta-derminga.de\/wp-content\/uploads\/2020\/10\/40-700x410.jpg\" alt=\"\" class=\"wp-image-7539\" srcset=\"https:\/\/echta-derminga.de\/wp-content\/uploads\/2020\/10\/40-700x410.jpg 700w, https:\/\/echta-derminga.de\/wp-content\/uploads\/2020\/10\/40-300x176.jpg 300w, https:\/\/echta-derminga.de\/wp-content\/uploads\/2020\/10\/40-768x449.jpg 768w, https:\/\/echta-derminga.de\/wp-content\/uploads\/2020\/10\/40.jpg 1000w\" sizes=\"auto, (max-width: 700px) 100vw, 700px\" \/><figcaption>Auf dem Dirminger Feld<\/figcaption><\/figure><\/div>\n\n\n\n<p class=\"wp-block-paragraph\" style=\"font-size:18px\"><strong>Auf der anderen Seite finde ich schon, dass die Leute sich langsam ihrer Verantwortung bewusst werden. Immer mehr Menschen nutzen regionale Produkte und versuchen selbst Brot zu backen. \u00a0Bauerng\u00e4rten, Bauernm\u00e4rkte und das damit verbundene selbst angesetzte Gem\u00fcse und Obst kommt langsam wieder in die Mode. Gut so! Bis zu einer guten und ausgeglichenen Ern\u00e4hrung ist es jedoch noch ein langer steiniger Weg.<\/strong> <strong>Lasst uns doch gemeinsam wieder diesen alten vergessenen Weg beschreiten und versuchen es zuk\u00fcnftig besser zu machen.<\/strong> <strong>Unsere Gro\u00dfv\u00e4ter und Gro\u00dfm\u00fctter haben uns gezeigt wie es funktionieren kann. Leider haben wir vergessen, wie man sich richtig ern\u00e4hrt.<\/strong><\/p>\n\n\n\n<div class=\"wp-block-image\"><figure class=\"aligncenter size-large\"><img loading=\"lazy\" decoding=\"async\" width=\"700\" height=\"460\" src=\"https:\/\/echta-derminga.de\/wp-content\/uploads\/2020\/10\/50-700x460.jpg\" alt=\"\" class=\"wp-image-7540\" srcset=\"https:\/\/echta-derminga.de\/wp-content\/uploads\/2020\/10\/50-700x460.jpg 700w, https:\/\/echta-derminga.de\/wp-content\/uploads\/2020\/10\/50-300x197.jpg 300w, https:\/\/echta-derminga.de\/wp-content\/uploads\/2020\/10\/50-768x504.jpg 768w, https:\/\/echta-derminga.de\/wp-content\/uploads\/2020\/10\/50-120x80.jpg 120w, https:\/\/echta-derminga.de\/wp-content\/uploads\/2020\/10\/50.jpg 816w\" sizes=\"auto, (max-width: 700px) 100vw, 700px\" \/><figcaption>Heuernte in Dirmingen<\/figcaption><\/figure><\/div>\n","protected":false},"excerpt":{"rendered":"<p>Wie viele von uns wissen, dass wir am ersten Wochenende im Oktober Erntedank feiern? In unserer schnellen globalen und digitalisierten Welt finden zahlreiche Braucht\u00fcmer und Traditionen l\u00e4ngst keinen Platz mehr. Dabei ist das Erntedankfest ein kulturell verankertes Ritual dessen Ursprung in der christlichen Tradition liegt. Zu fett, zu s\u00fc\u00df und zu viele Zusatzstoffe. In der Regel haben wir immer viel<\/p>\n","protected":false},"author":1,"featured_media":7534,"comment_status":"open","ping_status":"closed","sticky":false,"template":"","format":"standard","meta":{"_crdt_document":"","footnotes":""},"categories":[1,9,8],"tags":[5,876,618,127,195,376],"class_list":["post-7532","post","type-post","status-publish","format-standard","has-post-thumbnail","hentry","category-allgemein","category-dorfgetratsche","category-sellemols-und-awweile","tag-dirmingen","tag-erntedank","tag-gemeinde-eppelborn","tag-landkreis-neunkirchen","tag-landwirtschaft","tag-nassau-saarbruecken"],"_links":{"self":[{"href":"https:\/\/echta-derminga.de\/index.php?rest_route=\/wp\/v2\/posts\/7532","targetHints":{"allow":["GET"]}}],"collection":[{"href":"https:\/\/echta-derminga.de\/index.php?rest_route=\/wp\/v2\/posts"}],"about":[{"href":"https:\/\/echta-derminga.de\/index.php?rest_route=\/wp\/v2\/types\/post"}],"author":[{"embeddable":true,"href":"https:\/\/echta-derminga.de\/index.php?rest_route=\/wp\/v2\/users\/1"}],"replies":[{"embeddable":true,"href":"https:\/\/echta-derminga.de\/index.php?rest_route=%2Fwp%2Fv2%2Fcomments&post=7532"}],"version-history":[{"count":10,"href":"https:\/\/echta-derminga.de\/index.php?rest_route=\/wp\/v2\/posts\/7532\/revisions"}],"predecessor-version":[{"id":7547,"href":"https:\/\/echta-derminga.de\/index.php?rest_route=\/wp\/v2\/posts\/7532\/revisions\/7547"}],"wp:featuredmedia":[{"embeddable":true,"href":"https:\/\/echta-derminga.de\/index.php?rest_route=\/wp\/v2\/media\/7534"}],"wp:attachment":[{"href":"https:\/\/echta-derminga.de\/index.php?rest_route=%2Fwp%2Fv2%2Fmedia&parent=7532"}],"wp:term":[{"taxonomy":"category","embeddable":true,"href":"https:\/\/echta-derminga.de\/index.php?rest_route=%2Fwp%2Fv2%2Fcategories&post=7532"},{"taxonomy":"post_tag","embeddable":true,"href":"https:\/\/echta-derminga.de\/index.php?rest_route=%2Fwp%2Fv2%2Ftags&post=7532"}],"curies":[{"name":"wp","href":"https:\/\/api.w.org\/{rel}","templated":true}]}}