{"id":7548,"date":"2020-10-06T15:33:45","date_gmt":"2020-10-06T14:33:45","guid":{"rendered":"http:\/\/echta-derminga.de\/?p=7548"},"modified":"2020-10-06T15:40:30","modified_gmt":"2020-10-06T14:40:30","slug":"in-sachen-ortsvorsteher-von-einem-neuen-ortsvorsteherbuero-einem-buergerbus-einer-vollsperrung-und-einem-tollen-weltrekord","status":"publish","type":"post","link":"https:\/\/echta-derminga.de\/?p=7548","title":{"rendered":"In Sachen Ortsvorsteher: Von einem neuen Ortsvorsteherb\u00fcro, einem B\u00fcrgerbus, einer Vollsperrung und einem tollen Weltrekord"},"content":{"rendered":"\n<p class=\"wp-block-paragraph\" style=\"font-size:18px\">Liebe Dirmingerinnen,<\/p>\n\n\n\n<p class=\"wp-block-paragraph\" style=\"font-size:18px\">liebe Dirminger,<\/p>\n\n\n\n<p class=\"wp-block-paragraph\" style=\"font-size:18px\">der Herbst ist mittlerweile auch in unserem Heimatort angekommen. Unsere Natur bekommt endlich den langersehnten Regen. F\u00fcr mich ist dies die Gelegenheit einmal Danke zu sagen: Einige engagierte Mitb\u00fcrgerinnen und Mitb\u00fcrger haben sich w\u00e4hrend dem doch langen Sommer um unsere Blumen an den Ortseingangsschilder gek\u00fcmmert. Ich wei\u00df diese selbstlose Unterst\u00fctzung zu sch\u00e4tzen und m\u00f6chte auch im Namen der Bev\u00f6lkerung ganz herzlich danken.<\/p>\n\n\n\n<div class=\"wp-block-image\"><figure class=\"aligncenter size-large\"><img loading=\"lazy\" decoding=\"async\" width=\"700\" height=\"546\" src=\"https:\/\/echta-derminga.de\/wp-content\/uploads\/2020\/06\/blog-00-700x546.jpg\" alt=\"\" class=\"wp-image-6483\" srcset=\"https:\/\/echta-derminga.de\/wp-content\/uploads\/2020\/06\/blog-00-700x546.jpg 700w, https:\/\/echta-derminga.de\/wp-content\/uploads\/2020\/06\/blog-00-300x234.jpg 300w, https:\/\/echta-derminga.de\/wp-content\/uploads\/2020\/06\/blog-00-768x599.jpg 768w, https:\/\/echta-derminga.de\/wp-content\/uploads\/2020\/06\/blog-00.jpg 900w\" sizes=\"auto, (max-width: 700px) 100vw, 700px\" \/><\/figure><\/div>\n\n\n\n<p class=\"wp-block-paragraph\" style=\"font-size:18px\"><strong>Nutzungsvereinbarung \u00fcber neues Ortsvorsteherb\u00fcro in der Dirminger Ortsmitte unterschrieben<\/strong><\/p>\n\n\n\n<p class=\"wp-block-paragraph\" style=\"font-size:18px\">Am Dienstag, 29. September 20 unterschrieben unser B\u00fcrgermeister Dr. Andreas Feld und Pfarrer Harro Eder, von der Evangelischen Kirchengemeinde Dirmingen, die Nutzungsvereinbarung \u00fcber das neue Ortsvorsteherb\u00fcro in der Dirminger Ortsmitte. Zuk\u00fcnftig befindet sich das neue B\u00fcro in den R\u00e4umen der B\u00fccherei des Evangelischen Gemeindehauses Dirmingen, Marktplatz 8, in Dirmingen. Die Sprechstunden werden jeweils mittwochs in der Zeit von 18:00 bis 19:30 Uhr angeboten. Ich hoffe das neue B\u00fcro wird ein Ort der Kommunikation und des gemeinsamen Austauschs. Vielen Dank an B\u00fcrgermeister Andreas Feld und an Pfarrer Harro Eder sowie an die Gemeindeverwaltung und das Presbyterium. Am Mittwoch, 07. Oktober 20 wird das neue Ortsvorsteherb\u00fcro erstmals ge\u00f6ffnet sein. Vielleicht schauen Sie mal kurz vorbei? Ich w\u00fcrde mich freuen!<\/p>\n\n\n\n<div class=\"wp-block-image\"><figure class=\"aligncenter size-large\"><img loading=\"lazy\" decoding=\"async\" width=\"700\" height=\"475\" src=\"https:\/\/echta-derminga.de\/wp-content\/uploads\/2020\/10\/40_Ortsvorsteherbuero4-700x475.jpg\" alt=\"\" class=\"wp-image-7552\" srcset=\"https:\/\/echta-derminga.de\/wp-content\/uploads\/2020\/10\/40_Ortsvorsteherbuero4-700x475.jpg 700w, https:\/\/echta-derminga.de\/wp-content\/uploads\/2020\/10\/40_Ortsvorsteherbuero4-300x203.jpg 300w, https:\/\/echta-derminga.de\/wp-content\/uploads\/2020\/10\/40_Ortsvorsteherbuero4-768x521.jpg 768w, https:\/\/echta-derminga.de\/wp-content\/uploads\/2020\/10\/40_Ortsvorsteherbuero4-1536x1041.jpg 1536w, https:\/\/echta-derminga.de\/wp-content\/uploads\/2020\/10\/40_Ortsvorsteherbuero4-2048x1388.jpg 2048w, https:\/\/echta-derminga.de\/wp-content\/uploads\/2020\/10\/40_Ortsvorsteherbuero4-120x80.jpg 120w\" sizes=\"auto, (max-width: 700px) 100vw, 700px\" \/><\/figure><\/div>\n\n\n\n<p class=\"wp-block-paragraph\" style=\"font-size:18px\"><strong>Gute Sache &#8211; B\u00fcrgerbus steht in den Startl\u00f6chern<\/strong><\/p>\n\n\n\n<p class=\"wp-block-paragraph\" style=\"font-size:18px\">Der erste B\u00fcrgerbus der Gemeinde Eppelborn steht in den Startl\u00f6chern. Am Montag, 05. Oktober fand im Big Eppel diesbez\u00fcglich eine Informationsveranstaltung statt. Die beiden B\u00fcrgerbusexperten der Agentur Landmobil, Holger Jansen und Ralph Hintz gaben wichtige Informationen weiter und standen anschlie\u00dfend Rede und Antwort. Der Gemeinderat hat den Pl\u00e4nen zum B\u00fcrgerbus bereits im Fr\u00fchjahr 2020 zugestimmt. Das saarl\u00e4ndische Verkehrsministerium hat unserer Gemeinde bereits eine F\u00f6rderung zugesagt. Auf der Internetplattform der B\u00fcrgerbusse Saar hei\u00dft es: \u201eDer B\u00fcrgerbus soll vor allem die Nahmobilit\u00e4t innerhalb der Gemeinde verbessern und zugleich eine starke, soziale Komponente erhalten. Mit dieser Form der Mobilit\u00e4t k\u00f6nnen wir erreichen, dass \u00e4ltere Menschen l\u00e4nger in ihrem eigenen zu Hause bleiben k\u00f6nnen. Arztbesuche, aber auch Eink\u00e4ufe k\u00f6nnen selbstst\u00e4ndig get\u00e4tigt werden.&#8220; Auch ich vertrete die Meinung, dass gerade \u00e4ltere Menschen von dem B\u00fcrgerbus profitieren k\u00f6nnen. Der Bus kommt Sie auf Wunsch abholen und f\u00e4hrt sie zu ihrem Ziel. W\u00e4hrend der Pandemie haben wir in unserer Nachbarschaftshilfegruppe gemerkt wie sehr gerade \u00e4ltere Menschen darunter leiden nicht mehr mobil zu sein. Aber auch f\u00fcr die j\u00fcngere Generation kann der B\u00fcrgerbus eine echte Chance sein. Gesucht werden Menschen, die sich einbringen und helfen m\u00f6chten. Engagieren k\u00f6nnen sich die ehrenamtlichen Helfer als Fahrerinnen und Fahrer des B\u00fcrgerbusses. Die Agentur Landmobil hat in den letzten Jahren \u00fcber 60 neue B\u00fcrgerbusse auf die Stra\u00dfe gebracht. Von diesen Erfahrungen wird jetzt auch die Gemeinde Eppelborn profitieren. Der Plan geht dahin, dass im Sommer 2021 der Fahrbetrieb starten kann. Unser B\u00fcrgermeister Dr. Andreas Feld bittet alle B\u00fcrgerinnen und B\u00fcrger um Unterst\u00fctzung. Ich m\u00f6chte mich diesem Anliegen anschlie\u00dfen. Bitte \u00fcberlegen Sie sich, ob Sie Interesse an einem Ehrenamt beim Projekt \u201eB\u00fcrgerbus\u201c anstreben m\u00f6chten. Anfragen beantwortet Ihnen Herr Heiko Girnus von der Gemeinde Eppelborn unter 06881\/969126 oder per Mail: <a href=\"mailto:girnus.heiko@eppelborn.de\">girnus.heiko@eppelborn.de<\/a>.<\/p>\n\n\n\n<div class=\"wp-block-image\"><figure class=\"aligncenter size-large\"><img loading=\"lazy\" decoding=\"async\" width=\"700\" height=\"382\" src=\"https:\/\/echta-derminga.de\/wp-content\/uploads\/2020\/10\/00-700x382.jpg\" alt=\"\" class=\"wp-image-7554\" srcset=\"https:\/\/echta-derminga.de\/wp-content\/uploads\/2020\/10\/00-700x382.jpg 700w, https:\/\/echta-derminga.de\/wp-content\/uploads\/2020\/10\/00-300x164.jpg 300w, https:\/\/echta-derminga.de\/wp-content\/uploads\/2020\/10\/00-768x419.jpg 768w, https:\/\/echta-derminga.de\/wp-content\/uploads\/2020\/10\/00.jpg 900w\" sizes=\"auto, (max-width: 700px) 100vw, 700px\" \/><\/figure><\/div>\n\n\n\n<p class=\"wp-block-paragraph\" style=\"font-size:18px\"><strong>Gr\u00f6\u00dfter saarl\u00e4ndischer \u201eGef\u00fcllter\u201c der Welt &#8211; Gasthaus \u201eWutze Walter\u201c bricht neuen Weltrekord<\/strong><\/p>\n\n\n\n<p class=\"wp-block-paragraph\" style=\"font-size:18px\">Das Team der Dirminger Gastst\u00e4tte &#8222;Wutze Walter&#8220; durfte sich am Samstag, 03. Oktober \u00fcber einen neuen Weltrekord freuen. In m\u00fchevoller Arbeit wurde ein &#8222;Gefildda&#8220; mit an die 100 kg zubereitet und anschlie\u00dfend verspeist. Leider konnte ich aus famili\u00e4ren Gr\u00fcnden nicht vor Ort sein. Letztendlich hat es auch ohne meine Unterst\u00fctzung funktioniert. Auch an dieser Stelle m\u00f6chte ich dem Team des Gasthauses \u201eWutze Walter\u201c ganz herzlich gratulieren. Mit viel Innovation und Herzblut pr\u00e4sentiert die Gastst\u00e4tte immer wieder neue Ideen. Das Gasthaus &#8222;Wutze Walter&#8220; ist zweifellos eine Bereicherung f\u00fcr unseren Heimatort.<\/p>\n\n\n\n<figure class=\"wp-block-gallery columns-2 is-cropped wp-block-gallery-1 is-layout-flex wp-block-gallery-is-layout-flex\"><ul class=\"blocks-gallery-grid\"><li class=\"blocks-gallery-item\"><figure><img loading=\"lazy\" decoding=\"async\" width=\"700\" height=\"837\" src=\"https:\/\/echta-derminga.de\/wp-content\/uploads\/2020\/10\/33-700x837.jpg\" alt=\"\" data-id=\"7556\" data-link=\"https:\/\/echta-derminga.de\/?attachment_id=7556\" class=\"wp-image-7556\" srcset=\"https:\/\/echta-derminga.de\/wp-content\/uploads\/2020\/10\/33-700x837.jpg 700w, https:\/\/echta-derminga.de\/wp-content\/uploads\/2020\/10\/33-251x300.jpg 251w, https:\/\/echta-derminga.de\/wp-content\/uploads\/2020\/10\/33.jpg 757w\" sizes=\"auto, (max-width: 700px) 100vw, 700px\" \/><\/figure><\/li><li class=\"blocks-gallery-item\"><figure><img loading=\"lazy\" decoding=\"async\" width=\"700\" height=\"825\" src=\"https:\/\/echta-derminga.de\/wp-content\/uploads\/2020\/10\/44-700x825.jpg\" alt=\"\" data-id=\"7557\" data-full-url=\"https:\/\/echta-derminga.de\/wp-content\/uploads\/2020\/10\/44.jpg\" data-link=\"https:\/\/echta-derminga.de\/?attachment_id=7557\" class=\"wp-image-7557\" srcset=\"https:\/\/echta-derminga.de\/wp-content\/uploads\/2020\/10\/44-700x825.jpg 700w, https:\/\/echta-derminga.de\/wp-content\/uploads\/2020\/10\/44-254x300.jpg 254w, https:\/\/echta-derminga.de\/wp-content\/uploads\/2020\/10\/44-768x905.jpg 768w, https:\/\/echta-derminga.de\/wp-content\/uploads\/2020\/10\/44.jpg 900w\" sizes=\"auto, (max-width: 700px) 100vw, 700px\" \/><\/figure><\/li><\/ul><\/figure>\n\n\n\n<p class=\"wp-block-paragraph\" style=\"font-size:18px\"><strong>Gelungener Saisonauftakt- HF Illtal feiert grandiosen Heimsieg in der Oberliga<\/strong><\/p>\n\n\n\n<p class=\"wp-block-paragraph\" style=\"font-size:18px\">Nach zw\u00f6lf Wochen harter Vorbereitung startete die erste Welle der HF Illtal, am Sonntag, 04. Oktober 20 in der Eppelborner Hellberghalle, in die neue Saison der Oberliga. Zum Saisonauftakt kam die HSG V\u00f6lklingen zum Saarderby in die mit 150 Zuschauern besetzte Hellberghalle. Gerne folgte ich der Einladung des TV 04 Dirmingen und erlebte ein hochinteressantes Handballspiel in dem die Zebras des HF Illtal als verdienter Sieger hervorgingen. Das Spiel wurde unter strengen Hygienevorgaben durchgef\u00fchrt. Im Normalfall ist die Hellberghalle mit \u00fcber 500 Zuschauern bis auf den letzten Platz voll besetzt. Leider ist dies aufgrund der vorgegebenen Richtlinien nicht m\u00f6glich. Als Zuschauer konnte ich aus n\u00e4chster N\u00e4her erleben, wie aufwendig die Durchf\u00fchrung eines solchen Spiels f\u00fcr den Verein ist. Die Pandemie verlangt unseren Vereinen so einiges ab.  Die zahlreichen Helferinnen und Helfer m\u00fcssen vieles leisten, um den Menschen einen sicheren und erlebnisreichen Nachmittag zu gestalten. Die monatlichen Hallenkosten kommen noch erschwerend hinzu. Unsere Vereine brauchen gerade in dieser Zeit unsere volle Aufmerksamkeit. Am Ende war es ein sch\u00f6ner Sonntagnachmittag, bei dem neben der HF Illtal auch unsere Fu\u00dfballer des SV Dirmingen ihr Heimspiel gewinnen konnten.<\/p>\n\n\n\n<div class=\"wp-block-image\"><figure class=\"aligncenter size-large\"><img loading=\"lazy\" decoding=\"async\" width=\"700\" height=\"363\" src=\"https:\/\/echta-derminga.de\/wp-content\/uploads\/2020\/10\/120803854_3364298950331473_3212713154019131115_n-700x363.jpg\" alt=\"\" class=\"wp-image-7560\" srcset=\"https:\/\/echta-derminga.de\/wp-content\/uploads\/2020\/10\/120803854_3364298950331473_3212713154019131115_n-700x363.jpg 700w, https:\/\/echta-derminga.de\/wp-content\/uploads\/2020\/10\/120803854_3364298950331473_3212713154019131115_n-300x156.jpg 300w, https:\/\/echta-derminga.de\/wp-content\/uploads\/2020\/10\/120803854_3364298950331473_3212713154019131115_n-768x398.jpg 768w, https:\/\/echta-derminga.de\/wp-content\/uploads\/2020\/10\/120803854_3364298950331473_3212713154019131115_n.jpg 839w\" sizes=\"auto, (max-width: 700px) 100vw, 700px\" \/><\/figure><\/div>\n\n\n\n<p class=\"wp-block-paragraph\" style=\"font-size:18px\"><strong>Vollsperrung der Fu\u00dfg\u00e4ngerbr\u00fccke im Br\u00fchlpark<\/strong><\/p>\n\n\n\n<p class=\"wp-block-paragraph\" style=\"font-size:18px\">Aufgrund der aktuellen Kanalarbeiten auf dem Festplatz im Br\u00fchl wird die Holzbr\u00fccke zwischen der Stra\u00dfe \u201eAlte M\u00fchle\u201c, Br\u00fchlpark und Festplatz voll gesperrt. Die B\u00fcrgerinnen und B\u00fcrger werden gebeten die Stra\u00dfe \u201eZur Alten M\u00fchle\u201c oder alternativ die Illbr\u00fccke zwischen der Stra\u00dfe \u201eAlte M\u00fchle\u201c und \u201eIllingerstrasse\u201c zu nutzen. Diese verkehrsrechtliche Anordnung gilt vom 09.Oktober 20 bis zum 31. Mai 2021. Ich bitte Sie h\u00f6fflich um ihre Kenntnisnahme und um ihr Verst\u00e4ndnis.<\/p>\n\n\n\n<div class=\"wp-block-image\"><figure class=\"aligncenter size-large\"><img loading=\"lazy\" decoding=\"async\" width=\"693\" height=\"724\" src=\"https:\/\/echta-derminga.de\/wp-content\/uploads\/2020\/10\/holz.jpg\" alt=\"\" class=\"wp-image-7563\" srcset=\"https:\/\/echta-derminga.de\/wp-content\/uploads\/2020\/10\/holz.jpg 693w, https:\/\/echta-derminga.de\/wp-content\/uploads\/2020\/10\/holz-287x300.jpg 287w\" sizes=\"auto, (max-width: 693px) 100vw, 693px\" \/><\/figure><\/div>\n\n\n\n<p class=\"wp-block-paragraph\" style=\"font-size:18px\"><strong>Neues zum Thema Altkleidercontainer<\/strong><\/p>\n\n\n\n<p class=\"wp-block-paragraph\" style=\"font-size:18px\">Nachdem sich die Lage \u00fcber die Sommermonate etwas entspannt hatte, mussten wir zuletzt wieder vermehrt Beschwerden entgegennehmen. Ich m\u00f6chte nochmals herzlich darum bitten, ihre Altkleider nicht vor die beiden Altkleidercontainer zu legen. Ganz abgesehen davon, dass dies nicht besonders gut aussieht, erschwert es den Mitarbeitern des DRK und der Kolpingfamilie ihre Arbeit. In der vergangenen Woche hatte ich bez\u00fcglich der Altkleidercontainer ein Telefonat mit den freundlichen Mitarbeitern des DRK. Mit Best\u00fcrzung musste ich erfahren, dass mittlerweile sogar M\u00fcll und durch Urin besch\u00e4digte Kleider in unseren Container geworfen wurden. Auf der anderen Seite scheint die Nachfrage im Moment sehr gro\u00df zu sein. Leider werden wir in K\u00fcrze keinen weiteren Container bekommen k\u00f6nnen. Der Markt leidet derzeit unter der Pandemie und die Unternehmen blicken auf volle Altkleiderlager. F\u00fcr uns alle ist dieser Zustand unbefriedigend. Ich m\u00f6chte Sie nochmals um Mithilfe und Verst\u00e4ndnis bitten. Wir werden weiterhin an einer L\u00f6sung arbeiten. Bis dahin bitte ich h\u00f6fflich darum keinen M\u00fcll im Container zu entsorgen und bis auf weiteres keine Altkleider davor abzulegen.<\/p>\n\n\n\n<div class=\"wp-block-image\"><figure class=\"aligncenter size-large\"><img loading=\"lazy\" decoding=\"async\" width=\"700\" height=\"592\" src=\"https:\/\/echta-derminga.de\/wp-content\/uploads\/2020\/10\/88-700x592.jpg\" alt=\"\" class=\"wp-image-7562\" srcset=\"https:\/\/echta-derminga.de\/wp-content\/uploads\/2020\/10\/88-700x592.jpg 700w, https:\/\/echta-derminga.de\/wp-content\/uploads\/2020\/10\/88-300x254.jpg 300w, https:\/\/echta-derminga.de\/wp-content\/uploads\/2020\/10\/88-768x649.jpg 768w, https:\/\/echta-derminga.de\/wp-content\/uploads\/2020\/10\/88-1536x1299.jpg 1536w, https:\/\/echta-derminga.de\/wp-content\/uploads\/2020\/10\/88-2048x1732.jpg 2048w\" sizes=\"auto, (max-width: 700px) 100vw, 700px\" \/><\/figure><\/div>\n\n\n\n<p class=\"wp-block-paragraph\" style=\"font-size:18px\"><strong>Liebe Mitb\u00fcrgerinnen und Mitb\u00fcrger, seit M\u00e4rz dieses Jahres gibt es unsere Nachbarschaftshilfegruppe. Der Bedarf ist weiterhin gegeben und angesichts der ansteigenden Infektionszahlen angebracht. Bitte machen Sie weiterhin Gebrauch von unserem ehrenamtlichen Engagement. Ich m\u00f6chte diese Gelegenheit nutzen um allen Mitgliedern in unserer Gruppe einmal ganz herzlich zu danken. In unserem Dorf ist man bereit anzupacken und zu helfen. Wir m\u00fcssen in diesen schweren Zeiten mit allem rechnen,&#8230;.. auch mit dem Guten !<\/strong><\/p>\n\n\n\n<div class=\"wp-block-image\"><figure class=\"aligncenter size-large\"><img loading=\"lazy\" decoding=\"async\" width=\"572\" height=\"762\" src=\"https:\/\/echta-derminga.de\/wp-content\/uploads\/2020\/03\/90059416_2838889312872442_2564074103954735104_n.jpg\" alt=\"\" class=\"wp-image-5747\" srcset=\"https:\/\/echta-derminga.de\/wp-content\/uploads\/2020\/03\/90059416_2838889312872442_2564074103954735104_n.jpg 572w, https:\/\/echta-derminga.de\/wp-content\/uploads\/2020\/03\/90059416_2838889312872442_2564074103954735104_n-225x300.jpg 225w\" sizes=\"auto, (max-width: 572px) 100vw, 572px\" \/><\/figure><\/div>\n","protected":false},"excerpt":{"rendered":"<p>Liebe Dirmingerinnen, liebe Dirminger, der Herbst ist mittlerweile auch in unserem Heimatort angekommen. Unsere Natur bekommt endlich den langersehnten Regen. F\u00fcr mich ist dies die Gelegenheit einmal Danke zu sagen: Einige engagierte Mitb\u00fcrgerinnen und Mitb\u00fcrger haben sich w\u00e4hrend dem doch langen Sommer um unsere Blumen an den Ortseingangsschilder gek\u00fcmmert. Ich wei\u00df diese selbstlose Unterst\u00fctzung zu sch\u00e4tzen und m\u00f6chte auch im<\/p>\n","protected":false},"author":1,"featured_media":7565,"comment_status":"open","ping_status":"closed","sticky":false,"template":"","format":"standard","meta":{"_crdt_document":"","footnotes":""},"categories":[1,9,812],"tags":[877,451,618,878,127,795],"class_list":["post-7548","post","type-post","status-publish","format-standard","has-post-thumbnail","hentry","category-allgemein","category-dorfgetratsche","category-ortsvorsteher-dirmingen","tag-altkleidercontainer","tag-evangelische-kirchengemeinde-dirmingen","tag-gemeinde-eppelborn","tag-hf-illtal","tag-landkreis-neunkirchen","tag-ortsvorsteher-dirmingen"],"_links":{"self":[{"href":"https:\/\/echta-derminga.de\/index.php?rest_route=\/wp\/v2\/posts\/7548","targetHints":{"allow":["GET"]}}],"collection":[{"href":"https:\/\/echta-derminga.de\/index.php?rest_route=\/wp\/v2\/posts"}],"about":[{"href":"https:\/\/echta-derminga.de\/index.php?rest_route=\/wp\/v2\/types\/post"}],"author":[{"embeddable":true,"href":"https:\/\/echta-derminga.de\/index.php?rest_route=\/wp\/v2\/users\/1"}],"replies":[{"embeddable":true,"href":"https:\/\/echta-derminga.de\/index.php?rest_route=%2Fwp%2Fv2%2Fcomments&post=7548"}],"version-history":[{"count":17,"href":"https:\/\/echta-derminga.de\/index.php?rest_route=\/wp\/v2\/posts\/7548\/revisions"}],"predecessor-version":[{"id":7574,"href":"https:\/\/echta-derminga.de\/index.php?rest_route=\/wp\/v2\/posts\/7548\/revisions\/7574"}],"wp:featuredmedia":[{"embeddable":true,"href":"https:\/\/echta-derminga.de\/index.php?rest_route=\/wp\/v2\/media\/7565"}],"wp:attachment":[{"href":"https:\/\/echta-derminga.de\/index.php?rest_route=%2Fwp%2Fv2%2Fmedia&parent=7548"}],"wp:term":[{"taxonomy":"category","embeddable":true,"href":"https:\/\/echta-derminga.de\/index.php?rest_route=%2Fwp%2Fv2%2Fcategories&post=7548"},{"taxonomy":"post_tag","embeddable":true,"href":"https:\/\/echta-derminga.de\/index.php?rest_route=%2Fwp%2Fv2%2Ftags&post=7548"}],"curies":[{"name":"wp","href":"https:\/\/api.w.org\/{rel}","templated":true}]}}