{"id":7652,"date":"2020-10-13T14:23:05","date_gmt":"2020-10-13T13:23:05","guid":{"rendered":"http:\/\/echta-derminga.de\/?p=7652"},"modified":"2020-10-13T14:30:50","modified_gmt":"2020-10-13T13:30:50","slug":"in-sachen-ortsvorsteher-von-einer-besonderen-massnahme-gegen-die-pandemie-einer-erfolgreichen-neueroeffnung-und-einer-besonderen-hochzeit","status":"publish","type":"post","link":"https:\/\/echta-derminga.de\/?p=7652","title":{"rendered":"In Sachen Ortsvorsteher: Von einer besonderen Ma\u00dfnahme, einer besonderen Neuer\u00f6ffnung und einer besonderen Hochzeit"},"content":{"rendered":"\n<p class=\"wp-block-paragraph\" style=\"font-size:18px\">Liebe Dirmingerinnen,<\/p>\n\n\n\n<p class=\"wp-block-paragraph\" style=\"font-size:18px\">liebe Dirminger,<\/p>\n\n\n\n<p class=\"wp-block-paragraph\" style=\"font-size:18px\">leider keine Entspannung in Sichtweite. Die Pandemie hat uns immer noch fest im Griff und beeintr\u00e4chtigt auch das Leben in unserem Dorf. Bitte nehmen Sie weiterhin aufeinander R\u00fccksicht. Mit der AHA+L-Formel haben wir gute Chancen gesund durch den Herbst und Winter zu kommen. Die sogenannte AHA-Formel ist leicht umzusetzen und hilft die Pandemie zu besiegen. Die AHA-Formel bedeutet: Abstand halten, Hygiene beachten und Alltagsmaske (Mund-Nasen-Bedeckung) tragen. Unser Landkreis Neunkirchen ist am Dienstagnachmittag (13. Oktober 2020) zum Corona-Risikogebiet erkl\u00e4rt worden. Die Verwaltung teilte mit, dass die 7-Tages-Inzidenz auf 65,6 Neuinfektionen je 100.000 Einwohner gestiegen ist. Aus diesem Grund gelten in unserem Kreis ab Mittwoch,14. Oktober neue Regeln.<\/p>\n\n\n\n<p class=\"wp-block-paragraph\" style=\"font-size:18px\">&nbsp;&#8211; <strong>Privatveranstaltungen in geschlossenen, \u00f6ffentlichen R\u00e4umen sind nur noch mit bis zu 25 Personen, in privaten R\u00e4umen nur mit bis zu zehn Personen unter Beachtung der Schutzma\u00dfnahmen zul\u00e4ssig<\/strong><\/p>\n\n\n\n<p class=\"wp-block-paragraph\" style=\"font-size:18px\">&#8211; <strong>\u00d6ffentliche Veranstaltungen, etwa Sportveranstaltungen, sind davon weiterhin nicht betroffen<\/strong><\/p>\n\n\n\n<p class=\"wp-block-paragraph\" style=\"font-size:18px\">&#8211; <strong>Gastst\u00e4tten, insbesondere Restaurants, Kneipen, Schank- und Speisewirtschaften, Bars, Kantinen, Hotelrestaurants und \u2013bars, Eisdielen und Eiscaf\u00e9s, ist es an jedem Wochentag untersagt, in der Zeit zwischen 00.00 Uhr und 06.00 Uhr alkoholhaltige Getr\u00e4nke auszuschenken oder zum Au\u00dferhaus-Verzehr abzugeben<\/strong><\/p>\n\n\n\n<p class=\"wp-block-paragraph\" style=\"font-size:18px\">&#8211; <strong>Verkaufsst\u00e4tten und \u00e4hnlichen Einrichtungen, insbesondere Tankstellen, Kiosken, Einzelhandelsgesch\u00e4ften und Superm\u00e4rkten, ist es untersagt, an jedem Wochentag in der Zeit zwischen 00.00 Uhr und 06.00 Uhr alkoholhaltige Getr\u00e4nke abzugeben<\/strong><\/p>\n\n\n\n<p class=\"wp-block-paragraph\" style=\"font-size:18px\">Die Einstufung als Risikogebiet habe f\u00fcr Personen, die aus beruflichen, medizinischen oder famili\u00e4ren Gr\u00fcnden in den Landkreis Neunkirchen kommen, keine Auswirkungen, so die Verwaltung. Einwohner, die in den kommenden Tagen in Urlaub fahren, haben die jeweils geltenden Bestimmungen in den Urlaubsorten zu beachten. F\u00fcr Personen, die im Kreis Urlaub machen, gelten keinen besonderen Regelungen. Bei der R\u00fcckreise sind die geltenden Bestimmungen in der Heimatregion zu beachten.<\/p>\n\n\n\n<div class=\"wp-block-image\"><figure class=\"aligncenter size-large\"><img loading=\"lazy\" decoding=\"async\" width=\"700\" height=\"394\" src=\"https:\/\/echta-derminga.de\/wp-content\/uploads\/2020\/10\/20201013_143135-700x394.jpg\" alt=\"\" class=\"wp-image-7653\" srcset=\"https:\/\/echta-derminga.de\/wp-content\/uploads\/2020\/10\/20201013_143135-700x394.jpg 700w, https:\/\/echta-derminga.de\/wp-content\/uploads\/2020\/10\/20201013_143135-300x169.jpg 300w, https:\/\/echta-derminga.de\/wp-content\/uploads\/2020\/10\/20201013_143135-768x432.jpg 768w, https:\/\/echta-derminga.de\/wp-content\/uploads\/2020\/10\/20201013_143135.jpg 800w\" sizes=\"auto, (max-width: 700px) 100vw, 700px\" \/><\/figure><\/div>\n\n\n\n<p class=\"wp-block-paragraph\" style=\"font-size:18px\"><strong>\u201eDerminga\u201c Mund- und Nasenschutz-Bedeckung<\/strong><\/p>\n\n\n\n<p class=\"wp-block-paragraph\" style=\"font-size:18px\">Besondere Zeiten erfordern besondere Ma\u00dfnahmen. Im Kampf gegen den Corona-Virus wollen wir Dirminger\/innen nun mit einer besonderen Schutzma\u00dfnahme zur\u00fcckschlagen. Ab sofort kann man mittwochs in der Zeit von 18:00 bis 19:30 Uhr, in meinem Ortsvorsteherb\u00fcro, den neuen \u201eDerminga\u201c Mund &#8211; und Nasenschutz zum Preis von 3,- pro St\u00fcck k\u00e4uflich erwerben. Mit diesem neuen Mund- und Nasenschutz k\u00f6nnen wir in Zeiten der Pandemie Zusammenhalt demonstrieren. Nichtsdestotrotz m\u00f6chte ich darauf hinweisen, dass es auf Wunsch auch weiterhin neutralen Mund- und Nasenschutz gibt. Bitte kontaktieren Sie mich, damit ich Ihnen umgehend helfen kann.<\/p>\n\n\n\n<p class=\"wp-block-paragraph\" style=\"font-size:18px\"><strong>Neuer\u00f6ffnung des Ortsvorsteherb\u00fcro in der Ortsmitte<\/strong><\/p>\n\n\n\n<p class=\"wp-block-paragraph\" style=\"font-size:18px\">Am Mittwoch, dem 07. Oktober, wurde das neue Ortsvorsteherb\u00fcro in der B\u00fccherei des Evangelischen Gemeindehauses in der Ortsmitte neu er\u00f6ffnet. Anl\u00e4sslich dieser Neuer\u00f6ffnung hatte ich Vertreter aus der Politik, den Vereinen und Organisationen und auch B\u00fcrgerinnen und B\u00fcrger zu einem kleinen Empfang eingeladen. Aufgrund der anhaltenden Pandemie war ein gro\u00dfes Er\u00f6ffnungsfest leider nicht m\u00f6glich. Ich m\u00f6chte an dieser Stelle meinen Dank an B\u00fcrgermeister Andreas Feld und Pfarrer Hans-Harro Eder wiederholen. Gemeinsam ist es gelungen endlich wieder eine Anlaufstelle f\u00fcr die B\u00fcrgerinnen und B\u00fcrger unseres Dorfes zu schaffen. Mein B\u00fcro wird zuk\u00fcnftig immer mittwochs von 18:00 \u2013 19:30 Uhr ge\u00f6ffnet sein. Ich lade alle B\u00fcrgerinnen und B\u00fcrger zum gemeinsamen Dialog ein. Gemeinsam mit der Sparkasse Neunkirchen durfte ich, aus dem mir zur Verf\u00fcgung gestellten Budget, Spenden an Vereine unseres Heimatortes \u00fcberreichen. Gerade in Zeiten der Pandemie steht die Sparkasse Neunkirchen an der Seite der Vereine und Organisationen. Ich habe mich in diesem Jahr bewusst dazu entschlossen die Spendengelder 2020 an vier gr\u00f6\u00dfere Dirminger Vereine zu \u00fcberreichen. Der SV Dirmingen, der TV 04 Dirmingen, der KKV Dirmingen (Kolpingsfamilie Dirmingen) und der Kulturverein Dirmingen bekamen jeweils eine Geldspende zugesprochen. Die laufenden Kosten dieser engagierten Vereine sind gerade w\u00e4hren der Pandemie kaum zu bew\u00e4ltigen. Ich habe jedoch den Anspruch an alle Vereine und Organisationen meines Dorfes zu denken. Von daher werden im n\u00e4chsten Jahr andere Vereine ber\u00fccksichtigt. Mein Dank geht an alle die mir zur Er\u00f6ffnung meines B\u00fcros gratuliert haben. Aus meiner Sicht der Dinge geht es darum den B\u00fcrgerinnen und B\u00fcrgern unseres Dorfes eine neue Anlaufstelle zu bieten. Dies ist mit der Er\u00f6ffnung meines neuen B\u00fcros gelungen.<\/p>\n\n\n\n<figure class=\"wp-block-gallery columns-3 is-cropped wp-block-gallery-1 is-layout-flex wp-block-gallery-is-layout-flex\"><ul class=\"blocks-gallery-grid\"><li class=\"blocks-gallery-item\"><figure><img loading=\"lazy\" decoding=\"async\" width=\"700\" height=\"491\" src=\"https:\/\/echta-derminga.de\/wp-content\/uploads\/2020\/10\/40-1-700x491.jpg\" alt=\"\" data-id=\"7656\" data-link=\"https:\/\/echta-derminga.de\/?attachment_id=7656\" class=\"wp-image-7656\" srcset=\"https:\/\/echta-derminga.de\/wp-content\/uploads\/2020\/10\/40-1-700x491.jpg 700w, https:\/\/echta-derminga.de\/wp-content\/uploads\/2020\/10\/40-1-300x210.jpg 300w, https:\/\/echta-derminga.de\/wp-content\/uploads\/2020\/10\/40-1-768x539.jpg 768w, https:\/\/echta-derminga.de\/wp-content\/uploads\/2020\/10\/40-1.jpg 800w\" sizes=\"auto, (max-width: 700px) 100vw, 700px\" \/><\/figure><\/li><li class=\"blocks-gallery-item\"><figure><img loading=\"lazy\" decoding=\"async\" width=\"700\" height=\"477\" src=\"https:\/\/echta-derminga.de\/wp-content\/uploads\/2020\/10\/60-700x477.jpg\" alt=\"\" data-id=\"7657\" data-link=\"https:\/\/echta-derminga.de\/?attachment_id=7657\" class=\"wp-image-7657\" srcset=\"https:\/\/echta-derminga.de\/wp-content\/uploads\/2020\/10\/60-700x477.jpg 700w, https:\/\/echta-derminga.de\/wp-content\/uploads\/2020\/10\/60-300x204.jpg 300w, https:\/\/echta-derminga.de\/wp-content\/uploads\/2020\/10\/60-768x523.jpg 768w, https:\/\/echta-derminga.de\/wp-content\/uploads\/2020\/10\/60.jpg 800w\" sizes=\"auto, (max-width: 700px) 100vw, 700px\" \/><\/figure><\/li><li class=\"blocks-gallery-item\"><figure><img loading=\"lazy\" decoding=\"async\" width=\"700\" height=\"448\" src=\"https:\/\/echta-derminga.de\/wp-content\/uploads\/2020\/10\/80-700x448.jpg\" alt=\"\" data-id=\"7658\" data-link=\"https:\/\/echta-derminga.de\/?attachment_id=7658\" class=\"wp-image-7658\" srcset=\"https:\/\/echta-derminga.de\/wp-content\/uploads\/2020\/10\/80-700x448.jpg 700w, https:\/\/echta-derminga.de\/wp-content\/uploads\/2020\/10\/80-300x192.jpg 300w, https:\/\/echta-derminga.de\/wp-content\/uploads\/2020\/10\/80-768x492.jpg 768w, https:\/\/echta-derminga.de\/wp-content\/uploads\/2020\/10\/80.jpg 800w\" sizes=\"auto, (max-width: 700px) 100vw, 700px\" \/><\/figure><\/li><li class=\"blocks-gallery-item\"><figure><img loading=\"lazy\" decoding=\"async\" width=\"700\" height=\"487\" src=\"https:\/\/echta-derminga.de\/wp-content\/uploads\/2020\/10\/100-700x487.jpg\" alt=\"\" data-id=\"7659\" data-full-url=\"https:\/\/echta-derminga.de\/wp-content\/uploads\/2020\/10\/100.jpg\" data-link=\"https:\/\/echta-derminga.de\/?attachment_id=7659\" class=\"wp-image-7659\" srcset=\"https:\/\/echta-derminga.de\/wp-content\/uploads\/2020\/10\/100-700x487.jpg 700w, https:\/\/echta-derminga.de\/wp-content\/uploads\/2020\/10\/100-300x209.jpg 300w, https:\/\/echta-derminga.de\/wp-content\/uploads\/2020\/10\/100-768x535.jpg 768w, https:\/\/echta-derminga.de\/wp-content\/uploads\/2020\/10\/100.jpg 800w\" sizes=\"auto, (max-width: 700px) 100vw, 700px\" \/><\/figure><\/li><\/ul><\/figure>\n\n\n\n<p class=\"wp-block-paragraph\" style=\"font-size:18px\"><strong>Herzlichen Gl\u00fcckwunsch an Nathalie und Tobias Schlicher<\/strong><\/p>\n\n\n\n<p class=\"wp-block-paragraph\" style=\"font-size:18px\">Das hat es in der Geschichte des Dirminger Ortsrates noch nicht gegeben. Mit Nathalie (geb. Colp) und Tobias Schlicher haben sich zwei Mandatstr\u00e4ger unseres Ortsrates Dirmingen das \u201eJa-Wort\u201c gegeben. Nachdem am Montag, 05. Oktober Standesamtlich geheiratet wurde folgte am Samstag, 10. Oktober die kirchliche Trauung in der katholischen Pfarrkirche in Dirmingen. Als Ortsvorsteher unseres gemeinsamen Heimatortes war es mir eine Ehre und eine Selbstverst\u00e4ndlichkeit dem jungen Brautpaar zu gratulieren. Meiner Gratulation legte ich ein Zitat von Antoine de Saint-Exup\u00e9ry zugrunde: <strong>\u201cDie Erfahrung lehrt uns, dass die Liebe nicht darin besteht, dass man einander ansieht, sondern dass man gemeinsam in gleicher Richtung blickt.\u201c<\/strong> In diesem Sinne w\u00fcnsche ich Nathalie und Tobias Schlicher alles erdenklich Gute sowie viel Gl\u00fcck und Gottes Segen.<\/p>\n\n\n\n<div class=\"wp-block-image\"><figure class=\"aligncenter size-large\"><img loading=\"lazy\" decoding=\"async\" width=\"700\" height=\"587\" src=\"https:\/\/echta-derminga.de\/wp-content\/uploads\/2020\/10\/11-700x587.jpg\" alt=\"\" class=\"wp-image-7661\" srcset=\"https:\/\/echta-derminga.de\/wp-content\/uploads\/2020\/10\/11-700x587.jpg 700w, https:\/\/echta-derminga.de\/wp-content\/uploads\/2020\/10\/11-300x252.jpg 300w, https:\/\/echta-derminga.de\/wp-content\/uploads\/2020\/10\/11-768x644.jpg 768w, https:\/\/echta-derminga.de\/wp-content\/uploads\/2020\/10\/11.jpg 900w\" sizes=\"auto, (max-width: 700px) 100vw, 700px\" \/><\/figure><\/div>\n\n\n\n<p class=\"wp-block-paragraph\" style=\"font-size:18px\"><strong>Freizeitzentrum Finkenrech &#8211; Wanderwegepaten gesucht und gefunden<\/strong><\/p>\n\n\n\n<p class=\"wp-block-paragraph\" style=\"font-size:18px\">Gemeinsam mit der Tourismus- und Kulturzentrale Region Neunkirchen durfte ich mich auf die Suche nach Wanderwegepaten f\u00fcr die auf unserem Finkenrech vorhanden Themenwanderwege &#8222;Waldwirtschaft im Wandel&#8220; und den &#8222;Biergartenweg&#8220; machen. Ich bin gl\u00fccklich dar\u00fcber, dass es nun gelungen ist, vier ehrenamtliche Wanderwegepaten zu finden. Nach unserem \u201eBankpatenschaftsprojekt\u201c ist dies ein weiteres Indiz daf\u00fcr, dass Menschen sehr wohl bereit sind Verantwortung zu \u00fcbernehmen und mit einem Ehrenamt zu helfen. Ich w\u00fcnsche den Wanderwegepaten viel Erfolg und Gl\u00fcck bei ihrer ehrenamtlichen T\u00e4tigkeit. Der Tourismus- und Kulturzentrale des Landkreises\u00a0Neunkirchen danke ich f\u00fcr die gute Zusammenarbeit.<\/p>\n\n\n\n<div class=\"wp-block-image\"><figure class=\"aligncenter size-large\"><img loading=\"lazy\" decoding=\"async\" width=\"700\" height=\"525\" src=\"https:\/\/echta-derminga.de\/wp-content\/uploads\/2020\/10\/finke-700x525.jpg\" alt=\"\" class=\"wp-image-7668\" srcset=\"https:\/\/echta-derminga.de\/wp-content\/uploads\/2020\/10\/finke-700x525.jpg 700w, https:\/\/echta-derminga.de\/wp-content\/uploads\/2020\/10\/finke-300x225.jpg 300w, https:\/\/echta-derminga.de\/wp-content\/uploads\/2020\/10\/finke-768x576.jpg 768w, https:\/\/echta-derminga.de\/wp-content\/uploads\/2020\/10\/finke.jpg 900w\" sizes=\"auto, (max-width: 700px) 100vw, 700px\" \/><figcaption>Quelle: Landkreis Neunkirchen<\/figcaption><\/figure><\/div>\n\n\n\n<p class=\"wp-block-paragraph\" style=\"font-size:18px\"><strong>Es herrschen also weiterhin schwere Zeiten. Bitte geben Sie auf sich und ihre Mitmenschen acht. Unsere Nachbarschaftsgruppe steht Ihnen weiterhin zur Verf\u00fcgung. <\/strong><\/p>\n\n\n\n<p class=\"wp-block-paragraph\" style=\"font-size:18px\"><strong><em>Bitte denken Sie immer daran: &#8222;Man muss in diesen Zeiten mit allen rechnen, auch \u2026..mit dem Guten&#8220;<\/em><\/strong><\/p>\n\n\n\n<p class=\"wp-block-paragraph\" style=\"font-size:18px\"><strong>Ihr Ortsvorsteher<\/strong><\/p>\n\n\n\n<p class=\"wp-block-paragraph\" style=\"font-size:18px\"><strong>Frank Klein<\/strong><\/p>\n\n\n\n<div class=\"wp-block-image\"><figure class=\"aligncenter size-large\"><img loading=\"lazy\" decoding=\"async\" width=\"572\" height=\"762\" src=\"https:\/\/echta-derminga.de\/wp-content\/uploads\/2020\/03\/90059416_2838889312872442_2564074103954735104_n.jpg\" alt=\"\" class=\"wp-image-5747\" srcset=\"https:\/\/echta-derminga.de\/wp-content\/uploads\/2020\/03\/90059416_2838889312872442_2564074103954735104_n.jpg 572w, https:\/\/echta-derminga.de\/wp-content\/uploads\/2020\/03\/90059416_2838889312872442_2564074103954735104_n-225x300.jpg 225w\" sizes=\"auto, (max-width: 572px) 100vw, 572px\" \/><\/figure><\/div>\n","protected":false},"excerpt":{"rendered":"<p>Liebe Dirmingerinnen, liebe Dirminger, leider keine Entspannung in Sichtweite. Die Pandemie hat uns immer noch fest im Griff und beeintr\u00e4chtigt auch das Leben in unserem Dorf. Bitte nehmen Sie weiterhin aufeinander R\u00fccksicht. Mit der AHA+L-Formel haben wir gute Chancen gesund durch den Herbst und Winter zu kommen. Die sogenannte AHA-Formel ist leicht umzusetzen und hilft die Pandemie zu besiegen. Die<\/p>\n","protected":false},"author":1,"featured_media":7672,"comment_status":"open","ping_status":"closed","sticky":false,"template":"","format":"standard","meta":{"_crdt_document":"","footnotes":""},"categories":[1,9,812],"tags":[618,127,884,795,310],"class_list":["post-7652","post","type-post","status-publish","format-standard","has-post-thumbnail","hentry","category-allgemein","category-dorfgetratsche","category-ortsvorsteher-dirmingen","tag-gemeinde-eppelborn","tag-landkreis-neunkirchen","tag-mund-und-nasenschutz","tag-ortsvorsteher-dirmingen","tag-saarland"],"_links":{"self":[{"href":"https:\/\/echta-derminga.de\/index.php?rest_route=\/wp\/v2\/posts\/7652","targetHints":{"allow":["GET"]}}],"collection":[{"href":"https:\/\/echta-derminga.de\/index.php?rest_route=\/wp\/v2\/posts"}],"about":[{"href":"https:\/\/echta-derminga.de\/index.php?rest_route=\/wp\/v2\/types\/post"}],"author":[{"embeddable":true,"href":"https:\/\/echta-derminga.de\/index.php?rest_route=\/wp\/v2\/users\/1"}],"replies":[{"embeddable":true,"href":"https:\/\/echta-derminga.de\/index.php?rest_route=%2Fwp%2Fv2%2Fcomments&post=7652"}],"version-history":[{"count":17,"href":"https:\/\/echta-derminga.de\/index.php?rest_route=\/wp\/v2\/posts\/7652\/revisions"}],"predecessor-version":[{"id":7679,"href":"https:\/\/echta-derminga.de\/index.php?rest_route=\/wp\/v2\/posts\/7652\/revisions\/7679"}],"wp:featuredmedia":[{"embeddable":true,"href":"https:\/\/echta-derminga.de\/index.php?rest_route=\/wp\/v2\/media\/7672"}],"wp:attachment":[{"href":"https:\/\/echta-derminga.de\/index.php?rest_route=%2Fwp%2Fv2%2Fmedia&parent=7652"}],"wp:term":[{"taxonomy":"category","embeddable":true,"href":"https:\/\/echta-derminga.de\/index.php?rest_route=%2Fwp%2Fv2%2Fcategories&post=7652"},{"taxonomy":"post_tag","embeddable":true,"href":"https:\/\/echta-derminga.de\/index.php?rest_route=%2Fwp%2Fv2%2Ftags&post=7652"}],"curies":[{"name":"wp","href":"https:\/\/api.w.org\/{rel}","templated":true}]}}