{"id":766,"date":"2018-03-12T19:25:28","date_gmt":"2018-03-12T18:25:28","guid":{"rendered":"http:\/\/echta-derminga.de\/?p=766"},"modified":"2018-03-12T21:41:21","modified_gmt":"2018-03-12T20:41:21","slug":"vom-gemeindehaus-zum-buettelseck","status":"publish","type":"post","link":"https:\/\/echta-derminga.de\/?p=766","title":{"rendered":"Vom Gemeindehaus zum &#8222;B\u00fcttelseck&#8220;"},"content":{"rendered":"<p><strong>Mit Ablauf des 31.Dezembers 1973 wurde die bisherige selbstst\u00e4ndige Gemeinde Dirmingen der neuen Einheitsgemeinde Eppelborn zugeteilt. Zeitgleich wurde unser Nachbarort Berschweiler der Einheitsgemeinde Marpingen zugewiesen. Bis dahin war Dirmingen eine selbst\u00e4ndige Gemeinde mit Standesamt und eigenem Gemeindehaus. Seit dem Jahre 1296 gab es in unserem Dorf nachweislich einen Meier, B\u00fcrgermeister oder Ortsvorsteher.<\/strong><\/p>\n<div id=\"attachment_768\" style=\"width: 310px\" class=\"wp-caption alignleft\"><img loading=\"lazy\" decoding=\"async\" aria-describedby=\"caption-attachment-768\" class=\"wp-image-768 size-medium\" src=\"https:\/\/echta-derminga.de\/wp-content\/uploads\/2018\/03\/GH-2-300x205.jpg\" alt=\"\" width=\"300\" height=\"205\" srcset=\"https:\/\/echta-derminga.de\/wp-content\/uploads\/2018\/03\/GH-2-300x205.jpg 300w, https:\/\/echta-derminga.de\/wp-content\/uploads\/2018\/03\/GH-2.jpg 640w\" sizes=\"auto, (max-width: 300px) 100vw, 300px\" \/><p id=\"caption-attachment-768\" class=\"wp-caption-text\">Gemeindehaus vor dem Abbruch ( Quelle: Bock)<\/p><\/div>\n<p>Der erste Meier der Gemarkung Dirmingen war im Jahre 1296 ein Mann namens Lucho. In den darauffolgenden Jahrzehnten wurden die Namen der jeweiligen Meier in Dirmingen nicht mehr schriftlich festgehalten. Der Titel Meier bezeichnet einen Amtstr\u00e4ger eines adligen oder geistlichen Grundherrn zur Verwaltung des Grundbesitzes. Im Jahre 1600 war Hans Sultzen der amtierende Meier unseres Ortes. Danach finden wir erst wieder im Jahr 1730 eine Aufzeichnung \u00fcber den Meier unseres Heimatortes.<\/p>\n<p>Bis ins 18. Jahrhundert wurde unser Ort von einem Meier verwaltet. Im Jahre 1795 wurde Heintz Georg zum ersten B\u00fcrgermeister der B\u00fcrgermeisterei Dirmingen ernannt. In den folgenden Jahren fanden in unserem Dorf wahrscheinlich in regelm\u00e4\u00dfigen Abst\u00e4nden B\u00fcrgermeisterwahlen statt. Dabei war die Amtsdauer oftmals sehr unterschiedlich.<\/p>\n<p>Zum letzten B\u00fcrgermeister Dirmingens wurde im Jahr 1972 der Dirminger Hermann Bock gew\u00e4hlt. Seine Amtszeit endete mit der Umsetzung des Gesetzes \u00fcber die Neugliederung der Kreise und Gemeinden im Jahre 1973. Am 01. Januar 1974 verlor die Gemeinde Dirmingen ihre Selbst\u00e4ndigkeit als Gemeinde.<\/p>\n<p><strong>Aus den bis dahin 345 saarl\u00e4ndischen Gemeinden wurden 50 neue Gemeinden gebildet. Die ehemaligen Gemeinden sind seitdem als Ortsteile mit eigenen Ortsr\u00e4ten in den neuen Gemeinden eingegliedert. Mit der Eingliederung Dirmingens, in die Gemeinde Eppelborn, verlor auch das bisherige Dirminger Rathaus seinen Nutzen. <\/strong><\/p>\n<p><strong>Das damalige Gemeindehaus war zum Zeitpunkt des Abbruchs in keinem optimalen Zustand. Neben dem Gemeindehaus befand sich das Ger\u00e4tehaus der Dirminger Feuerwehr. Als das Geb\u00e4ude abgebrochen wurde verloren auch die Feuerwehrleute vor\u00fcbergehend ihre Unterkunft.<\/strong><\/p>\n<div id=\"attachment_769\" style=\"width: 310px\" class=\"wp-caption alignleft\"><img loading=\"lazy\" decoding=\"async\" aria-describedby=\"caption-attachment-769\" class=\"wp-image-769 size-medium\" src=\"https:\/\/echta-derminga.de\/wp-content\/uploads\/2018\/03\/GH3-300x200.jpg\" alt=\"\" width=\"300\" height=\"200\" srcset=\"https:\/\/echta-derminga.de\/wp-content\/uploads\/2018\/03\/GH3-300x200.jpg 300w, https:\/\/echta-derminga.de\/wp-content\/uploads\/2018\/03\/GH3-768x512.jpg 768w, https:\/\/echta-derminga.de\/wp-content\/uploads\/2018\/03\/GH3-644x429.jpg 644w, https:\/\/echta-derminga.de\/wp-content\/uploads\/2018\/03\/GH3.jpg 800w\" sizes=\"auto, (max-width: 300px) 100vw, 300px\" \/><p id=\"caption-attachment-769\" class=\"wp-caption-text\">B\u00fcttelseck (Quelle Pfeiffer)<\/p><\/div>\n<p>In Dirmingen wurde die Eingliederung in die neue Einheitsgemeinde Eppelborn keineswegs so ohne weiteres hingenommen. Die Bev\u00f6lkerung meldete damals gro\u00dfe Bedenken an und erwartete vom eigenen Gemeinderat das er Stellung bezieht. Dabei ging es der Bev\u00f6lkerung und dem Dirminger Gemeinderat im Wesentlichen um den Verbleib des Ortes im Kreis Ottweiler. Die geplante Zuordnung in den Kreis Saarlouis hielten die Dirminger f\u00fcr nicht sinnvoll.<\/p>\n<p>Der Dirminger Gemeinderat favorisierte eine Eingliederung in die Einheitsgemeinde Illingen mit Zugeh\u00f6rigkeit zum Kreis Ottweiler oder den Zusammenschluss einer sogenannten Alsbachtal-Gemeinde.<\/p>\n<p>In diesem Fall w\u00fcrden die historischen, kulturellen, kirchlichen und verwandtschaftlichen Beziehungen zu Berschweiler gewahrt werden. Heute geh\u00f6rt Dirmingen zum Landkreis Neunkirchen.<\/p>\n<p><strong>Die damaligen Diskussionen hielten lange Zeit an. Die \u00e4lteren Bewohner unseres Dorfes vertreten heute noch die Meinung, dass das bis heute oftmals angespannte Verh\u00e4ltnis zu der Gemeinde Eppelborn aus dieser Zeit stammt. <\/strong><\/p>\n<div id=\"attachment_770\" style=\"width: 310px\" class=\"wp-caption alignleft\"><img loading=\"lazy\" decoding=\"async\" aria-describedby=\"caption-attachment-770\" class=\"wp-image-770 size-medium\" src=\"https:\/\/echta-derminga.de\/wp-content\/uploads\/2018\/03\/GH-4-300x169.jpg\" alt=\"\" width=\"300\" height=\"169\" srcset=\"https:\/\/echta-derminga.de\/wp-content\/uploads\/2018\/03\/GH-4-300x169.jpg 300w, https:\/\/echta-derminga.de\/wp-content\/uploads\/2018\/03\/GH-4-768x432.jpg 768w, https:\/\/echta-derminga.de\/wp-content\/uploads\/2018\/03\/GH-4-644x362.jpg 644w, https:\/\/echta-derminga.de\/wp-content\/uploads\/2018\/03\/GH-4.jpg 800w\" sizes=\"auto, (max-width: 300px) 100vw, 300px\" \/><p id=\"caption-attachment-770\" class=\"wp-caption-text\">B\u00fcttelseck Heute<\/p><\/div>\n<p>Der erste Dirminger Ortsvorsteher, der Gemeinde Eppelborn, wurde im Jahre 1974 Hans Baltes. Nach dem Abbruch des alten Gemeindehauses setzte sich der ehemalige Ortsvorsteher f\u00fcr einen Erholungsort an gleicher Stelle ein. Das \u201eB\u00fcttelseck\u201c entstand und sollte zur Naherholung dienen.<\/p>\n<p>Ein B\u00fcttel war ein Gerichtsdiener und wurde vom Amtsherrn als Hilfsperson eingesetzt, um dienstfertig Befehle auszurichten. Dazu geh\u00f6rten neben den Gerichtsdienern auch die Gehilfen der Richter oder des Henkers. Zu den T\u00e4tigkeiten des B\u00fcttels geh\u00f6rte das Zureichen von Gerichtsakten sowie diverse Boteng\u00e4nge. Sie waren Handlanger der Obrigkeit und wurden auch zum Eintreiben von Steuern und Abgaben eingesetzt. Sie standen im Ruf, manchen Auftrag zu ihrem eigenen Nutzen auszuf\u00fchren. Ein B\u00fcttel war au\u00dferdem daf\u00fcr verantwortlich Neuigkeiten aus der Verwaltung zu verk\u00fcnden.<\/p>\n<p>Im Jahre 1979 wurde Gerhard Wagner neuer Ortsvorsteher von Dirmingen. Seine Amtszeit dauerte bis zum Jahre 1997. In diesem Jahr wurde Rudi Hell zum neuen Ortsvorsteher von Dirmingen gew\u00e4hlt. Im Jahr 2006 wurde Manfred Klein erstmals Ortsvorsteher in Dirmingen.<\/p>\n<p>&nbsp;<\/p>\n<p>&nbsp;<\/p>\n","protected":false},"excerpt":{"rendered":"<p>Mit Ablauf des 31.Dezembers 1973 wurde die bisherige selbstst\u00e4ndige Gemeinde Dirmingen der neuen Einheitsgemeinde Eppelborn zugeteilt. Zeitgleich wurde unser Nachbarort Berschweiler der Einheitsgemeinde Marpingen zugewiesen. Bis dahin war Dirmingen eine selbst\u00e4ndige Gemeinde mit Standesamt und eigenem Gemeindehaus. Seit dem Jahre 1296 gab es in unserem Dorf nachweislich einen Meier, B\u00fcrgermeister oder Ortsvorsteher. Der erste Meier der Gemarkung Dirmingen war im<\/p>\n","protected":false},"author":1,"featured_media":767,"comment_status":"closed","ping_status":"closed","sticky":false,"template":"","format":"standard","meta":{"_crdt_document":"","footnotes":""},"categories":[8],"tags":[123,5,124,122,126,127,125],"class_list":["post-766","post","type-post","status-publish","format-standard","has-post-thumbnail","hentry","category-sellemols-und-awweile","tag-buettelseck","tag-dirmingen","tag-feuerwehrgeraetehaus","tag-gemeindehaus","tag-kreis-ottweiler","tag-landkreis-neunkirchen","tag-neugliederung"],"_links":{"self":[{"href":"https:\/\/echta-derminga.de\/index.php?rest_route=\/wp\/v2\/posts\/766","targetHints":{"allow":["GET"]}}],"collection":[{"href":"https:\/\/echta-derminga.de\/index.php?rest_route=\/wp\/v2\/posts"}],"about":[{"href":"https:\/\/echta-derminga.de\/index.php?rest_route=\/wp\/v2\/types\/post"}],"author":[{"embeddable":true,"href":"https:\/\/echta-derminga.de\/index.php?rest_route=\/wp\/v2\/users\/1"}],"replies":[{"embeddable":true,"href":"https:\/\/echta-derminga.de\/index.php?rest_route=%2Fwp%2Fv2%2Fcomments&post=766"}],"version-history":[{"count":15,"href":"https:\/\/echta-derminga.de\/index.php?rest_route=\/wp\/v2\/posts\/766\/revisions"}],"predecessor-version":[{"id":785,"href":"https:\/\/echta-derminga.de\/index.php?rest_route=\/wp\/v2\/posts\/766\/revisions\/785"}],"wp:featuredmedia":[{"embeddable":true,"href":"https:\/\/echta-derminga.de\/index.php?rest_route=\/wp\/v2\/media\/767"}],"wp:attachment":[{"href":"https:\/\/echta-derminga.de\/index.php?rest_route=%2Fwp%2Fv2%2Fmedia&parent=766"}],"wp:term":[{"taxonomy":"category","embeddable":true,"href":"https:\/\/echta-derminga.de\/index.php?rest_route=%2Fwp%2Fv2%2Fcategories&post=766"},{"taxonomy":"post_tag","embeddable":true,"href":"https:\/\/echta-derminga.de\/index.php?rest_route=%2Fwp%2Fv2%2Ftags&post=766"}],"curies":[{"name":"wp","href":"https:\/\/api.w.org\/{rel}","templated":true}]}}