{"id":7680,"date":"2020-10-15T14:13:43","date_gmt":"2020-10-15T13:13:43","guid":{"rendered":"http:\/\/echta-derminga.de\/?p=7680"},"modified":"2020-10-15T14:22:26","modified_gmt":"2020-10-15T13:22:26","slug":"ohne-buntes-kirmestreiben-malwettbewerb-der-grundschule-dirmingen-und-der-kita-pusteblume-zur-274-derminga-kerb","status":"publish","type":"post","link":"https:\/\/echta-derminga.de\/?p=7680","title":{"rendered":"Buntes Kirmestreiben als Kunstwerk &#8211; Malwettbewerb der Grundschule Dirmingen und der Kita Pusteblume zur 274. \u201eDerminga Kerb\u201c"},"content":{"rendered":"\n<p class=\"wp-block-paragraph\" style=\"font-size:18px\"><strong>Einen Geburtstag kann man nicht absagen! Man kann h\u00f6chstens auf die Feierlichkeiten seines Wiegenfestes verzichten. So d\u00fcrfte es sich auch mit der diesj\u00e4hrigen \u201eDerminga Kerb\u201c verhalten. Wenn auch anders als gewohnt, werden wir in diesem Jahr das 274. Kirchweihfest der Evangelischen Stengelkirche in der Ortsmitte feiern. Im Gegensatz zu dem bunten Kirmestreiben der letzten Jahrzehnte steht uns in diesem Jahr, aufgrund der Pandemie, ein ruhiges Wochenende im stillen Gedenken bevor. Keine Ausgrabung des \u201eKerwe-Lisje\u201c, kein offizieller Fassanstich, kein Festplatz und auch kein Karussell. &nbsp;<\/strong><\/p>\n\n\n\n<p class=\"wp-block-paragraph\" style=\"font-size:18px\">Bereits vor einigen Wochen hat der Ortsrat entschieden die Festlichkeiten zur 274 \u201eDerminga Kerb\u201c abzusagen. Diese Entscheidung ist uns damals alles andere als leichtgefallen. Aufgrund der anhaltenden Pandemie und der zuletzt steigenden Infektionszahlen war dies jedoch die einzig richtige Entscheidung. Kurze Zeit hat man dar\u00fcber nachgedacht ein kleines Alternativprogramm auf die Beine zu stellen. Nachdem der Landkreis Neunkirchen jedoch zum Risikogebiet erkl\u00e4rt wurde, haben wir uns auch von diesem Vorhaben gel\u00f6st. Ganz klar, die Sicherheit unserer Bev\u00f6lkerung hat oberste Priorit\u00e4t.<\/p>\n\n\n\n<div class=\"wp-block-image\"><figure class=\"aligncenter size-large\"><img loading=\"lazy\" decoding=\"async\" width=\"700\" height=\"478\" src=\"https:\/\/echta-derminga.de\/wp-content\/uploads\/2020\/10\/2-700x478.jpg\" alt=\"\" class=\"wp-image-7685\" srcset=\"https:\/\/echta-derminga.de\/wp-content\/uploads\/2020\/10\/2-700x478.jpg 700w, https:\/\/echta-derminga.de\/wp-content\/uploads\/2020\/10\/2-300x205.jpg 300w, https:\/\/echta-derminga.de\/wp-content\/uploads\/2020\/10\/2-768x525.jpg 768w, https:\/\/echta-derminga.de\/wp-content\/uploads\/2020\/10\/2.jpg 900w\" sizes=\"auto, (max-width: 700px) 100vw, 700px\" \/><\/figure><\/div>\n\n\n\n<p class=\"wp-block-paragraph\" style=\"font-size:18px\"><strong>Die 274. \u201eDerminga Kerb\u201c wird also in Stille ohne gro\u00dfes buntes Kirmestreiben begangen. Nach der Absage des \u201eMittelalterlichen Weihnachtsmarktes\u201c am ersten Adventswochenende war die Absage der \u201eKerb\u201c ein weiterer Tiefschlag f\u00fcr die Dorfgemeinschaft. Wie gelingt es uns, in dieser schwierigen Zeit, zumindest ein wenig \u201eKerb\u201c verspr\u00fchen zu lassen? Gemeinsam mit unserer Grundschule Wiesbach-Dirmingen (Dependance Dirmingen) und der Kita- Pusteblume wollen wir nun mit einem Malwettbewerb an die \u201eDerminga Kerb\u201c erinnern.<\/strong><\/p>\n\n\n\n<p class=\"wp-block-paragraph\" style=\"font-size:18px\">Am eigentlichen Kirmeswochenende wird in den alten Postr\u00e4umen des Evangelischen Gemeindehauses, in der Dirminger Ortsmitte (Marktplatz 8), eine Bilderausstellung stattfinden. Die Ausstellung ist von Samstag, 24.10.20 bis Dienstag, 27.10.20 t\u00e4glich von 10:00 Uhr bis 18:00 Uhr ge\u00f6ffnet. Am Samstag, 24. Oktober 2020 wird die Ausstellung um 14:00 Uhr im Rahmen einer kleinen Feststunde offiziell er\u00f6ffnet. Leider kann zu dieser Feststunde, aufgrund der aktuellen Hygieneverordnung, nur gesondert eingeladen werden. Besucher\/innen d\u00fcrfen die Ausstellung an allen Tagen nur mit Mund -und Nasen-Bedeckung betreten, wobei immer nur drei Personen gemeinsam in den R\u00e4umlichkeiten sein d\u00fcrfen.<\/p>\n\n\n\n<div class=\"wp-block-image\"><figure class=\"aligncenter size-large\"><img loading=\"lazy\" decoding=\"async\" width=\"687\" height=\"511\" src=\"https:\/\/echta-derminga.de\/wp-content\/uploads\/2020\/10\/5.jpg\" alt=\"\" class=\"wp-image-7686\" srcset=\"https:\/\/echta-derminga.de\/wp-content\/uploads\/2020\/10\/5.jpg 687w, https:\/\/echta-derminga.de\/wp-content\/uploads\/2020\/10\/5-300x223.jpg 300w\" sizes=\"auto, (max-width: 687px) 100vw, 687px\" \/><\/figure><\/div>\n\n\n\n<p class=\"wp-block-paragraph\" style=\"font-size:18px\"><strong>In diesem Zusammenhang m\u00f6chte ich mich herzlich bei der Evangelische Kirchengemeinde Dirmingen f\u00fcr die Bereitstellung der R\u00e4umlichkeiten bedanken. Alle Vereine, Organisationen und Gewerbetreibende werden gebeten f\u00fcr diesen Malwettbewerb zu werben.<\/strong> <strong>Es ist wichtig, dass wir st\u00e4ndig an unsere Traditionen erinnern.<\/strong> <strong>Mit Sorge blicke ich auf so wichtige Veranstaltungen wie unsere St. Martinsfeier oder die Nikolaus-Aktion. Was wird sein ? Wie gelingt es uns die Kinder an diese Traditionen zu erinnern ?<\/strong> <strong>Die Pandemie zerst\u00f6rt die sozialen Aspekte und ist Gift f\u00fcr eine funktionierende Dorfgemeinschaft.<\/strong><\/p>\n\n\n\n<p class=\"wp-block-paragraph\" style=\"font-size:18px\">Nun wurden die Kinder unserer Grundschule und der Kita &#8222;Pusteblume&#8220; aufgerufen, zum Thema \u201eDerminga Kerb\u201c, ihre Bilder zu malen. Dabei werden die gemalten Werke bei der Pr\u00e4mierung der Schulkinder in Altersklassen (1 bis 4 Schulklasse) eingeteilt. Die Bev\u00f6lkerung kann sich als Jury an diesem Malwettbewerb beteiligen. Jeder ist herzlich eingeladen mitzumachen. Bei der Ausstellung liegen \u201eMitmache-Formulare\u201c parat. Jeder kann sein Lieblingsbild ausw\u00e4hlen und daf\u00fcr voten. Das meistgenannte Bild einer Altersklasse gewinnt. Unter allen Teilnehmern, die ihre Stimme abgeben, werden wir einen Gutschein f\u00fcr ein Abendessen zu zweit auslosen. Diese Auslosung findet am Dienstagabend, 27.Oktober 20 um 18:00 Uhr statt.<\/p>\n\n\n\n<div class=\"wp-block-image\"><figure class=\"aligncenter size-large\"><img loading=\"lazy\" decoding=\"async\" width=\"700\" height=\"467\" src=\"https:\/\/echta-derminga.de\/wp-content\/uploads\/2020\/10\/3-1-700x467.jpg\" alt=\"\" class=\"wp-image-7687\" srcset=\"https:\/\/echta-derminga.de\/wp-content\/uploads\/2020\/10\/3-1-700x467.jpg 700w, https:\/\/echta-derminga.de\/wp-content\/uploads\/2020\/10\/3-1-300x200.jpg 300w, https:\/\/echta-derminga.de\/wp-content\/uploads\/2020\/10\/3-1-768x512.jpg 768w, https:\/\/echta-derminga.de\/wp-content\/uploads\/2020\/10\/3-1-120x80.jpg 120w, https:\/\/echta-derminga.de\/wp-content\/uploads\/2020\/10\/3-1.jpg 900w\" sizes=\"auto, (max-width: 700px) 100vw, 700px\" \/><\/figure><\/div>\n\n\n\n<p class=\"wp-block-paragraph\" style=\"font-size:18px\"><strong>Ganz bestimmt wird sich die Auswahl der Siegerbilder als schwierig erweisen. Ich finde es jedoch angebracht, dass die Bev\u00f6lkerung als Jury fungiert. Im Zweifelsfall wird eine \u201eZusatz-Jury\u201c bestehend aus Mitgliedern des Kulturverein Dirmingen und des Schulverein Dirmingen entscheiden, welches Bild als Siegerfoto hervorgeht. Die Pr\u00e4mierung der Siegerfotos wird nach Absprache mit der Schulleitung und der Kita-Leitung im November durchgef\u00fchrt. Nat\u00fcrlich m\u00fcssen wir diesbez\u00fcglich die aktuellen Infektionszahlen im Auge behalten. Selbstverst\u00e4ndlich werden am Ende alle Kinder mit einem Pr\u00e4sent versehen. Dies gilt insbesondere auch f\u00fcr unsere Kindergartenkinder der Kita \u201ePusteblume\u201c. Gemeinsam haben wir uns dazu entschlossen, bei den Kindergartenkindern keine Pr\u00e4mierung vorzunehmen. Dies w\u00e4re aus unserer Sicht nicht altersgerecht. Wir freuen uns aber dar\u00fcber, auch die Bilder der Kita \u201ePusteblume\u201c auszustellen und der Bev\u00f6lkerung zu pr\u00e4sentieren.<\/strong><\/p>\n\n\n\n<p class=\"wp-block-paragraph\" style=\"font-size:18px\">Ich m\u00f6chte mich schon jetzt herzlich bei dem Lehrerpersonal und der Schulleitung um Frau Katrin Schlaak sowie bei dem Kita-Personal um die Kita-Leitung Frau Claudia Schulz f\u00fcr die wunderbare Zusammenarbeit und die damit verbundene Unterst\u00fctzung bedanken. Wir allen m\u00fcssen aufgrund der anhaltenden Pandemie akzeptieren, dass die diesj\u00e4hrige 274. \u201eKerb\u201c ganz anders verlaufen wird. Gerade in Dirmingen ist man gewohnt, die eigene Kirmes ausgelassen zu feiern. Das bunte \u201eKerwe-Treiben\u201c wird uns allen fehlen.<\/p>\n\n\n\n<div class=\"wp-block-image\"><figure class=\"aligncenter size-large\"><img loading=\"lazy\" decoding=\"async\" width=\"700\" height=\"467\" src=\"https:\/\/echta-derminga.de\/wp-content\/uploads\/2020\/10\/4-700x467.jpg\" alt=\"\" class=\"wp-image-7688\" srcset=\"https:\/\/echta-derminga.de\/wp-content\/uploads\/2020\/10\/4-700x467.jpg 700w, https:\/\/echta-derminga.de\/wp-content\/uploads\/2020\/10\/4-300x200.jpg 300w, https:\/\/echta-derminga.de\/wp-content\/uploads\/2020\/10\/4-768x512.jpg 768w, https:\/\/echta-derminga.de\/wp-content\/uploads\/2020\/10\/4-120x80.jpg 120w, https:\/\/echta-derminga.de\/wp-content\/uploads\/2020\/10\/4.jpg 900w\" sizes=\"auto, (max-width: 700px) 100vw, 700px\" \/><\/figure><\/div>\n\n\n\n<p class=\"wp-block-paragraph\" style=\"font-size:18px\"><strong>Mit Hilfe unserer Kita -und Schulkinder werden wir zumindest einen Hauch von \u201eKerb\u201c versp\u00fcren d\u00fcrfen. Einen lieben Dank an alle Kinder f\u00fcr das Mitmachen und die vielen wundersch\u00f6nen Kunstwerke. Die Bev\u00f6lkerung von Dirmingen darf sich auf eine herrliche Ausstellung freuen. Neben den Kunstwerken unserer Kita- und Schulkinder werden Bilder aus den letzten 20- Jahren \u201eDerminga Kerb\u201c pr\u00e4sentiert. Immerhin feierte der Kulturverein Dirmingen, der einen gro\u00dfen Verdienst an der Aufwertung der \u201eKerb\u201c hat, unl\u00e4ngst sein 20. Jubil\u00e4um.<\/strong><\/p>\n\n\n\n<p class=\"wp-block-paragraph\" style=\"font-size:18px\">Keine Frage, wir haben v\u00f6llig zurecht die Feierlichkeiten rund um die Kirmes abgesagt. Das eigentliche Kirchweihfest kann jedoch auch in Stille gefeiert werden. Aus diesem Grunde freue ich mich dar\u00fcber, dass unsere Evangelische Kirchengemeinde am <strong>Sonntag, 25. Oktober 20 um 10:00 Uhr<\/strong> ihren j\u00e4hrlichen Kirchweih-Gottesdienst feiern wird.<\/p>\n\n\n\n<p class=\"has-light-gray-color has-text-color has-background wp-block-paragraph\" style=\"background-color:#0048a3;font-size:18px\"><strong>\u00dcbrigens: Im kommenden Jahr wird in der Zeit vom 23.10. bis 25.10.20 die 275. \u201eDerminga Kerb\u201c gefeiert.<\/strong><\/p>\n\n\n\n<div class=\"wp-block-image\"><figure class=\"aligncenter size-large\"><img loading=\"lazy\" decoding=\"async\" width=\"640\" height=\"853\" src=\"https:\/\/echta-derminga.de\/wp-content\/uploads\/2020\/10\/IMG-20181003-WA0004.jpg\" alt=\"\" class=\"wp-image-7628\" srcset=\"https:\/\/echta-derminga.de\/wp-content\/uploads\/2020\/10\/IMG-20181003-WA0004.jpg 640w, https:\/\/echta-derminga.de\/wp-content\/uploads\/2020\/10\/IMG-20181003-WA0004-225x300.jpg 225w\" sizes=\"auto, (max-width: 640px) 100vw, 640px\" \/><\/figure><\/div>\n","protected":false},"excerpt":{"rendered":"<p>Einen Geburtstag kann man nicht absagen! Man kann h\u00f6chstens auf die Feierlichkeiten seines Wiegenfestes verzichten. So d\u00fcrfte es sich auch mit der diesj\u00e4hrigen \u201eDerminga Kerb\u201c verhalten. Wenn auch anders als gewohnt, werden wir in diesem Jahr das 274. Kirchweihfest der Evangelischen Stengelkirche in der Ortsmitte feiern. Im Gegensatz zu dem bunten Kirmestreiben der letzten Jahrzehnte steht uns in diesem Jahr,<\/p>\n","protected":false},"author":1,"featured_media":7681,"comment_status":"open","ping_status":"closed","sticky":false,"template":"","format":"standard","meta":{"_crdt_document":"","footnotes":""},"categories":[1,9,47,100,46],"tags":[39,479,618,745,127,310],"class_list":["post-7680","post","type-post","status-publish","format-standard","has-post-thumbnail","hentry","category-allgemein","category-dorfgetratsche","category-meine-kirche","category-meine-kulturaner","category-meine-politik","tag-derminga-doerfche","tag-derminga-kerb","tag-gemeinde-eppelborn","tag-kirmes","tag-landkreis-neunkirchen","tag-saarland"],"_links":{"self":[{"href":"https:\/\/echta-derminga.de\/index.php?rest_route=\/wp\/v2\/posts\/7680","targetHints":{"allow":["GET"]}}],"collection":[{"href":"https:\/\/echta-derminga.de\/index.php?rest_route=\/wp\/v2\/posts"}],"about":[{"href":"https:\/\/echta-derminga.de\/index.php?rest_route=\/wp\/v2\/types\/post"}],"author":[{"embeddable":true,"href":"https:\/\/echta-derminga.de\/index.php?rest_route=\/wp\/v2\/users\/1"}],"replies":[{"embeddable":true,"href":"https:\/\/echta-derminga.de\/index.php?rest_route=%2Fwp%2Fv2%2Fcomments&post=7680"}],"version-history":[{"count":11,"href":"https:\/\/echta-derminga.de\/index.php?rest_route=\/wp\/v2\/posts\/7680\/revisions"}],"predecessor-version":[{"id":7696,"href":"https:\/\/echta-derminga.de\/index.php?rest_route=\/wp\/v2\/posts\/7680\/revisions\/7696"}],"wp:featuredmedia":[{"embeddable":true,"href":"https:\/\/echta-derminga.de\/index.php?rest_route=\/wp\/v2\/media\/7681"}],"wp:attachment":[{"href":"https:\/\/echta-derminga.de\/index.php?rest_route=%2Fwp%2Fv2%2Fmedia&parent=7680"}],"wp:term":[{"taxonomy":"category","embeddable":true,"href":"https:\/\/echta-derminga.de\/index.php?rest_route=%2Fwp%2Fv2%2Fcategories&post=7680"},{"taxonomy":"post_tag","embeddable":true,"href":"https:\/\/echta-derminga.de\/index.php?rest_route=%2Fwp%2Fv2%2Ftags&post=7680"}],"curies":[{"name":"wp","href":"https:\/\/api.w.org\/{rel}","templated":true}]}}