{"id":7966,"date":"2020-11-24T20:19:16","date_gmt":"2020-11-24T19:19:16","guid":{"rendered":"http:\/\/echta-derminga.de\/?p=7966"},"modified":"2020-11-24T20:32:51","modified_gmt":"2020-11-24T19:32:51","slug":"wenn-unser-dorf-schlaeft-nachts-in-unseren-strassen","status":"publish","type":"post","link":"https:\/\/echta-derminga.de\/?p=7966","title":{"rendered":"Wenn unser Dorf schl\u00e4ft \u2013 nachts in unseren Stra\u00dfen"},"content":{"rendered":"\n<p class=\"wp-block-paragraph\" style=\"font-size:18px\"><strong>Hinter den Gardinen und den verschlossenen Rolll\u00e4den herrscht Ruhe. Das Dorf schl\u00e4ft und erholt sich von dem nervenden Alltagstrott. Manchmal genie\u00dfe ich es nachts allein in der Dunkelheit durch unsere Stra\u00dfen zu ziehen, um die Gedanken flie\u00dfen zu lassen. Hin und wieder kreuzt eine Katze meinen Weg. Seltsame undefinierbare Ger\u00e4usche vermischen sich mit schnell vorbeirasenden Autos. Vereinzelt treffe ich irgendwelche unbekannte Menschen, die auf der anderen Stra\u00dfenseite ohne Gru\u00df an mir vor\u00fcbergehen.<\/strong><\/p>\n\n\n\n<p class=\"wp-block-paragraph\" style=\"font-size:18px\">Ich habe keine Angst in der Dunkelheit. Ich liebe die Nacht. Ohne die Nacht g\u00e4be es keinen Tag und ohne Licht kein Schatten. Die Nacht bringt uns Ruhe und Zeit zur Erholung. Als Kind f\u00fcrchtete ich mich in der Dunkelheit. Irgendwo in der Nacht, so dachten mein Bruder und ich, lauert das B\u00f6se. Heute kommt es mir so vor, als ob der Tag mehr Hass als die Nacht bringen w\u00fcrde.<\/p>\n\n\n\n<div class=\"wp-block-image\"><figure class=\"aligncenter size-large\"><img loading=\"lazy\" decoding=\"async\" width=\"700\" height=\"467\" src=\"https:\/\/echta-derminga.de\/wp-content\/uploads\/2020\/11\/2-2-700x467.jpg\" alt=\"\" class=\"wp-image-7974\" srcset=\"https:\/\/echta-derminga.de\/wp-content\/uploads\/2020\/11\/2-2-700x467.jpg 700w, https:\/\/echta-derminga.de\/wp-content\/uploads\/2020\/11\/2-2-300x200.jpg 300w, https:\/\/echta-derminga.de\/wp-content\/uploads\/2020\/11\/2-2-768x512.jpg 768w, https:\/\/echta-derminga.de\/wp-content\/uploads\/2020\/11\/2-2.jpg 900w\" sizes=\"auto, (max-width: 700px) 100vw, 700px\" \/><\/figure><\/div>\n\n\n\n<p class=\"wp-block-paragraph\" style=\"font-size:18px\"><strong>Mit dem Einbruch der D\u00e4mmerung beginnt in der Natur ein wildes Treiben. Wildkatzen, Eulen, Wildschweine oder F\u00fcchse nutzen die menschenleeren Stra\u00dfen. Unsere unbefahrene Hauptstra\u00dfe, der hell beleuchtete Bahnhofsplatz, der dunkle Br\u00fchlpark oder das vereinsamte Belkerstadion. In der Ortsmitte erkennt man, hinter einem dunklen Schleier, dass wei\u00dfe Gem\u00e4uer der Stengelkirche. In Zeiten der Pandemie und der damit verbundenen Angst sind wir sensibler und feinf\u00fchliger geworden. Diese Zeit macht uns deutlich, dass unser Leben endlich ist.<\/strong><\/p>\n\n\n\n<p class=\"wp-block-paragraph\" style=\"font-size:18px\">Die ersten Zeitungsaustr\u00e4ger rennen von Haus zu Haus und dort wo das Licht gerade erst ausgemacht wurde, machen sich anderorts die ersten Leute auf den Weg zur Fr\u00fchschicht. In unseren Stra\u00dfen ist nachts mehr los als man denkt. Der Schein und die damit verbundene Ruhe tr\u00fcgt. Ich muss unweigerlich an diejenigen denken die nicht mehr unter uns sind. Viele gute Freunde haben wir in den vergangenen Monaten verloren. Dieses Jahr hat uns vieles abverlangt und so manches Opfer gefordert. Irgendwo wird gerade ein Kind liebevoll in den Armen gehalten. Anderswo trauert jemand um seinen Liebsten. Es ist ein Kommen und Gehen.<\/p>\n\n\n\n<div class=\"wp-block-image\"><figure class=\"aligncenter size-large\"><img loading=\"lazy\" decoding=\"async\" width=\"700\" height=\"467\" src=\"https:\/\/echta-derminga.de\/wp-content\/uploads\/2020\/11\/\u00a7-700x467.jpg\" alt=\"\" class=\"wp-image-7979\" srcset=\"https:\/\/echta-derminga.de\/wp-content\/uploads\/2020\/11\/\u00a7-700x467.jpg 700w, https:\/\/echta-derminga.de\/wp-content\/uploads\/2020\/11\/\u00a7-300x200.jpg 300w, https:\/\/echta-derminga.de\/wp-content\/uploads\/2020\/11\/\u00a7-768x512.jpg 768w, https:\/\/echta-derminga.de\/wp-content\/uploads\/2020\/11\/\u00a7.jpg 900w\" sizes=\"auto, (max-width: 700px) 100vw, 700px\" \/><\/figure><\/div>\n\n\n\n<p class=\"wp-block-paragraph\" style=\"font-size:18px\"><strong>Ich ziehe meinen Kragen nach oben, es ist kalt. Was mag sich wohl hinter den Fenstern und Gardinen abspielen. Was ist los in unseren H\u00e4usern. Wer liegt wach und wer schl\u00e4ft tief und fest. Wo herrscht Angst vor dem neuen Morgen und wer ruht still in vor freudiger Zuversicht. Jeder von uns hat seine Last zu tragen. Viele von uns liegen nachts gr\u00fcbelnd im Bett und leiden unter einem schlafraubenden Gedankenkarussell? Gerade nachts vermischt sich die Hoffnung mit der Verzweiflung. Was wird morgen sein und kommen wir gesund durch diese unruhige Zeit. Irgendwo ert\u00f6nt ein lautes Streitgespr\u00e4ch, anderswo liegen sich zwei liebende in den Armen. Der November macht die Sache nicht besser. Es sind kalte, tr\u00fcbe und neblige Tage. Dazu der Jammer um die Pandemie und die Frage wie es weiter gehen soll. Weihnachten und der Jahreswechsel stehen vor der T\u00fcr. Was bringt das neue Jahr? Es gibt Menschen, die vor Angst und Sorge nicht schlafen k\u00f6nnen.<\/strong><\/p>\n\n\n\n<p class=\"wp-block-paragraph\" style=\"font-size:18px\">Mein Weg f\u00fchrt mich am Br\u00fchlpark vorbei in Richtung Bahnhof. Die ersten Fahrg\u00e4ste \u00fcberholen mich eilig, um ihren Zug zu bekommen. Am Bahnhof bleibe ich kurz stehen und muss schmunzeln. Wohin f\u00fchrt uns wohl die Reise? Der Morgen naht und bald, wenn auch sp\u00e4ter als in den Sommermonaten, bricht die D\u00e4mmerung an. Die Menschen werden aufstehen, zur Arbeit gehen und weitermachen. Jeden Tag das gleiche Spiel. Auf die Nacht folgt der n\u00e4chste Tag und wo sich das Licht ausbreitet weicht die Dunkelheit. Weitermachen, jeden Tag einfach weitermachen. Wo Licht ist, ist auch Schatten.<\/p>\n\n\n\n<div class=\"wp-block-image\"><figure class=\"aligncenter size-large\"><img loading=\"lazy\" decoding=\"async\" width=\"700\" height=\"467\" src=\"https:\/\/echta-derminga.de\/wp-content\/uploads\/2020\/11\/4-1-700x467.jpg\" alt=\"\" class=\"wp-image-7976\" srcset=\"https:\/\/echta-derminga.de\/wp-content\/uploads\/2020\/11\/4-1-700x467.jpg 700w, https:\/\/echta-derminga.de\/wp-content\/uploads\/2020\/11\/4-1-300x200.jpg 300w, https:\/\/echta-derminga.de\/wp-content\/uploads\/2020\/11\/4-1-768x512.jpg 768w, https:\/\/echta-derminga.de\/wp-content\/uploads\/2020\/11\/4-1.jpg 900w\" sizes=\"auto, (max-width: 700px) 100vw, 700px\" \/><\/figure><\/div>\n\n\n\n<p class=\"wp-block-paragraph\" style=\"font-size:18px\">Am Bahnhof fahren die ersten Z\u00fcge los. Hin und wieder begegnet mir jemand und raunt mir ein kantiges \u201eMoin\u201c entgegen. Unser B\u00e4cker erh\u00e4lt seine erste Lieferung und der Verkehr auf der Hauptstra\u00dfe nimmt zusehends zu. Diese Nacht geht bald zu Ende und wenn dann das Morgenlicht \u00fcber die D\u00e4cher unserer Heimat kriecht, sp\u00fcre ich diesen besonderen Zauber.<\/p>\n\n\n\n<p class=\"wp-block-paragraph\" style=\"font-size:18px\"><strong>Als Kind durfte ich hin und wieder bei meiner Gro\u00dfmutter schlafen.<\/strong> <strong>Wenn es dann ganz ruhig und dunkel war fl\u00fcsterte meine Oma:\u201c\u2026kannst du es h\u00f6ren? Nein Oma, was h\u00f6ren? Na, h\u00f6rst du nichts? Nein, Oma ich h\u00f6re nichts! Na, wenn du ganz ruhig bist und genau hinh\u00f6rst, wirst du drau\u00dfen das Herz unseres Dorfes h\u00f6ren\u201c.<\/strong><\/p>\n\n\n\n<div class=\"wp-block-image\"><figure class=\"aligncenter size-large\"><img loading=\"lazy\" decoding=\"async\" width=\"700\" height=\"467\" src=\"https:\/\/echta-derminga.de\/wp-content\/uploads\/2020\/11\/5-700x467.jpg\" alt=\"\" class=\"wp-image-7981\" srcset=\"https:\/\/echta-derminga.de\/wp-content\/uploads\/2020\/11\/5-700x467.jpg 700w, https:\/\/echta-derminga.de\/wp-content\/uploads\/2020\/11\/5-300x200.jpg 300w, https:\/\/echta-derminga.de\/wp-content\/uploads\/2020\/11\/5-768x512.jpg 768w, https:\/\/echta-derminga.de\/wp-content\/uploads\/2020\/11\/5.jpg 900w\" sizes=\"auto, (max-width: 700px) 100vw, 700px\" \/><\/figure><\/div>\n\n\n\n<p class=\"wp-block-paragraph\" style=\"font-size:18px\"><strong>Bildquelle: Erich Pfeiffer<\/strong><\/p>\n","protected":false},"excerpt":{"rendered":"<p>Hinter den Gardinen und den verschlossenen Rolll\u00e4den herrscht Ruhe. Das Dorf schl\u00e4ft und erholt sich von dem nervenden Alltagstrott. Manchmal genie\u00dfe ich es nachts allein in der Dunkelheit durch unsere Stra\u00dfen zu ziehen, um die Gedanken flie\u00dfen zu lassen. Hin und wieder kreuzt eine Katze meinen Weg. Seltsame undefinierbare Ger\u00e4usche vermischen sich mit schnell vorbeirasenden Autos. Vereinzelt treffe ich irgendwelche<\/p>\n","protected":false},"author":1,"featured_media":7973,"comment_status":"open","ping_status":"closed","sticky":false,"template":"","format":"standard","meta":{"_crdt_document":"","footnotes":""},"categories":[1,9],"tags":[5,618,127,310],"class_list":["post-7966","post","type-post","status-publish","format-standard","has-post-thumbnail","hentry","category-allgemein","category-dorfgetratsche","tag-dirmingen","tag-gemeinde-eppelborn","tag-landkreis-neunkirchen","tag-saarland"],"_links":{"self":[{"href":"https:\/\/echta-derminga.de\/index.php?rest_route=\/wp\/v2\/posts\/7966","targetHints":{"allow":["GET"]}}],"collection":[{"href":"https:\/\/echta-derminga.de\/index.php?rest_route=\/wp\/v2\/posts"}],"about":[{"href":"https:\/\/echta-derminga.de\/index.php?rest_route=\/wp\/v2\/types\/post"}],"author":[{"embeddable":true,"href":"https:\/\/echta-derminga.de\/index.php?rest_route=\/wp\/v2\/users\/1"}],"replies":[{"embeddable":true,"href":"https:\/\/echta-derminga.de\/index.php?rest_route=%2Fwp%2Fv2%2Fcomments&post=7966"}],"version-history":[{"count":15,"href":"https:\/\/echta-derminga.de\/index.php?rest_route=\/wp\/v2\/posts\/7966\/revisions"}],"predecessor-version":[{"id":7987,"href":"https:\/\/echta-derminga.de\/index.php?rest_route=\/wp\/v2\/posts\/7966\/revisions\/7987"}],"wp:featuredmedia":[{"embeddable":true,"href":"https:\/\/echta-derminga.de\/index.php?rest_route=\/wp\/v2\/media\/7973"}],"wp:attachment":[{"href":"https:\/\/echta-derminga.de\/index.php?rest_route=%2Fwp%2Fv2%2Fmedia&parent=7966"}],"wp:term":[{"taxonomy":"category","embeddable":true,"href":"https:\/\/echta-derminga.de\/index.php?rest_route=%2Fwp%2Fv2%2Fcategories&post=7966"},{"taxonomy":"post_tag","embeddable":true,"href":"https:\/\/echta-derminga.de\/index.php?rest_route=%2Fwp%2Fv2%2Ftags&post=7966"}],"curies":[{"name":"wp","href":"https:\/\/api.w.org\/{rel}","templated":true}]}}