{"id":8014,"date":"2020-11-29T14:23:13","date_gmt":"2020-11-29T13:23:13","guid":{"rendered":"http:\/\/echta-derminga.de\/?p=8014"},"modified":"2020-11-29T14:43:24","modified_gmt":"2020-11-29T13:43:24","slug":"meine-gedanken-zum-1-advent-wir-muessen-lernen-chancen-zu-nutzen","status":"publish","type":"post","link":"https:\/\/echta-derminga.de\/?p=8014","title":{"rendered":"Meine Gedanken zum 1. Advent \u2013 Wir m\u00fcssen lernen Chancen zu nutzen!"},"content":{"rendered":"\n<p class=\"wp-block-paragraph\" style=\"font-size:18px\"><strong><em>\u201eWir sagen euch an den lieben Advent, sehet die erste Kerze brennt\u201c<\/em><\/strong><\/p>\n\n\n\n<p class=\"wp-block-paragraph\" style=\"font-size:18px\">Das lateinische W\u00f6rtchen Advent bedeutet Ankunft. In dieser besinnlichen Jahreszeit bereiten sich die Christen auf Weihnachten, dem Geburtstagsfest von Jesus Christus vor. Am ersten Adventssonntag beginnt das neue Kirchenjahr. Die dunklen, stillen Trauertage wie Volkstrauertag oder Totensonntag sind vorbei und etwas Neues beginnt. &nbsp;<\/p>\n\n\n\n<p class=\"wp-block-paragraph\" style=\"font-size:18px\"><strong>In diesem Jahr ist alles anders. Auch die Adventszeit wird nicht wie gewohnt verlaufen. Viele Menschen bef\u00fcrchten, dass nach dem Osterfest nun auch das Weihnachtsfest in seiner bekannten Form ausfallen wird. Dabei hat unsere Bundesregierung doch alles Notwendige veranlasst. Offensichtlich wurde mit dem b\u00f6sen Bazillus ein Abkommen getroffen, dass w\u00e4hrend der Weihnachtszeit nicht so doll gew\u00fctet wird. Anders sind die neuerlichen Ma\u00dfnahmen nicht zu erkl\u00e4ren. Wir ziehen die Notbremse und versch\u00e4rfen bis zum 20. Dezember die Richtlinien, um dann schon vorausschauend zu wissen, dass wir \u00fcber Weihnachten Lockerungen zusagen k\u00f6nnen. Die mahnenden Worte der Politiker, aller Parteien, kommen angesichts dieser Vorgehensweise etwas seltsam r\u00fcber.<\/strong><\/p>\n\n\n\n<p class=\"wp-block-paragraph\" style=\"font-size:18px\">Sei\u2019s drum, wir alle sehnen uns nach ein wenig Normalit\u00e4t. Diese Adventszeit k\u00f6nnte trostlos und traurig werden. Auf der anderen Seite k\u00f6nnte sie eine echte Chance sein. Eine Chance f\u00fcr uns selbst, f\u00fcr unsere Freunde und unsere Familie. \u201eHave Yourself a Merry Little Christmas\u201c, oder auf Deutsch \u201eMach dir selbst ein sch\u00f6nes Weihnachtsfest\u201c, denk mal an dich selbst und deine Leute. Die Entschleunigung w\u00e4hrend der Pandemie kann daf\u00fcr sorgen, dass wir wieder zu uns selbst finden. Diejenigen die mich kennen, werden nun denken, dass sagt gerade der Richtige. Stimmt, aber Einsicht ist bekanntlich der erste Schritt zur Besserung. Diese Adventszeit kann eine Chance sein. Eine echte Chance f\u00fcr uns alle, auch f\u00fcr die \u00d6kumene. Schon heute stellt sich die Frage: Wie feiern wir Weihnachten? In Dirmingen m\u00f6chte man den Heiligen Abend \u00f6kumenisch begehen. F\u00fcr mich pers\u00f6nlich ist dies eine wunderbare Botschaft. Wenn es uns nun gelingt diesen \u00f6kumenischen Geist in die Zeit nach der Pandemie mitzunehmen, werden wir alle davon profitieren.<\/p>\n\n\n\n<p class=\"wp-block-paragraph\" style=\"font-size:18px\"><strong>Diese Adventszeit bietet uns die Chance altes und eingefahrenes zu ver\u00e4ndern und neue Wege zu beschreiten. Es geht darum, dass Beste aus allem zu machen. Auf der anderen Seite sind es gerade die alten Traditionen, die uns jedes Jahr verzaubern und das Kind in uns erwecken lassen. An einer \u00fcblen Geschichte etwas Gutes zu finden, ist nicht immer einfach. Oftmals versperrt uns die Tr\u00e4ne im eigenen Auge den Blick auf das Gute.<\/strong> <strong>Wir sollten versuchen alles M\u00f6gliche in die Tat umzusetzen.<\/strong> <strong>Wir d\u00fcrfen uns nicht hinter dem Bazillus verstecken.<\/strong> <strong>Ideen f\u00fcr den Advent gibt es zu Gen\u00fcge.<\/strong> <strong>Was wir brauchen ist mehr Mut und Zuversicht.<\/strong> <\/p>\n\n\n\n<p class=\"wp-block-paragraph\" style=\"font-size:18px\">Der Corona-Bazillus macht mich wahnsinnig. Ich vermisse die sozialen Kontakte, meine Freunde, die Aus\u00fcbung des Ehrenamtes oder einfach nur den Besuch einer Gastst\u00e4tte, um ein gepflegtes Bier zu trinken. Die Weihnachtszeit macht die Sache keineswegs ertr\u00e4glicher: Keine Weihnachtsm\u00e4rkte, kein Adventskonzert, kein Gl\u00fchwein mit Freunden und auch keine Weihnachtsfeier. Am meisten fehlt mir jedoch das Zwischenmenschliche. Kein Schulterklopfen, keine Umarmung, kein aufmunternder Klapps und keine zarte Ber\u00fchrung unter Freunden. Die Pandemie ist ein echter Pr\u00fcfstein f\u00fcr die Menschlichkeit.<\/p>\n\n\n\n<p class=\"wp-block-paragraph\" style=\"font-size:18px\"><strong>Dabei k\u00f6nnten wir mit Abstand an N\u00e4he gewinnen. Wir k\u00f6nnten trotz der vielen hygienebedingten Richtlinien mehr f\u00fcr das Miteinander tun. Auch unsere Dorfgemeinschaft k\u00f6nnte dadurch profitierten. Vielleicht k\u00f6nnten wir alle mal einen Schritt mehr auf den anderen zugehen. Vielleicht k\u00f6nnten wir alle uns einmal mehr die Hand reichen. Dies ist die Zeit, um Dinge zu ver\u00e4ndern. Nicht alles was \u201eimmer so war\u201c muss auch so bleiben. Nutzen wir doch mal die Adventszeit, um ein wenig mehr auf den anderen zu sehen. Ein wenig mehr geben, als zu nehmen. Nehmen wir uns doch mal die Zeit dazu\u2026\u2026<\/strong><\/p>\n\n\n\n<p class=\"wp-block-paragraph\" style=\"font-size:18px\"><strong><em>\u201eWir w\u00fcnschen euch in dieser Zeit ein Lied in jedem Haus, das in euch selbst erklingen soll und in die Welt hinaus. Mit Worten voller Zuversicht an die ihr glauben wollt, und ein Leuchten wie Silber und Gold .&#8220; (Liedzeile: Rolf Zuckowski)<\/em><\/strong><\/p>\n\n\n\n<div class=\"wp-block-image\"><figure class=\"aligncenter size-large\"><img loading=\"lazy\" decoding=\"async\" width=\"700\" height=\"484\" src=\"https:\/\/echta-derminga.de\/wp-content\/uploads\/2020\/11\/Advent-1-700x484.jpg\" alt=\"\" class=\"wp-image-8010\" srcset=\"https:\/\/echta-derminga.de\/wp-content\/uploads\/2020\/11\/Advent-1-700x484.jpg 700w, https:\/\/echta-derminga.de\/wp-content\/uploads\/2020\/11\/Advent-1-300x208.jpg 300w, https:\/\/echta-derminga.de\/wp-content\/uploads\/2020\/11\/Advent-1.jpg 756w\" sizes=\"auto, (max-width: 700px) 100vw, 700px\" \/><\/figure><\/div>\n","protected":false},"excerpt":{"rendered":"<p>\u201eWir sagen euch an den lieben Advent, sehet die erste Kerze brennt\u201c Das lateinische W\u00f6rtchen Advent bedeutet Ankunft. In dieser besinnlichen Jahreszeit bereiten sich die Christen auf Weihnachten, dem Geburtstagsfest von Jesus Christus vor. Am ersten Adventssonntag beginnt das neue Kirchenjahr. Die dunklen, stillen Trauertage wie Volkstrauertag oder Totensonntag sind vorbei und etwas Neues beginnt. &nbsp; In diesem Jahr ist<\/p>\n","protected":false},"author":1,"featured_media":8019,"comment_status":"closed","ping_status":"closed","sticky":false,"template":"","format":"standard","meta":{"_crdt_document":"","footnotes":""},"categories":[1,9,47],"tags":[891,5,618,127,310],"class_list":["post-8014","post","type-post","status-publish","format-standard","has-post-thumbnail","hentry","category-allgemein","category-dorfgetratsche","category-meine-kirche","tag-1-advent","tag-dirmingen","tag-gemeinde-eppelborn","tag-landkreis-neunkirchen","tag-saarland"],"_links":{"self":[{"href":"https:\/\/echta-derminga.de\/index.php?rest_route=\/wp\/v2\/posts\/8014","targetHints":{"allow":["GET"]}}],"collection":[{"href":"https:\/\/echta-derminga.de\/index.php?rest_route=\/wp\/v2\/posts"}],"about":[{"href":"https:\/\/echta-derminga.de\/index.php?rest_route=\/wp\/v2\/types\/post"}],"author":[{"embeddable":true,"href":"https:\/\/echta-derminga.de\/index.php?rest_route=\/wp\/v2\/users\/1"}],"replies":[{"embeddable":true,"href":"https:\/\/echta-derminga.de\/index.php?rest_route=%2Fwp%2Fv2%2Fcomments&post=8014"}],"version-history":[{"count":11,"href":"https:\/\/echta-derminga.de\/index.php?rest_route=\/wp\/v2\/posts\/8014\/revisions"}],"predecessor-version":[{"id":8031,"href":"https:\/\/echta-derminga.de\/index.php?rest_route=\/wp\/v2\/posts\/8014\/revisions\/8031"}],"wp:featuredmedia":[{"embeddable":true,"href":"https:\/\/echta-derminga.de\/index.php?rest_route=\/wp\/v2\/media\/8019"}],"wp:attachment":[{"href":"https:\/\/echta-derminga.de\/index.php?rest_route=%2Fwp%2Fv2%2Fmedia&parent=8014"}],"wp:term":[{"taxonomy":"category","embeddable":true,"href":"https:\/\/echta-derminga.de\/index.php?rest_route=%2Fwp%2Fv2%2Fcategories&post=8014"},{"taxonomy":"post_tag","embeddable":true,"href":"https:\/\/echta-derminga.de\/index.php?rest_route=%2Fwp%2Fv2%2Ftags&post=8014"}],"curies":[{"name":"wp","href":"https:\/\/api.w.org\/{rel}","templated":true}]}}