{"id":8079,"date":"2020-12-06T13:24:12","date_gmt":"2020-12-06T12:24:12","guid":{"rendered":"http:\/\/echta-derminga.de\/?p=8079"},"modified":"2020-12-06T13:26:23","modified_gmt":"2020-12-06T12:26:23","slug":"meine-gedanken-zum-2-advent-auf-der-suche-nach-einem-adventsgefuehl","status":"publish","type":"post","link":"https:\/\/echta-derminga.de\/?p=8079","title":{"rendered":"Meine Gedanken zum 2. Advent \u2013 Auf der Suche nach einem Adventsgef\u00fchl"},"content":{"rendered":"\n<blockquote class=\"wp-block-quote is-layout-flow wp-block-quote-is-layout-flow\"><p><strong>\u201eWir sagen euch an den lieben Advent, sehet die zweite Kerze brennt\u201c<\/strong><\/p><\/blockquote>\n\n\n\n<p class=\"wp-block-paragraph\" style=\"font-size:18px\"><strong>Eigentlich dient die Adventszeit, als Fastenzeit, zur Vorbereitung auf das Weihnachtsfest. Die Christen soll dieser Zeit als Bu\u00dfzeiten oder als Zeit zum Nachdenken nutzen. Wenn wir den Advent genie\u00dfen m\u00f6chten, m\u00fcssen wir auch lernen ihn richtig zu begehen. F\u00fcr viele Menschen ist die Adventszeit eine Zeit der Ver\u00e4nderungen oder der Umkehr. Das alte endet und etwas neues soll beginnen. Wir alle sehnen uns nach einem Aufbruch nach einer Ver\u00e4nderung.<\/strong><\/p>\n\n\n\n<p class=\"wp-block-paragraph\" style=\"font-size:18px\">Ich habe in den letzten Tagen den Eindruck gewonnen, dass sich die Leute in diesem Jahr besonders viel M\u00fche geben, um den Advent intensiver zu erleben. Irgendwie hat die Pandemie uns alle sensibilisiert. Auf der anderen Seite habe ich das Gef\u00fchl, dass wir uns alle auf der Suche nach einem echten Adventsgef\u00fchl befinden. W\u00e4hrend wir noch im vergangenen Jahr dem Weihnachtsstress verfallen waren, sind wir heute der Entschleunigung erlegen. Vieles kann, alles muss und nicht alles darf man noch machen. Ich habe in den letzten Tagen mit gro\u00dfer Freude festgestellt, dass die Menschen sich \u00f6ffnen und helfen m\u00f6chten.<\/p>\n\n\n\n<p class=\"wp-block-paragraph\" style=\"font-size:18px\"><strong>Auf die Frage wie wir den Advent und besonders Weihnachten, in der Gemeinschaft, feiern wollen oder k\u00f6nnen haben wir Antworten gefunden. Die \u00d6kumene wird zum Weihnachtsfest gro\u00dfgeschrieben und auch die sozialen Medien werden erstmals eingebunden. Die Rede ist von \u201eonline-Gottesdiensten\u201c und Live-\u00dcbertragungen. Der Heilige Abend wird \u00f6kumenisch abwechselnd in der katholischen und evangelischen Kirche gefeiert. Ziel ist es so vielen Menschen wie m\u00f6glich einen Gottesdienst anzubieten.<\/strong><\/p>\n\n\n\n<p class=\"wp-block-paragraph\" style=\"font-size:18px\">Mich besch\u00e4ftigt schon lange die Frage, wie wir den Menschen in dieser schwierigen Zeit ein Adventsgef\u00fchl vermitteln k\u00f6nnen. Auf meiner Suche fand ich engagierte Menschen, die anpacken und helfen m\u00f6chten. Die Weihnachtswunschengelaktion schrieb schon nach wenigen Tagen ihre eigene Erfolgsgeschichte. Das alles kann geschehen, wenn man die K\u00f6pfe zusammensteckt und gemeinsam nach L\u00f6sungen sucht. Auch unsere Kolpingsfamilie geht diesen Weg und hat trotz der massiven Hygieneverordnung eine M\u00f6glichkeit gefunden, die allj\u00e4hrliche Nikolausaktion durchzuf\u00fchren. An alte Tradition sollte auch in schwierigen Zeiten festhalten werden.<\/p>\n\n\n\n<p class=\"wp-block-paragraph\" style=\"font-size:18px\"><strong>Auf der Suche nach dem passenden Adventsgef\u00fchl reifen wir nach jedem Strohhalm. Die Menschen freuen sich \u00fcber jede Kleinigkeit und nehmen gerne jedes Angebot an. Wir alle sollten gerade in diesem Jahr versuchen unsere Herzen weiter zu \u00f6ffnen. Das passende Adventsgef\u00fchl kommt nicht auf Bestellung. Wir alle m\u00fcssen schon etwas daf\u00fcr tun und uns darum bem\u00fchen.<\/strong><\/p>\n\n\n\n<p class=\"wp-block-paragraph\" style=\"font-size:18px\">Unterst\u00fctzung bekommen wir dabei von einigen Mitgliedern des evangelischen Posaunenchores Dirmingen. Am 02. Und 04. Advent sollen nun in mehreren Stra\u00dfen in Dirmingen kleine Fensterkonzerte angeboten werden. Das alles unter den vorgegebenen Richtlinien. Es gibt also gen\u00fcgend M\u00f6glichkeiten den Advent angemessen zu begehen. Wir m\u00fcssen uns nur \u00f6ffnen und nach neuen Wegen Ausschau halten.<\/p>\n\n\n\n<p class=\"wp-block-paragraph\" style=\"font-size:18px\"><strong>Advent hei\u00dft Ankunft! Ich w\u00fcnsche uns allen, dass wir endlich in dieser besinnlichen Zeit ankommen. In diesem Sinne w\u00fcnsche ich Ihnen und Ihrer Familie einen sch\u00f6nen 2. Advent.<\/strong><\/p>\n","protected":false},"excerpt":{"rendered":"<p>\u201eWir sagen euch an den lieben Advent, sehet die zweite Kerze brennt\u201c Eigentlich dient die Adventszeit, als Fastenzeit, zur Vorbereitung auf das Weihnachtsfest. Die Christen soll dieser Zeit als Bu\u00dfzeiten oder als Zeit zum Nachdenken nutzen. Wenn wir den Advent genie\u00dfen m\u00f6chten, m\u00fcssen wir auch lernen ihn richtig zu begehen. F\u00fcr viele Menschen ist die Adventszeit eine Zeit der Ver\u00e4nderungen<\/p>\n","protected":false},"author":1,"featured_media":8085,"comment_status":"open","ping_status":"closed","sticky":false,"template":"","format":"standard","meta":{"_crdt_document":"","footnotes":""},"categories":[1,9,47],"tags":[5,85,618,568,127],"class_list":["post-8079","post","type-post","status-publish","format-standard","has-post-thumbnail","hentry","category-allgemein","category-dorfgetratsche","category-meine-kirche","tag-dirmingen","tag-evangelische-kirche-dirmingen","tag-gemeinde-eppelborn","tag-katholische-kirchengemeinde","tag-landkreis-neunkirchen"],"_links":{"self":[{"href":"https:\/\/echta-derminga.de\/index.php?rest_route=\/wp\/v2\/posts\/8079","targetHints":{"allow":["GET"]}}],"collection":[{"href":"https:\/\/echta-derminga.de\/index.php?rest_route=\/wp\/v2\/posts"}],"about":[{"href":"https:\/\/echta-derminga.de\/index.php?rest_route=\/wp\/v2\/types\/post"}],"author":[{"embeddable":true,"href":"https:\/\/echta-derminga.de\/index.php?rest_route=\/wp\/v2\/users\/1"}],"replies":[{"embeddable":true,"href":"https:\/\/echta-derminga.de\/index.php?rest_route=%2Fwp%2Fv2%2Fcomments&post=8079"}],"version-history":[{"count":6,"href":"https:\/\/echta-derminga.de\/index.php?rest_route=\/wp\/v2\/posts\/8079\/revisions"}],"predecessor-version":[{"id":8086,"href":"https:\/\/echta-derminga.de\/index.php?rest_route=\/wp\/v2\/posts\/8079\/revisions\/8086"}],"wp:featuredmedia":[{"embeddable":true,"href":"https:\/\/echta-derminga.de\/index.php?rest_route=\/wp\/v2\/media\/8085"}],"wp:attachment":[{"href":"https:\/\/echta-derminga.de\/index.php?rest_route=%2Fwp%2Fv2%2Fmedia&parent=8079"}],"wp:term":[{"taxonomy":"category","embeddable":true,"href":"https:\/\/echta-derminga.de\/index.php?rest_route=%2Fwp%2Fv2%2Fcategories&post=8079"},{"taxonomy":"post_tag","embeddable":true,"href":"https:\/\/echta-derminga.de\/index.php?rest_route=%2Fwp%2Fv2%2Ftags&post=8079"}],"curies":[{"name":"wp","href":"https:\/\/api.w.org\/{rel}","templated":true}]}}