{"id":8110,"date":"2020-12-13T13:28:23","date_gmt":"2020-12-13T12:28:23","guid":{"rendered":"http:\/\/echta-derminga.de\/?p=8110"},"modified":"2020-12-13T13:30:46","modified_gmt":"2020-12-13T12:30:46","slug":"meine-gedanken-zum-3-advent-wieviel-kind-steckt-noch-in-uns","status":"publish","type":"post","link":"https:\/\/echta-derminga.de\/?p=8110","title":{"rendered":"Meine Gedanken zum 3. Advent &#8211; Wieviel Kind steckt noch in uns ?"},"content":{"rendered":"\n<p class=\"wp-block-paragraph\" style=\"font-size:18px\"><strong>\u201eWir sagen euch an den lieben Advent, sehet die dritte Kerze brennt\u201c<\/strong><\/p>\n\n\n\n<p class=\"wp-block-paragraph\" style=\"font-size:18px\">Erinnert ihr euch noch an den Pausengong? Was f\u00fchlt und tr\u00e4umt ihr, wenn der Geruch von Zimt in eure Nase kriecht? Wisst ihr noch wie aufgeregt wir am \u201eheilig Abend\u201c durch das Wohnzimmer flitzten? Erinnert ihr euch an das sch\u00f6nste Geschenk oder euren gr\u00f6\u00dften unerf\u00fcllten Wunsch?<\/p>\n\n\n\n<p class=\"wp-block-paragraph\" style=\"font-size:18px\"><strong>Jedes Jahr, wenn die Weihnachtszeit anbricht und wir alle ein St\u00fcckweit sensibler werden, kehren die Erinnerungen an unsere Kindheit zur\u00fcck. Jeder von uns tr\u00e4gt seine Kindheitserinnerungen tief im Herzen. Ich habe in der Adventszeit immer gerne unsere Kinder beobachtet und ihre steigende Nervosit\u00e4t genossen. Mein kleiner Sohn gilt in diesem Zusammenhang als Paradebeispiel. Durch sein Verhalten schenkt mir mein Sohn eine unwillk\u00fcrliche Reise in meine eigene Vergangenheit.<\/strong><\/p>\n\n\n\n<p class=\"wp-block-paragraph\" style=\"font-size:18px\">Geht es euch auch so? Wir alle sehnen uns nach einem perfekten Weihnachtsfest. Unsere Kinder sollen in dieser Zeit nur das sch\u00f6nste erleben und bekommen. Zu oft vergessen wir, dass der eigentliche Zauber im Kleinen liegt. Gerade in Zeiten der Pandemie k\u00f6nnte am Ende weniger, mehr sein. Viele von uns erleben gerade in dieser Zeit ihr vielleicht schlimmstes Weihnachtsfest. Wir blicken auf ein ereignisreiches und dramatisches Jahr zur\u00fcck. Viele Menschen haben uns f\u00fcr immer verlassen. Was ist mit den Hinterbliebenen ? Wie werden sie Weihnachten erleben ?<\/p>\n\n\n\n<p class=\"wp-block-paragraph\" style=\"font-size:18px\"><strong>Weihnachten ist ein wenig wie Nachhause kommen. Wir alle machen uns auf den Weg zu mehr Ruhe, Gelassenheit und der inneren Heimkehr. Ist das so? Wie viele von uns befinden sich gerade in der besinnlichen Zeit auf der Suche nach Weihnachten? Wie viele von uns suchen das Kind in sich selbst?<\/strong><\/p>\n\n\n\n<p class=\"wp-block-paragraph\" style=\"font-size:18px\">Weihnachten bedeutet mehr zu Geben als zu Nehmen. Warum beginnen wir nicht mal damit uns zu fragen, was wir f\u00fcr andere tun k\u00f6nnen? Warum stecken wir unsere eigene Erwartung so hoch und setzen uns somit selbst unter Druck? Haben wir den eigentlichen Sinn von Weihnachten \u00fcberhaupt verstanden ? In jedem von uns steckt ein Kind. Irgendwann erklingt wieder der (Pausen)-Gong und es geht weiter im Leben. Wir sind erwachsen und m\u00fcssen unser Leben in die Hand nehmen. Das Kind in uns wird zur\u00fcckgedr\u00e4ngt und auf die n\u00e4chste Weihnachtszeit vertr\u00f6stet.<\/p>\n\n\n\n<p class=\"wp-block-paragraph\" style=\"font-size:18px\"><strong>Ich stelle mir die Frage, ob wir nicht alle viel \u00f6fter Kind sein sollten. Wir brauchen mehr Zeit zum Tr\u00e4umen und auch zum verr\u00fccktspielen. Aus Tr\u00e4umen wachsen Fl\u00fcgel und der Mut schl\u00e4gt Br\u00fccken. Die Angst l\u00e4hmt und h\u00e4lt uns in ihrem Bann gefangen. Manchmal w\u00fcrde uns allen ein wenig mehr kindliche Naivit\u00e4t guttun.<\/strong><\/p>\n","protected":false},"excerpt":{"rendered":"<p>\u201eWir sagen euch an den lieben Advent, sehet die dritte Kerze brennt\u201c Erinnert ihr euch noch an den Pausengong? Was f\u00fchlt und tr\u00e4umt ihr, wenn der Geruch von Zimt in eure Nase kriecht? Wisst ihr noch wie aufgeregt wir am \u201eheilig Abend\u201c durch das Wohnzimmer flitzten? Erinnert ihr euch an das sch\u00f6nste Geschenk oder euren gr\u00f6\u00dften unerf\u00fcllten Wunsch? Jedes Jahr,<\/p>\n","protected":false},"author":1,"featured_media":8113,"comment_status":"open","ping_status":"closed","sticky":false,"template":"","format":"standard","meta":{"_crdt_document":"","footnotes":""},"categories":[1,9,47],"tags":[895,5,618,310,552],"class_list":["post-8110","post","type-post","status-publish","format-standard","has-post-thumbnail","hentry","category-allgemein","category-dorfgetratsche","category-meine-kirche","tag-3-advent","tag-dirmingen","tag-gemeinde-eppelborn","tag-saarland","tag-weihnachten"],"_links":{"self":[{"href":"https:\/\/echta-derminga.de\/index.php?rest_route=\/wp\/v2\/posts\/8110","targetHints":{"allow":["GET"]}}],"collection":[{"href":"https:\/\/echta-derminga.de\/index.php?rest_route=\/wp\/v2\/posts"}],"about":[{"href":"https:\/\/echta-derminga.de\/index.php?rest_route=\/wp\/v2\/types\/post"}],"author":[{"embeddable":true,"href":"https:\/\/echta-derminga.de\/index.php?rest_route=\/wp\/v2\/users\/1"}],"replies":[{"embeddable":true,"href":"https:\/\/echta-derminga.de\/index.php?rest_route=%2Fwp%2Fv2%2Fcomments&post=8110"}],"version-history":[{"count":3,"href":"https:\/\/echta-derminga.de\/index.php?rest_route=\/wp\/v2\/posts\/8110\/revisions"}],"predecessor-version":[{"id":8114,"href":"https:\/\/echta-derminga.de\/index.php?rest_route=\/wp\/v2\/posts\/8110\/revisions\/8114"}],"wp:featuredmedia":[{"embeddable":true,"href":"https:\/\/echta-derminga.de\/index.php?rest_route=\/wp\/v2\/media\/8113"}],"wp:attachment":[{"href":"https:\/\/echta-derminga.de\/index.php?rest_route=%2Fwp%2Fv2%2Fmedia&parent=8110"}],"wp:term":[{"taxonomy":"category","embeddable":true,"href":"https:\/\/echta-derminga.de\/index.php?rest_route=%2Fwp%2Fv2%2Fcategories&post=8110"},{"taxonomy":"post_tag","embeddable":true,"href":"https:\/\/echta-derminga.de\/index.php?rest_route=%2Fwp%2Fv2%2Ftags&post=8110"}],"curies":[{"name":"wp","href":"https:\/\/api.w.org\/{rel}","templated":true}]}}