{"id":8115,"date":"2020-12-16T21:57:40","date_gmt":"2020-12-16T20:57:40","guid":{"rendered":"http:\/\/echta-derminga.de\/?p=8115"},"modified":"2020-12-16T22:10:43","modified_gmt":"2020-12-16T21:10:43","slug":"in-sachen-ortsvorsteher-von-fensterkonzerten-einer-goldenen-hochzeit-einem-dankeschoen-und-einem-passenden-weihnachtsgeschenk","status":"publish","type":"post","link":"https:\/\/echta-derminga.de\/?p=8115","title":{"rendered":"In Sachen Ortsvorsteher: Von Fensterkonzerten im Advent, einem gro\u00dfen Dankesch\u00f6n und einem passenden Weihnachtsgeschenk"},"content":{"rendered":"\n<p class=\"wp-block-paragraph\" style=\"font-size:18px\">Liebe Dirmingerinnen,<\/p>\n\n\n\n<p class=\"wp-block-paragraph\" style=\"font-size:18px\">liebe Dirminger,<\/p>\n\n\n\n<p class=\"wp-block-paragraph\" style=\"font-size:18px\">das Jahr 2020 endet mit einem harten \u201eLockdown\u201c. Wir werden die Auswirkungen der Pandemie auch \u00fcber die Jahreswende zu sp\u00fcren bekommen. Besonders unsere Gewerbetreibenden leiden unter den neuerlichen Ma\u00dfnahmen. Wie schon zu Jahresbeginn m\u00f6chte ich meine Solidarit\u00e4t mit allen Dirminger Gewerbetreibenden demonstrieren. Ich bitte alle B\u00fcrgerinnen und B\u00fcrger in dieser schweren Zeit vermehrt in unserem Dorf einzukaufen. Bitte nutzen Sie gerade jetzt das Angebot unseres Gewerbes. Mit dem \u201eLockdown\u201c m\u00fcssen wir alle bis auf absehbare Zeit verst\u00e4rkt auf soziale Kontakte verzichten. Bitte nehmen Sie R\u00fccksicht aufeinander und achten Sie besonders auf unsere \u00e4lteren Mitb\u00fcrger\/innen. Unsere Nachbarschaftshilfegruppe steht Ihnen weiterhin zur Verf\u00fcgung und hilft gerne bei Besorgungen und Eink\u00e4ufen. Wenn Sie unsere Hilfe ben\u00f6tigen k\u00f6nnen sie mich jederzeit kontaktieren. Nat\u00fcrlich gibt es weiterhin unseren \u201eDerminga\u201c Mund -und Nasenschutz k\u00e4uflich zum Preis von 3,-\u20ac erwerben. Sollten Sie Interesse habe, k\u00f6nnen Sie mich jederzeit kontaktieren.&nbsp;<\/p>\n\n\n\n<p class=\"wp-block-paragraph\" style=\"font-size:18px\"><strong>Die Sprechstunden des Ortsvorstehers werden, auch aufgrund der aktuellen Situation rund um die Pandemie, ausgesetzt. Das Ortsvorsteherb\u00fcro bleibt \u00fcber die Feiertage bis in den Januar geschlossen.<\/strong><\/p>\n\n\n\n<p class=\"wp-block-paragraph\" style=\"font-size:18px\"><strong>Fehlt Ihnen noch ein passendes Weihnachtsgeschenk?<\/strong><\/p>\n\n\n\n<p class=\"wp-block-paragraph\" style=\"font-size:18px\">Sind Sie noch auf der Suche nach einem passenden Weihnachtsgeschenk? Ich m\u00f6chte Ihnen einen hei\u00dfen Tipp mit Dirminger Flair ans Herz legen. Das frische Weihnachtsalbum von Gruppe \u201eZimtkl\u00e4nge\u201c um die Dirmingerin Nina Heidemann ihren Ehemann Sven und die bezaubernde Conni Krempel. Wunderbare frische Weihnachtsmusik zum Preis von 10,- das St\u00fcck. Das Album ist bei den K\u00fcnstlern selbst und auch bei mir pers\u00f6nlich k\u00e4uflich zu erwerben. Im vergangenen Jahr hat uns die Gruppe Zimtkl\u00e4nge mit ihrem Konzert, in der evangelischen Kirche, verzaubert. Jetzt kann man auf der CD sogar einen Mitschnitt aus diesem Konzert h\u00f6ren. Zum weiteren m\u00f6chte ich Ihnen den Bildband &#8222;Illtaler Land&#8220; ans Herz legen. Das Werk ist ein \u201eMuss\u201c f\u00fcr alle Liebhaber unserer Heimatregion. In dem Bildband befinden sich wundersch\u00f6ne Bilder von Manfred Holz die mit Texten von G\u00fcnter Maas versehen wurden. Nat\u00fcrlich finden Sie in diesem Buch auch wundersch\u00f6ne Bilder aus unserem Heimatort Dirmingen.<\/p>\n\n\n\n<div class=\"wp-block-image\"><figure class=\"aligncenter size-large\"><img loading=\"lazy\" decoding=\"async\" width=\"700\" height=\"550\" src=\"https:\/\/echta-derminga.de\/wp-content\/uploads\/2020\/12\/131713943_3553379788090054_9051218688227595507_o-700x550.jpg\" alt=\"\" class=\"wp-image-8121\" srcset=\"https:\/\/echta-derminga.de\/wp-content\/uploads\/2020\/12\/131713943_3553379788090054_9051218688227595507_o-700x550.jpg 700w, https:\/\/echta-derminga.de\/wp-content\/uploads\/2020\/12\/131713943_3553379788090054_9051218688227595507_o-300x236.jpg 300w, https:\/\/echta-derminga.de\/wp-content\/uploads\/2020\/12\/131713943_3553379788090054_9051218688227595507_o-768x604.jpg 768w, https:\/\/echta-derminga.de\/wp-content\/uploads\/2020\/12\/131713943_3553379788090054_9051218688227595507_o.jpg 1527w\" sizes=\"auto, (max-width: 700px) 100vw, 700px\" \/><\/figure><\/div>\n\n\n\n<p class=\"wp-block-paragraph\" style=\"font-size:18px\"><strong>Herzlichen Gl\u00fcckwunsch zur Goldenen Hochzeit<\/strong><\/p>\n\n\n\n<p class=\"wp-block-paragraph\" style=\"font-size:18px\">Am Freitag, 11.12.20 feierten Anne und J\u00fcrgen Schank ihre Goldene Hochzeit. Als Ortsvorsteher \u00fcberbrachte ich dem Gl\u00fcckwunsch der Gemeindeverwaltung, des Landrates des Ministerpr\u00e4sidenten und des Ortsrates. Anne und J\u00fcrgen k\u00f6nnen zurecht stolz auf ihren bisherigen, gemeinsamen Lebensweg zur\u00fcckblicken. Auch im Ehrenamt haben die beiden vieles f\u00fcr unsere Dorfgemeinschaft und die Allgemeinheit geleistet. Dabei spielt der Handballsport nicht nur im Leben von J\u00fcrgen Schank eine gewichtige Rolle. Das Jubelpaar ist sehr stolz auf die Familie, die Kinder und die Enkelkinder. Auch an dieser Stelle wiederhole ich gerne nochmal meine Gl\u00fcckw\u00fcnsche. Ich w\u00fcnsche weiterhin alles Gute, Gl\u00fcck und Gesundheit in stetiger Zweisamkeit.<\/p>\n\n\n\n<div class=\"wp-block-image\"><figure class=\"aligncenter size-large\"><img loading=\"lazy\" decoding=\"async\" width=\"500\" height=\"719\" src=\"https:\/\/echta-derminga.de\/wp-content\/uploads\/2020\/12\/schank.jpg\" alt=\"\" class=\"wp-image-8140\" srcset=\"https:\/\/echta-derminga.de\/wp-content\/uploads\/2020\/12\/schank.jpg 500w, https:\/\/echta-derminga.de\/wp-content\/uploads\/2020\/12\/schank-209x300.jpg 209w\" sizes=\"auto, (max-width: 500px) 100vw, 500px\" \/><\/figure><\/div>\n\n\n\n<p class=\"wp-block-paragraph\" style=\"font-size:18px\"><strong>Herzlichen Dank an die Dirminger Bankpaten<\/strong><\/p>\n\n\n\n<p class=\"wp-block-paragraph\" style=\"font-size:18px\">Gro\u00dfer Dank ohne Kontakt und viel Abstand! Unmittelbar vor dem \u201eLockdown\u201c habe ich nochmal die Gelegenheit genutzt um den beiden Dirminger Bankpaten Josef Wilhelm und Rudi Konetzka ganz herzlich f\u00fcr ihre wertvolle Arbeit zu Danken. Die beiden Bankpaten haben viel f\u00fcr unseren Heimatort, die Dorfgemeinschaft und letztendlich auch f\u00fcr unsere Heimatgemeinde geleistet. Gemeinsam mit meinem Stellvertreter Michael Polotzek, dem ich ebenfalls sehr dankbar f\u00fcr sein Engagement und seine Freundschaft bin, wurde den beiden Bankpaten ein angebrachtes und hochverdientes Pr\u00e4sent \u00fcberreicht. Zur\u00fcckblickend d\u00fcrfte das \u201eBankpatenprojekt\u201c zu den gr\u00f6\u00dften Errungenschaften unserer Dorfgemeinschaft im Jahr 2020 geh\u00f6ren. Dabei haben die beiden Paten gro\u00dfartiges geleistet.<\/p>\n\n\n\n<div class=\"wp-block-image\"><figure class=\"aligncenter size-large\"><img loading=\"lazy\" decoding=\"async\" width=\"700\" height=\"394\" src=\"https:\/\/echta-derminga.de\/wp-content\/uploads\/2020\/12\/baenke-700x394.jpg\" alt=\"\" class=\"wp-image-8125\" srcset=\"https:\/\/echta-derminga.de\/wp-content\/uploads\/2020\/12\/baenke-700x394.jpg 700w, https:\/\/echta-derminga.de\/wp-content\/uploads\/2020\/12\/baenke-300x169.jpg 300w, https:\/\/echta-derminga.de\/wp-content\/uploads\/2020\/12\/baenke-768x432.jpg 768w, https:\/\/echta-derminga.de\/wp-content\/uploads\/2020\/12\/baenke.jpg 900w\" sizes=\"auto, (max-width: 700px) 100vw, 700px\" \/><\/figure><\/div>\n\n\n\n<p class=\"wp-block-paragraph\" style=\"font-size:18px\"><strong>Herzlichen Dank an den Dirminger Ortsrat<\/strong><\/p>\n\n\n\n<p class=\"wp-block-paragraph\" style=\"font-size:18px\">In der vergangenen Woche habe ich mich pers\u00f6nlich bei jedem Ortsratsmitglied mit einer guten Flasche Wein bedankt. Ein Mandat im Ortsrat zu besitzen bedeutet Verantwortung zu \u00fcbernehmen. Oftmals steht dieses wichtige Ehrenamt zu Unrecht in der Kritik. Unsere Ortsratsmitglieder leisten wichtige Arbeit f\u00fcr die Dorfgemeinschaft. Ich freue mich dar\u00fcber, dass wir trotz verschiedener politischer Ansichten einen guten Umgangston pflegen und ein gemeinsames Ziel verfolgen. Ich danke auch an dieser Stelle unseren Ortsratsmitgliedern der CDU; Nathalie Schlicher, Tobias Schlicher, Fabian Schlicher, Fabian Schorr, von der SPD: Stephan Brueck, Michael Polotzek, Benjamin R\u00f6diger, Yorick Meiser, Ralf Urmoneit und von den \u201eGr\u00fcnen\u201c: Jens Feldmann sowie unserem ehemaligen Mitglied Heiko Dinkuhn. In Zeiten, in denen die Ausf\u00fchrung eins politischen Ehrenamtes immer schwieriger wird, zeigen die Mitglieder des Dirminger Ortsrates R\u00fcckgrat. Vielen leiben Dank f\u00fcr eurer Engagement zum Wohle unseres Heimatortes Dirmingen.<\/p>\n\n\n\n<figure class=\"wp-block-gallery columns-3 is-cropped wp-block-gallery-1 is-layout-flex wp-block-gallery-is-layout-flex\"><ul class=\"blocks-gallery-grid\"><li class=\"blocks-gallery-item\"><figure><img loading=\"lazy\" decoding=\"async\" width=\"700\" height=\"525\" src=\"https:\/\/echta-derminga.de\/wp-content\/uploads\/2020\/12\/130868127_3551125144982185_4775895035516427474_n-700x525.jpg\" alt=\"\" data-id=\"8127\" data-link=\"https:\/\/echta-derminga.de\/?attachment_id=8127\" class=\"wp-image-8127\" srcset=\"https:\/\/echta-derminga.de\/wp-content\/uploads\/2020\/12\/130868127_3551125144982185_4775895035516427474_n-700x525.jpg 700w, https:\/\/echta-derminga.de\/wp-content\/uploads\/2020\/12\/130868127_3551125144982185_4775895035516427474_n-300x225.jpg 300w, https:\/\/echta-derminga.de\/wp-content\/uploads\/2020\/12\/130868127_3551125144982185_4775895035516427474_n-768x576.jpg 768w, https:\/\/echta-derminga.de\/wp-content\/uploads\/2020\/12\/130868127_3551125144982185_4775895035516427474_n.jpg 960w\" sizes=\"auto, (max-width: 700px) 100vw, 700px\" \/><\/figure><\/li><li class=\"blocks-gallery-item\"><figure><img loading=\"lazy\" decoding=\"async\" width=\"700\" height=\"525\" src=\"https:\/\/echta-derminga.de\/wp-content\/uploads\/2020\/12\/130874594_3551125691648797_300483888231515626_n-700x525.jpg\" alt=\"\" data-id=\"8128\" data-link=\"https:\/\/echta-derminga.de\/?attachment_id=8128\" class=\"wp-image-8128\" srcset=\"https:\/\/echta-derminga.de\/wp-content\/uploads\/2020\/12\/130874594_3551125691648797_300483888231515626_n-700x525.jpg 700w, https:\/\/echta-derminga.de\/wp-content\/uploads\/2020\/12\/130874594_3551125691648797_300483888231515626_n-300x225.jpg 300w, https:\/\/echta-derminga.de\/wp-content\/uploads\/2020\/12\/130874594_3551125691648797_300483888231515626_n-768x576.jpg 768w, https:\/\/echta-derminga.de\/wp-content\/uploads\/2020\/12\/130874594_3551125691648797_300483888231515626_n.jpg 960w\" sizes=\"auto, (max-width: 700px) 100vw, 700px\" \/><\/figure><\/li><li class=\"blocks-gallery-item\"><figure><img loading=\"lazy\" decoding=\"async\" width=\"700\" height=\"441\" src=\"https:\/\/echta-derminga.de\/wp-content\/uploads\/2020\/12\/131009590_3551125941648772_6117390787666537678_n-700x441.jpg\" alt=\"\" data-id=\"8134\" data-link=\"https:\/\/echta-derminga.de\/?attachment_id=8134\" class=\"wp-image-8134\" srcset=\"https:\/\/echta-derminga.de\/wp-content\/uploads\/2020\/12\/131009590_3551125941648772_6117390787666537678_n-700x441.jpg 700w, https:\/\/echta-derminga.de\/wp-content\/uploads\/2020\/12\/131009590_3551125941648772_6117390787666537678_n-300x189.jpg 300w, https:\/\/echta-derminga.de\/wp-content\/uploads\/2020\/12\/131009590_3551125941648772_6117390787666537678_n.jpg 722w\" sizes=\"auto, (max-width: 700px) 100vw, 700px\" \/><\/figure><\/li><li class=\"blocks-gallery-item\"><figure><img loading=\"lazy\" decoding=\"async\" width=\"700\" height=\"500\" src=\"https:\/\/echta-derminga.de\/wp-content\/uploads\/2020\/12\/130999556_3551126061648760_2238819292219473449_n-700x500.jpg\" alt=\"\" data-id=\"8135\" data-link=\"https:\/\/echta-derminga.de\/?attachment_id=8135\" class=\"wp-image-8135\" srcset=\"https:\/\/echta-derminga.de\/wp-content\/uploads\/2020\/12\/130999556_3551126061648760_2238819292219473449_n-700x500.jpg 700w, https:\/\/echta-derminga.de\/wp-content\/uploads\/2020\/12\/130999556_3551126061648760_2238819292219473449_n-300x214.jpg 300w, https:\/\/echta-derminga.de\/wp-content\/uploads\/2020\/12\/130999556_3551126061648760_2238819292219473449_n.jpg 736w\" sizes=\"auto, (max-width: 700px) 100vw, 700px\" \/><\/figure><\/li><li class=\"blocks-gallery-item\"><figure><img loading=\"lazy\" decoding=\"async\" width=\"700\" height=\"680\" src=\"https:\/\/echta-derminga.de\/wp-content\/uploads\/2020\/12\/20201212_132358-700x680.jpg\" alt=\"\" data-id=\"8136\" data-link=\"https:\/\/echta-derminga.de\/?attachment_id=8136\" class=\"wp-image-8136\" srcset=\"https:\/\/echta-derminga.de\/wp-content\/uploads\/2020\/12\/20201212_132358-700x680.jpg 700w, https:\/\/echta-derminga.de\/wp-content\/uploads\/2020\/12\/20201212_132358-300x291.jpg 300w, https:\/\/echta-derminga.de\/wp-content\/uploads\/2020\/12\/20201212_132358-768x746.jpg 768w, https:\/\/echta-derminga.de\/wp-content\/uploads\/2020\/12\/20201212_132358.jpg 900w\" sizes=\"auto, (max-width: 700px) 100vw, 700px\" \/><\/figure><\/li><li class=\"blocks-gallery-item\"><figure><img loading=\"lazy\" decoding=\"async\" width=\"579\" height=\"582\" src=\"https:\/\/echta-derminga.de\/wp-content\/uploads\/2020\/12\/fabi.jpg\" alt=\"\" data-id=\"8142\" data-full-url=\"https:\/\/echta-derminga.de\/wp-content\/uploads\/2020\/12\/fabi.jpg\" data-link=\"https:\/\/echta-derminga.de\/?attachment_id=8142\" class=\"wp-image-8142\" srcset=\"https:\/\/echta-derminga.de\/wp-content\/uploads\/2020\/12\/fabi.jpg 579w, https:\/\/echta-derminga.de\/wp-content\/uploads\/2020\/12\/fabi-298x300.jpg 298w, https:\/\/echta-derminga.de\/wp-content\/uploads\/2020\/12\/fabi-150x150.jpg 150w, https:\/\/echta-derminga.de\/wp-content\/uploads\/2020\/12\/fabi-90x90.jpg 90w, https:\/\/echta-derminga.de\/wp-content\/uploads\/2020\/12\/fabi-75x75.jpg 75w\" sizes=\"auto, (max-width: 579px) 100vw, 579px\" \/><\/figure><\/li><\/ul><\/figure>\n\n\n\n<p class=\"wp-block-paragraph\" style=\"font-size:18px\"><strong>Weihnachtsaktion des Dirminger Jugendzentrum<\/strong><\/p>\n\n\n\n<p class=\"wp-block-paragraph\" style=\"font-size:18px\">Meine j\u00fcngste Tochter Vanessa k\u00fcmmert sich schon seit Jahren um die Belange des Dirminger Jugendtreffs. Gemeinsam mit ihren Freundinnen und Freunde wurde der ehemalige evangelische Kindergarten als neue Anlaufstelle f\u00fcr Jugendliche aufgewertet. Die Jugendlichen haben dabei viel investiert und haben sich in dem alten Geb\u00e4ude sehr wohl gef\u00fchlt. Mit Beginn der Pandemie wurde das Jugendtreff bis heute geschlossen. Die Jugendlichen durften in diesem Jahr kaum ihre R\u00e4umlichkeiten nutzen und haben zudem die Nachricht erhalten, dass der ehemalige Kindergarten ver\u00e4u\u00dfert wird. F\u00fcr die Dorfjugend sind dies keine guten Nachrichten. Erneut muss gemeinsam nach einer L\u00f6sung gesucht werden. Unmittelbar vor dem Lockdown besuchte mich meiner Tochter Vanessa mit einem Kollegen. Der Ortsrat Dirmingen unterst\u00fctzt seit Jahren das Dirminger Jugendzentrum mit einer Geldspende. W\u00e4hrend dieser Spenden\u00fcbergabe \u00fcberraschten mich die Jugendlichen mit einer gro\u00dfartigen Idee. Die JUZ-ler m\u00f6chten das Geld f\u00fcr die Kinder unseres Dorfes ausgeben. Am Montag, 21. 12.20 startet um 17:00 Uhr der 1. \u201eDerminga\u201c Weihnachtsexpress durch unsere Stra\u00dfen. Die Dirminger Kinder werden nach ihrer Anmeldung mit weihnachtlichen Leckereien beschenkt. Der Weihnachtsexpress kommt vor das Haus gefahren und die Zuckert\u00fcten werden vor die jeweilige Haust\u00fcr abgelegt. Eine gro\u00dfartige, solidarische Aktion des Dirminger Jugendtreffs f\u00fcr die Kinder unseres Dorfes. Anmeldungen bei <a href=\"mailto:juzdirmingen@gmail.com\">juzdirmingen@gmail.com<\/a> oder 01776449516. Wenn Sie mich fragen: Unsere Jugend ist besser als ihr Ruf!!!!<\/p>\n\n\n\n<div class=\"wp-block-image\"><figure class=\"aligncenter size-large\"><img loading=\"lazy\" decoding=\"async\" width=\"700\" height=\"394\" src=\"https:\/\/echta-derminga.de\/wp-content\/uploads\/2020\/12\/nessi-700x394.jpg\" alt=\"\" class=\"wp-image-8131\" srcset=\"https:\/\/echta-derminga.de\/wp-content\/uploads\/2020\/12\/nessi-700x394.jpg 700w, https:\/\/echta-derminga.de\/wp-content\/uploads\/2020\/12\/nessi-300x169.jpg 300w, https:\/\/echta-derminga.de\/wp-content\/uploads\/2020\/12\/nessi-768x432.jpg 768w, https:\/\/echta-derminga.de\/wp-content\/uploads\/2020\/12\/nessi-1536x864.jpg 1536w, https:\/\/echta-derminga.de\/wp-content\/uploads\/2020\/12\/nessi-2048x1152.jpg 2048w\" sizes=\"auto, (max-width: 700px) 100vw, 700px\" \/><\/figure><\/div>\n\n\n\n<p class=\"wp-block-paragraph\" style=\"font-size:18px\"><strong>Fensterkonzerte im \u201eDerminga D\u00f6rfche\u201c<\/strong><\/p>\n\n\n\n<p class=\"wp-block-paragraph\" style=\"font-size:18px\">In unserem Dorf wird weiterhin alles gegeben um den Menschen den Advent so angenehm wie m\u00f6glich zu gestalten. Am Wochenende des 4. Advents werden wunderbare Fensterkonzerte angeboten. Am Samstag, 19.12.20 startet die Gruppe \u201eZimtkl\u00e4nge\u201c um 15:00 Uhr ihre Tour durch die Dirminger Stra\u00dfen. Am Sonntag, 20.12.20 um 17:00 Uhr sorgen Bl\u00e4ser des evangelischen Posaunenchors f\u00fcr die passende Adventsstimmung in unseren Stra\u00dfen. Wir werden bei jeder Aktionen versuchen so viele Stra\u00dfen wie m\u00f6glich zu besuchen. Leider wird es uns nicht gelingen alle Stra\u00dfen anzufahren. Wir bitten um Ihr Verst\u00e4ndnis. Wichtig ist, dass Sie Zuhause in ihren vier W\u00e4nden bleiben. Wir alle m\u00fcssen uns an die vorgegebenen Richtlinien des \u201eLockdowns\u201c halten.<\/p>\n\n\n\n<p class=\"wp-block-paragraph\" style=\"font-size:18px\"><strong>Das nun endeten Jahr 2020 verlief keineswegs wie gew\u00fcnscht. Wir alle blicken auf schwierige Tage und Stunden zur\u00fcck. Ich finde es bemerkenswert, wie sehr unsere Dorfgemeinschaft in den letzten Monaten zusammenger\u00fcckt ist.<\/strong><\/p>\n\n\n\n<blockquote class=\"wp-block-quote is-layout-flow wp-block-quote-is-layout-flow\"><p><strong>Wir m\u00fcssen in diesen Zeiten wirklich mit allem rechnen,&nbsp; \u2026.auch mit dem Guten.<\/strong><\/p><\/blockquote>\n\n\n\n<p class=\"wp-block-paragraph\" style=\"font-size:18px\"><strong>In diesem Sinne eine sch\u00f6ne Adventszeit.<\/strong><\/p>\n\n\n\n<p class=\"wp-block-paragraph\" style=\"font-size:18px\"><strong>Ihr Ortsvorsteher<\/strong><\/p>\n\n\n\n<p class=\"wp-block-paragraph\" style=\"font-size:18px\"><strong>Frank Klein<\/strong><\/p>\n","protected":false},"excerpt":{"rendered":"<p>Liebe Dirmingerinnen, liebe Dirminger, das Jahr 2020 endet mit einem harten \u201eLockdown\u201c. Wir werden die Auswirkungen der Pandemie auch \u00fcber die Jahreswende zu sp\u00fcren bekommen. Besonders unsere Gewerbetreibenden leiden unter den neuerlichen Ma\u00dfnahmen. Wie schon zu Jahresbeginn m\u00f6chte ich meine Solidarit\u00e4t mit allen Dirminger Gewerbetreibenden demonstrieren. Ich bitte alle B\u00fcrgerinnen und B\u00fcrger in dieser schweren Zeit vermehrt in unserem Dorf<\/p>\n","protected":false},"author":1,"featured_media":8120,"comment_status":"open","ping_status":"closed","sticky":false,"template":"","format":"standard","meta":{"_crdt_document":"","footnotes":""},"categories":[1,9,812],"tags":[5,85,618,568,583,310],"class_list":["post-8115","post","type-post","status-publish","format-standard","has-post-thumbnail","hentry","category-allgemein","category-dorfgetratsche","category-ortsvorsteher-dirmingen","tag-dirmingen","tag-evangelische-kirche-dirmingen","tag-gemeinde-eppelborn","tag-katholische-kirchengemeinde","tag-neunkirchen","tag-saarland"],"_links":{"self":[{"href":"https:\/\/echta-derminga.de\/index.php?rest_route=\/wp\/v2\/posts\/8115","targetHints":{"allow":["GET"]}}],"collection":[{"href":"https:\/\/echta-derminga.de\/index.php?rest_route=\/wp\/v2\/posts"}],"about":[{"href":"https:\/\/echta-derminga.de\/index.php?rest_route=\/wp\/v2\/types\/post"}],"author":[{"embeddable":true,"href":"https:\/\/echta-derminga.de\/index.php?rest_route=\/wp\/v2\/users\/1"}],"replies":[{"embeddable":true,"href":"https:\/\/echta-derminga.de\/index.php?rest_route=%2Fwp%2Fv2%2Fcomments&post=8115"}],"version-history":[{"count":16,"href":"https:\/\/echta-derminga.de\/index.php?rest_route=\/wp\/v2\/posts\/8115\/revisions"}],"predecessor-version":[{"id":8145,"href":"https:\/\/echta-derminga.de\/index.php?rest_route=\/wp\/v2\/posts\/8115\/revisions\/8145"}],"wp:featuredmedia":[{"embeddable":true,"href":"https:\/\/echta-derminga.de\/index.php?rest_route=\/wp\/v2\/media\/8120"}],"wp:attachment":[{"href":"https:\/\/echta-derminga.de\/index.php?rest_route=%2Fwp%2Fv2%2Fmedia&parent=8115"}],"wp:term":[{"taxonomy":"category","embeddable":true,"href":"https:\/\/echta-derminga.de\/index.php?rest_route=%2Fwp%2Fv2%2Fcategories&post=8115"},{"taxonomy":"post_tag","embeddable":true,"href":"https:\/\/echta-derminga.de\/index.php?rest_route=%2Fwp%2Fv2%2Ftags&post=8115"}],"curies":[{"name":"wp","href":"https:\/\/api.w.org\/{rel}","templated":true}]}}