{"id":8210,"date":"2020-12-24T09:33:13","date_gmt":"2020-12-24T08:33:13","guid":{"rendered":"http:\/\/echta-derminga.de\/?p=8210"},"modified":"2020-12-24T09:33:59","modified_gmt":"2020-12-24T08:33:59","slug":"frohe-weihnachten-fuerchtet-euch-nicht","status":"publish","type":"post","link":"https:\/\/echta-derminga.de\/?p=8210","title":{"rendered":"Frohe Weihnachten \u2013 &#8222;F\u00fcrchtet euch nicht!&#8220;"},"content":{"rendered":"\n<blockquote class=\"wp-block-quote is-layout-flow wp-block-quote-is-layout-flow\"><p><strong>\u201eF\u00fcrchte dich nicht, denn ich habe dich erl\u00f6st; ich habe dich bei deinem Namen gerufen; du bist mein!\u201c <\/strong><\/p><cite><em>Jesaja 43<\/em><\/cite><\/blockquote>\n\n\n\n<p class=\"wp-block-paragraph\" style=\"font-size:18px\"><strong>Unser Leben hat sich binnen eines Jahres grundliegend ver\u00e4ndert. Es gibt keinen Weg, der uns an dieser Pandemie vorbeif\u00fchrt. Wie sollen wir in dieser Zeit zur Besinnung kommen und Weihnachten feiern? Die Weihnachtszeit ist voller magischer Momente. In diesem Jahr f\u00e4llt es uns jedoch schwer diese kostbaren Augenblicke zu erkennen. Jeder von uns freut sich auf ein paar Tage Ruhe und Besinnlichkeit. Dabei ist l\u00e4ngst nicht mehr alles so, wie es fr\u00fcher einmal war. Von jetzt auf gleich wurde unser Leben ausgebremst. Dem \u201eVolle-Bulle-Alltag\u201c folgte die Entschleunigung. Nicht jeder kommt damit zurecht und jetzt, wo alles brennt, ist auch noch Weihnachten.<\/strong><\/p>\n\n\n\n<p class=\"wp-block-paragraph\" style=\"font-size:18px\">Uns allen steht ein Weihnachtsfest bevor, wie wir es noch nicht erlebt haben. Die aktuelle Verordnung bez\u00fcglich der Corona-Pandemie sorgt allgemein f\u00fcr Kopfsch\u00fctteln. Wie sollen wir so Weihnachten, dass wichtigste Fest des Jahres, feiern? Ern\u00fcchterung macht sich breit im Land der Dichter und Denker. Was bleibt ist die Hoffnung. Wir alle w\u00fcnschen uns eine bessere Zukunft und vor allen Dingen unser altes Leben zur\u00fcck. Genau darin liegt aber auch eine Chance: Nehmen wir die Erfahrungen, die diese Pandemie uns gelehrt hat mit und machen wir das Beste daraus. Es ist nichts so schlecht, dass es nicht f\u00fcr etwas gut ist. Vielleicht erleben wir dieses Weihnachtsfest viel intensiver. Vielleicht schenkt uns dieses Weihnachtsfest etwas ganz Besonderes, wer wei\u00df? Wer wei\u00df, wohin der Wind uns weht.<\/p>\n\n\n\n<div class=\"wp-block-image\"><figure class=\"aligncenter size-large\"><img loading=\"lazy\" decoding=\"async\" width=\"700\" height=\"466\" src=\"https:\/\/echta-derminga.de\/wp-content\/uploads\/2020\/12\/4-advent-1-700x466.jpg\" alt=\"\" class=\"wp-image-8213\" srcset=\"https:\/\/echta-derminga.de\/wp-content\/uploads\/2020\/12\/4-advent-1-700x466.jpg 700w, https:\/\/echta-derminga.de\/wp-content\/uploads\/2020\/12\/4-advent-1-300x200.jpg 300w, https:\/\/echta-derminga.de\/wp-content\/uploads\/2020\/12\/4-advent-1-768x512.jpg 768w, https:\/\/echta-derminga.de\/wp-content\/uploads\/2020\/12\/4-advent-1.jpg 800w\" sizes=\"auto, (max-width: 700px) 100vw, 700px\" \/><\/figure><\/div>\n\n\n\n<p class=\"wp-block-paragraph\" style=\"font-size:18px\"><strong>Weihnachten muss man im Herzen tragen. Nur so kann man das Fest angemessen feiern. Die Weihnachtsbotschaft ist \u00fcber allem erhaben und l\u00e4sst die Probleme dieser Zeit verblassen. Krieg, Elend und auch Seuchen gab es schon immer und wird es auch immer wieder geben. Viele sind gegangen und viele werden noch gehen. Das alles ist der unaufhaltsame Lauf der Zeit. Wichtig ist, was wir aus unserem Leben das Beste machen. Weihnachten kann in der kleinsten H\u00fctte intensiver gefeiert werden als in jedem Palast. In einer Zeit, in der sich die Menschen immer mehr vom christlichen Glauben und der eigentlichen Weihnachtsbotschaft verabschiedet haben, bringt ausgerechnet eine Seuche so manch einen Zeitgenossen wieder zur\u00fcck auf den Boden der Tatsache. Wir leben in unruhigen Zeiten und in stetiger Angst.<\/strong><\/p>\n\n\n\n<p class=\"wp-block-paragraph\" style=\"font-size:18px\">Ein schwarzer Schatten liegt \u00fcber unserem Land. Mitten in dieser tiefschwarzen Nacht leuchtet der Weihnachtsstern. Was f\u00fcr die meisten von uns vielleicht kitschig klingen mag, ist auf der anderen Seite sehr trostreich. Warum f\u00e4llt es uns immer schwerer uns auf Weihnachten und seine eigentliche Botschaft einzulassen? Was haben wir \u00fcbersehen und wann haben wir verlernt zu glauben wie ein Kind. Wenn wir uns auf Weihnachten einlassen, kann etwas ganz besonders, etwas Wunderbares, geschehen.&nbsp; Die Angst vor der Pandemie, vor Krankheit und Tod l\u00e4hmt und raubt uns jede Hoffnung. Die Angst war schon immer ein schlechter Ratgeber. Ich w\u00fcnsche uns allen weniger Furcht und vielmehr Mut. Ich denke genau das ist die eigentliche Weihnachtsbotschaft: <strong>F\u00fcrchtet euch nicht!<\/strong><\/p>\n\n\n\n<div class=\"wp-block-image\"><figure class=\"aligncenter size-large\"><img loading=\"lazy\" decoding=\"async\" width=\"700\" height=\"467\" src=\"https:\/\/echta-derminga.de\/wp-content\/uploads\/2020\/12\/else-700x467.jpg\" alt=\"\" class=\"wp-image-8215\" srcset=\"https:\/\/echta-derminga.de\/wp-content\/uploads\/2020\/12\/else-700x467.jpg 700w, https:\/\/echta-derminga.de\/wp-content\/uploads\/2020\/12\/else-300x200.jpg 300w, https:\/\/echta-derminga.de\/wp-content\/uploads\/2020\/12\/else-768x512.jpg 768w, https:\/\/echta-derminga.de\/wp-content\/uploads\/2020\/12\/else.jpg 900w\" sizes=\"auto, (max-width: 700px) 100vw, 700px\" \/><\/figure><\/div>\n\n\n\n<p class=\"wp-block-paragraph\" style=\"font-size:18px\">Als wir in diesem Advent unsere Weihnachtswunschengelaktion durchgef\u00fchrt haben sind mir beim Anblick der selbstgemachten Stoffengel so einige Gedanken gekommen. Wie m\u00f6gen die Engel unserer Zeit wohl aussehen und m\u00fcssen wir uns vor diesen himmlischen Wesen f\u00fcrchten. Gibt es tats\u00e4chlich Engel und sitzen die wirklich auf ihrer Wolke und spielen Harfe? Nein, wisst ihr:<em> \u201c<strong>\u2026.es m\u00fcssen nicht M\u00e4nner mit Fl\u00fcgeln sein, die Engel\u2026\u2026\u2026.Vielleicht ist einer, der gibt dir die Hand, oder er wohnt neben dir, Wand an Wand, der Engel.\u201c<\/strong><\/em> (Die Engel \u2013 Es m\u00fcssen nicht M\u00e4nner mit Fl\u00fcgeln sein &#8211; von Rudolf Otto Wiemer)<\/p>\n\n\n\n<p class=\"wp-block-paragraph\" style=\"font-size:18px\"><strong>In dunklen und schweren Zeiten w\u00fcnschen wir alle uns manchmal einen Engel. Ich m\u00f6chte nicht wissen wie viele Sto\u00dfgebete gerade zu Weihnachten, in Zeiten der Pandemie, in Richtung Himmel gehen. Die Weihnachtsgeschichte vermittelt uns Hoffnung. Die sch\u00f6nste Stelle im bekannten Lukas-Evangelium hat nat\u00fcrlich mit Engeln zu tun:<\/strong><\/p>\n\n\n\n<blockquote class=\"wp-block-quote is-layout-flow wp-block-quote-is-layout-flow\"><p><strong>\u20269Und siehe, des HERRN Engel trat zu ihnen, und die Klarheit des HERRN leuchtete um sie; und sie f\u00fcrchteten sich sehr. 10Und der Engel sprach zu ihnen: F\u00fcrchtet euch nicht! siehe, ich verk\u00fcndige euch gro\u00dfe Freude, die allem Volk widerfahren wird; 11denn euch ist heute der Heiland geboren, welcher ist Christus, der HERR, in der Stadt Davids.\u2026<\/strong><\/p><cite>Lukas 2<\/cite><\/blockquote>\n\n\n\n<div class=\"wp-block-image\"><figure class=\"aligncenter size-large\"><img loading=\"lazy\" decoding=\"async\" width=\"507\" height=\"514\" src=\"https:\/\/echta-derminga.de\/wp-content\/uploads\/2020\/12\/Bethlehem.png\" alt=\"\" class=\"wp-image-8217\" srcset=\"https:\/\/echta-derminga.de\/wp-content\/uploads\/2020\/12\/Bethlehem.png 507w, https:\/\/echta-derminga.de\/wp-content\/uploads\/2020\/12\/Bethlehem-296x300.png 296w, https:\/\/echta-derminga.de\/wp-content\/uploads\/2020\/12\/Bethlehem-90x90.png 90w, https:\/\/echta-derminga.de\/wp-content\/uploads\/2020\/12\/Bethlehem-75x75.png 75w\" sizes=\"auto, (max-width: 507px) 100vw, 507px\" \/><\/figure><\/div>\n\n\n\n<blockquote class=\"wp-block-quote is-layout-flow wp-block-quote-is-layout-flow\"><p><strong>Das Kindlein und die Krippe, die Krippe und das Kind- es bebet Herz und Lippe- Geheimnis unergr\u00fcnd\u2019t. Ein Wundern ohne Ma\u00dfen: hier brennt das Glaubenslicht, und dort auf allen Stra\u00dfen der Unglaub \u201eTorheit\u201c spricht. Lass mich mit dir bewegen, Maria, voller Gnad, wie der Verhei\u00dfung Segen sich so erf\u00fcllet hat, Lass mich mit dir bewahren im Herzen, was geschah: Heil ist mir widerfahren \u2013 mein Heiland, du bist da !<\/strong><\/p><cite>Pfarrer Engel <\/cite><\/blockquote>\n\n\n\n<p class=\"wp-block-paragraph\" style=\"font-size:18px\"><strong>In diesem Sinne w\u00fcnsche ich Ihnen allen ein sch\u00f6nes und besinnliches Weihnachtsfest.<\/strong><\/p>\n\n\n\n<p class=\"wp-block-paragraph\" style=\"font-size:18px\"><strong>Bleiben Sie zuversichtlich und f\u00fcrchten Sie sich nicht\u2026..<\/strong><\/p>\n\n\n\n<p class=\"wp-block-paragraph\" style=\"font-size:18px\">Ihr<\/p>\n\n\n\n<p class=\"wp-block-paragraph\" style=\"font-size:18px\">Frank Klein<\/p>\n","protected":false},"excerpt":{"rendered":"<p>\u201eF\u00fcrchte dich nicht, denn ich habe dich erl\u00f6st; ich habe dich bei deinem Namen gerufen; du bist mein!\u201c Jesaja 43 Unser Leben hat sich binnen eines Jahres grundliegend ver\u00e4ndert. Es gibt keinen Weg, der uns an dieser Pandemie vorbeif\u00fchrt. Wie sollen wir in dieser Zeit zur Besinnung kommen und Weihnachten feiern? Die Weihnachtszeit ist voller magischer Momente. In diesem Jahr<\/p>\n","protected":false},"author":1,"featured_media":8212,"comment_status":"open","ping_status":"closed","sticky":false,"template":"","format":"standard","meta":{"_crdt_document":"","footnotes":""},"categories":[1,9,47],"tags":[5,159,766,618,127,310],"class_list":["post-8210","post","type-post","status-publish","format-standard","has-post-thumbnail","hentry","category-allgemein","category-dorfgetratsche","category-meine-kirche","tag-dirmingen","tag-evangelisch","tag-frohe-weihnachten","tag-gemeinde-eppelborn","tag-landkreis-neunkirchen","tag-saarland"],"_links":{"self":[{"href":"https:\/\/echta-derminga.de\/index.php?rest_route=\/wp\/v2\/posts\/8210","targetHints":{"allow":["GET"]}}],"collection":[{"href":"https:\/\/echta-derminga.de\/index.php?rest_route=\/wp\/v2\/posts"}],"about":[{"href":"https:\/\/echta-derminga.de\/index.php?rest_route=\/wp\/v2\/types\/post"}],"author":[{"embeddable":true,"href":"https:\/\/echta-derminga.de\/index.php?rest_route=\/wp\/v2\/users\/1"}],"replies":[{"embeddable":true,"href":"https:\/\/echta-derminga.de\/index.php?rest_route=%2Fwp%2Fv2%2Fcomments&post=8210"}],"version-history":[{"count":10,"href":"https:\/\/echta-derminga.de\/index.php?rest_route=\/wp\/v2\/posts\/8210\/revisions"}],"predecessor-version":[{"id":8225,"href":"https:\/\/echta-derminga.de\/index.php?rest_route=\/wp\/v2\/posts\/8210\/revisions\/8225"}],"wp:featuredmedia":[{"embeddable":true,"href":"https:\/\/echta-derminga.de\/index.php?rest_route=\/wp\/v2\/media\/8212"}],"wp:attachment":[{"href":"https:\/\/echta-derminga.de\/index.php?rest_route=%2Fwp%2Fv2%2Fmedia&parent=8210"}],"wp:term":[{"taxonomy":"category","embeddable":true,"href":"https:\/\/echta-derminga.de\/index.php?rest_route=%2Fwp%2Fv2%2Fcategories&post=8210"},{"taxonomy":"post_tag","embeddable":true,"href":"https:\/\/echta-derminga.de\/index.php?rest_route=%2Fwp%2Fv2%2Ftags&post=8210"}],"curies":[{"name":"wp","href":"https:\/\/api.w.org\/{rel}","templated":true}]}}