{"id":8250,"date":"2020-12-29T14:24:52","date_gmt":"2020-12-29T13:24:52","guid":{"rendered":"http:\/\/echta-derminga.de\/?p=8250"},"modified":"2020-12-29T16:41:59","modified_gmt":"2020-12-29T15:41:59","slug":"in-sachen-ortsvorsteher-von-einem-jahresrueckblick-und-einem-guten-rutsch-in-eine-bessere-zukunft","status":"publish","type":"post","link":"https:\/\/echta-derminga.de\/?p=8250","title":{"rendered":"In Sachen Ortsvorsteher: Von einem Jahresr\u00fcckblick und einem guten Rutsch in eine bessere Zukunft"},"content":{"rendered":"\n<blockquote class=\"wp-block-quote is-layout-flow wp-block-quote-is-layout-flow\"><p><strong>\u201eMehr als die Vergangenheit interessiert mich die Zukunft, denn in ihr gedenke ich zu leben. &#8230;\u201c<\/strong><\/p><cite><strong>(Albert Einstein \u2013 deutscher Physiker &#8211; 14. 03.1879 &#8211; 18. April 1955)<\/strong><\/cite><\/blockquote>\n\n\n\n<p class=\"wp-block-paragraph\" style=\"font-size:18px\"><strong>Nur wenige Menschen werden dem Jahr 2020 etwas Gutes abringen k\u00f6nnen. Die meisten von uns werden sich wohl kaum an ein schlechteres Jahr erinnern. Unsere Welt ist aus den Fugen geraten und von einer globalen Katastrophe in die n\u00e4chste geschlendert. Dem drohenden Klimakollaps folgten riesige Waldbr\u00e4nde und schlie\u00dflich eine Pandemie, wie sie unsere Welt selten erlebt hat. Dabei sind viele andere Probleme unserer Zeit fast in Vergessenheit geraten: Soziale Ungerechtigkeit, Kinder -und Altersarmut, jede Form vom Extremismus, Fremdenfeindlichkeit und Terrorismus wurden an den Rand gedr\u00e4ngt. Mit Sicherheit hat die Menschheit schon bessere Jahre gez\u00e4hlt.<\/strong><\/p>\n\n\n\n<p class=\"wp-block-paragraph\" style=\"font-size:18px\">Jedes Jahr zu Sylvester w\u00fcnschen wir uns Gl\u00fcck und Gesundheit. Wer h\u00e4tte daran gedacht, dass wir unsere Gesundheit tats\u00e4chlich einmal einen so hohen Stellenwert beimessen werden. Das Jahr 2020 hat uns allen vor Augen gef\u00fchrt, dass Gesundheit das H\u00f6chste gut ist. Ganz nebenbei hat uns diese Pandemie aber auch aufgezeigt, dass unser Leben im st\u00e4ndigen Vollgas an anderen vorbeif\u00fchrt. Unser Alltag wurde von jetzt auf gleich entschleunigt. Nicht jeder kommt mit dieser Tatsache zurecht. Die Vereinsamung in der Bev\u00f6lkerung schreitet weiter voran und zwingt uns L\u00f6sungen aufzuzeigen. Die Pandemie hat unser Leben ver\u00e4ndert. Nichts ist mehr so, wie wir es kennen. Wer h\u00e4tte daran geglaubt, dass wir uns zu Sylvester unser altes Leben zur\u00fcckw\u00fcnschen. Jeder will schnellstens zur\u00fcck zur Normalit\u00e4t. Dabei liegt vor uns allen noch ein steiniger Weg. Begleitet wird diese Sorge von der Frage, ob der soziale Frieden in unserem Land dieser Krise standh\u00e4lt.<\/p>\n\n\n\n<figure class=\"wp-block-gallery columns-3 is-cropped wp-block-gallery-1 is-layout-flex wp-block-gallery-is-layout-flex\"><ul class=\"blocks-gallery-grid\"><li class=\"blocks-gallery-item\"><figure><img loading=\"lazy\" decoding=\"async\" width=\"644\" height=\"347\" src=\"https:\/\/echta-derminga.de\/wp-content\/uploads\/2020\/04\/OV-1-644x347.jpg\" alt=\"\" data-id=\"6007\" data-full-url=\"https:\/\/echta-derminga.de\/wp-content\/uploads\/2020\/04\/OV-1.jpg\" data-link=\"https:\/\/echta-derminga.de\/?attachment_id=6007\" class=\"wp-image-6007\" srcset=\"https:\/\/echta-derminga.de\/wp-content\/uploads\/2020\/04\/OV-1-644x347.jpg 644w, https:\/\/echta-derminga.de\/wp-content\/uploads\/2020\/04\/OV-1-300x162.jpg 300w, https:\/\/echta-derminga.de\/wp-content\/uploads\/2020\/04\/OV-1-768x414.jpg 768w, https:\/\/echta-derminga.de\/wp-content\/uploads\/2020\/04\/OV-1.jpg 800w\" sizes=\"auto, (max-width: 644px) 100vw, 644px\" \/><\/figure><\/li><li class=\"blocks-gallery-item\"><figure><img loading=\"lazy\" decoding=\"async\" width=\"644\" height=\"483\" src=\"https:\/\/echta-derminga.de\/wp-content\/uploads\/2020\/04\/OV-2-644x483.jpg\" alt=\"\" data-id=\"6006\" data-full-url=\"https:\/\/echta-derminga.de\/wp-content\/uploads\/2020\/04\/OV-2.jpg\" data-link=\"https:\/\/echta-derminga.de\/?attachment_id=6006\" class=\"wp-image-6006\" srcset=\"https:\/\/echta-derminga.de\/wp-content\/uploads\/2020\/04\/OV-2-644x483.jpg 644w, https:\/\/echta-derminga.de\/wp-content\/uploads\/2020\/04\/OV-2-300x225.jpg 300w, https:\/\/echta-derminga.de\/wp-content\/uploads\/2020\/04\/OV-2-768x576.jpg 768w, https:\/\/echta-derminga.de\/wp-content\/uploads\/2020\/04\/OV-2-120x90.jpg 120w, https:\/\/echta-derminga.de\/wp-content\/uploads\/2020\/04\/OV-2.jpg 960w\" sizes=\"auto, (max-width: 644px) 100vw, 644px\" \/><\/figure><\/li><li class=\"blocks-gallery-item\"><figure><img loading=\"lazy\" decoding=\"async\" width=\"644\" height=\"391\" src=\"https:\/\/echta-derminga.de\/wp-content\/uploads\/2020\/04\/11-1-644x391.jpg\" alt=\"\" data-id=\"5823\" data-full-url=\"https:\/\/echta-derminga.de\/wp-content\/uploads\/2020\/04\/11-1.jpg\" data-link=\"https:\/\/echta-derminga.de\/?attachment_id=5823\" class=\"wp-image-5823\" srcset=\"https:\/\/echta-derminga.de\/wp-content\/uploads\/2020\/04\/11-1-644x391.jpg 644w, https:\/\/echta-derminga.de\/wp-content\/uploads\/2020\/04\/11-1-300x182.jpg 300w, https:\/\/echta-derminga.de\/wp-content\/uploads\/2020\/04\/11-1-768x466.jpg 768w, https:\/\/echta-derminga.de\/wp-content\/uploads\/2020\/04\/11-1.jpg 1106w\" sizes=\"auto, (max-width: 644px) 100vw, 644px\" \/><\/figure><\/li><\/ul><\/figure>\n\n\n\n<p class=\"wp-block-paragraph\" style=\"font-size:18px\"><strong>Auch an unserem Heimatort Dirmingen waren die Auswirkungen der Pandemie deutlich zu sp\u00fcren. Nat\u00fcrlich mussten wir auch in unserem Dorf zahlreiche Kranke beklagen und sogar um ein Todesopfer trauern. Gottlob verlief bei den meisten infizierten der Krankheitsverlauf glimpflich. Ich hoffe das alle Erkrankten mittlerweile wieder genesen sind und nicht mehr viele dazukommen. Niemand wird jedoch vorhersagen k\u00f6nnen, vor welche Aufgaben uns dieser Virus noch stellt.<\/strong><\/p>\n\n\n\n<p class=\"wp-block-paragraph\" style=\"font-size:18px\">Mitten in den Beginn dieser Pandemie erreicht uns alle die schreckliche Nachricht vom Tod unseres beliebten Ortsvorstehers Manfred Klein. Viele von uns werden noch lange diesem herben Verlust nachtrauern. Manfred Klein hat unserem Heimatort vieles geben. Ohne sein ehrenamtliches Engagement w\u00fcrde unserem Dorf einiges fehlen. Seine Verdienste um die Aufwertung unserer Dorfkultur sind aller Ehren wert. Manfred Klein war ein guter und engagierter Ortsvorsteher, der unser Dorf geliebt hat. F\u00fcr mich pers\u00f6nlich war Manfred Klein ein guter Freund und v\u00e4terlicher Ratgeber. Der Kulturverein Dirmingen hat das Erbe ihres verstorbenen Vorsitzenden und Ortsvorstehers angenommen und wird in seinem Sinne weitermachen. Mit einer sch\u00f6nen und hochemotionalen Abschiedsfeier, im Dirminger Br\u00fchlpark, konnte sich die Bev\u00f6lkerung von ihrem Ortsvorsteher verabschieden.<\/p>\n\n\n\n<figure class=\"wp-block-gallery columns-3 is-cropped wp-block-gallery-2 is-layout-flex wp-block-gallery-is-layout-flex\"><ul class=\"blocks-gallery-grid\"><li class=\"blocks-gallery-item\"><figure><img loading=\"lazy\" decoding=\"async\" width=\"700\" height=\"394\" src=\"https:\/\/echta-derminga.de\/wp-content\/uploads\/2020\/09\/12-700x394.jpg\" alt=\"\" data-id=\"7439\" data-full-url=\"https:\/\/echta-derminga.de\/wp-content\/uploads\/2020\/09\/12.jpg\" data-link=\"https:\/\/echta-derminga.de\/?attachment_id=7439\" class=\"wp-image-7439\" srcset=\"https:\/\/echta-derminga.de\/wp-content\/uploads\/2020\/09\/12-700x394.jpg 700w, https:\/\/echta-derminga.de\/wp-content\/uploads\/2020\/09\/12-300x169.jpg 300w, https:\/\/echta-derminga.de\/wp-content\/uploads\/2020\/09\/12-768x432.jpg 768w, https:\/\/echta-derminga.de\/wp-content\/uploads\/2020\/09\/12.jpg 900w\" sizes=\"auto, (max-width: 700px) 100vw, 700px\" \/><\/figure><\/li><li class=\"blocks-gallery-item\"><figure><img loading=\"lazy\" decoding=\"async\" width=\"700\" height=\"466\" src=\"https:\/\/echta-derminga.de\/wp-content\/uploads\/2020\/05\/22-1-700x466.jpg\" alt=\"\" data-id=\"6270\" data-full-url=\"https:\/\/echta-derminga.de\/wp-content\/uploads\/2020\/05\/22-1.jpg\" data-link=\"https:\/\/echta-derminga.de\/?attachment_id=6270\" class=\"wp-image-6270\" srcset=\"https:\/\/echta-derminga.de\/wp-content\/uploads\/2020\/05\/22-1-700x466.jpg 700w, https:\/\/echta-derminga.de\/wp-content\/uploads\/2020\/05\/22-1-300x200.jpg 300w, https:\/\/echta-derminga.de\/wp-content\/uploads\/2020\/05\/22-1-768x512.jpg 768w, https:\/\/echta-derminga.de\/wp-content\/uploads\/2020\/05\/22-1.jpg 800w\" sizes=\"auto, (max-width: 700px) 100vw, 700px\" \/><\/figure><\/li><li class=\"blocks-gallery-item\"><figure><img loading=\"lazy\" decoding=\"async\" width=\"700\" height=\"475\" src=\"https:\/\/echta-derminga.de\/wp-content\/uploads\/2020\/10\/40_Ortsvorsteherbuero4-700x475.jpg\" alt=\"\" data-id=\"7552\" data-full-url=\"https:\/\/echta-derminga.de\/wp-content\/uploads\/2020\/10\/40_Ortsvorsteherbuero4-scaled.jpg\" data-link=\"https:\/\/echta-derminga.de\/?attachment_id=7552\" class=\"wp-image-7552\" srcset=\"https:\/\/echta-derminga.de\/wp-content\/uploads\/2020\/10\/40_Ortsvorsteherbuero4-700x475.jpg 700w, https:\/\/echta-derminga.de\/wp-content\/uploads\/2020\/10\/40_Ortsvorsteherbuero4-300x203.jpg 300w, https:\/\/echta-derminga.de\/wp-content\/uploads\/2020\/10\/40_Ortsvorsteherbuero4-768x521.jpg 768w, https:\/\/echta-derminga.de\/wp-content\/uploads\/2020\/10\/40_Ortsvorsteherbuero4-1536x1041.jpg 1536w, https:\/\/echta-derminga.de\/wp-content\/uploads\/2020\/10\/40_Ortsvorsteherbuero4-2048x1388.jpg 2048w, https:\/\/echta-derminga.de\/wp-content\/uploads\/2020\/10\/40_Ortsvorsteherbuero4-120x80.jpg 120w\" sizes=\"auto, (max-width: 700px) 100vw, 700px\" \/><\/figure><\/li><\/ul><\/figure>\n\n\n\n<p class=\"wp-block-paragraph\" style=\"font-size:18px\"><strong>Am 15. Mai 2020 wurde ich zum Ortsvorsteher unseres Heimatortes gew\u00e4hlt. F\u00fcr ich pers\u00f6nlich war dies ein seltsames Gef\u00fchl. \u00dcber meiner Freude lag immer noch eine gro\u00dfe Trauer. Dennoch gab es keine Atempause. Die Pandemie hatte inzwischen unseren Heimatort erreicht und die Menschen ben\u00f6tigten Hilfe und Unterst\u00fctzung. Mit Hilfe einer Nachbarschaftshilfegruppe, aus \u00fcber 65 Personen aus unserem Heimatort, wurde vieles geleistet. Gemeinsam wurden Masken verteilt sowie Eink\u00e4ufe und Fahrdienste erledigt. Ich m\u00f6chte mich an dieser Stelle bei allen bedanken die sich in unserer Nachbarschaftshilfegruppe engagieren.<\/strong><\/p>\n\n\n\n<p class=\"wp-block-paragraph\" style=\"font-size:18px\">\u00dcberhaupt sollte nicht unerw\u00e4hnt bleiben, dass unsere Vereine, Gremien und Organisationen in Zeiten der Pandemie so manches geleistet haben. Auch die Mandatstr\u00e4ger unseres Ortsrates haben einen wichtigen Teil beigetragen. Auf der anderen Seite blicken gerade unsere Vereine, Gewerbetreibende, Gastst\u00e4tten und Gesch\u00e4ftsleute auf ein \u00e4u\u00dferst schwieriges Jahr zur\u00fcck. W\u00e4hrend viele auf die Aus\u00fcbung ihres Hobbys verzichten mussten, wurde unsere Gesch\u00e4ftswelt und die Gastronomie von den &#8222;Lockdowns&#8220; hart getroffen. Ich w\u00fcnsche gerade unseren Firmen, Gesch\u00e4ften und Gastst\u00e4tten viel Gl\u00fcck und recht bald wieder Erfolg.<\/p>\n\n\n\n<figure class=\"wp-block-gallery columns-3 is-cropped wp-block-gallery-3 is-layout-flex wp-block-gallery-is-layout-flex\"><ul class=\"blocks-gallery-grid\"><li class=\"blocks-gallery-item\"><figure><img loading=\"lazy\" decoding=\"async\" width=\"700\" height=\"525\" src=\"https:\/\/echta-derminga.de\/wp-content\/uploads\/2020\/07\/115822357_3135370296557674_520970503122496763_n-700x525.jpg\" alt=\"\" data-id=\"6982\" data-full-url=\"https:\/\/echta-derminga.de\/wp-content\/uploads\/2020\/07\/115822357_3135370296557674_520970503122496763_n.jpg\" data-link=\"https:\/\/echta-derminga.de\/?attachment_id=6982\" class=\"wp-image-6982\" srcset=\"https:\/\/echta-derminga.de\/wp-content\/uploads\/2020\/07\/115822357_3135370296557674_520970503122496763_n-700x525.jpg 700w, https:\/\/echta-derminga.de\/wp-content\/uploads\/2020\/07\/115822357_3135370296557674_520970503122496763_n-300x225.jpg 300w, https:\/\/echta-derminga.de\/wp-content\/uploads\/2020\/07\/115822357_3135370296557674_520970503122496763_n-768x576.jpg 768w, https:\/\/echta-derminga.de\/wp-content\/uploads\/2020\/07\/115822357_3135370296557674_520970503122496763_n.jpg 960w\" sizes=\"auto, (max-width: 700px) 100vw, 700px\" \/><\/figure><\/li><li class=\"blocks-gallery-item\"><figure><img loading=\"lazy\" decoding=\"async\" width=\"700\" height=\"525\" src=\"https:\/\/echta-derminga.de\/wp-content\/uploads\/2020\/12\/77-700x525.jpg\" alt=\"\" data-id=\"8268\" data-full-url=\"https:\/\/echta-derminga.de\/wp-content\/uploads\/2020\/12\/77.jpg\" data-link=\"https:\/\/echta-derminga.de\/?attachment_id=8268\" class=\"wp-image-8268\" srcset=\"https:\/\/echta-derminga.de\/wp-content\/uploads\/2020\/12\/77-700x525.jpg 700w, https:\/\/echta-derminga.de\/wp-content\/uploads\/2020\/12\/77-300x225.jpg 300w, https:\/\/echta-derminga.de\/wp-content\/uploads\/2020\/12\/77-768x576.jpg 768w, https:\/\/echta-derminga.de\/wp-content\/uploads\/2020\/12\/77.jpg 960w\" sizes=\"auto, (max-width: 700px) 100vw, 700px\" \/><\/figure><\/li><li class=\"blocks-gallery-item\"><figure><img loading=\"lazy\" decoding=\"async\" width=\"700\" height=\"487\" src=\"https:\/\/echta-derminga.de\/wp-content\/uploads\/2020\/12\/100-700x487.jpg\" alt=\"\" data-id=\"8269\" data-full-url=\"https:\/\/echta-derminga.de\/wp-content\/uploads\/2020\/12\/100.jpg\" data-link=\"https:\/\/echta-derminga.de\/?attachment_id=8269\" class=\"wp-image-8269\" srcset=\"https:\/\/echta-derminga.de\/wp-content\/uploads\/2020\/12\/100-700x487.jpg 700w, https:\/\/echta-derminga.de\/wp-content\/uploads\/2020\/12\/100-300x209.jpg 300w, https:\/\/echta-derminga.de\/wp-content\/uploads\/2020\/12\/100-768x535.jpg 768w, https:\/\/echta-derminga.de\/wp-content\/uploads\/2020\/12\/100.jpg 800w\" sizes=\"auto, (max-width: 700px) 100vw, 700px\" \/><\/figure><\/li><\/ul><\/figure>\n\n\n\n<p class=\"wp-block-paragraph\" style=\"font-size:18px\"><strong>Unser Heimatort Dirmingen lebt von einer ausgepr\u00e4gten Vereinswelt mit zahlreichen Festen und Aktivit\u00e4ten. Dies alles geriet im Laufe dieses Jahres ins Hintertreffen. Die meisten Vereine durften ihre Feste nicht durchf\u00fchren. Veranstaltungen wie \u201eUnser Dorf spielt Handball\u201c, \u201eUnser Dorf spielt Fu\u00dfball\u201c, das Fischerfest, das Nachbarschaftsfest, das Imkerfest und viele andere mussten aufgrund der Pandemie abgesagt werden. Auch unsere Gro\u00dfveranstaltungen wie die \u201eDerminga Kerb\u201c oder unser \u201eMittelalterliche Weihnachtsmarkt\u201c wurden nicht durchgef\u00fchrt.<\/strong> <strong>Dabei bilden gerade unsere Vereine das R\u00fcckgrat unserer Dorfgemeinschaft. Nach diesem schweren Jahr 2020 hoffe ich, dass alle Vereine recht bald wieder Boden unter ihre F\u00fc\u00dfe bekommen. Unser Kulturverein plant im kommenden Sommer bereits eine Neuauflage des Park- und Strandfestes. Es freut mich, dass viele  Vereine ebenfalls ihre Jahresplanungen aufgenommen haben. Es muss und wird weitergehen. Ich w\u00fcnsche viel Gl\u00fcck und gutes Gelingen. &nbsp;&nbsp;&nbsp;<\/strong><\/p>\n\n\n\n<figure class=\"wp-block-gallery columns-3 is-cropped wp-block-gallery-4 is-layout-flex wp-block-gallery-is-layout-flex\"><ul class=\"blocks-gallery-grid\"><li class=\"blocks-gallery-item\"><figure><img loading=\"lazy\" decoding=\"async\" width=\"700\" height=\"865\" src=\"https:\/\/echta-derminga.de\/wp-content\/uploads\/2020\/08\/mface1-700x865.jpg\" alt=\"\" data-id=\"7217\" data-full-url=\"https:\/\/echta-derminga.de\/wp-content\/uploads\/2020\/08\/mface1.jpg\" data-link=\"https:\/\/echta-derminga.de\/?attachment_id=7217\" class=\"wp-image-7217\" srcset=\"https:\/\/echta-derminga.de\/wp-content\/uploads\/2020\/08\/mface1-700x865.jpg 700w, https:\/\/echta-derminga.de\/wp-content\/uploads\/2020\/08\/mface1-243x300.jpg 243w, https:\/\/echta-derminga.de\/wp-content\/uploads\/2020\/08\/mface1-768x949.jpg 768w, https:\/\/echta-derminga.de\/wp-content\/uploads\/2020\/08\/mface1.jpg 1001w\" sizes=\"auto, (max-width: 700px) 100vw, 700px\" \/><\/figure><\/li><li class=\"blocks-gallery-item\"><figure><img loading=\"lazy\" decoding=\"async\" width=\"700\" height=\"635\" src=\"https:\/\/echta-derminga.de\/wp-content\/uploads\/2020\/08\/2-face-700x635.jpg\" alt=\"\" data-id=\"7136\" data-full-url=\"https:\/\/echta-derminga.de\/wp-content\/uploads\/2020\/08\/2-face.jpg\" data-link=\"https:\/\/echta-derminga.de\/?attachment_id=7136\" class=\"wp-image-7136\" srcset=\"https:\/\/echta-derminga.de\/wp-content\/uploads\/2020\/08\/2-face-700x635.jpg 700w, https:\/\/echta-derminga.de\/wp-content\/uploads\/2020\/08\/2-face-300x272.jpg 300w, https:\/\/echta-derminga.de\/wp-content\/uploads\/2020\/08\/2-face-768x696.jpg 768w, https:\/\/echta-derminga.de\/wp-content\/uploads\/2020\/08\/2-face.jpg 900w\" sizes=\"auto, (max-width: 700px) 100vw, 700px\" \/><\/figure><\/li><li class=\"blocks-gallery-item\"><figure><img loading=\"lazy\" decoding=\"async\" width=\"700\" height=\"525\" src=\"https:\/\/echta-derminga.de\/wp-content\/uploads\/2020\/08\/Sumo-700x525.jpg\" alt=\"\" data-id=\"7107\" data-full-url=\"https:\/\/echta-derminga.de\/wp-content\/uploads\/2020\/08\/Sumo.jpg\" data-link=\"https:\/\/echta-derminga.de\/?attachment_id=7107\" class=\"wp-image-7107\" srcset=\"https:\/\/echta-derminga.de\/wp-content\/uploads\/2020\/08\/Sumo-700x525.jpg 700w, https:\/\/echta-derminga.de\/wp-content\/uploads\/2020\/08\/Sumo-300x225.jpg 300w, https:\/\/echta-derminga.de\/wp-content\/uploads\/2020\/08\/Sumo-768x576.jpg 768w, https:\/\/echta-derminga.de\/wp-content\/uploads\/2020\/08\/Sumo-1536x1153.jpg 1536w, https:\/\/echta-derminga.de\/wp-content\/uploads\/2020\/08\/Sumo.jpg 1599w\" sizes=\"auto, (max-width: 700px) 100vw, 700px\" \/><\/figure><\/li><\/ul><\/figure>\n\n\n\n<p class=\"wp-block-paragraph\" style=\"font-size:18px\"><strong>Das Jahr 2020 hat uns gelehrt, dass wir uns auf das wesentliche konzentrieren m\u00fcssen. Der eigentliche Zauber liegt im Miteinander und im Zusammenhalt. Unsere Dorfgemeinschaft kann aus dieser Pandemie wachsen und zu etwas gro\u00dfartigen gedeihen. Dazu ist es wichtig, dass wir alle aufeinander zugehen und uns die Hand reichen. Ich habe gerade in den letzten Wochen das Gef\u00fchl bekommen, dass wir uns diesbez\u00fcglich auf einem guten Weg befinden.<\/strong> <strong>Erfreulicherweise m\u00f6chten sich immer mehr B\u00fcrgerinnen und B\u00fcrger an unserem Dorfgeschehen beteiligen. Ich danke allen die sich aktiv eingebracht haben oder sich dar\u00fcber Gedanken machen wie wir alle besser vorankommen. <\/strong><\/p>\n\n\n\n<p class=\"wp-block-paragraph\" style=\"font-size:18px\">Mitten in dieser schwierige Zeit gab es einige wunderbare Momente die Hoffnung machten. Mit Hilfe einiger engagierter Mitstreiter ist es, unter Einhaltung aller Richtlinien, gelungen an einigen traditionellen Festtage zu erinnern. Dabei m\u00f6chte ich die wunderbare Zusammenarbeit mit der Kita &#8222;Pusteblume&#8220; und unserer Grundschule Wiesbach-Dirmingen hervorheben. Vielen Dank an das Lehrpersonal um Frau Schlaak und das Kitapersonal um Frau Schulz sowie an das Personal der FGTS Eppelborn-Standort Drmingen. Zur \u201eKerb\u201c, zum \u201eMartinstag\u201c und im Advent wurden gemeinsam diverse Aktionen durchgef\u00fchrt, die den Menschen zumindest ein wenig Licht ins Dunkel bringen sollten. Neben der Aktion &#8222;Derminge sengt&#8220;, einem &#8222;Work Shop&#8220; im Br\u00fchlpark, einem Malwettbewerb, einer Martinsaktion, zahlreichen Fensterkonzerten und einer breit angelegten Wunschengelaktion konnte gottlob auch unsere traditionelle Weihnachtsbaumaktion durchgef\u00fchrt werden. Ich m\u00f6chte mich bei allen bedanken, die sich auf irgendeine Art und Weise an den Aktionen beteiligt hatten. Begeistert hat mich gerade zu dieser Zeit die gelebte \u00d6kumene. Am Ende k\u00f6nnte ein Virus daf\u00fcr Sorge getragen haben, dass unsere katholische Pfarrgemeinde und unsere evangelische Kirchengemeinde zuk\u00fcnftig enger zusammenarbeiten. Der Advent und das Weihnachtsfest machten diesbez\u00fcglich gro\u00dfe Hoffnung. Ich m\u00f6chte allen beteiligten in den Kirchengemeinden viel Gl\u00fcck auf ihrem gemeinsamen Weg w\u00fcnschen.<\/p>\n\n\n\n<figure class=\"wp-block-gallery columns-3 is-cropped wp-block-gallery-5 is-layout-flex wp-block-gallery-is-layout-flex\"><ul class=\"blocks-gallery-grid\"><li class=\"blocks-gallery-item\"><figure><img loading=\"lazy\" decoding=\"async\" width=\"700\" height=\"395\" src=\"https:\/\/echta-derminga.de\/wp-content\/uploads\/2020\/12\/20200810_201215-700x395.jpg\" alt=\"\" data-id=\"8272\" data-full-url=\"https:\/\/echta-derminga.de\/wp-content\/uploads\/2020\/12\/20200810_201215-scaled.jpg\" data-link=\"https:\/\/echta-derminga.de\/?attachment_id=8272\" class=\"wp-image-8272\" srcset=\"https:\/\/echta-derminga.de\/wp-content\/uploads\/2020\/12\/20200810_201215-700x395.jpg 700w, https:\/\/echta-derminga.de\/wp-content\/uploads\/2020\/12\/20200810_201215-300x169.jpg 300w, https:\/\/echta-derminga.de\/wp-content\/uploads\/2020\/12\/20200810_201215-768x433.jpg 768w, https:\/\/echta-derminga.de\/wp-content\/uploads\/2020\/12\/20200810_201215-1536x866.jpg 1536w, https:\/\/echta-derminga.de\/wp-content\/uploads\/2020\/12\/20200810_201215-2048x1154.jpg 2048w\" sizes=\"auto, (max-width: 700px) 100vw, 700px\" \/><\/figure><\/li><li class=\"blocks-gallery-item\"><figure><img loading=\"lazy\" decoding=\"async\" width=\"700\" height=\"410\" src=\"https:\/\/echta-derminga.de\/wp-content\/uploads\/2020\/08\/cd-700x410.jpg\" alt=\"\" data-id=\"7080\" data-full-url=\"https:\/\/echta-derminga.de\/wp-content\/uploads\/2020\/08\/cd.jpg\" data-link=\"https:\/\/echta-derminga.de\/?attachment_id=7080\" class=\"wp-image-7080\" srcset=\"https:\/\/echta-derminga.de\/wp-content\/uploads\/2020\/08\/cd-700x410.jpg 700w, https:\/\/echta-derminga.de\/wp-content\/uploads\/2020\/08\/cd-300x176.jpg 300w, https:\/\/echta-derminga.de\/wp-content\/uploads\/2020\/08\/cd-768x449.jpg 768w, https:\/\/echta-derminga.de\/wp-content\/uploads\/2020\/08\/cd-1536x899.jpg 1536w, https:\/\/echta-derminga.de\/wp-content\/uploads\/2020\/08\/cd.jpg 1600w\" sizes=\"auto, (max-width: 700px) 100vw, 700px\" \/><\/figure><\/li><li class=\"blocks-gallery-item\"><figure><img loading=\"lazy\" decoding=\"async\" width=\"700\" height=\"331\" src=\"https:\/\/echta-derminga.de\/wp-content\/uploads\/2020\/08\/117445187_3195863393841697_152296964282161237_o-700x331.jpg\" alt=\"\" data-id=\"7089\" data-full-url=\"https:\/\/echta-derminga.de\/wp-content\/uploads\/2020\/08\/117445187_3195863393841697_152296964282161237_o.jpg\" data-link=\"https:\/\/echta-derminga.de\/?attachment_id=7089\" class=\"wp-image-7089\" srcset=\"https:\/\/echta-derminga.de\/wp-content\/uploads\/2020\/08\/117445187_3195863393841697_152296964282161237_o-700x331.jpg 700w, https:\/\/echta-derminga.de\/wp-content\/uploads\/2020\/08\/117445187_3195863393841697_152296964282161237_o-300x142.jpg 300w, https:\/\/echta-derminga.de\/wp-content\/uploads\/2020\/08\/117445187_3195863393841697_152296964282161237_o-768x364.jpg 768w, https:\/\/echta-derminga.de\/wp-content\/uploads\/2020\/08\/117445187_3195863393841697_152296964282161237_o.jpg 1352w\" sizes=\"auto, (max-width: 700px) 100vw, 700px\" \/><\/figure><\/li><\/ul><\/figure>\n\n\n\n<p class=\"wp-block-paragraph\" style=\"font-size:18px\">Enden m\u00f6chte ich mit einigen guten Nachrichten aus dem Jahr 2020: Unser Bankpatenprojekt hat durchweg f\u00fcr gro\u00dfe Begeisterung gesorgt. Die beiden Paten Josef Wilhelm und Rudi Konetzka haben zahlreiche B\u00e4nke auf unserem Bann saniert. Ohne die finanzielle Unterst\u00fctzung zahlreiche Firmen, Organisationen und G\u00f6nner w\u00e4re dies jedoch nicht m\u00f6glich gewesen. Danke an alle die das Bankpatenprojekt unterst\u00fctzt haben und vorhaben dies zuk\u00fcnftig zu tun. Unser \u201eWorkshop\u201c im Dirminger Br\u00fchlpark war ebenfalls eine echte Erfolgsstory. Am Ende des Tages hatten sich fast 60 Personen f\u00fcr diesen Arbeitseinsatz gemeldet. Zuk\u00fcnftig soll an der Aufwertung unseres Br\u00fchlparks fortgesetzt werden. Dabei wollen wir die Ideen unserer B\u00fcrgerinnen und B\u00fcrger einflie\u00dfen lassen. W\u00e4hrend der Pandemie haben wir Dirminger\/innen und Dirminger wieder die Liebe zu unserem Heimatort entdeckt. Wir leben in einem sch\u00f6nen Dorf und das wollen wir auch nach au\u00dfen tragen. Unsere Aktion \u201eDerminge sengt\u201c hat im Fr\u00fchjahr dieses Jahres zahlreiche Menschen aufgeheitert und der \u201eDerminga Mund &#8211; und Nasenschutz\u201c erfreut sich gro\u00dfer Nachfrage. Zum Jahresende konnten die Bewohner unseres Dorfes feststellen, dass unsere Dorfjugend viel besser als ihr oftmals vorhergesagter Ruf ist. Die Aktion \u201eWeihnachtsexpress\u201c des JUZ Dirmingen kam wunderbar an und \u00f6ffnete T\u00fcren. Nachdem Verkauf des ehemaligen Evangelischen Kindergartens m\u00fcssen wir in naher Zukunft eine neue Anlaufstelle f\u00fcr unsere Jugendliche suchen. Jeder ist eingeladen Vorschl\u00e4ge einzureichen und mitzumachen.<\/p>\n\n\n\n<p class=\"wp-block-paragraph\" style=\"font-size:18px\"><strong>Es gibt berechtigten Anlass sich auf das neue Jahr 2021 zu freuen: Unsere Kita \u201ePusteblume\u201c wird im Fr\u00fchjahr eine Zweigstelle bekommen. In den R\u00e4umen des ehemaligen katholischen Kindergartens auf dem Rotenberg sollen weitere Krippenpl\u00e4tze entstehen. Dies ist gut f\u00fcr die Familien in unserem Dorf und unserer Gemeinde. Das Thema Nahversorgung wird uns auch im Jahr 2021 besch\u00e4ftigen. Dabei mussten wir gerade im ablaufenden Jahr 2020, nicht zuletzt aufgrund der Pandemie, einige R\u00fcckschl\u00e4ge hinnehmen. Ich kann ihnen jedoch versichern, dass wir partei\u00fcbergreifend die Kr\u00e4fte b\u00fcndeln und im Orts -und Gemeinderat ein gemeinsames Ziel verfolgen. Dirmingen braucht f\u00fcr eine gute Zukunft eine intakte Nahversorgung und neuen Wohnraum.<\/strong><\/p>\n\n\n\n<figure class=\"wp-block-gallery columns-3 is-cropped wp-block-gallery-6 is-layout-flex wp-block-gallery-is-layout-flex\"><ul class=\"blocks-gallery-grid\"><li class=\"blocks-gallery-item\"><figure><img loading=\"lazy\" decoding=\"async\" width=\"700\" height=\"490\" src=\"https:\/\/echta-derminga.de\/wp-content\/uploads\/2020\/12\/20201114_120446-Kopie-700x490.jpg\" alt=\"\" data-id=\"8278\" data-link=\"https:\/\/echta-derminga.de\/?attachment_id=8278\" class=\"wp-image-8278\" srcset=\"https:\/\/echta-derminga.de\/wp-content\/uploads\/2020\/12\/20201114_120446-Kopie-700x490.jpg 700w, https:\/\/echta-derminga.de\/wp-content\/uploads\/2020\/12\/20201114_120446-Kopie-300x210.jpg 300w, https:\/\/echta-derminga.de\/wp-content\/uploads\/2020\/12\/20201114_120446-Kopie-768x538.jpg 768w, https:\/\/echta-derminga.de\/wp-content\/uploads\/2020\/12\/20201114_120446-Kopie.jpg 900w\" sizes=\"auto, (max-width: 700px) 100vw, 700px\" \/><\/figure><\/li><li class=\"blocks-gallery-item\"><figure><img loading=\"lazy\" decoding=\"async\" width=\"700\" height=\"393\" src=\"https:\/\/echta-derminga.de\/wp-content\/uploads\/2020\/12\/20201127_152348-Kopie-700x393.jpg\" alt=\"\" data-id=\"8279\" data-link=\"https:\/\/echta-derminga.de\/?attachment_id=8279\" class=\"wp-image-8279\" srcset=\"https:\/\/echta-derminga.de\/wp-content\/uploads\/2020\/12\/20201127_152348-Kopie-700x393.jpg 700w, https:\/\/echta-derminga.de\/wp-content\/uploads\/2020\/12\/20201127_152348-Kopie-300x169.jpg 300w, https:\/\/echta-derminga.de\/wp-content\/uploads\/2020\/12\/20201127_152348-Kopie-768x432.jpg 768w, https:\/\/echta-derminga.de\/wp-content\/uploads\/2020\/12\/20201127_152348-Kopie.jpg 1000w\" sizes=\"auto, (max-width: 700px) 100vw, 700px\" \/><\/figure><\/li><li class=\"blocks-gallery-item\"><figure><img loading=\"lazy\" decoding=\"async\" width=\"700\" height=\"394\" src=\"https:\/\/echta-derminga.de\/wp-content\/uploads\/2020\/12\/20201106_125212-1-700x394.jpg\" alt=\"\" data-id=\"8280\" data-full-url=\"https:\/\/echta-derminga.de\/wp-content\/uploads\/2020\/12\/20201106_125212-1-scaled.jpg\" data-link=\"https:\/\/echta-derminga.de\/?attachment_id=8280\" class=\"wp-image-8280\" srcset=\"https:\/\/echta-derminga.de\/wp-content\/uploads\/2020\/12\/20201106_125212-1-700x394.jpg 700w, https:\/\/echta-derminga.de\/wp-content\/uploads\/2020\/12\/20201106_125212-1-300x169.jpg 300w, https:\/\/echta-derminga.de\/wp-content\/uploads\/2020\/12\/20201106_125212-1-768x432.jpg 768w, https:\/\/echta-derminga.de\/wp-content\/uploads\/2020\/12\/20201106_125212-1-1536x864.jpg 1536w, https:\/\/echta-derminga.de\/wp-content\/uploads\/2020\/12\/20201106_125212-1-2048x1152.jpg 2048w\" sizes=\"auto, (max-width: 700px) 100vw, 700px\" \/><\/figure><\/li><\/ul><\/figure>\n\n\n\n<p class=\"wp-block-paragraph\" style=\"font-size:18px\">Gut ist, dass wir neues Gewerbe dazugewinnen konnten. Hingegen hat die Schlie\u00dfung der Gesch\u00e4ftsstelle der Kreissparkasse Neunkirchen viele Menschen getroffen. Gut ist, dass wir weiterhin \u00fcber eine Gesch\u00e4ftsstelle der LEVO-Bank verf\u00fcgen und unsere Postfiliale neue Gesch\u00e4ftsr\u00e4ume gefunden hat. In diesem Zusammenhang hoffe ich, dass uns unser vorhandenes Gewerbe erhalten bleibt. Wir brauchen f\u00fcr unsere gemeinsame Zukunft jedes einzelne Gesch\u00e4ft und jede einzelne Firma. Immerhin verf\u00fcgen wir noch \u00fcber eine gewisse Infrastruktur, die wir alle unterst\u00fctzen und f\u00f6rdern sollten. &nbsp;&nbsp;<\/p>\n\n\n\n<p class=\"wp-block-paragraph\" style=\"font-size:18px\"><strong>Es ist an der Zeit Danke zu sagen: Der Einstieg als Ortsvorsteher unseres Heimatortes wurde mir durch alle Menschen, Vereine, Firmen und Organisationen erleichtert. Ich m\u00f6chte mich bei allen bedanken, die sich im Laufe des nun ablaufenden Jahres ehrenamtlich engagiert haben. Danke an alle die nicht aufgeben und weitermachen. Danke an alle die sich in unseren Vereinen, Organisationen, unserem L\u00f6schbezirk Dirmingen (FFW Eppelborn) und unserem Gewerbe engagieren und einsetzen. Ein besonderer Dank geht an die Menschen in unserem Dorf. Bitte haltet den Kurs und setzt auf das Miteinander.<\/strong> <strong>Es gibt viel gutes und lebenswertes in unserer Heimat.<\/strong> <strong>Ein besonderer Dank geht an diejenigen die ich an dieser Stelle vergessen habe.<\/strong> <strong>Jeder einzelne spielt in unserer Gesellschaft eine wichtige Rolle.<\/strong><\/p>\n\n\n\n<figure class=\"wp-block-gallery columns-3 is-cropped wp-block-gallery-7 is-layout-flex wp-block-gallery-is-layout-flex\"><ul class=\"blocks-gallery-grid\"><li class=\"blocks-gallery-item\"><figure><img loading=\"lazy\" decoding=\"async\" width=\"700\" height=\"497\" src=\"https:\/\/echta-derminga.de\/wp-content\/uploads\/2020\/12\/1111-700x497.jpg\" alt=\"\" data-id=\"8190\" data-full-url=\"https:\/\/echta-derminga.de\/wp-content\/uploads\/2020\/12\/1111.jpg\" data-link=\"https:\/\/echta-derminga.de\/?attachment_id=8190\" class=\"wp-image-8190\" srcset=\"https:\/\/echta-derminga.de\/wp-content\/uploads\/2020\/12\/1111-700x497.jpg 700w, https:\/\/echta-derminga.de\/wp-content\/uploads\/2020\/12\/1111-300x213.jpg 300w, https:\/\/echta-derminga.de\/wp-content\/uploads\/2020\/12\/1111-768x545.jpg 768w, https:\/\/echta-derminga.de\/wp-content\/uploads\/2020\/12\/1111.jpg 900w\" sizes=\"auto, (max-width: 700px) 100vw, 700px\" \/><\/figure><\/li><li class=\"blocks-gallery-item\"><figure><img loading=\"lazy\" decoding=\"async\" width=\"700\" height=\"583\" src=\"https:\/\/echta-derminga.de\/wp-content\/uploads\/2020\/12\/2222-700x583.jpg\" alt=\"\" data-id=\"8191\" data-full-url=\"https:\/\/echta-derminga.de\/wp-content\/uploads\/2020\/12\/2222.jpg\" data-link=\"https:\/\/echta-derminga.de\/?attachment_id=8191\" class=\"wp-image-8191\" srcset=\"https:\/\/echta-derminga.de\/wp-content\/uploads\/2020\/12\/2222-700x583.jpg 700w, https:\/\/echta-derminga.de\/wp-content\/uploads\/2020\/12\/2222-300x250.jpg 300w, https:\/\/echta-derminga.de\/wp-content\/uploads\/2020\/12\/2222-768x639.jpg 768w, https:\/\/echta-derminga.de\/wp-content\/uploads\/2020\/12\/2222-1536x1278.jpg 1536w, https:\/\/echta-derminga.de\/wp-content\/uploads\/2020\/12\/2222.jpg 1669w\" sizes=\"auto, (max-width: 700px) 100vw, 700px\" \/><\/figure><\/li><li class=\"blocks-gallery-item\"><figure><img loading=\"lazy\" decoding=\"async\" width=\"700\" height=\"601\" src=\"https:\/\/echta-derminga.de\/wp-content\/uploads\/2020\/12\/4-700x601.jpg\" alt=\"\" data-id=\"8096\" data-full-url=\"https:\/\/echta-derminga.de\/wp-content\/uploads\/2020\/12\/4.jpg\" data-link=\"https:\/\/echta-derminga.de\/?attachment_id=8096\" class=\"wp-image-8096\" srcset=\"https:\/\/echta-derminga.de\/wp-content\/uploads\/2020\/12\/4-700x601.jpg 700w, https:\/\/echta-derminga.de\/wp-content\/uploads\/2020\/12\/4-300x257.jpg 300w, https:\/\/echta-derminga.de\/wp-content\/uploads\/2020\/12\/4-768x659.jpg 768w, https:\/\/echta-derminga.de\/wp-content\/uploads\/2020\/12\/4.jpg 1500w\" sizes=\"auto, (max-width: 700px) 100vw, 700px\" \/><\/figure><\/li><\/ul><\/figure>\n\n\n\n<p class=\"wp-block-paragraph\" style=\"font-size:18px\">Abschlie\u00dfend m\u00f6chte ich allen danken die mir in den ersten Monaten meiner Amtszeit zur Seite gestanden haben. In diesem Zusammenhang soll mein Stellvertreter Michael Polotzek nicht unerw\u00e4hnt bleiben. Letztlich bin ich auch meiner Familie sehr dankbar, dass sie mich auf meinem Weg begleiten. Bestimmt werde ich auch zuk\u00fcnftig meine Fehler machen. Ich m\u00f6chte Sie heute schon um Verst\u00e4ndnis bitten und auffordern mitzumachen. In schweren Zeiten sollten wir zusammenr\u00fccken und die Kr\u00e4fte b\u00fcndeln. Von daher bin ich sehr froh, dass die Zusammenarbeit zwischen den einzelnen Ortschaften und unseren Nachbargemeinden sehr gut funktioniert. Mein Dank geht auch an meine Ortsvorsteherkollegen und an unseren B\u00fcrgermeister Dr. Andreas Feld. Ich habe den Eindruck gewonnen, dass meine Belange auf gutes, engagiertes Geh\u00f6r sto\u00dfen.<\/p>\n\n\n\n<p class=\"wp-block-paragraph\" style=\"font-size:18px\"><strong>Meine Gedanken sind bei allen die in diesem Jahr einen geliebten Menschen verloren haben. Im Leben gibt es immer Licht und Schatten und somit m\u00f6chte ich nicht vers\u00e4umen allen zu gratulieren, die in diesem Jahr Nachwuchs bekommen haben oder ein Jubil\u00e4um feiern durften. Das neue Jahr 2021 sollte uns allen zun\u00e4chst einmal viel Gesundheit bringen. Wir alle haben gelernt, dass unsere Gesundheit am wichtigsten ist und alles andere hintenanstehen muss. Auch die ersten Monate im neuen Jahr werden nicht einfach werden. Leider m\u00fcssen wir im Jahr 2021 auf die Ausrichtung der \u201eDerminga Faasend\u201c verzichten. Ich glaube jedoch fest an eine gute Zukunft und bin \u00fcberzeugt davon, dass es stetig aufw\u00e4rts geht.<\/strong><\/p>\n\n\n\n<p class=\"wp-block-paragraph\" style=\"font-size:18px\"><strong>Lassen Sie uns alle mutig und zuversichtlich in die Zukunft blicken. Von dem franz\u00f6sischen Schriftsteller Victor Hugo stammt folgendes Zitat:<\/strong><\/p>\n\n\n\n<blockquote class=\"wp-block-quote is-layout-flow wp-block-quote-is-layout-flow\"><p><em><strong>\u201eDie Zukunft hat viele Namen: F\u00fcr Schwache ist sie das Unerreichbare, f\u00fcr die Furchtsamen das Unbekannte, f\u00fcr die Mutigen die Chance\u201c<\/strong><\/em><\/p><cite><strong><em>Victor Hugo \u2013 franz\u00f6sischer Schriftsteller<\/em><\/strong><\/cite><\/blockquote>\n\n\n\n<p class=\"has-primary-color has-text-color wp-block-paragraph\" style=\"font-size:18px\"><strong>In diesem Sinne w\u00fcnsche ich Ihnen, ihren Familien und Freunden ein gesegnetes, erfolgreiches und vor allen Dingen gesundes neues Jahr 2021.&nbsp;&nbsp; <\/strong><\/p>\n\n\n\n<p class=\"has-text-align-left wp-block-paragraph\" style=\"font-size:18px\"><strong>&nbsp;&nbsp;&nbsp;<em>Impressionen 2020<\/em><\/strong>:<\/p>\n\n\n\n<div class=\"wp-block-columns is-layout-flex wp-container-core-columns-is-layout-8f761849 wp-block-columns-is-layout-flex\">\n<div class=\"wp-block-column is-layout-flow wp-block-column-is-layout-flow\" style=\"flex-basis:100%\">\n<div class=\"wp-block-group\"><div class=\"wp-block-group__inner-container is-layout-flow wp-block-group-is-layout-flow\">\n<figure class=\"wp-block-gallery columns-3 is-cropped wp-block-gallery-8 is-layout-flex wp-block-gallery-is-layout-flex\"><ul class=\"blocks-gallery-grid\"><li class=\"blocks-gallery-item\"><figure><img loading=\"lazy\" decoding=\"async\" width=\"700\" height=\"263\" src=\"https:\/\/echta-derminga.de\/wp-content\/uploads\/2020\/11\/0-700x263.jpg\" alt=\"\" data-id=\"7841\" data-full-url=\"https:\/\/echta-derminga.de\/wp-content\/uploads\/2020\/11\/0.jpg\" data-link=\"https:\/\/echta-derminga.de\/?attachment_id=7841\" class=\"wp-image-7841\" srcset=\"https:\/\/echta-derminga.de\/wp-content\/uploads\/2020\/11\/0-700x263.jpg 700w, https:\/\/echta-derminga.de\/wp-content\/uploads\/2020\/11\/0-300x113.jpg 300w, https:\/\/echta-derminga.de\/wp-content\/uploads\/2020\/11\/0-768x288.jpg 768w, https:\/\/echta-derminga.de\/wp-content\/uploads\/2020\/11\/0.jpg 1000w\" sizes=\"auto, (max-width: 700px) 100vw, 700px\" \/><\/figure><\/li><li class=\"blocks-gallery-item\"><figure><img loading=\"lazy\" decoding=\"async\" width=\"700\" height=\"265\" src=\"https:\/\/echta-derminga.de\/wp-content\/uploads\/2020\/11\/100-700x265.jpg\" alt=\"\" data-id=\"7758\" data-full-url=\"https:\/\/echta-derminga.de\/wp-content\/uploads\/2020\/11\/100.jpg\" data-link=\"https:\/\/echta-derminga.de\/?attachment_id=7758\" class=\"wp-image-7758\" srcset=\"https:\/\/echta-derminga.de\/wp-content\/uploads\/2020\/11\/100-700x265.jpg 700w, https:\/\/echta-derminga.de\/wp-content\/uploads\/2020\/11\/100-300x114.jpg 300w, https:\/\/echta-derminga.de\/wp-content\/uploads\/2020\/11\/100-768x291.jpg 768w, https:\/\/echta-derminga.de\/wp-content\/uploads\/2020\/11\/100.jpg 1000w\" sizes=\"auto, (max-width: 700px) 100vw, 700px\" \/><\/figure><\/li><li class=\"blocks-gallery-item\"><figure><img loading=\"lazy\" decoding=\"async\" width=\"700\" height=\"436\" src=\"https:\/\/echta-derminga.de\/wp-content\/uploads\/2020\/10\/22-700x436.jpg\" alt=\"\" data-id=\"7720\" data-full-url=\"https:\/\/echta-derminga.de\/wp-content\/uploads\/2020\/10\/22.jpg\" data-link=\"https:\/\/echta-derminga.de\/?attachment_id=7720\" class=\"wp-image-7720\" srcset=\"https:\/\/echta-derminga.de\/wp-content\/uploads\/2020\/10\/22-700x436.jpg 700w, https:\/\/echta-derminga.de\/wp-content\/uploads\/2020\/10\/22-300x187.jpg 300w, https:\/\/echta-derminga.de\/wp-content\/uploads\/2020\/10\/22-768x479.jpg 768w, https:\/\/echta-derminga.de\/wp-content\/uploads\/2020\/10\/22.jpg 900w\" sizes=\"auto, (max-width: 700px) 100vw, 700px\" \/><\/figure><\/li><li class=\"blocks-gallery-item\"><figure><img loading=\"lazy\" decoding=\"async\" width=\"700\" height=\"499\" src=\"https:\/\/echta-derminga.de\/wp-content\/uploads\/2020\/10\/20201025_131017-700x499.jpg\" alt=\"\" data-id=\"7717\" data-full-url=\"https:\/\/echta-derminga.de\/wp-content\/uploads\/2020\/10\/20201025_131017.jpg\" data-link=\"https:\/\/echta-derminga.de\/?attachment_id=7717\" class=\"wp-image-7717\" srcset=\"https:\/\/echta-derminga.de\/wp-content\/uploads\/2020\/10\/20201025_131017-700x499.jpg 700w, https:\/\/echta-derminga.de\/wp-content\/uploads\/2020\/10\/20201025_131017-300x214.jpg 300w, https:\/\/echta-derminga.de\/wp-content\/uploads\/2020\/10\/20201025_131017-768x548.jpg 768w, https:\/\/echta-derminga.de\/wp-content\/uploads\/2020\/10\/20201025_131017.jpg 900w\" sizes=\"auto, (max-width: 700px) 100vw, 700px\" \/><\/figure><\/li><li class=\"blocks-gallery-item\"><figure><img loading=\"lazy\" decoding=\"async\" width=\"700\" height=\"328\" src=\"https:\/\/echta-derminga.de\/wp-content\/uploads\/2020\/10\/neu-700x328.jpg\" alt=\"\" data-id=\"7672\" data-full-url=\"https:\/\/echta-derminga.de\/wp-content\/uploads\/2020\/10\/neu.jpg\" data-link=\"https:\/\/echta-derminga.de\/?attachment_id=7672\" class=\"wp-image-7672\" srcset=\"https:\/\/echta-derminga.de\/wp-content\/uploads\/2020\/10\/neu-700x328.jpg 700w, https:\/\/echta-derminga.de\/wp-content\/uploads\/2020\/10\/neu-300x141.jpg 300w, https:\/\/echta-derminga.de\/wp-content\/uploads\/2020\/10\/neu-768x360.jpg 768w, https:\/\/echta-derminga.de\/wp-content\/uploads\/2020\/10\/neu.jpg 895w\" sizes=\"auto, (max-width: 700px) 100vw, 700px\" \/><\/figure><\/li><li class=\"blocks-gallery-item\"><figure><img loading=\"lazy\" decoding=\"async\" width=\"700\" height=\"443\" src=\"https:\/\/echta-derminga.de\/wp-content\/uploads\/2020\/08\/jo-700x443.jpg\" alt=\"\" data-id=\"7308\" data-full-url=\"https:\/\/echta-derminga.de\/wp-content\/uploads\/2020\/08\/jo.jpg\" data-link=\"https:\/\/echta-derminga.de\/?attachment_id=7308\" class=\"wp-image-7308\" srcset=\"https:\/\/echta-derminga.de\/wp-content\/uploads\/2020\/08\/jo-700x443.jpg 700w, https:\/\/echta-derminga.de\/wp-content\/uploads\/2020\/08\/jo-300x190.jpg 300w, https:\/\/echta-derminga.de\/wp-content\/uploads\/2020\/08\/jo-768x486.jpg 768w, https:\/\/echta-derminga.de\/wp-content\/uploads\/2020\/08\/jo.jpg 900w\" sizes=\"auto, (max-width: 700px) 100vw, 700px\" \/><\/figure><\/li><li class=\"blocks-gallery-item\"><figure><img loading=\"lazy\" decoding=\"async\" width=\"700\" height=\"331\" src=\"https:\/\/echta-derminga.de\/wp-content\/uploads\/2020\/08\/2-15-1-700x331.jpg\" alt=\"\" data-id=\"7040\" data-full-url=\"https:\/\/echta-derminga.de\/wp-content\/uploads\/2020\/08\/2-15-1.jpg\" data-link=\"https:\/\/echta-derminga.de\/?attachment_id=7040\" class=\"wp-image-7040\" srcset=\"https:\/\/echta-derminga.de\/wp-content\/uploads\/2020\/08\/2-15-1-700x331.jpg 700w, https:\/\/echta-derminga.de\/wp-content\/uploads\/2020\/08\/2-15-1-300x142.jpg 300w, https:\/\/echta-derminga.de\/wp-content\/uploads\/2020\/08\/2-15-1-768x363.jpg 768w, https:\/\/echta-derminga.de\/wp-content\/uploads\/2020\/08\/2-15-1.jpg 800w\" sizes=\"auto, (max-width: 700px) 100vw, 700px\" \/><\/figure><\/li><li class=\"blocks-gallery-item\"><figure><img loading=\"lazy\" decoding=\"async\" width=\"700\" height=\"331\" src=\"https:\/\/echta-derminga.de\/wp-content\/uploads\/2020\/08\/16-700x331.jpg\" alt=\"\" data-id=\"7053\" data-full-url=\"https:\/\/echta-derminga.de\/wp-content\/uploads\/2020\/08\/16.jpg\" data-link=\"https:\/\/echta-derminga.de\/?attachment_id=7053\" class=\"wp-image-7053\" srcset=\"https:\/\/echta-derminga.de\/wp-content\/uploads\/2020\/08\/16-700x331.jpg 700w, https:\/\/echta-derminga.de\/wp-content\/uploads\/2020\/08\/16-300x142.jpg 300w, https:\/\/echta-derminga.de\/wp-content\/uploads\/2020\/08\/16-768x363.jpg 768w, https:\/\/echta-derminga.de\/wp-content\/uploads\/2020\/08\/16.jpg 800w\" sizes=\"auto, (max-width: 700px) 100vw, 700px\" \/><\/figure><\/li><li class=\"blocks-gallery-item\"><figure><img loading=\"lazy\" decoding=\"async\" width=\"700\" height=\"525\" src=\"https:\/\/echta-derminga.de\/wp-content\/uploads\/2020\/07\/4-1-700x525.jpg\" alt=\"\" data-id=\"6980\" data-full-url=\"https:\/\/echta-derminga.de\/wp-content\/uploads\/2020\/07\/4-1.jpg\" data-link=\"https:\/\/echta-derminga.de\/?attachment_id=6980\" class=\"wp-image-6980\" srcset=\"https:\/\/echta-derminga.de\/wp-content\/uploads\/2020\/07\/4-1-700x525.jpg 700w, https:\/\/echta-derminga.de\/wp-content\/uploads\/2020\/07\/4-1-300x225.jpg 300w, https:\/\/echta-derminga.de\/wp-content\/uploads\/2020\/07\/4-1-768x576.jpg 768w, https:\/\/echta-derminga.de\/wp-content\/uploads\/2020\/07\/4-1.jpg 900w\" sizes=\"auto, (max-width: 700px) 100vw, 700px\" \/><\/figure><\/li><li class=\"blocks-gallery-item\"><figure><img loading=\"lazy\" decoding=\"async\" width=\"700\" height=\"878\" src=\"https:\/\/echta-derminga.de\/wp-content\/uploads\/2020\/06\/20200628_080505-700x878.jpg\" alt=\"\" data-id=\"6679\" data-full-url=\"https:\/\/echta-derminga.de\/wp-content\/uploads\/2020\/06\/20200628_080505.jpg\" data-link=\"https:\/\/echta-derminga.de\/?attachment_id=6679\" class=\"wp-image-6679\" srcset=\"https:\/\/echta-derminga.de\/wp-content\/uploads\/2020\/06\/20200628_080505-700x878.jpg 700w, https:\/\/echta-derminga.de\/wp-content\/uploads\/2020\/06\/20200628_080505-239x300.jpg 239w, https:\/\/echta-derminga.de\/wp-content\/uploads\/2020\/06\/20200628_080505-768x963.jpg 768w, https:\/\/echta-derminga.de\/wp-content\/uploads\/2020\/06\/20200628_080505.jpg 1090w\" sizes=\"auto, (max-width: 700px) 100vw, 700px\" \/><\/figure><\/li><li class=\"blocks-gallery-item\"><figure><img loading=\"lazy\" decoding=\"async\" width=\"644\" height=\"781\" src=\"https:\/\/echta-derminga.de\/wp-content\/uploads\/2020\/05\/20200430_112057-644x781.jpg\" alt=\"\" data-id=\"6080\" data-full-url=\"https:\/\/echta-derminga.de\/wp-content\/uploads\/2020\/05\/20200430_112057.jpg\" data-link=\"https:\/\/echta-derminga.de\/?attachment_id=6080\" class=\"wp-image-6080\" srcset=\"https:\/\/echta-derminga.de\/wp-content\/uploads\/2020\/05\/20200430_112057-644x781.jpg 644w, https:\/\/echta-derminga.de\/wp-content\/uploads\/2020\/05\/20200430_112057-247x300.jpg 247w, https:\/\/echta-derminga.de\/wp-content\/uploads\/2020\/05\/20200430_112057-768x931.jpg 768w, https:\/\/echta-derminga.de\/wp-content\/uploads\/2020\/05\/20200430_112057.jpg 800w\" sizes=\"auto, (max-width: 644px) 100vw, 644px\" \/><\/figure><\/li><li class=\"blocks-gallery-item\"><figure><img loading=\"lazy\" decoding=\"async\" width=\"700\" height=\"499\" src=\"https:\/\/echta-derminga.de\/wp-content\/uploads\/2020\/05\/01-700x499.jpg\" alt=\"\" data-id=\"6414\" data-full-url=\"https:\/\/echta-derminga.de\/wp-content\/uploads\/2020\/05\/01.jpg\" data-link=\"https:\/\/echta-derminga.de\/?attachment_id=6414\" class=\"wp-image-6414\" srcset=\"https:\/\/echta-derminga.de\/wp-content\/uploads\/2020\/05\/01-700x499.jpg 700w, https:\/\/echta-derminga.de\/wp-content\/uploads\/2020\/05\/01-300x214.jpg 300w, https:\/\/echta-derminga.de\/wp-content\/uploads\/2020\/05\/01-768x547.jpg 768w, https:\/\/echta-derminga.de\/wp-content\/uploads\/2020\/05\/01.jpg 860w\" sizes=\"auto, (max-width: 700px) 100vw, 700px\" \/><\/figure><\/li><li class=\"blocks-gallery-item\"><figure><img loading=\"lazy\" decoding=\"async\" width=\"700\" height=\"433\" src=\"https:\/\/echta-derminga.de\/wp-content\/uploads\/2020\/11\/IMG-20201111-WA0031-700x433.jpg\" alt=\"\" data-id=\"7837\" data-full-url=\"https:\/\/echta-derminga.de\/wp-content\/uploads\/2020\/11\/IMG-20201111-WA0031.jpg\" data-link=\"https:\/\/echta-derminga.de\/?attachment_id=7837\" class=\"wp-image-7837\" srcset=\"https:\/\/echta-derminga.de\/wp-content\/uploads\/2020\/11\/IMG-20201111-WA0031-700x433.jpg 700w, https:\/\/echta-derminga.de\/wp-content\/uploads\/2020\/11\/IMG-20201111-WA0031-300x186.jpg 300w, https:\/\/echta-derminga.de\/wp-content\/uploads\/2020\/11\/IMG-20201111-WA0031-768x475.jpg 768w, https:\/\/echta-derminga.de\/wp-content\/uploads\/2020\/11\/IMG-20201111-WA0031.jpg 1000w\" sizes=\"auto, (max-width: 700px) 100vw, 700px\" \/><\/figure><\/li><li class=\"blocks-gallery-item\"><figure><img loading=\"lazy\" decoding=\"async\" width=\"700\" height=\"435\" src=\"https:\/\/echta-derminga.de\/wp-content\/uploads\/2020\/12\/118838595_706944063496987_4553722022599721760_n-700x435.jpg\" alt=\"\" data-id=\"8266\" data-full-url=\"https:\/\/echta-derminga.de\/wp-content\/uploads\/2020\/12\/118838595_706944063496987_4553722022599721760_n.jpg\" data-link=\"https:\/\/echta-derminga.de\/?attachment_id=8266\" class=\"wp-image-8266\" srcset=\"https:\/\/echta-derminga.de\/wp-content\/uploads\/2020\/12\/118838595_706944063496987_4553722022599721760_n-700x435.jpg 700w, https:\/\/echta-derminga.de\/wp-content\/uploads\/2020\/12\/118838595_706944063496987_4553722022599721760_n-300x186.jpg 300w, https:\/\/echta-derminga.de\/wp-content\/uploads\/2020\/12\/118838595_706944063496987_4553722022599721760_n-768x477.jpg 768w, https:\/\/echta-derminga.de\/wp-content\/uploads\/2020\/12\/118838595_706944063496987_4553722022599721760_n.jpg 960w\" sizes=\"auto, (max-width: 700px) 100vw, 700px\" \/><\/figure><\/li><li class=\"blocks-gallery-item\"><figure><img loading=\"lazy\" decoding=\"async\" width=\"700\" height=\"461\" src=\"https:\/\/echta-derminga.de\/wp-content\/uploads\/2020\/05\/100050986_4080844808623662_7246450752883785728_o-1-700x461.jpg\" alt=\"\" data-id=\"6383\" data-full-url=\"https:\/\/echta-derminga.de\/wp-content\/uploads\/2020\/05\/100050986_4080844808623662_7246450752883785728_o-1.jpg\" data-link=\"https:\/\/echta-derminga.de\/?attachment_id=6383\" class=\"wp-image-6383\" srcset=\"https:\/\/echta-derminga.de\/wp-content\/uploads\/2020\/05\/100050986_4080844808623662_7246450752883785728_o-1-700x461.jpg 700w, https:\/\/echta-derminga.de\/wp-content\/uploads\/2020\/05\/100050986_4080844808623662_7246450752883785728_o-1-300x198.jpg 300w, https:\/\/echta-derminga.de\/wp-content\/uploads\/2020\/05\/100050986_4080844808623662_7246450752883785728_o-1-768x506.jpg 768w, https:\/\/echta-derminga.de\/wp-content\/uploads\/2020\/05\/100050986_4080844808623662_7246450752883785728_o-1-1536x1012.jpg 1536w, https:\/\/echta-derminga.de\/wp-content\/uploads\/2020\/05\/100050986_4080844808623662_7246450752883785728_o-1-120x80.jpg 120w, https:\/\/echta-derminga.de\/wp-content\/uploads\/2020\/05\/100050986_4080844808623662_7246450752883785728_o-1.jpg 1892w\" sizes=\"auto, (max-width: 700px) 100vw, 700px\" \/><\/figure><\/li><li class=\"blocks-gallery-item\"><figure><img loading=\"lazy\" decoding=\"async\" width=\"700\" height=\"625\" src=\"https:\/\/echta-derminga.de\/wp-content\/uploads\/2020\/06\/blog-top-700x625.jpg\" alt=\"\" data-id=\"6481\" data-full-url=\"https:\/\/echta-derminga.de\/wp-content\/uploads\/2020\/06\/blog-top.jpg\" data-link=\"https:\/\/echta-derminga.de\/?attachment_id=6481\" class=\"wp-image-6481\" srcset=\"https:\/\/echta-derminga.de\/wp-content\/uploads\/2020\/06\/blog-top-700x625.jpg 700w, https:\/\/echta-derminga.de\/wp-content\/uploads\/2020\/06\/blog-top-300x268.jpg 300w, https:\/\/echta-derminga.de\/wp-content\/uploads\/2020\/06\/blog-top-768x686.jpg 768w, https:\/\/echta-derminga.de\/wp-content\/uploads\/2020\/06\/blog-top.jpg 900w\" sizes=\"auto, (max-width: 700px) 100vw, 700px\" \/><\/figure><\/li><li class=\"blocks-gallery-item\"><figure><img loading=\"lazy\" decoding=\"async\" width=\"700\" height=\"573\" src=\"https:\/\/echta-derminga.de\/wp-content\/uploads\/2020\/05\/66-700x573.jpg\" alt=\"\" data-id=\"6279\" data-full-url=\"https:\/\/echta-derminga.de\/wp-content\/uploads\/2020\/05\/66.jpg\" data-link=\"https:\/\/echta-derminga.de\/?attachment_id=6279\" class=\"wp-image-6279\" srcset=\"https:\/\/echta-derminga.de\/wp-content\/uploads\/2020\/05\/66-700x573.jpg 700w, https:\/\/echta-derminga.de\/wp-content\/uploads\/2020\/05\/66-300x246.jpg 300w, https:\/\/echta-derminga.de\/wp-content\/uploads\/2020\/05\/66-768x629.jpg 768w, https:\/\/echta-derminga.de\/wp-content\/uploads\/2020\/05\/66.jpg 784w\" sizes=\"auto, (max-width: 700px) 100vw, 700px\" \/><\/figure><\/li><\/ul><\/figure>\n\n\n\n<p class=\"wp-block-paragraph\"><\/p>\n<\/div><\/div>\n<\/div>\n<\/div>\n","protected":false},"excerpt":{"rendered":"<p>\u201eMehr als die Vergangenheit interessiert mich die Zukunft, denn in ihr gedenke ich zu leben. &#8230;\u201c (Albert Einstein \u2013 deutscher Physiker &#8211; 14. 03.1879 &#8211; 18. April 1955) Nur wenige Menschen werden dem Jahr 2020 etwas Gutes abringen k\u00f6nnen. Die meisten von uns werden sich wohl kaum an ein schlechteres Jahr erinnern. Unsere Welt ist aus den Fugen geraten und<\/p>\n","protected":false},"author":1,"featured_media":7196,"comment_status":"open","ping_status":"closed","sticky":false,"template":"","format":"standard","meta":{"_crdt_document":"","footnotes":""},"categories":[1,9,812],"tags":[5,618,127,795,310],"class_list":["post-8250","post","type-post","status-publish","format-standard","has-post-thumbnail","hentry","category-allgemein","category-dorfgetratsche","category-ortsvorsteher-dirmingen","tag-dirmingen","tag-gemeinde-eppelborn","tag-landkreis-neunkirchen","tag-ortsvorsteher-dirmingen","tag-saarland"],"_links":{"self":[{"href":"https:\/\/echta-derminga.de\/index.php?rest_route=\/wp\/v2\/posts\/8250","targetHints":{"allow":["GET"]}}],"collection":[{"href":"https:\/\/echta-derminga.de\/index.php?rest_route=\/wp\/v2\/posts"}],"about":[{"href":"https:\/\/echta-derminga.de\/index.php?rest_route=\/wp\/v2\/types\/post"}],"author":[{"embeddable":true,"href":"https:\/\/echta-derminga.de\/index.php?rest_route=\/wp\/v2\/users\/1"}],"replies":[{"embeddable":true,"href":"https:\/\/echta-derminga.de\/index.php?rest_route=%2Fwp%2Fv2%2Fcomments&post=8250"}],"version-history":[{"count":71,"href":"https:\/\/echta-derminga.de\/index.php?rest_route=\/wp\/v2\/posts\/8250\/revisions"}],"predecessor-version":[{"id":8380,"href":"https:\/\/echta-derminga.de\/index.php?rest_route=\/wp\/v2\/posts\/8250\/revisions\/8380"}],"wp:featuredmedia":[{"embeddable":true,"href":"https:\/\/echta-derminga.de\/index.php?rest_route=\/wp\/v2\/media\/7196"}],"wp:attachment":[{"href":"https:\/\/echta-derminga.de\/index.php?rest_route=%2Fwp%2Fv2%2Fmedia&parent=8250"}],"wp:term":[{"taxonomy":"category","embeddable":true,"href":"https:\/\/echta-derminga.de\/index.php?rest_route=%2Fwp%2Fv2%2Fcategories&post=8250"},{"taxonomy":"post_tag","embeddable":true,"href":"https:\/\/echta-derminga.de\/index.php?rest_route=%2Fwp%2Fv2%2Ftags&post=8250"}],"curies":[{"name":"wp","href":"https:\/\/api.w.org\/{rel}","templated":true}]}}