{"id":8473,"date":"2021-01-14T17:28:57","date_gmt":"2021-01-14T16:28:57","guid":{"rendered":"http:\/\/echta-derminga.de\/?p=8473"},"modified":"2021-01-14T17:39:33","modified_gmt":"2021-01-14T16:39:33","slug":"dirminger-kulturecke-ziegenverein","status":"publish","type":"post","link":"https:\/\/echta-derminga.de\/?p=8473","title":{"rendered":"Dirminger Kulturecke: Ziegenverein"},"content":{"rendered":"\n<blockquote class=\"wp-block-quote is-layout-flow wp-block-quote-is-layout-flow\"><p><strong>In der Dirminger Kulturecke erfahren Sie alles was Sie schon immer \u00fcber Dirmingen wissen wollten oder wissen sollten. Wussten Sie schon, dass\u2026\u2026<\/strong><\/p><\/blockquote>\n\n\n\n<p class=\"wp-block-paragraph\" style=\"font-size:18px\"><strong>&#8230;&#8230;&#8230;dass im April des Jahres 1913 der Ziegenzuchtverein Dirmingen, im Gasthaus\u201cGuth\u00f6rl\u201c dem heutigen \u201eSchuhhannesse\u201c, gegr\u00fcndet wurde ?<\/strong><\/p>\n\n\n\n<p class=\"wp-block-paragraph\" style=\"font-size:18px\">Zum ersten Vorsitzenden wurde damals Georg Mayer gew\u00e4hlt. Wie es der Name bereits vermuten l\u00e4sst, befasste sich der Verein damals mit der Ziegenzucht. Unmittelbar nach der Neugr\u00fcndung mussten die Aktivit\u00e4ten des Vereins aufgrund des Ausbruchs des ersten Weltkrieges eingestellt werden. Im Jahre 1930 fanden, laut Niederschrift, die n\u00e4chsten Neuwahlen statt. <\/p>\n\n\n\n<p class=\"wp-block-paragraph\" style=\"font-size:18px\"> Als im 19. Jahrhunderts die Industrialisierung in der Saarregion begonnen hatte, entstand der Berufsstand des Bergmannsbauern. An der Saar entwickelte sich eine florierende Eisen- und Stahlindustrie die sich bis in die D\u00f6rfer auswirkte. Viele Kleinbauernfamilien suchten ein weiteres Auskommen in den neuen Kohlegruben der Saarregion. Nach der Schicht wurde Landwirtschaft betrieben. Dabei verf\u00fcgten die meisten Bergmannsbauern \u00fcber nur wenig Vieh. Ganz schnell machte der Begriff der sogenannten Bergmannskuh oder die Bergmannsziege ihre Runde. Diese Entwicklung d\u00fcrfte die Entstehung des Ziegenvereins voran getrieben haben. Der Ziegenzuchtverein Dirmingen k\u00fcmmerte sich, bei der hohen Anzahl von Bergmannsbauern in Dirmingen, um die Belange der Ziegenzucht in unserem Heimatort.<\/p>\n\n\n\n<div class=\"wp-block-image\"><figure class=\"aligncenter size-large\"><img loading=\"lazy\" decoding=\"async\" width=\"700\" height=\"560\" src=\"https:\/\/echta-derminga.de\/wp-content\/uploads\/2021\/01\/20160830_145744-700x560.jpg\" alt=\"\" class=\"wp-image-8476\" srcset=\"https:\/\/echta-derminga.de\/wp-content\/uploads\/2021\/01\/20160830_145744-700x560.jpg 700w, https:\/\/echta-derminga.de\/wp-content\/uploads\/2021\/01\/20160830_145744-300x240.jpg 300w, https:\/\/echta-derminga.de\/wp-content\/uploads\/2021\/01\/20160830_145744-768x614.jpg 768w, https:\/\/echta-derminga.de\/wp-content\/uploads\/2021\/01\/20160830_145744.jpg 900w\" sizes=\"auto, (max-width: 700px) 100vw, 700px\" \/><\/figure><\/div>\n\n\n\n<p class=\"wp-block-paragraph\" style=\"font-size:18px\"><strong>Bis zum Jahre 1938 konnte das Vereinsleben aufrecht gehalten werden. Die erneuten Ereignisse um den  zweiten Weltkrieg setzten dem Verein sehr zu. Im Laufe dieser schwierigen Zeit kam das Vereinsleben zu erliegen.  Der etwas kleinere Verein konnte sich nach dem zweiten Weltkrieg nicht mehr erholen und gab schlie\u00dflich alle Aktivit\u00e4ten im Vereinsleben auf. Im November des Jahres 1938 finden wir die letzte Niederschrift des Ziegenzuchtvereins Dirmingen.<\/strong><\/p>\n","protected":false},"excerpt":{"rendered":"<p>In der Dirminger Kulturecke erfahren Sie alles was Sie schon immer \u00fcber Dirmingen wissen wollten oder wissen sollten. Wussten Sie schon, dass\u2026\u2026 &#8230;&#8230;&#8230;dass im April des Jahres 1913 der Ziegenzuchtverein Dirmingen, im Gasthaus\u201cGuth\u00f6rl\u201c dem heutigen \u201eSchuhhannesse\u201c, gegr\u00fcndet wurde ? Zum ersten Vorsitzenden wurde damals Georg Mayer gew\u00e4hlt. Wie es der Name bereits vermuten l\u00e4sst, befasste sich der Verein damals mit<\/p>\n","protected":false},"author":1,"featured_media":7539,"comment_status":"closed","ping_status":"closed","sticky":false,"template":"","format":"standard","meta":{"_crdt_document":"","footnotes":""},"categories":[2],"tags":[5,464,98,618,899],"class_list":["post-8473","post","type-post","status-publish","format-standard","has-post-thumbnail","hentry","category-kulturecke","tag-dirmingen","tag-dirminger-kulturecke","tag-eppelborn","tag-gemeinde-eppelborn","tag-ziegenverein"],"_links":{"self":[{"href":"https:\/\/echta-derminga.de\/index.php?rest_route=\/wp\/v2\/posts\/8473","targetHints":{"allow":["GET"]}}],"collection":[{"href":"https:\/\/echta-derminga.de\/index.php?rest_route=\/wp\/v2\/posts"}],"about":[{"href":"https:\/\/echta-derminga.de\/index.php?rest_route=\/wp\/v2\/types\/post"}],"author":[{"embeddable":true,"href":"https:\/\/echta-derminga.de\/index.php?rest_route=\/wp\/v2\/users\/1"}],"replies":[{"embeddable":true,"href":"https:\/\/echta-derminga.de\/index.php?rest_route=%2Fwp%2Fv2%2Fcomments&post=8473"}],"version-history":[{"count":7,"href":"https:\/\/echta-derminga.de\/index.php?rest_route=\/wp\/v2\/posts\/8473\/revisions"}],"predecessor-version":[{"id":8487,"href":"https:\/\/echta-derminga.de\/index.php?rest_route=\/wp\/v2\/posts\/8473\/revisions\/8487"}],"wp:featuredmedia":[{"embeddable":true,"href":"https:\/\/echta-derminga.de\/index.php?rest_route=\/wp\/v2\/media\/7539"}],"wp:attachment":[{"href":"https:\/\/echta-derminga.de\/index.php?rest_route=%2Fwp%2Fv2%2Fmedia&parent=8473"}],"wp:term":[{"taxonomy":"category","embeddable":true,"href":"https:\/\/echta-derminga.de\/index.php?rest_route=%2Fwp%2Fv2%2Fcategories&post=8473"},{"taxonomy":"post_tag","embeddable":true,"href":"https:\/\/echta-derminga.de\/index.php?rest_route=%2Fwp%2Fv2%2Ftags&post=8473"}],"curies":[{"name":"wp","href":"https:\/\/api.w.org\/{rel}","templated":true}]}}