{"id":8657,"date":"2021-01-23T18:55:49","date_gmt":"2021-01-23T17:55:49","guid":{"rendered":"http:\/\/echta-derminga.de\/?p=8657"},"modified":"2021-01-23T19:49:59","modified_gmt":"2021-01-23T18:49:59","slug":"in-den-klauen-der-pandemie-wer-bezahlt-am-ende-die-rechnung-und-was-bleibt","status":"publish","type":"post","link":"https:\/\/echta-derminga.de\/?p=8657","title":{"rendered":"In den Klauen der Pandemie &#8211; Wer bezahlt am Ende die Rechnung und was bleibt?"},"content":{"rendered":"\n<blockquote class=\"wp-block-quote is-layout-flow wp-block-quote-is-layout-flow\"><p>&#8222;<strong><em>Am Ende wird alles gut! Und wenn es noch nicht gut ist, ist es noch nicht das Ende.<\/em><\/strong>&#8222;<\/p><cite><strong><em>Oscar Wilde<\/em><\/strong><\/cite><\/blockquote>\n\n\n\n<p class=\"wp-block-paragraph\" style=\"font-size:18px\">Ein abendlicher Spaziergang durch meinen Heimatort hat mich dazu bewegt, diesen Blog zu schreiben.<\/p>\n\n\n\n<p class=\"wp-block-paragraph\" style=\"font-size:18px\">Fast ein Jahr leben wir nun schon mit dem Corona-Virus. Niemand h\u00e4tte zu Beginn dieser Pandemie damit gerechnet, dass dieser Bazillus einmal unser Leben so nachtr\u00e4chtig ver\u00e4ndern wird. Mittlerweile haben wir in Deutschland \u00fcber 50 000 Menschenleben zu beklagen. Die Kliniken sind \u00fcberf\u00fcllt und die Intensivbetten werden knapp. Ist das alles nur ein Fake oder bittere Realit\u00e4t? Egal welche Meinung wir am Ende teilen, ob wir zum Querdenken aufrufen oder an die Vernunft appellieren, die Pandemie hat uns fest in ihren Krallen.<\/p>\n\n\n\n<p class=\"wp-block-paragraph\" style=\"font-size:18px\"><strong>Ich frage mich: Wie sieht unser Leben nach der Pandemie aus und inwieweit ver\u00e4ndert sich unsere Gesellschaft oder auch unser Dorfleben?<\/strong><\/p>\n\n\n\n<p class=\"wp-block-paragraph\" style=\"font-size:18px\">Ich laufe planlos durch die Stra\u00dfe meines Dorfes und mache mir wirklich gro\u00dfe Sorgen. Frag mich nicht was mich zu diesem abendlichen Streifzug durch unser Dorf getrieben hat. Ich sehne mich nach einem Glas Bier und ein paar Gespr\u00e4chen an der Theke. Mit Freunden Pl\u00e4ne schmieden, diskutieren oder auch einfach mal loslassen. In den Nachrichten habe ich geh\u00f6rt, dass man die Wirtschaft unbedingt weiter am laufen lassen muss. Gro\u00dfe Betriebe werden mit Milliarden subventioniert, w\u00e4hrend andere um ihre Corona-Unterst\u00fctzung bangen. Scheinbar profitieren sogar manche gro\u00dfe Unternehmen, Discounter und Firmen von der Pandemie. W\u00e4hrenddessen m\u00fcssen in unserem Dorf die kleinen Gesch\u00e4fte schlie\u00dfen. Welches Gesch\u00e4ft wird diese Pandemie \u00fcberleben? Der Mittelstand balanciert am Abgrund. Ich schlendere vorbei an unseren Gesch\u00e4ften und teile die Sorgen unserer Gesch\u00e4ftsinhaber. Vor dem Gasthaus \u201eSchuhhannesse\u201c verharre ich eine Sekunde und frage mich ob es \u00fcberhaupt wieder m\u00f6glich sein wird, dort ein gepflegtes Bier zu trinken. Wie kommt unsere Gastronomie zu recht und wie \u00fcberstehen sie diese Zeit. Wer bezahlt Angestellte und Aushilfen und wie viele Gastronomen mussten ihre Mitarbeiter k\u00fcndigen? \u00dcberhaupt stellt sich mir die Frage, wie die Menschen, die am Rand unserer Gesellschaft stehen mit der Situation zurechtkommen. Die Welt steht still und jeder steht vor der Frage: Wie wird es weitergehen?<\/p>\n\n\n\n<div class=\"wp-block-image\"><figure class=\"aligncenter size-large\"><img loading=\"lazy\" decoding=\"async\" width=\"700\" height=\"467\" src=\"https:\/\/echta-derminga.de\/wp-content\/uploads\/2021\/01\/22-1-700x467.jpg\" alt=\"\" class=\"wp-image-8666\" srcset=\"https:\/\/echta-derminga.de\/wp-content\/uploads\/2021\/01\/22-1-700x467.jpg 700w, https:\/\/echta-derminga.de\/wp-content\/uploads\/2021\/01\/22-1-300x200.jpg 300w, https:\/\/echta-derminga.de\/wp-content\/uploads\/2021\/01\/22-1-768x512.jpg 768w, https:\/\/echta-derminga.de\/wp-content\/uploads\/2021\/01\/22-1.jpg 1000w\" sizes=\"auto, (max-width: 700px) 100vw, 700px\" \/><\/figure><\/div>\n\n\n\n<p class=\"wp-block-paragraph\" style=\"font-size:18px\"><strong>Schulen und Kitas bleiben geschlossen und stellen Alleinerziehende wie Doppelverdiener vor gro\u00dfe Probleme. W\u00e4hrend die einen den Spagat zwischen Home-Office, Betreuung, F\u00f6rderung und Aufsicht stemmen m\u00fcssen, stehen Alleinerziehende oftmals vor dem Problem: Wie schaff ich das alles und wer bezahlt mir am Ende meine Rechnungen. Wer unterst\u00fctzt Familie und Alleinerziehende, die sich selbst nicht so gut helfen k\u00f6nnen? Ich denke am Ende werden diejenigen die am Rande unserer Gesellschaft stehen zu den gr\u00f6\u00dften Verlierer dieser Pandemie geh\u00f6ren.<\/strong><\/p>\n\n\n\n<p class=\"wp-block-paragraph\" style=\"font-size:18px\">Die neusten Beschl\u00fcsse der Regierung verlangen das Tragen einer FFP2 Maske beim Einkaufen sowie in Bussen und Bahnen. In Anbetracht dessen wie teuer solche Masken wirklich sind, frage ich mich, ob sich auch wirklich jeder eine solche Maske leisten kann. Sicherheit nur f\u00fcr Wohlhabende? Das w\u00e4re ein echter Alptraum. Ich f\u00fcrchte, die Pandemie versch\u00e4rft die sozialen Unterschiede in unserer Gesellschaft.<\/p>\n\n\n\n<p class=\"wp-block-paragraph\" style=\"font-size:18px\"><strong>Experten bef\u00fcrchten, dass die Kontaktbeschr\u00e4nkungen nicht spurlos an unseren Kindern vorbeigehen. Manche behaupten sogar, dass unsere Kinder bleibende Sch\u00e4den mitnehmen werden. Fakt ist, dass die Kinder sich nicht mehr zum Spielen treffen d\u00fcrfen. Schon das allein kann nicht gut sein. Die sozialen Aspekte werden einfach so weggeschoben. Das Miteinander, der K\u00f6rperkontakt, das Spielen und Raufen fehlt in jeder Hinsicht.<\/strong><\/p>\n\n\n\n<p class=\"wp-block-paragraph\" style=\"font-size:18px\">Noch vor einem Jahr haben wir davon geredet unsere Kinder vor dem PC und den sozialen Medien zu sch\u00fctzen. Heute sind wir darauf angewiesen und f\u00f6rdern den Umgang mit der modernen Technik. Ich mache mir Sorgen um unsere Vereine und vor allen Dingen um unsere Dorfkultur. Obwohl manche Vereine langsam wieder die grobe Planung eines Festes ins Auge fassen, steht l\u00e4ngst noch nicht fest, ob diese Veranstaltungen am Ende auch tats\u00e4chlich durchgef\u00fchrt werden k\u00f6nnen. Ich bef\u00fcrchte, dass ein weiteres Jahr ohne festliche Aktivit\u00e4ten gro\u00dfe Sch\u00e4den in unserer Vereinslandschaft hervorrufen k\u00f6nnte. Keine Einnahmen, kein Vereinsleben, keine neuen Mitglieder, keine Sponsoren. Der pure \u00dcberlebenskampf hat l\u00e4ngst begonnen. Unsere Kultur geh\u00f6rt neben unserer Gesch\u00e4ftswelt zu den weiteren gro\u00dfen Verlierern. Ich sehne mich nach Live-Musik, Party oder einfach nach einem guten Konzert.<\/p>\n\n\n\n<p class=\"wp-block-paragraph\" style=\"font-size:18px\"><strong>Der Mensch ist ein Gewohnheitstier. Die gro\u00dfe Mehrheit der Deutschen h\u00e4lt die Ma\u00dfnahmen zur Bek\u00e4mpfung der Pandemie f\u00fcr angemessen und hat sich an die Maskenpflicht gew\u00f6hnt. Dennoch bleiben Zweifel daran, ob der Burgfrieden noch lange h\u00e4lt. Wie lange sind die Menschen noch bereit mitzumachen. Als Kommunalpolitiker muss ich als Vorbild agieren und vermittelten. In letzter Zeit stelle ich jedoch immer \u00f6fter fest, dass eine gro\u00dfe Unzufriedenheit und eine gewisse Depression sich breit macht. Viele der sicherlich richtigen und wichtigen hygienerechtlichen Ma\u00dfnahmen wirken auf die Bev\u00f6lkerung befremdlich. &nbsp;<\/strong><\/p>\n\n\n\n<p class=\"wp-block-paragraph\" style=\"font-size:18px\">Die Pandemie ver\u00e4ndert alles, auch unser Familienleben. Frauen leisten noch mehr unbezahlte Arbeit als vor der Krise. Ich sehe es t\u00e4glich in meiner eigenen Familie und an meiner Frau, die neben ihrer Arbeit nun auch noch den Schulunterricht unterst\u00fctzen muss und die Hausarbeit stemmt. Ich f\u00fcrchte, dass diese Pandemie auch die vorangetriebene Gleichberechtigung hemmt. Die traditionellen Geschlechterrollen r\u00fccken wieder mehr in den Vordergrund. Auch die h\u00e4usliche Gewalt hat mit Beginn Corona-Pandemie und den damit bedingten Einschr\u00e4nkungen des \u00f6ffentlichen Lebens zugenommen. Schlie\u00dflich beeinflusst der Virus auch unsere Psyche. Ich selbst habe immer \u00f6fter die \u201eFlemm\u201c. Ich will Menschen treffen, Singen, Tanzen und Lachen. Die massiven Einschr\u00e4nkungen im Alltag f\u00f6rdern bei vielen Menschen Depressionen, Angst und psychosomatischen Beschwerden.<\/p>\n\n\n\n<div class=\"wp-block-image\"><figure class=\"aligncenter size-large\"><img loading=\"lazy\" decoding=\"async\" width=\"700\" height=\"467\" src=\"https:\/\/echta-derminga.de\/wp-content\/uploads\/2021\/01\/33-700x467.jpg\" alt=\"\" class=\"wp-image-8667\" srcset=\"https:\/\/echta-derminga.de\/wp-content\/uploads\/2021\/01\/33-700x467.jpg 700w, https:\/\/echta-derminga.de\/wp-content\/uploads\/2021\/01\/33-300x200.jpg 300w, https:\/\/echta-derminga.de\/wp-content\/uploads\/2021\/01\/33-768x512.jpg 768w, https:\/\/echta-derminga.de\/wp-content\/uploads\/2021\/01\/33.jpg 900w\" sizes=\"auto, (max-width: 700px) 100vw, 700px\" \/><\/figure><\/div>\n\n\n\n<p class=\"wp-block-paragraph\" style=\"font-size:18px\"><strong>Am Anfang haben wir uns noch mit der Entschleunigung und mit der neuen Ruhe getr\u00f6stet. Mittlerweile w\u00e4chst die Ungeduld und vielerorts auch das Unverst\u00e4ndnis. Was ist bleibt, wenn der b\u00f6se Bazillus geht? Werden unsere Gesch\u00e4fte wieder \u00f6ffnen, werden die Gasth\u00e4user wieder Bier zapfen und k\u00f6nnen wir wieder unbeschwert Essen gehen?<\/strong><\/p>\n\n\n\n<p class=\"wp-block-paragraph\" style=\"font-size:18px\">Wie wird der Neubeginn f\u00fcr unsere Vereine? Werden noch gen\u00fcgend aktive Mitglieder, Spielerinnen und Spieler und Sponsoren zur Verf\u00fcgung stehen? &nbsp;Wie verkraftet unser Gewerbe diese Pandemie? Werden die Gesch\u00e4fte wiederer\u00f6ffnet und wie gro\u00df ist der wirtschaftliche Schaden?<\/p>\n\n\n\n<p class=\"wp-block-paragraph\" style=\"font-size:18px\"><strong>Viele Fragen, keine Antworten.<\/strong><\/p>\n\n\n\n<p class=\"wp-block-paragraph\" style=\"font-size:18px\">Am Ende tr\u00f6stet das Zitat von Oscar Wilde:<\/p>\n\n\n\n<blockquote class=\"wp-block-quote is-layout-flow wp-block-quote-is-layout-flow\"><p>&#8222;<strong>Am Ende wird alles gut! Und wenn es noch nicht gut ist, ist es noch nicht das Ende.<\/strong>&#8222;<\/p><cite><strong>Oscar Wilde<\/strong><\/cite><\/blockquote>\n\n\n\n<p class=\"wp-block-paragraph\"><\/p>\n","protected":false},"excerpt":{"rendered":"<p>&#8222;Am Ende wird alles gut! Und wenn es noch nicht gut ist, ist es noch nicht das Ende.&#8222; Oscar Wilde Ein abendlicher Spaziergang durch meinen Heimatort hat mich dazu bewegt, diesen Blog zu schreiben. Fast ein Jahr leben wir nun schon mit dem Corona-Virus. Niemand h\u00e4tte zu Beginn dieser Pandemie damit gerechnet, dass dieser Bazillus einmal unser Leben so nachtr\u00e4chtig<\/p>\n","protected":false},"author":1,"featured_media":8665,"comment_status":"open","ping_status":"closed","sticky":false,"template":"","format":"standard","meta":{"_crdt_document":"","footnotes":""},"categories":[1,9,902],"tags":[5,632,618,127,795,310],"class_list":["post-8657","post","type-post","status-publish","format-standard","has-post-thumbnail","hentry","category-allgemein","category-dorfgetratsche","category-meine-meinung","tag-dirmingen","tag-gemeinde-dirmingen","tag-gemeinde-eppelborn","tag-landkreis-neunkirchen","tag-ortsvorsteher-dirmingen","tag-saarland"],"_links":{"self":[{"href":"https:\/\/echta-derminga.de\/index.php?rest_route=\/wp\/v2\/posts\/8657","targetHints":{"allow":["GET"]}}],"collection":[{"href":"https:\/\/echta-derminga.de\/index.php?rest_route=\/wp\/v2\/posts"}],"about":[{"href":"https:\/\/echta-derminga.de\/index.php?rest_route=\/wp\/v2\/types\/post"}],"author":[{"embeddable":true,"href":"https:\/\/echta-derminga.de\/index.php?rest_route=\/wp\/v2\/users\/1"}],"replies":[{"embeddable":true,"href":"https:\/\/echta-derminga.de\/index.php?rest_route=%2Fwp%2Fv2%2Fcomments&post=8657"}],"version-history":[{"count":25,"href":"https:\/\/echta-derminga.de\/index.php?rest_route=\/wp\/v2\/posts\/8657\/revisions"}],"predecessor-version":[{"id":8688,"href":"https:\/\/echta-derminga.de\/index.php?rest_route=\/wp\/v2\/posts\/8657\/revisions\/8688"}],"wp:featuredmedia":[{"embeddable":true,"href":"https:\/\/echta-derminga.de\/index.php?rest_route=\/wp\/v2\/media\/8665"}],"wp:attachment":[{"href":"https:\/\/echta-derminga.de\/index.php?rest_route=%2Fwp%2Fv2%2Fmedia&parent=8657"}],"wp:term":[{"taxonomy":"category","embeddable":true,"href":"https:\/\/echta-derminga.de\/index.php?rest_route=%2Fwp%2Fv2%2Fcategories&post=8657"},{"taxonomy":"post_tag","embeddable":true,"href":"https:\/\/echta-derminga.de\/index.php?rest_route=%2Fwp%2Fv2%2Ftags&post=8657"}],"curies":[{"name":"wp","href":"https:\/\/api.w.org\/{rel}","templated":true}]}}