{"id":8886,"date":"2021-02-12T16:12:18","date_gmt":"2021-02-12T15:12:18","guid":{"rendered":"http:\/\/echta-derminga.de\/?p=8886"},"modified":"2021-02-12T16:46:27","modified_gmt":"2021-02-12T15:46:27","slug":"komm-mir-rufe-hoppla-hopp-vielleicht-bissje-leiser-als-sonschd","status":"publish","type":"post","link":"https:\/\/echta-derminga.de\/?p=8886","title":{"rendered":"Komm, wir rufen \u201eHoppla Hopp\u201c \u2013 Vielleicht &#8222;bissje leiser als sonschd\u2026\u2026&#8220;"},"content":{"rendered":"\n<blockquote class=\"wp-block-quote is-layout-flow wp-block-quote-is-layout-flow\"><p><strong>\u2018S is Faasenacht, \u02c8s is Faasenacht, die Kiechelcher genn gebackt. Eraus damit, eraus damit, mia stegge se in de Sack. \u02c8S is Faasenacht, \u02c8s is Faasenacht, die Kiechelcher genn gebackt. Un wenn mei Mamme kenn Kiechelcher backt, dann peife mia uff die Faasenacht. \u02c8s is Faasenacht, \u02c8s is Faasenacht, die Kiechelcher genn gebackt..<\/strong><\/p><cite>Saarl\u00e4ndisches Kinderlied zur Fastnacht<\/cite><\/blockquote>\n\n\n\n<p class=\"wp-block-paragraph\" style=\"font-size:18px\"><strong>Die n\u00e4rrische f\u00fcnfte Jahreszeit steht in diesem Jahr unter keinem guten Stern. Der b\u00f6se Bazillus verhindert die eigentliche Hochphase der Narrenzeit. Die Stra\u00dfen-Fastnacht, mit ihren landesweiten Umz\u00fcgen und Lindw\u00fcrmern, f\u00e4llt der Pandemie zum Opfer. Gottlob tr\u00e4gt ein echter \u201eFaasebooze\u201c die Fastnacht im Herzen. Jetzt erst recht oder \u201egraad se l\u00e4\u00e4ds\u201c sollte unser Schlachtruf ert\u00f6nen: Hoppla Hopp\u201c<\/strong><\/p>\n\n\n\n<p class=\"wp-block-paragraph\" style=\"font-size:18px\">Warum eigentlich: \u201eHoppla Hopp\u201c? Zugegebenerma\u00dfen gibt es gerade im Saarland viele Karnevalsvereine, die einen eigenen Ausruf pflegen. Nat\u00fcrlich steht der Ausruf \u201eAllez Hopp\u201c wie kein anderer f\u00fcr die saarl\u00e4ndische Fastnacht. F\u00fcr die Dirminger \u201eFaasebooze\u201c war das jedoch zu wenig. Man wollte sich schlicht und einfach absetzen von den Anderen und nicht mit dem Strom schwimmen. Besonders wollte man sich von den Nachbarn abgrenzen und sein eigenes Ding machen. Daraus entstand, schon in fr\u00fchen Zeiten: &#8222;<strong>Hoppla Hopp&#8220;!<\/strong><\/p>\n\n\n\n<p class=\"wp-block-paragraph\" style=\"font-size:18px\"><strong>Die Stra\u00dfen-Fastnacht beginnt traditionell mit der Weiberfastnacht und endet am Aschermittwoch. Normalerweise befindet sich unser KKV Dirmingen w\u00e4hrend dieser Zeit im Ausnahmezustand. Die Teilnahme am Nachtumzug in Macherbach, der Rathausst\u00fcrmung in Eppelborn, der \u201eFaasend-Umzug&#8220; in Berschweiler und dem \u201eFaasend-Umzug&#8220; in Bubach- Calmesweiler kosten letztlich viel Kraft .<\/strong><\/p>\n\n\n\n<figure class=\"wp-block-gallery columns-3 is-cropped wp-block-gallery-1 is-layout-flex wp-block-gallery-is-layout-flex\"><ul class=\"blocks-gallery-grid\"><li class=\"blocks-gallery-item\"><figure><img loading=\"lazy\" decoding=\"async\" width=\"700\" height=\"838\" src=\"https:\/\/echta-derminga.de\/wp-content\/uploads\/2021\/02\/dirmingen972-700x838.jpg\" alt=\"\" data-id=\"8891\" data-full-url=\"https:\/\/echta-derminga.de\/wp-content\/uploads\/2021\/02\/dirmingen972.jpg\" data-link=\"https:\/\/echta-derminga.de\/?attachment_id=8891\" class=\"wp-image-8891\" srcset=\"https:\/\/echta-derminga.de\/wp-content\/uploads\/2021\/02\/dirmingen972-700x838.jpg 700w, https:\/\/echta-derminga.de\/wp-content\/uploads\/2021\/02\/dirmingen972-251x300.jpg 251w, https:\/\/echta-derminga.de\/wp-content\/uploads\/2021\/02\/dirmingen972-768x920.jpg 768w, https:\/\/echta-derminga.de\/wp-content\/uploads\/2021\/02\/dirmingen972.jpg 1003w\" sizes=\"auto, (max-width: 700px) 100vw, 700px\" \/><\/figure><\/li><li class=\"blocks-gallery-item\"><figure><img loading=\"lazy\" decoding=\"async\" width=\"700\" height=\"718\" src=\"https:\/\/echta-derminga.de\/wp-content\/uploads\/2021\/02\/dirmingen973-1-700x718.jpg\" alt=\"\" data-id=\"8892\" data-full-url=\"https:\/\/echta-derminga.de\/wp-content\/uploads\/2021\/02\/dirmingen973-1.jpg\" data-link=\"https:\/\/echta-derminga.de\/?attachment_id=8892\" class=\"wp-image-8892\" srcset=\"https:\/\/echta-derminga.de\/wp-content\/uploads\/2021\/02\/dirmingen973-1-700x718.jpg 700w, https:\/\/echta-derminga.de\/wp-content\/uploads\/2021\/02\/dirmingen973-1-292x300.jpg 292w, https:\/\/echta-derminga.de\/wp-content\/uploads\/2021\/02\/dirmingen973-1-768x788.jpg 768w, https:\/\/echta-derminga.de\/wp-content\/uploads\/2021\/02\/dirmingen973-1.jpg 1220w\" sizes=\"auto, (max-width: 700px) 100vw, 700px\" \/><\/figure><\/li><li class=\"blocks-gallery-item\"><figure><img loading=\"lazy\" decoding=\"async\" width=\"700\" height=\"498\" src=\"https:\/\/echta-derminga.de\/wp-content\/uploads\/2021\/02\/SWScan00101-Kopie-700x498.jpg\" alt=\"\" data-id=\"8893\" data-full-url=\"https:\/\/echta-derminga.de\/wp-content\/uploads\/2021\/02\/SWScan00101-Kopie.bmp\" data-link=\"https:\/\/echta-derminga.de\/?attachment_id=8893\" class=\"wp-image-8893\" srcset=\"https:\/\/echta-derminga.de\/wp-content\/uploads\/2021\/02\/SWScan00101-Kopie-700x498.jpg 700w, https:\/\/echta-derminga.de\/wp-content\/uploads\/2021\/02\/SWScan00101-Kopie-300x214.jpg 300w, https:\/\/echta-derminga.de\/wp-content\/uploads\/2021\/02\/SWScan00101-Kopie-768x547.jpg 768w, https:\/\/echta-derminga.de\/wp-content\/uploads\/2021\/02\/SWScan00101-Kopie.bmp 771w\" sizes=\"auto, (max-width: 700px) 100vw, 700px\" \/><\/figure><\/li><\/ul><\/figure>\n\n\n\n<p class=\"wp-block-paragraph\" style=\"font-size:18px\">Die wenigsten Zeitgenossen wissen, dass es auch mal in Dirmingen einen Rosenmontagsumzug gab. Die Wahl eines Dirminger Prinzenpaares, ein bunter Fastnachtsumzug und eine gro\u00dfe Verhaftungswelle am \u201cFaasend-Dienstag\u201d geh\u00f6rten in den 1950-gern und 1960-ger zu den n\u00e4rrischen Aktivit\u00e4ten der damaligen Karnevalshochburg Dirmingen. Im Rahmen dieses n\u00e4rrischen Treibens wurden Kommunalpolitiker, Gesch\u00e4ftsleute und Lehrer verhaftet. Die Gefangenen konnten sich sp\u00e4ter im &#8222;Hesedenz-Saal&#8220; bei Speisen und Getr\u00e4nken freikaufen. Nebenbei wurde am sogenannten \u201cVeilchen-Dienstag\u201d ein Krammarkt durchgef\u00fchrt. Woher der Name Veilchendienstag kommt, scheint nicht eindeutig gekl\u00e4rt. Es ist nahe liegend, dass wie der Nelkensamstag, Tulpensonntag oder Orchideensonntag die floralen Namen so sch\u00f6n zum Rosenmontag passten. Nach anf\u00e4nglichem Erfolg sank irgendwann das Interesse der Bev\u00f6lkerung an diesen n\u00e4rrischen Veranstaltungen. Die Aktivit\u00e4ten wurden eingestellt und das Brauchtum kam zum Erlegen.<\/p>\n\n\n\n<p class=\"wp-block-paragraph\" style=\"font-size:18px\"><strong>Schon vor dem ersten Weltkrieg war man in Dirmingen bem\u00fcht, den Fastnachtsbrauchtum aufzuwerten. Schon damals gab es einen Fastnachtsumzug am Veilchendienstag. Im Jahre 1903 erschien ein sogenanntes \u201eLiederbuch der Gesellschaft\u201c, mit vielen n\u00e4rrischen Stimmungsliedern. Im Jahre 1903 richtete die Dirminger Fastnachtsgesellschaft \u201cD\u2019moss senn\u201d, zu Dirmingen, erstmals eine gro\u00dfe Fastnachtsveranstaltung mit diversen B\u00e4llen und gro\u00dfen Fastnachtsumzug aus. Im Jahre 1905 stand  das ganze Fastnachts-Wochenende unter dem Motto: \u201dDirminger Faschingsfeier im Jahre des Humors 1905\u2033. Ein entsprechendes Werbeplakat ist zeitgleich das \u00e4lteste vorhandene Dokument \u00fcber karnevalistisches Treiben in unserem Dorf. Vor dem zweiten Weltkrieg hatte sich der damalige Dirminger Handwerkerverein und der Theaterverein Dirmingen um die Durchf\u00fchrung der Fastnacht mit Umzug und Kram \u2013 und Viehmarkt bem\u00fcht.<\/strong><\/p>\n\n\n\n<figure class=\"wp-block-gallery columns-2 is-cropped wp-block-gallery-2 is-layout-flex wp-block-gallery-is-layout-flex\"><ul class=\"blocks-gallery-grid\"><li class=\"blocks-gallery-item\"><figure><img loading=\"lazy\" decoding=\"async\" width=\"700\" height=\"1015\" src=\"https:\/\/echta-derminga.de\/wp-content\/uploads\/2021\/02\/Fas-1-700x1015.jpg\" alt=\"\" data-id=\"8895\" data-link=\"https:\/\/echta-derminga.de\/?attachment_id=8895\" class=\"wp-image-8895\" srcset=\"https:\/\/echta-derminga.de\/wp-content\/uploads\/2021\/02\/Fas-1-700x1015.jpg 700w, https:\/\/echta-derminga.de\/wp-content\/uploads\/2021\/02\/Fas-1-207x300.jpg 207w, https:\/\/echta-derminga.de\/wp-content\/uploads\/2021\/02\/Fas-1-768x1114.jpg 768w, https:\/\/echta-derminga.de\/wp-content\/uploads\/2021\/02\/Fas-1.jpg 800w\" sizes=\"auto, (max-width: 700px) 100vw, 700px\" \/><\/figure><\/li><li class=\"blocks-gallery-item\"><figure><img loading=\"lazy\" decoding=\"async\" width=\"700\" height=\"1293\" src=\"https:\/\/echta-derminga.de\/wp-content\/uploads\/2021\/02\/Fas-2-700x1293.jpg\" alt=\"\" data-id=\"8896\" data-full-url=\"https:\/\/echta-derminga.de\/wp-content\/uploads\/2021\/02\/Fas-2.jpg\" data-link=\"https:\/\/echta-derminga.de\/?attachment_id=8896\" class=\"wp-image-8896\" srcset=\"https:\/\/echta-derminga.de\/wp-content\/uploads\/2021\/02\/Fas-2-700x1293.jpg 700w, https:\/\/echta-derminga.de\/wp-content\/uploads\/2021\/02\/Fas-2-162x300.jpg 162w, https:\/\/echta-derminga.de\/wp-content\/uploads\/2021\/02\/Fas-2-768x1418.jpg 768w, https:\/\/echta-derminga.de\/wp-content\/uploads\/2021\/02\/Fas-2-832x1536.jpg 832w, https:\/\/echta-derminga.de\/wp-content\/uploads\/2021\/02\/Fas-2.jpg 900w\" sizes=\"auto, (max-width: 700px) 100vw, 700px\" \/><\/figure><\/li><\/ul><\/figure>\n\n\n\n<p class=\"wp-block-paragraph\" style=\"font-size:18px\">Im Jahre 2003 wurde der heutige Kolping Karnevalsverein als Untergruppierung der Kolpingsfamilie gegr\u00fcndet. Der KKV Dirmingen bem\u00fcht sich seitdem um den fastn\u00e4chtlichen Brauchtum unseres Heimatortes. Nat\u00fcrlich hat die \u201eFaasend\u201c immer auch etwas mit Heimat und eigener Identit\u00e4t zu tun. Es hat etwas sehr Erhebendes mit seinen Leuten oder seinem Verein die Fastnacht zu feiern, die gleichen Farben zu tragen und den gleichen Ausruf zu schmettern. Dabei spielt nat\u00fcrlich auch Stolz und ein gewisses &#8222;Wir-Gef\u00fchl&#8220; eine gewichtige Rolle. Geschichten entstehen aus Geschichten und Menschen machen Menschen. Am Ende ist es genau das, was wir daraus machen. Gem\u00e4\u00df dem rheinischen Karneval ist es wichtig, dass das Herz im Vordergrund steht und der Humor nicht zu kurz kommt. Man darf gerne auch mal \u00fcber sich selbst lachen. Zuhause ist man dort, wo man sich fallen lassen und einfach so Leben kann wie man m\u00f6chte. Gerade an der Fastnacht wird dies immer wieder deutlich sp\u00fcrbar. Einige Elferratsmitglieder und Akteure kenne ich bereits seit meiner Kindheit. Seite an Seite schlendern wir \u00fcber die Stra\u00dfen, werfen S\u00fc\u00dfigkeiten und rufen \u201cHoppla Hopp\u201d. F\u00fcr einige Stunden vergessen wir die Sorgen und Alltagsprobleme. Fastnacht kann verbinden und ermutigen. Meine beiden T\u00f6chter geh\u00f6ren zur Garde des KKV Dirmingen. Ich m\u00fcsste L\u00fcgen, wenn ich nicht zugeben w\u00fcrde, dass mich dies ein St\u00fcckweit mit Stolz erf\u00fcllt. Meine T\u00f6chter teilen ihre Leidenschaft mit vielen M\u00e4dchen die sie schon seit fr\u00fchster Kindheit kennen. Die Fastnacht f\u00fchrt mir immer wieder vor Augen, wie schnell die Zeit vergeht. Wenn ich die Augen schlie\u00dfe, kann ich viele dieser jungen Frauen als kleines Gardem\u00e4dchen vor mir sehen.<\/p>\n\n\n\n<figure class=\"wp-block-gallery columns-3 is-cropped wp-block-gallery-3 is-layout-flex wp-block-gallery-is-layout-flex\"><ul class=\"blocks-gallery-grid\"><li class=\"blocks-gallery-item\"><figure><img loading=\"lazy\" decoding=\"async\" width=\"644\" height=\"483\" src=\"https:\/\/echta-derminga.de\/wp-content\/uploads\/2020\/02\/3-2-644x483.jpg\" alt=\"\" data-id=\"5551\" data-link=\"https:\/\/echta-derminga.de\/?attachment_id=5551\" class=\"wp-image-5551\" srcset=\"https:\/\/echta-derminga.de\/wp-content\/uploads\/2020\/02\/3-2-644x483.jpg 644w, https:\/\/echta-derminga.de\/wp-content\/uploads\/2020\/02\/3-2-300x225.jpg 300w, https:\/\/echta-derminga.de\/wp-content\/uploads\/2020\/02\/3-2-768x576.jpg 768w, https:\/\/echta-derminga.de\/wp-content\/uploads\/2020\/02\/3-2.jpg 960w\" sizes=\"auto, (max-width: 644px) 100vw, 644px\" \/><\/figure><\/li><li class=\"blocks-gallery-item\"><figure><img loading=\"lazy\" decoding=\"async\" width=\"644\" height=\"533\" src=\"https:\/\/echta-derminga.de\/wp-content\/uploads\/2020\/02\/sd-644x533.jpg\" alt=\"\" data-id=\"5560\" data-link=\"https:\/\/echta-derminga.de\/?attachment_id=5560\" class=\"wp-image-5560\" srcset=\"https:\/\/echta-derminga.de\/wp-content\/uploads\/2020\/02\/sd-644x533.jpg 644w, https:\/\/echta-derminga.de\/wp-content\/uploads\/2020\/02\/sd-300x248.jpg 300w, https:\/\/echta-derminga.de\/wp-content\/uploads\/2020\/02\/sd-768x635.jpg 768w, https:\/\/echta-derminga.de\/wp-content\/uploads\/2020\/02\/sd.jpg 1075w\" sizes=\"auto, (max-width: 644px) 100vw, 644px\" \/><\/figure><\/li><li class=\"blocks-gallery-item\"><figure><img loading=\"lazy\" decoding=\"async\" width=\"700\" height=\"525\" src=\"https:\/\/echta-derminga.de\/wp-content\/uploads\/2021\/02\/Heut-2-700x525.jpg\" alt=\"\" data-id=\"8898\" data-full-url=\"https:\/\/echta-derminga.de\/wp-content\/uploads\/2021\/02\/Heut-2.jpg\" data-link=\"https:\/\/echta-derminga.de\/?attachment_id=8898\" class=\"wp-image-8898\" srcset=\"https:\/\/echta-derminga.de\/wp-content\/uploads\/2021\/02\/Heut-2-700x525.jpg 700w, https:\/\/echta-derminga.de\/wp-content\/uploads\/2021\/02\/Heut-2-300x225.jpg 300w, https:\/\/echta-derminga.de\/wp-content\/uploads\/2021\/02\/Heut-2-768x576.jpg 768w, https:\/\/echta-derminga.de\/wp-content\/uploads\/2021\/02\/Heut-2.jpg 1280w\" sizes=\"auto, (max-width: 700px) 100vw, 700px\" \/><\/figure><\/li><\/ul><\/figure>\n\n\n\n<p class=\"wp-block-paragraph\" style=\"font-size:18px\"><strong>Eigentlich feierte unser KKV Dirmingen im vergangenen Jahr sein 6 x 11 Jubil\u00e4um. Aufgrund der Pandemie wurde die Jubil\u00e4umsveranstaltung in den November 2021 verschoben. \u00dcber 60 Jahre organisierte  &#8222;Derminga Faasend&#8220; der Kolping- Karnevalsfamilie Dirmingen soll also in diesem Jahr gro\u00df gefeiert werden. Viele Menschen haben diesen Verein gepr\u00e4gt und ihren pers\u00f6nlichen Stempel aufgedr\u00fcckt. Ich bin Stolz dazuzugeh\u00f6ren und ein Teil des Ganzen zu sein. Mir fehlt das n\u00e4rrische Treiben rund um die &#8222;Derminga Faasend&#8220;. Mir fehlen meine Freunde vom Elferrat, die sch\u00f6nsten Gardem\u00e4dchen der Welt, die besten B\u00fcttenredner dieses Landes und der beste Nachwuchs den man sich vorstellen kann. Mir fehlt das Lachen und Singen. Mir fehlen die Menschen und die Musik. Mir fehlt die &#8222;Faasend&#8220; !<\/strong><\/p>\n\n\n\n<figure class=\"wp-block-gallery columns-3 is-cropped wp-block-gallery-4 is-layout-flex wp-block-gallery-is-layout-flex\"><ul class=\"blocks-gallery-grid\"><li class=\"blocks-gallery-item\"><figure><img loading=\"lazy\" decoding=\"async\" width=\"700\" height=\"466\" src=\"https:\/\/echta-derminga.de\/wp-content\/uploads\/2021\/02\/11-1-700x466.jpg\" alt=\"\" data-id=\"8899\" data-link=\"https:\/\/echta-derminga.de\/?attachment_id=8899\" class=\"wp-image-8899\" srcset=\"https:\/\/echta-derminga.de\/wp-content\/uploads\/2021\/02\/11-1-700x466.jpg 700w, https:\/\/echta-derminga.de\/wp-content\/uploads\/2021\/02\/11-1-300x200.jpg 300w, https:\/\/echta-derminga.de\/wp-content\/uploads\/2021\/02\/11-1-768x512.jpg 768w, https:\/\/echta-derminga.de\/wp-content\/uploads\/2021\/02\/11-1.jpg 800w\" sizes=\"auto, (max-width: 700px) 100vw, 700px\" \/><\/figure><\/li><li class=\"blocks-gallery-item\"><figure><img loading=\"lazy\" decoding=\"async\" width=\"700\" height=\"466\" src=\"https:\/\/echta-derminga.de\/wp-content\/uploads\/2021\/02\/IMG-20180213-WA0002-700x466.jpg\" alt=\"\" data-id=\"8900\" data-link=\"https:\/\/echta-derminga.de\/?attachment_id=8900\" class=\"wp-image-8900\" srcset=\"https:\/\/echta-derminga.de\/wp-content\/uploads\/2021\/02\/IMG-20180213-WA0002-700x466.jpg 700w, https:\/\/echta-derminga.de\/wp-content\/uploads\/2021\/02\/IMG-20180213-WA0002-300x200.jpg 300w, https:\/\/echta-derminga.de\/wp-content\/uploads\/2021\/02\/IMG-20180213-WA0002-768x512.jpg 768w, https:\/\/echta-derminga.de\/wp-content\/uploads\/2021\/02\/IMG-20180213-WA0002.jpg 1280w\" sizes=\"auto, (max-width: 700px) 100vw, 700px\" \/><\/figure><\/li><li class=\"blocks-gallery-item\"><figure><img loading=\"lazy\" decoding=\"async\" width=\"700\" height=\"524\" src=\"https:\/\/echta-derminga.de\/wp-content\/uploads\/2021\/02\/f2-700x524.jpg\" alt=\"\" data-id=\"8901\" data-full-url=\"https:\/\/echta-derminga.de\/wp-content\/uploads\/2021\/02\/f2.jpg\" data-link=\"https:\/\/echta-derminga.de\/?attachment_id=8901\" class=\"wp-image-8901\" srcset=\"https:\/\/echta-derminga.de\/wp-content\/uploads\/2021\/02\/f2-700x524.jpg 700w, https:\/\/echta-derminga.de\/wp-content\/uploads\/2021\/02\/f2-300x225.jpg 300w, https:\/\/echta-derminga.de\/wp-content\/uploads\/2021\/02\/f2-768x575.jpg 768w, https:\/\/echta-derminga.de\/wp-content\/uploads\/2021\/02\/f2.jpg 800w\" sizes=\"auto, (max-width: 700px) 100vw, 700px\" \/><\/figure><\/li><\/ul><\/figure>\n\n\n\n<p class=\"wp-block-paragraph\" style=\"font-size:18px\"><strong>Die Pandemie zwingt uns in diesem Jahr dazu den Ball flach zu halten. Als echter &#8222;Faasebooz&#8220; leide ich nat\u00fcrlich unter diesen Umst\u00e4nden. Dennoch sollten wir alle tief Luft holen und &#8222;Hoppla Hopp&#8220; ausrufen. Vielleicht ein bisschen leiser als sonst, daf\u00fcr aber um so herzlicher&#8230;&#8230;.Hoppla Hopp !<\/strong><\/p>\n\n\n\n<div class=\"wp-block-image\"><figure class=\"aligncenter size-large\"><img loading=\"lazy\" decoding=\"async\" width=\"700\" height=\"300\" src=\"https:\/\/echta-derminga.de\/wp-content\/uploads\/2021\/02\/IMG-20180210-WA0057-700x300.jpg\" alt=\"\" class=\"wp-image-8902\" srcset=\"https:\/\/echta-derminga.de\/wp-content\/uploads\/2021\/02\/IMG-20180210-WA0057-700x300.jpg 700w, https:\/\/echta-derminga.de\/wp-content\/uploads\/2021\/02\/IMG-20180210-WA0057-300x129.jpg 300w, https:\/\/echta-derminga.de\/wp-content\/uploads\/2021\/02\/IMG-20180210-WA0057-768x329.jpg 768w, https:\/\/echta-derminga.de\/wp-content\/uploads\/2021\/02\/IMG-20180210-WA0057.jpg 1167w\" sizes=\"auto, (max-width: 700px) 100vw, 700px\" \/><\/figure><\/div>\n\n\n\n<div class=\"wp-block-image\"><figure class=\"aligncenter size-large\"><img loading=\"lazy\" decoding=\"async\" width=\"700\" height=\"525\" src=\"https:\/\/echta-derminga.de\/wp-content\/uploads\/2021\/02\/cropped-IMG_20190302_150652_resized_20190304_041432680-1-700x525.jpg\" alt=\"\" class=\"wp-image-8843\" srcset=\"https:\/\/echta-derminga.de\/wp-content\/uploads\/2021\/02\/cropped-IMG_20190302_150652_resized_20190304_041432680-1-700x525.jpg 700w, https:\/\/echta-derminga.de\/wp-content\/uploads\/2021\/02\/cropped-IMG_20190302_150652_resized_20190304_041432680-1-300x225.jpg 300w, https:\/\/echta-derminga.de\/wp-content\/uploads\/2021\/02\/cropped-IMG_20190302_150652_resized_20190304_041432680-1-768x576.jpg 768w, https:\/\/echta-derminga.de\/wp-content\/uploads\/2021\/02\/cropped-IMG_20190302_150652_resized_20190304_041432680-1.jpg 1340w\" sizes=\"auto, (max-width: 700px) 100vw, 700px\" \/><\/figure><\/div>\n","protected":false},"excerpt":{"rendered":"<p>\u2018S is Faasenacht, \u02c8s is Faasenacht, die Kiechelcher genn gebackt. Eraus damit, eraus damit, mia stegge se in de Sack. \u02c8S is Faasenacht, \u02c8s is Faasenacht, die Kiechelcher genn gebackt. Un wenn mei Mamme kenn Kiechelcher backt, dann peife mia uff die Faasenacht. \u02c8s is Faasenacht, \u02c8s is Faasenacht, die Kiechelcher genn gebackt.. Saarl\u00e4ndisches Kinderlied zur Fastnacht Die n\u00e4rrische f\u00fcnfte<\/p>\n","protected":false},"author":1,"featured_media":8890,"comment_status":"open","ping_status":"closed","sticky":false,"template":"","format":"standard","meta":{"_crdt_document":"","footnotes":""},"categories":[1,9,44],"tags":[5,607,31,618,790,127],"class_list":["post-8886","post","type-post","status-publish","format-standard","has-post-thumbnail","hentry","category-allgemein","category-dorfgetratsche","category-meine-faasend","tag-dirmingen","tag-fastnacht","tag-fastnachtsumzug-dirmingen","tag-gemeinde-eppelborn","tag-kappensitzungen-kkv-dirmingen","tag-landkreis-neunkirchen"],"_links":{"self":[{"href":"https:\/\/echta-derminga.de\/index.php?rest_route=\/wp\/v2\/posts\/8886","targetHints":{"allow":["GET"]}}],"collection":[{"href":"https:\/\/echta-derminga.de\/index.php?rest_route=\/wp\/v2\/posts"}],"about":[{"href":"https:\/\/echta-derminga.de\/index.php?rest_route=\/wp\/v2\/types\/post"}],"author":[{"embeddable":true,"href":"https:\/\/echta-derminga.de\/index.php?rest_route=\/wp\/v2\/users\/1"}],"replies":[{"embeddable":true,"href":"https:\/\/echta-derminga.de\/index.php?rest_route=%2Fwp%2Fv2%2Fcomments&post=8886"}],"version-history":[{"count":28,"href":"https:\/\/echta-derminga.de\/index.php?rest_route=\/wp\/v2\/posts\/8886\/revisions"}],"predecessor-version":[{"id":8935,"href":"https:\/\/echta-derminga.de\/index.php?rest_route=\/wp\/v2\/posts\/8886\/revisions\/8935"}],"wp:featuredmedia":[{"embeddable":true,"href":"https:\/\/echta-derminga.de\/index.php?rest_route=\/wp\/v2\/media\/8890"}],"wp:attachment":[{"href":"https:\/\/echta-derminga.de\/index.php?rest_route=%2Fwp%2Fv2%2Fmedia&parent=8886"}],"wp:term":[{"taxonomy":"category","embeddable":true,"href":"https:\/\/echta-derminga.de\/index.php?rest_route=%2Fwp%2Fv2%2Fcategories&post=8886"},{"taxonomy":"post_tag","embeddable":true,"href":"https:\/\/echta-derminga.de\/index.php?rest_route=%2Fwp%2Fv2%2Ftags&post=8886"}],"curies":[{"name":"wp","href":"https:\/\/api.w.org\/{rel}","templated":true}]}}