{"id":9000,"date":"2021-02-18T17:27:19","date_gmt":"2021-02-18T16:27:19","guid":{"rendered":"http:\/\/echta-derminga.de\/?p=9000"},"modified":"2021-02-18T19:03:23","modified_gmt":"2021-02-18T18:03:23","slug":"in-sachen-ortsvorsteher-von-wichtigen-sanierungsmassnahmen-schmerzlichen-absagen-und-einer-anderen-fastnacht","status":"publish","type":"post","link":"https:\/\/echta-derminga.de\/?p=9000","title":{"rendered":"In Sachen Ortsvorsteher: Von wichtigen Sanierungsma\u00dfnahmen, schmerzlichen Absagen und einer anderen Fastnacht"},"content":{"rendered":"\n<p class=\"wp-block-paragraph\" style=\"font-size:18px\"><strong>Mitten in diese Pandemie platzte die Nachricht von einem schrecklichen Verkehrsunfall in unserer Ortsmitte. Ich m\u00f6chte an dieser Stelle allen Beteiligten und Angeh\u00f6rigen mein tiefstes Mitgef\u00fchl aussprechen. Irgendwie scheinen die schlechten Nachrichten kein Ende nehmen zu wollen. Ich w\u00fcnsche allen B\u00fcrgerinnen und B\u00fcrgern die Kraft weiter zumachen und den Kurs zu halten. Bitte achten Sie auf sich, ihre Familien und Freunde.<\/strong> <strong>Sollten Sie bez\u00fcglich der anhaltenden Pandemie meine Unterst\u00fctzung ben\u00f6tigen, k\u00f6nnen sie mich jederzeit kontaktieren.<\/strong><\/p>\n\n\n\n<p class=\"wp-block-paragraph\" style=\"font-size:18px\"><strong>KKV Dirmingen rettet mit viel Innovation und Herzblut die &#8222;Derminga Faasend&#8220;<\/strong><\/p>\n\n\n\n<p class=\"wp-block-paragraph\" style=\"font-size:18px\">Die diesj\u00e4hrige Fastnacht stand im Schatten der Pandemie. Unser KKV Dirmingen stellte sich dem Virus mit viel Herzblut und Innovation entgegen. In Begleitung des KKV Vorsitzenden Frank Schlicher und des KKV Urgesteins Benno Fries durfte ich am &#8222;Fetten Donnerstag&#8220; die Rothenbergschule, die Kita &#8222;Pusteblume&#8220; sowie die FGTS Grundschule Wiesbach-Dirmingen besuchen. Ziel war es den Kindern mit &#8222;Faasendgutzja&#8220; wenigstens ein wenig Fastnachtsgef\u00fchl zu vermitteln. Nat\u00fcrlich wurde bei unserem Besuch auf die vorgeschriebenen Hygienerichtlinien und das Tragen von FFP2-Masken geachtet. Die Kinder unserer Kita &#8222;Pusteblume&#8220; durfte hinter den Fensterscheiben bei gen\u00fcgend Abstand zuwinken. Die &#8222;Faasendgutzja&#8220; wurden dem zust\u00e4ndigen Lehr-und Betreuungspersonal auf dem Schulhof \u00fcbergeben. Die Aktion wurde von Benno Fries und seiner Tochter Dagmar bestens organisiert. Auch der Saarl\u00e4ndische Rundfunk war vor Ort und interviewte den KKV- Vorsitzenden Frank Schlicher. W\u00e4hrend des Fastnachtswochenendes pr\u00e4sentierte sich unser KKV Dirmingen im Netz mit gro\u00dfartigen n\u00e4rrischen Videos. Neben einem R\u00fcckblick 6 x11 KKV Dirmingen wurde ein virtueller Fastnachtsumzug mit vielen witzigen Videos und sch\u00f6nen Bildern aufgenommen und das n\u00e4rrische Volk pr\u00e4sentiert. Ich m\u00f6chte mich an dieser Stelle herzlich bei den Mitgliedern des KKV Dirmingen f\u00fcr ihr Engagement f\u00fcr die Dirminger Fastnacht bedanken. Ein besonderer Dank geht an Benno Fries, seine Tochter Dagmar Fries sowie an Frank Schlicher und seinen Vorstand. Unseren &#8222;Faasebooze&#8220; ist es in eindrucksvoller Art und Weise gelungen dem Virus mit n\u00e4rrischen Aktivit\u00e4ten und viel Herzblut entgegenzuwirken.<\/p>\n\n\n\n<figure class=\"wp-block-gallery columns-3 is-cropped wp-block-gallery-1 is-layout-flex wp-block-gallery-is-layout-flex\"><ul class=\"blocks-gallery-grid\"><li class=\"blocks-gallery-item\"><figure><img loading=\"lazy\" decoding=\"async\" width=\"700\" height=\"565\" src=\"https:\/\/echta-derminga.de\/wp-content\/uploads\/2021\/02\/149184260_3705458096215555_6691777173479015088_o-700x565.jpg\" alt=\"\" data-id=\"9006\" data-full-url=\"https:\/\/echta-derminga.de\/wp-content\/uploads\/2021\/02\/149184260_3705458096215555_6691777173479015088_o.jpg\" data-link=\"https:\/\/echta-derminga.de\/?attachment_id=9006\" class=\"wp-image-9006\" srcset=\"https:\/\/echta-derminga.de\/wp-content\/uploads\/2021\/02\/149184260_3705458096215555_6691777173479015088_o-700x565.jpg 700w, https:\/\/echta-derminga.de\/wp-content\/uploads\/2021\/02\/149184260_3705458096215555_6691777173479015088_o-300x242.jpg 300w, https:\/\/echta-derminga.de\/wp-content\/uploads\/2021\/02\/149184260_3705458096215555_6691777173479015088_o-768x620.jpg 768w, https:\/\/echta-derminga.de\/wp-content\/uploads\/2021\/02\/149184260_3705458096215555_6691777173479015088_o.jpg 900w\" sizes=\"auto, (max-width: 700px) 100vw, 700px\" \/><\/figure><\/li><li class=\"blocks-gallery-item\"><figure><img loading=\"lazy\" decoding=\"async\" width=\"700\" height=\"467\" src=\"https:\/\/echta-derminga.de\/wp-content\/uploads\/2021\/02\/149041316_1046588465829511_6739057204510446050_o-1-700x467.jpg\" alt=\"\" data-id=\"9004\" data-full-url=\"https:\/\/echta-derminga.de\/wp-content\/uploads\/2021\/02\/149041316_1046588465829511_6739057204510446050_o-1.jpg\" data-link=\"https:\/\/echta-derminga.de\/?attachment_id=9004\" class=\"wp-image-9004\" srcset=\"https:\/\/echta-derminga.de\/wp-content\/uploads\/2021\/02\/149041316_1046588465829511_6739057204510446050_o-1-700x467.jpg 700w, https:\/\/echta-derminga.de\/wp-content\/uploads\/2021\/02\/149041316_1046588465829511_6739057204510446050_o-1-300x200.jpg 300w, https:\/\/echta-derminga.de\/wp-content\/uploads\/2021\/02\/149041316_1046588465829511_6739057204510446050_o-1-768x512.jpg 768w, https:\/\/echta-derminga.de\/wp-content\/uploads\/2021\/02\/149041316_1046588465829511_6739057204510446050_o-1.jpg 900w\" sizes=\"auto, (max-width: 700px) 100vw, 700px\" \/><\/figure><\/li><li class=\"blocks-gallery-item\"><figure><img loading=\"lazy\" decoding=\"async\" width=\"700\" height=\"467\" src=\"https:\/\/echta-derminga.de\/wp-content\/uploads\/2021\/02\/dfaerg-700x467.jpg\" alt=\"\" data-id=\"9008\" data-full-url=\"https:\/\/echta-derminga.de\/wp-content\/uploads\/2021\/02\/dfaerg.jpg\" data-link=\"https:\/\/echta-derminga.de\/?attachment_id=9008\" class=\"wp-image-9008\" srcset=\"https:\/\/echta-derminga.de\/wp-content\/uploads\/2021\/02\/dfaerg-700x467.jpg 700w, https:\/\/echta-derminga.de\/wp-content\/uploads\/2021\/02\/dfaerg-300x200.jpg 300w, https:\/\/echta-derminga.de\/wp-content\/uploads\/2021\/02\/dfaerg-768x512.jpg 768w, https:\/\/echta-derminga.de\/wp-content\/uploads\/2021\/02\/dfaerg-1536x1024.jpg 1536w, https:\/\/echta-derminga.de\/wp-content\/uploads\/2021\/02\/dfaerg.jpg 1740w\" sizes=\"auto, (max-width: 700px) 100vw, 700px\" \/><\/figure><\/li><\/ul><\/figure>\n\n\n\n<p class=\"wp-block-paragraph\" style=\"font-size:18px\"><strong>Sanierung der K\u00fcche und des Nebenraums in der Borrwieshalle Dirmingen<\/strong><\/p>\n\n\n\n<p class=\"wp-block-paragraph\" style=\"font-size:18px\">Mit der Sanierung des Nebenraums und der K\u00fcche unserer Borrwieshalle wurde ein langersehnter Wunsch des Ortsrates, zahlreicher Vereine und vieler B\u00fcrgerinnen und B\u00fcrger realisiert. Seit vielen Jahren stand die Sanierung des Nebenraums und der K\u00fcche auf der Priorit\u00e4tenliste unseres Ortsrates. Nachdem bereits im vergangenen Jahr der Nebenraum frisch gestrichen und aufgewertet wurde, bekam nun auch die K\u00fcche ein neues Aussehe verliehen. W\u00e4nde wurden gestrichen, die Decke erneuert, neue K\u00fcchenger\u00e4te und eine neue mobile Arbeitsplatte angeschafft. Zudem wurde die langersehnte Sp\u00fclmaschine und neue K\u00fchlschr\u00e4nke und ein neuer Ofen eingekauft. Der neue Anstrich l\u00e4sst die komplette K\u00fcche heller und freundlicher wirken. In naher Zukunft soll nach Auskunft des Hallen- und Freizeitbetriebes auch noch neues Besteck angeschafft werden. Mit diesen nun abgeschlossenen Sanierungsarbeiten betreibt der Nebenraum endlich wieder Werbung in eigener Sache. Ohnehin wurde in den letzten Monaten vieles an der Borrwieshalle gearbeitet. Die komplette Hallenanlage wurde neu eingez\u00e4unt und sieht nunmehr sehr gepflegt aus. W\u00e4hrend der offiziellen Abnahme am Donnerstag, 18. Februar 2021 durfte ich mich in Begleitung unseres B\u00fcrgermeisters Dr. Andreas Feld von dem Ergebnis der Sanierungsarbeiten \u00fcberzeugen. Ich freue mich \u00fcber das Resultat und m\u00f6chte auch an dieser Stelle allen beteiligten danken. Mein Dank geht an den Hallen- und Freizeitbetrieb um Frau Darlagianni, Frau M\u00fcller und Herrn Hans-Peter Hoffmann, an die Gemeindeverwaltung um B\u00fcrgermeister Dr. Feld, an die Mitarbeiter der technischen Hausverwaltung Herrn Torsten Fuchs, Willi Hoffmann und Markus Braun sowie an die zust\u00e4ndigen Mitarbeiter der Gemeindeverwaltung und auch an den Ortsrat Dirmingen, der bis zuletzt den Kurs gehalten hatte. \u00a0<\/p>\n\n\n\n<figure class=\"wp-block-gallery columns-3 is-cropped wp-block-gallery-2 is-layout-flex wp-block-gallery-is-layout-flex\"><ul class=\"blocks-gallery-grid\"><li class=\"blocks-gallery-item\"><figure><img loading=\"lazy\" decoding=\"async\" width=\"700\" height=\"394\" src=\"https:\/\/echta-derminga.de\/wp-content\/uploads\/2021\/02\/2-700x394.jpg\" alt=\"\" data-id=\"9009\" data-link=\"https:\/\/echta-derminga.de\/?attachment_id=9009\" class=\"wp-image-9009\" srcset=\"https:\/\/echta-derminga.de\/wp-content\/uploads\/2021\/02\/2-700x394.jpg 700w, https:\/\/echta-derminga.de\/wp-content\/uploads\/2021\/02\/2-300x169.jpg 300w, https:\/\/echta-derminga.de\/wp-content\/uploads\/2021\/02\/2-768x432.jpg 768w, https:\/\/echta-derminga.de\/wp-content\/uploads\/2021\/02\/2.jpg 900w\" sizes=\"auto, (max-width: 700px) 100vw, 700px\" \/><\/figure><\/li><li class=\"blocks-gallery-item\"><figure><img loading=\"lazy\" decoding=\"async\" width=\"700\" height=\"394\" src=\"https:\/\/echta-derminga.de\/wp-content\/uploads\/2021\/02\/3-1-700x394.jpg\" alt=\"\" data-id=\"9010\" data-link=\"https:\/\/echta-derminga.de\/?attachment_id=9010\" class=\"wp-image-9010\" srcset=\"https:\/\/echta-derminga.de\/wp-content\/uploads\/2021\/02\/3-1-700x394.jpg 700w, https:\/\/echta-derminga.de\/wp-content\/uploads\/2021\/02\/3-1-300x169.jpg 300w, https:\/\/echta-derminga.de\/wp-content\/uploads\/2021\/02\/3-1-768x432.jpg 768w, https:\/\/echta-derminga.de\/wp-content\/uploads\/2021\/02\/3-1.jpg 900w\" sizes=\"auto, (max-width: 700px) 100vw, 700px\" \/><\/figure><\/li><li class=\"blocks-gallery-item\"><figure><img loading=\"lazy\" decoding=\"async\" width=\"900\" height=\"506\" src=\"https:\/\/echta-derminga.de\/wp-content\/uploads\/2021\/02\/4-700x394.jpg\" alt=\"\" data-id=\"9011\" data-link=\"https:\/\/echta-derminga.de\/?attachment_id=9011\" class=\"wp-image-9011\" srcset=\"https:\/\/echta-derminga.de\/wp-content\/uploads\/2021\/02\/4-700x394.jpg 700w, https:\/\/echta-derminga.de\/wp-content\/uploads\/2021\/02\/4-300x169.jpg 300w, https:\/\/echta-derminga.de\/wp-content\/uploads\/2021\/02\/4-768x432.jpg 768w, https:\/\/echta-derminga.de\/wp-content\/uploads\/2021\/02\/4.jpg 900w\" sizes=\"auto, (max-width: 900px) 100vw, 900px\" \/><\/figure><\/li><li class=\"blocks-gallery-item\"><figure><img loading=\"lazy\" decoding=\"async\" width=\"700\" height=\"394\" src=\"https:\/\/echta-derminga.de\/wp-content\/uploads\/2021\/02\/5-1-700x394.jpg\" alt=\"\" data-id=\"9012\" data-link=\"https:\/\/echta-derminga.de\/?attachment_id=9012\" class=\"wp-image-9012\" srcset=\"https:\/\/echta-derminga.de\/wp-content\/uploads\/2021\/02\/5-1-700x394.jpg 700w, https:\/\/echta-derminga.de\/wp-content\/uploads\/2021\/02\/5-1-300x169.jpg 300w, https:\/\/echta-derminga.de\/wp-content\/uploads\/2021\/02\/5-1-768x432.jpg 768w, https:\/\/echta-derminga.de\/wp-content\/uploads\/2021\/02\/5-1.jpg 900w\" sizes=\"auto, (max-width: 700px) 100vw, 700px\" \/><\/figure><\/li><li class=\"blocks-gallery-item\"><figure><img loading=\"lazy\" decoding=\"async\" width=\"700\" height=\"394\" src=\"https:\/\/echta-derminga.de\/wp-content\/uploads\/2021\/02\/6-700x394.jpg\" alt=\"\" data-id=\"9013\" data-full-url=\"https:\/\/echta-derminga.de\/wp-content\/uploads\/2021\/02\/6.jpg\" data-link=\"https:\/\/echta-derminga.de\/?attachment_id=9013\" class=\"wp-image-9013\" srcset=\"https:\/\/echta-derminga.de\/wp-content\/uploads\/2021\/02\/6-700x394.jpg 700w, https:\/\/echta-derminga.de\/wp-content\/uploads\/2021\/02\/6-300x169.jpg 300w, https:\/\/echta-derminga.de\/wp-content\/uploads\/2021\/02\/6-768x432.jpg 768w, https:\/\/echta-derminga.de\/wp-content\/uploads\/2021\/02\/6.jpg 900w\" sizes=\"auto, (max-width: 700px) 100vw, 700px\" \/><\/figure><\/li><\/ul><\/figure>\n\n\n\n<p class=\"wp-block-paragraph\" style=\"font-size:18px\"><strong>Sanierung der Toilettenanlage des Dirminger Friedhofes<\/strong><\/p>\n\n\n\n<p class=\"wp-block-paragraph\" style=\"font-size:18px\">Am Donnerstag den 25.02.2021 beginnen die Sanierungsarbeiten an der Toilettenanlage des Dirminger Friedhofes. Die Sanierungsarbeiten werden voraussichtlich bis Freitag den 26.03.2021 andauern. Die Toilettenanlage ist w\u00e4hrend der gesamten Ma\u00dfnahme nicht benutzbar. Ich habe bereits im Herbst des vergangenen Jahres auf diese Sanierungsarbeiten hingewiesen und bitte Sie nunmehr um Kenntnisnahme. Die Toilettenanlage des Friedhofes ist sanierungsbed\u00fcrftig und soll nun dementsprechend auf Vordermann gebracht werden. Ich freue mich \u00fcber diese wichtige Investition auf dem Dirminger Friedhof und bitte Sie um Verst\u00e4ndnis.<\/p>\n\n\n\n<div class=\"wp-block-image\"><figure class=\"aligncenter size-large\"><img loading=\"lazy\" decoding=\"async\" width=\"700\" height=\"466\" src=\"https:\/\/echta-derminga.de\/wp-content\/uploads\/2020\/08\/Dirmingen-003-700x466.jpg\" alt=\"\" class=\"wp-image-7222\" srcset=\"https:\/\/echta-derminga.de\/wp-content\/uploads\/2020\/08\/Dirmingen-003-700x466.jpg 700w, https:\/\/echta-derminga.de\/wp-content\/uploads\/2020\/08\/Dirmingen-003-300x200.jpg 300w, https:\/\/echta-derminga.de\/wp-content\/uploads\/2020\/08\/Dirmingen-003-768x512.jpg 768w, https:\/\/echta-derminga.de\/wp-content\/uploads\/2020\/08\/Dirmingen-003-120x80.jpg 120w, https:\/\/echta-derminga.de\/wp-content\/uploads\/2020\/08\/Dirmingen-003.jpg 800w\" sizes=\"auto, (max-width: 700px) 100vw, 700px\" \/><\/figure><\/div>\n\n\n\n<p class=\"wp-block-paragraph\" style=\"font-size:18px\"><strong>Zweigstelle der Kita Pusteblume auf dem Rotenberg \u00f6ffnet im Fr\u00fchjahr<\/strong><\/p>\n\n\n\n<p class=\"wp-block-paragraph\" style=\"font-size:18px\">Der Ausbau der Krippen- und Kindergartenpl\u00e4tze in unserer Gemeinde wird, wie bereits berichtet, weiter vorangetrieben. B\u00fcrgermeister Dr. Andreas Feld gab unl\u00e4ngst bekannt, dass die Sanierungsarbeiten am ehemaligen katholischen Kindergarten auf Hochtouren laufen. In Dirmingen freuen wir uns dar\u00fcber, dass der ehemalige Kindergarten auf dem Rotenberg reaktiviert und bald wieder genutzt werden kann. Mittlerweile hat sich der zust\u00e4ndige Ausschuss im Gemeinderat schon mit der Personalsituation besch\u00e4ftigt. Es wurden neue Mitarbeiter eingestellt. Sollte alles nach Plan laufen, k\u00f6nnte die Zweigestelle auf dem Rothenberg noch im Fr\u00fchjahr ihren Betrieb aufnehmen. F\u00fcr viele Familien in unserer Gemeinde bietet die \u00d6ffnung dieser Zweigstelle auf dem Rotenberg eine gro\u00dfe Entlastung und eine echte Chance.  <\/p>\n\n\n\n<div class=\"wp-block-image\"><figure class=\"aligncenter size-large\"><img loading=\"lazy\" decoding=\"async\" width=\"700\" height=\"418\" src=\"https:\/\/echta-derminga.de\/wp-content\/uploads\/2021\/02\/300-700x418.jpg\" alt=\"\" class=\"wp-image-9016\" srcset=\"https:\/\/echta-derminga.de\/wp-content\/uploads\/2021\/02\/300-700x418.jpg 700w, https:\/\/echta-derminga.de\/wp-content\/uploads\/2021\/02\/300-300x179.jpg 300w, https:\/\/echta-derminga.de\/wp-content\/uploads\/2021\/02\/300-768x459.jpg 768w, https:\/\/echta-derminga.de\/wp-content\/uploads\/2021\/02\/300-500x300.jpg 500w, https:\/\/echta-derminga.de\/wp-content\/uploads\/2021\/02\/300.jpg 859w\" sizes=\"auto, (max-width: 700px) 100vw, 700px\" \/><\/figure><\/div>\n\n\n\n<p class=\"wp-block-paragraph\" style=\"font-size:18px\"><strong>Fr\u00fchling auf Finkenrech wurde abgesagt!<\/strong><\/p>\n\n\n\n<p class=\"wp-block-paragraph\" style=\"font-size:18px\">Der Landkreis Neunkirchen hat im Laufe der Woche die bef\u00fcrchtete Absage der sessionalen Veranstaltung &#8222;Fr\u00fchling auf Finkenrech&#8220; best\u00e4tigt. Bis zuletzt hat man versucht an einem Konzept f\u00fcr einen \u201eFr\u00fchling auf Finkenrech\u201c unter Corona-Bedingungen zu arbeiten. Mittlerweile hat sich die Lage aber soweit zugespitzt, dass man die Veranstaltung im April absagen musste. Letzendlich ist eine Durchf\u00fchrung dieser Gro\u00dfveranstaltung unter den vorgegebenen Hygienerichtlinien nicht m\u00f6glich.<\/p>\n\n\n\n<p class=\"wp-block-paragraph\" style=\"font-size:18px\"><strong>Piccobello-Aktion wurde abgesagt!<\/strong><\/p>\n\n\n\n<p class=\"wp-block-paragraph\" style=\"font-size:18px\">In Abstimmung mit dem saarl\u00e4ndischen Umweltministerium hat der EVS zwischenzeitlich entschieden, dass die picobello-Sammelaktion, der allj\u00e4hrliche \u201eFr\u00fchjahrsputz f\u00fcrs Saarland\u201c, in diesem Jahr coronabedingt nochmals abgesagt wird. Diese unfreiwillige \u201eCorona-Pause\u201c sollte jedoch genutzt werden, um zu zeigen, dass hinter der Kampagne weit mehr steckt als eine reine M\u00fcllsammelaktion. So wird es ganzj\u00e4hrig Wettbewerbsformate und viele ansprechende Informationen zum Themenkreis Abfallvermeidung, M\u00fclltrennung und wilder M\u00fcll geben. Ich denke, dass dies ein durchaus guter Ansatz darstellt. Immerhin gibt es in unserer Gemeinde und auch in unserem Heimatort immer wieder unerlaubte M\u00fcllentsorgung. In diesem Zusammenhang m\u00f6chte ich allen Mitb\u00fcrgerinnen und Mitb\u00fcrgern die sich immer wieder um die Entsorgung der unerlaubten M\u00fcllablagerung k\u00fcmmern, ganz herzlich danken. Es ist nicht Selbstverst\u00e4ndlich, dass Menschen den M\u00fcll anderer aufheben und entsorgen. Dankesch\u00f6n !<\/p>\n\n\n\n<p class=\"wp-block-paragraph\" style=\"font-size:18px\"><strong>Verteilung von FFP2 Masken<\/strong><\/p>\n\n\n\n<p class=\"wp-block-paragraph\" style=\"font-size:18px\">Sollten Sie noch FFP 2 Masken ben\u00f6tigen k\u00f6nnen Sie sich gerne jederzeit mit mir in Verbindung setzen. Ich verf\u00fcge immer noch \u00fcber ein gutes Kontingent und m\u00f6chte diese verschenken. Bitte scheuen Sie nicht davor zur\u00fcck mich zu kontaktieren. Solange der Vorrat reicht bin ich jederzeit bereit auszuhelfen.<\/p>\n\n\n\n<p class=\"wp-block-paragraph\" style=\"font-size:18px\">Wir m\u00fcssen die Zeichen der Zeit annehmen und darauf eine gemeinsame Antwort finden. Ansonsten \u00e4ndert sich hier \u00fcberhaupt nichts,&#8230;.wenn wir es nicht \u00e4ndern.<\/p>\n\n\n\n<p class=\"wp-block-paragraph\" style=\"font-size:18px\">Ihr Ortsvorsteher<\/p>\n\n\n\n<p class=\"wp-block-paragraph\" style=\"font-size:18px\">Frank Klein<\/p>\n","protected":false},"excerpt":{"rendered":"<p>Mitten in diese Pandemie platzte die Nachricht von einem schrecklichen Verkehrsunfall in unserer Ortsmitte. Ich m\u00f6chte an dieser Stelle allen Beteiligten und Angeh\u00f6rigen mein tiefstes Mitgef\u00fchl aussprechen. Irgendwie scheinen die schlechten Nachrichten kein Ende nehmen zu wollen. Ich w\u00fcnsche allen B\u00fcrgerinnen und B\u00fcrgern die Kraft weiter zumachen und den Kurs zu halten. Bitte achten Sie auf sich, ihre Familien und<\/p>\n","protected":false},"author":1,"featured_media":9019,"comment_status":"open","ping_status":"closed","sticky":false,"template":"","format":"standard","meta":{"_crdt_document":"","footnotes":""},"categories":[1,9,812],"tags":[618,127,203,795,310],"class_list":["post-9000","post","type-post","status-publish","format-standard","has-post-thumbnail","hentry","category-allgemein","category-dorfgetratsche","category-ortsvorsteher-dirmingen","tag-gemeinde-eppelborn","tag-landkreis-neunkirchen","tag-ortsrat-dirmingen","tag-ortsvorsteher-dirmingen","tag-saarland"],"_links":{"self":[{"href":"https:\/\/echta-derminga.de\/index.php?rest_route=\/wp\/v2\/posts\/9000","targetHints":{"allow":["GET"]}}],"collection":[{"href":"https:\/\/echta-derminga.de\/index.php?rest_route=\/wp\/v2\/posts"}],"about":[{"href":"https:\/\/echta-derminga.de\/index.php?rest_route=\/wp\/v2\/types\/post"}],"author":[{"embeddable":true,"href":"https:\/\/echta-derminga.de\/index.php?rest_route=\/wp\/v2\/users\/1"}],"replies":[{"embeddable":true,"href":"https:\/\/echta-derminga.de\/index.php?rest_route=%2Fwp%2Fv2%2Fcomments&post=9000"}],"version-history":[{"count":18,"href":"https:\/\/echta-derminga.de\/index.php?rest_route=\/wp\/v2\/posts\/9000\/revisions"}],"predecessor-version":[{"id":9033,"href":"https:\/\/echta-derminga.de\/index.php?rest_route=\/wp\/v2\/posts\/9000\/revisions\/9033"}],"wp:featuredmedia":[{"embeddable":true,"href":"https:\/\/echta-derminga.de\/index.php?rest_route=\/wp\/v2\/media\/9019"}],"wp:attachment":[{"href":"https:\/\/echta-derminga.de\/index.php?rest_route=%2Fwp%2Fv2%2Fmedia&parent=9000"}],"wp:term":[{"taxonomy":"category","embeddable":true,"href":"https:\/\/echta-derminga.de\/index.php?rest_route=%2Fwp%2Fv2%2Fcategories&post=9000"},{"taxonomy":"post_tag","embeddable":true,"href":"https:\/\/echta-derminga.de\/index.php?rest_route=%2Fwp%2Fv2%2Ftags&post=9000"}],"curies":[{"name":"wp","href":"https:\/\/api.w.org\/{rel}","templated":true}]}}