{"id":9104,"date":"2021-02-26T11:21:11","date_gmt":"2021-02-26T10:21:11","guid":{"rendered":"http:\/\/echta-derminga.de\/?p=9104"},"modified":"2021-02-26T11:21:12","modified_gmt":"2021-02-26T10:21:12","slug":"die-suedpforte-des-naturpark-saar-hunsrueck-oeffnet-sich-in-dirmingen","status":"publish","type":"post","link":"https:\/\/echta-derminga.de\/?p=9104","title":{"rendered":"Die S\u00fcdpforte des Naturpark Saar-Hunsr\u00fcck \u00f6ffnet sich in Dirmingen"},"content":{"rendered":"\n<p class=\"wp-block-paragraph\" style=\"font-size:18px\"><strong>Der Naturpark Saar-Hunsr\u00fcck erstreckt sich \u00fcber das n\u00f6rdliche Saarland und den S\u00fcdwesten von Rheinland-Pfalz. Das Gebiet beinhaltet mit dem Hunsr\u00fcck, dem pf\u00e4lzisch-saarl\u00e4ndische Muschelkalkgebiet, dem Moseltal, dem Gutland und dem Saar-Nahe-Bergland insgesamt f\u00fcnf Naturgebiete. Die Natur und Kultur im Naturpark-Saar Hunsr\u00fcck ist facettenreich und vielf\u00e4ltig. Ausgedehnten Waldfl\u00e4chen, artenreichen Wiesen, wundersch\u00f6ne Fluss- und Bacht\u00e4ler, und sehenswerte Felsformationen. Der Park zieht sich \u00fcber die H\u00f6hen des Hunsr\u00fccks bis zu den sonnigen Weinbergen an Mosel, Saar, Ruwer und Nahe. Wanderer, Naturfreunde, Sportler und Kulturfreunde werden sich in dieser reizvollen Natur- und Kulturlandschaft wohlf\u00fchlen.<\/strong><\/p>\n\n\n\n<p class=\"wp-block-paragraph\" style=\"font-size:18px\">In ganz Deutschland repr\u00e4sentieren Naturparks ihre Landschaft und ihre Kultur. Der Naturpark Saar-Hunsr\u00fcck zeichnet sich vor allem durch die vielf\u00e4ltige, abwechslungsreiche Natur- und Kulturlandschaft, die Formenvielfalt einzelner Naturr\u00e4ume sowie den kleinr\u00e4umigen Wechsel der Gegebenheiten aus. Um die Ziele zu verwirklichen, werden die Kr\u00e4fte im Naturpark Saar-Hunsr\u00fcck geb\u00fcndelt: Die Gesamtfl\u00e4che des Naturparks betr\u00e4gt 2.055 Quadratkilometer und umfasst die Landkreise Birkenfeld, Bernkastel-Wittlich, Merzig-Wadern, Neunkirchen, Saarlouis, St. Wendel und Trier-Saarburg mit ihren Gemeinden, Verbands-Gemeinden und St\u00e4dten. Der Verein setzt sich aus 37 Mitgliedsk\u00f6rperschaften sowie F\u00f6rdermitgliedschaften von Vereinen, Verb\u00e4nden und Privatpersonen zusammen. In unserem sch\u00f6nen Saarland geh\u00f6ren die Gemeinden:<\/p>\n\n\n\n<div class=\"wp-block-image\"><figure class=\"aligncenter size-large\"><img loading=\"lazy\" decoding=\"async\" width=\"700\" height=\"126\" src=\"https:\/\/echta-derminga.de\/wp-content\/uploads\/2021\/02\/1111-700x126.jpg\" alt=\"\" class=\"wp-image-9114\" srcset=\"https:\/\/echta-derminga.de\/wp-content\/uploads\/2021\/02\/1111-700x126.jpg 700w, https:\/\/echta-derminga.de\/wp-content\/uploads\/2021\/02\/1111-300x54.jpg 300w, https:\/\/echta-derminga.de\/wp-content\/uploads\/2021\/02\/1111-768x138.jpg 768w, https:\/\/echta-derminga.de\/wp-content\/uploads\/2021\/02\/1111.jpg 1000w\" sizes=\"auto, (max-width: 700px) 100vw, 700px\" \/><\/figure><\/div>\n\n\n\n<p class=\"wp-block-paragraph\" style=\"font-size:18px\">Perl, Mettlach, Losheim am See, Merzig, Weiskirchen, Wadern, Beckingen, Rehlingen-Siersburg, Wallerfangen, Nonnweiler, Tholey, Nohfelden, Oberthal, Namborn, St. Wendel und Freisen; Stadtteile D\u00f6rsdorf und Steinbach der Stadt Lebach; Ortsteile Dorf, Limbach und Michelbach der Gemeinde Schmelz sowie der Ortsteil Dirmingen der Gemeinde Eppelborn zum Naturpark Saar-Hunsr\u00fcck.<\/p>\n\n\n\n<p class=\"wp-block-paragraph\" style=\"font-size:18px\"><strong>Dirmingen bildet die S\u00fcdpforte des Naturparks und ist der einzige Ortsteil unserer Gemeinde, der sich zu den Mitgliedsortschaften z\u00e4hlen darf. Das Freizeitzentrum Finkenrech spielte bei der Entscheidung Dirmingen aufzunehmen, bestimmt eine gewichtige Rolle.<\/strong><\/p>\n\n\n\n<p class=\"wp-block-paragraph\" style=\"font-size:18px\">F\u00fcr die Gemeinde Eppelborn ist die Mitgliedschaft Dirmingens im Naturpark Saar-Hunsr\u00fcck von gewichtiger Bedeutung. In der Regel sind Naturparks gro\u00dfr\u00e4umige Schutzgebiete mit landschaftlichen Vorz\u00fcgen. Zudem k\u00f6nnen Naturparks die Basis der regionalen Entwicklung f\u00f6rdern. Die dadurch entstehende F\u00f6rderung des sanften Tourismus pr\u00e4gen den Naturschutz und auch die Kulturlandschaft. Der Naturpark soll Zukunftschancen schaffen und die vorhandene Natur und Kulturlandschaft bewahren und weiterentwickeln. Unser Heimatort Dirmingen tr\u00e4gt mit seiner schlichten Sch\u00f6nheit und Vielfalt zu der gro\u00dfartigen Natur- und Kulturlandschaft im Naturpark Saar-Hunsr\u00fcck ein gro\u00dfes St\u00fcck bei. In der neu gestalteten Umwelt und Freizeitzentrum Finkenrech oder im Naherholungsgebiet \u201eSteinrausche\u201c k\u00f6nnen Sie Natur und Kultur hautnah erleben. Schon allein diese beiden Naherholungsgebiete sind gute Gr\u00fcnde daf\u00fcr, dass Dirmingen die \u201eS\u00fcdpforte\u201c des Naturparks Saar-Hunsr\u00fcck bilden darf.<\/p>\n\n\n\n<figure class=\"wp-block-gallery columns-3 is-cropped wp-block-gallery-1 is-layout-flex wp-block-gallery-is-layout-flex\"><ul class=\"blocks-gallery-grid\"><li class=\"blocks-gallery-item\"><figure><img loading=\"lazy\" decoding=\"async\" width=\"700\" height=\"525\" src=\"https:\/\/echta-derminga.de\/wp-content\/uploads\/2021\/01\/bild-8-700x525.jpg\" alt=\"\" data-id=\"8570\" data-full-url=\"https:\/\/echta-derminga.de\/wp-content\/uploads\/2021\/01\/bild-8.jpg\" data-link=\"https:\/\/echta-derminga.de\/?attachment_id=8570\" class=\"wp-image-8570\" srcset=\"https:\/\/echta-derminga.de\/wp-content\/uploads\/2021\/01\/bild-8-700x525.jpg 700w, https:\/\/echta-derminga.de\/wp-content\/uploads\/2021\/01\/bild-8-300x225.jpg 300w, https:\/\/echta-derminga.de\/wp-content\/uploads\/2021\/01\/bild-8-768x576.jpg 768w, https:\/\/echta-derminga.de\/wp-content\/uploads\/2021\/01\/bild-8.jpg 900w\" sizes=\"auto, (max-width: 700px) 100vw, 700px\" \/><\/figure><\/li><li class=\"blocks-gallery-item\"><figure><img loading=\"lazy\" decoding=\"async\" width=\"700\" height=\"525\" src=\"https:\/\/echta-derminga.de\/wp-content\/uploads\/2020\/11\/20-700x525.jpg\" alt=\"\" data-id=\"7791\" data-full-url=\"https:\/\/echta-derminga.de\/wp-content\/uploads\/2020\/11\/20.jpg\" data-link=\"https:\/\/echta-derminga.de\/?attachment_id=7791\" class=\"wp-image-7791\" srcset=\"https:\/\/echta-derminga.de\/wp-content\/uploads\/2020\/11\/20-700x525.jpg 700w, https:\/\/echta-derminga.de\/wp-content\/uploads\/2020\/11\/20-300x225.jpg 300w, https:\/\/echta-derminga.de\/wp-content\/uploads\/2020\/11\/20-768x576.jpg 768w, https:\/\/echta-derminga.de\/wp-content\/uploads\/2020\/11\/20.jpg 900w\" sizes=\"auto, (max-width: 700px) 100vw, 700px\" \/><\/figure><\/li><li class=\"blocks-gallery-item\"><figure><img loading=\"lazy\" decoding=\"async\" width=\"644\" height=\"483\" src=\"https:\/\/echta-derminga.de\/wp-content\/uploads\/2020\/11\/Parkhotel-644x483-2.jpg\" alt=\"\" data-id=\"7773\" data-full-url=\"https:\/\/echta-derminga.de\/wp-content\/uploads\/2020\/11\/Parkhotel-644x483-2.jpg\" data-link=\"https:\/\/echta-derminga.de\/?attachment_id=7773\" class=\"wp-image-7773\" srcset=\"https:\/\/echta-derminga.de\/wp-content\/uploads\/2020\/11\/Parkhotel-644x483-2.jpg 644w, https:\/\/echta-derminga.de\/wp-content\/uploads\/2020\/11\/Parkhotel-644x483-2-300x225.jpg 300w\" sizes=\"auto, (max-width: 644px) 100vw, 644px\" \/><\/figure><\/li><\/ul><\/figure>\n\n\n\n<p class=\"wp-block-paragraph\" style=\"font-size:18px\"><strong>Im vergangenen Jahr 2020 feierte der Naturpark-Sar Hunsr\u00fcck sein 40 Jubil\u00e4um. P\u00fcnktlich zum eigenen Geburtstagsfest rief der Verein die Aktion:\u201c40 gr\u00fcne Landmarken zum Naturpark-Jubil\u00e4um\u201c ins Leben. Im Naturpark sollten als besonderes Zeichen 40 B\u00e4ume neu eingepflanzt werden. Unserem Heimatort Dirmingen wurde ebenfalls die Ehre zu Teil einen solchen Baum zu erhalten. Nach Absprache mit der Gemeindeverwaltung haben wir uns dazu entschlossen, dieses Baumgeschenk mit dazugeh\u00f6riger Stele im Br\u00fchlpark aufzustellen. Am Dienstag, 23. Februar 2021 wurde der Baum im Br\u00fchlpark neu eingepflanzt. Die Biodiversit\u00e4tsstele soll in naher Zukunft aufgestellt werden. Dieser \u201egr\u00fcne Startschuss\u201c passt genau in die Zukunftspl\u00e4ne unseres Heimatortes. Der Br\u00fchlpark inmitten unseres Dorfes soll ohnehin eine Aufwertung erfahren.<\/strong><\/p>\n\n\n\n<div class=\"wp-block-image\"><figure class=\"aligncenter size-large\"><img loading=\"lazy\" decoding=\"async\" width=\"700\" height=\"472\" src=\"https:\/\/echta-derminga.de\/wp-content\/uploads\/2021\/02\/100-2-700x472.jpg\" alt=\"\" class=\"wp-image-9121\" srcset=\"https:\/\/echta-derminga.de\/wp-content\/uploads\/2021\/02\/100-2-700x472.jpg 700w, https:\/\/echta-derminga.de\/wp-content\/uploads\/2021\/02\/100-2-300x202.jpg 300w, https:\/\/echta-derminga.de\/wp-content\/uploads\/2021\/02\/100-2-768x518.jpg 768w, https:\/\/echta-derminga.de\/wp-content\/uploads\/2021\/02\/100-2.jpg 1000w\" sizes=\"auto, (max-width: 700px) 100vw, 700px\" \/><\/figure><\/div>\n\n\n\n<p class=\"wp-block-paragraph\" style=\"font-size:18px\">In einer gesonderten Stellungnahme teilt der Naturpark mit:\u201c An kulturgeschichtlich bedeutenden Orten oder bei historischen Ereignissen wurden fr\u00fcher oft Einzelb\u00e4ume gepflanzt. Ihr besonderer Wuchs, majest\u00e4tisches Aussehen und hohes Alter hat sie zu gr\u00fcnen Landmarken oder Dorftreffpunkten werden lassen und viele Menschen fasziniert. Sie spenden Schatten, sch\u00fctzen vor Wind und Regen, regulieren Klima und Wasserhaushalt, bieten Lebensraum f\u00fcr zahlreiche Tiere und gestalten unsere liebenswerte Heimat. Viele knorrige Zeitzeugen leben nicht mehr, junge Einzelb\u00e4ume brauchen \u00fcber ein Menschenleben hinaus Zeit, bis sie ihre stattliche Gr\u00f6\u00dfe und Umfang erreichen. Um zuk\u00fcnftigen Generationen derartige Landschafts- und Dorfbilder pr\u00e4gende Altb\u00e4ume erleben zu lassen, wollen wir zum Naturpark-Jubil\u00e4um 40 klimawandelf\u00e4hige Einzelb\u00e4ume wie z. B. Eiche, Winterlinde, Wildbirne, Hainbuche, Speierling, Walnuss, Mehl- oder Elsbeere im Herbst 2020 pflanzen. Biodiversit\u00e4tsstelen mit Wildbienennistm\u00f6glichkeiten werden sie begleiten. Ihre Anregung f\u00fcr einen landschaftspr\u00e4genden oder inner\u00f6rtlichen Pflanzort in unserer Heimat, der z. B. Geschichte schreiben wird, Wegemarke oder Treffpunkt werden soll, nehmen wir gerne entgegen. Den Baum inkl. Pfahl, Verbiss- u. W\u00fchlmausschutz sowie Biodiversit\u00e4tsstele stellen wir bereit.\u201c<\/p>\n\n\n\n<p class=\"wp-block-paragraph\" style=\"font-size:18px\"><strong>Als Ortsvorsteher von Dirmingen hat mich der Gemeinderat zum Mitglied des Vorstandes des Naturpark Saar-Hunsr\u00fcck berufen. Dieser Schritt macht Sinn und hat zudem Tradition. Aufgrund der Tatsache, dass einzig Dirmingen Mitglied des Naturparks ist, sollte auch ein Vertreter dieses Dorfes Mitspracherecht besitzen. Die Arbeit im Gremium ist interessant und aufschlussreich f\u00fcr meine Arbeit.<\/strong><\/p>\n\n\n\n<figure class=\"wp-block-gallery columns-3 is-cropped wp-block-gallery-2 is-layout-flex wp-block-gallery-is-layout-flex\"><ul class=\"blocks-gallery-grid\"><li class=\"blocks-gallery-item\"><figure><img loading=\"lazy\" decoding=\"async\" width=\"644\" height=\"483\" src=\"https:\/\/echta-derminga.de\/wp-content\/uploads\/2019\/12\/kv-0-644x483.jpg\" alt=\"\" data-id=\"5061\" data-full-url=\"https:\/\/echta-derminga.de\/wp-content\/uploads\/2019\/12\/kv-0.jpg\" data-link=\"https:\/\/echta-derminga.de\/?attachment_id=5061\" class=\"wp-image-5061\" srcset=\"https:\/\/echta-derminga.de\/wp-content\/uploads\/2019\/12\/kv-0-644x483.jpg 644w, https:\/\/echta-derminga.de\/wp-content\/uploads\/2019\/12\/kv-0-300x225.jpg 300w, https:\/\/echta-derminga.de\/wp-content\/uploads\/2019\/12\/kv-0-768x576.jpg 768w, https:\/\/echta-derminga.de\/wp-content\/uploads\/2019\/12\/kv-0.jpg 960w\" sizes=\"auto, (max-width: 644px) 100vw, 644px\" \/><\/figure><\/li><li class=\"blocks-gallery-item\"><figure><img loading=\"lazy\" decoding=\"async\" width=\"644\" height=\"483\" src=\"https:\/\/echta-derminga.de\/wp-content\/uploads\/2019\/07\/Echt-3-644x483.jpg\" alt=\"\" data-id=\"4084\" data-full-url=\"https:\/\/echta-derminga.de\/wp-content\/uploads\/2019\/07\/Echt-3.jpg\" data-link=\"https:\/\/echta-derminga.de\/?attachment_id=4084\" class=\"wp-image-4084\" srcset=\"https:\/\/echta-derminga.de\/wp-content\/uploads\/2019\/07\/Echt-3-644x483.jpg 644w, https:\/\/echta-derminga.de\/wp-content\/uploads\/2019\/07\/Echt-3-300x225.jpg 300w, https:\/\/echta-derminga.de\/wp-content\/uploads\/2019\/07\/Echt-3-768x576.jpg 768w, https:\/\/echta-derminga.de\/wp-content\/uploads\/2019\/07\/Echt-3.jpg 800w\" sizes=\"auto, (max-width: 644px) 100vw, 644px\" \/><\/figure><\/li><li class=\"blocks-gallery-item\"><figure><img loading=\"lazy\" decoding=\"async\" width=\"644\" height=\"483\" src=\"https:\/\/echta-derminga.de\/wp-content\/uploads\/2018\/07\/Echti-2-1-644x483.jpg\" alt=\"\" data-id=\"1694\" data-full-url=\"https:\/\/echta-derminga.de\/wp-content\/uploads\/2018\/07\/Echti-2-1.jpg\" data-link=\"https:\/\/echta-derminga.de\/?attachment_id=1694\" class=\"wp-image-1694\" srcset=\"https:\/\/echta-derminga.de\/wp-content\/uploads\/2018\/07\/Echti-2-1-644x483.jpg 644w, https:\/\/echta-derminga.de\/wp-content\/uploads\/2018\/07\/Echti-2-1-300x225.jpg 300w, https:\/\/echta-derminga.de\/wp-content\/uploads\/2018\/07\/Echti-2-1-768x576.jpg 768w, https:\/\/echta-derminga.de\/wp-content\/uploads\/2018\/07\/Echti-2-1.jpg 800w\" sizes=\"auto, (max-width: 644px) 100vw, 644px\" \/><\/figure><\/li><\/ul><\/figure>\n\n\n\n<p class=\"wp-block-paragraph\" style=\"font-size:18px\">Dirmingen scheint im Naturpark Saar-Hunsr\u00fcck angekommen zu sein. Im Jahre 2919 gab es einen offiziellen Startschuss f\u00fcr die erste Naturpark-Kita im Saarland. Im Beisein von Umweltminister Reinhold Jost, zahlreichen G\u00e4sten aus dem Schul- und Bildungswesen, au\u00dferschulischen Umweltbildungspartnern des Naturparks sowie Kindern der Kita &#8222;Pusteblume&#8220; und der Grundschule Wiesbach-Dirmingen \u00fcberreichte der Naturpark-Vorstandsvorsitzende Landrat Udo Recktenwald die Urkunde und Plakette zur ersten Naturkpark-Kita. Dies ist eine Tatsache, die unser Dirminger durchaus mit Stolz erf\u00fcllen k\u00f6nnte. Zuk\u00fcnftig unterst\u00fctzt der Naturpark als au\u00dferschulischer Bildungspartner die Vermittlung von Referenten und Arbeitsmaterial. Die Kita hingegen hat sich zur Aufgabe gemacht, die Themen unserer Heimat wie Natur, Umwelt und die damit verbundene regionale Kultur spannend und zeitgem\u00e4\u00df den Kindern zu vermitteln. Die Kinder sollten w\u00e4hrend Thementagen oder Ausfl\u00fcgen ihre Heimat auf authentische Weise kennen und sch\u00e4tzen lernen. Unsere Grundschule Wiesbach-Dirmingen sowie unsere Kita Pusteblume sind also mit besonderem Auftrag unterwegs. Mittlerweile gibt es 7 Naturpark-Schulen im Verband, dazu geh\u00f6rt auch unsere Grundschule. Die Dirminger Kita-Pusteblume wurde als erste saarl\u00e4ndische Kindertagesst\u00e4tte mit dieser Bezeichnung versehen. Unsere Naturpark- Kita &#8222;Pusteblume&#8220; und unserer Naturpark- Grundschule Wiesbach-Dirmingen  bereitet mir gro\u00dfe Hoffnung. Kinder lernen recht fr\u00fch ihre Heimat zu entdecken und zu erleben. Dabei ist es wichtig, dass jeder seine Wurzeln kennenlernt. F\u00fcr unsere Kinder entstehen somit viele neue spannende M\u00f6glichkeiten. Bereits im vergangenen Jahr durfte ich als Heimatforscher den Kindern der Grundschule anhand von \u00e4lteren und heutigen Bildern aufzeigen, wie sich unsere Heimat ver\u00e4ndert und entwickelt hat.<\/p>\n\n\n\n<figure class=\"wp-block-gallery columns-2 is-cropped wp-block-gallery-3 is-layout-flex wp-block-gallery-is-layout-flex\"><ul class=\"blocks-gallery-grid\"><li class=\"blocks-gallery-item\"><figure><img loading=\"lazy\" decoding=\"async\" width=\"700\" height=\"397\" src=\"https:\/\/echta-derminga.de\/wp-content\/uploads\/2021\/02\/Auftakt_Naturpark-Kita-im-Saarland-700x397.jpg\" alt=\"\" data-id=\"9107\" data-link=\"https:\/\/echta-derminga.de\/?attachment_id=9107\" class=\"wp-image-9107\" srcset=\"https:\/\/echta-derminga.de\/wp-content\/uploads\/2021\/02\/Auftakt_Naturpark-Kita-im-Saarland-700x397.jpg 700w, https:\/\/echta-derminga.de\/wp-content\/uploads\/2021\/02\/Auftakt_Naturpark-Kita-im-Saarland-300x170.jpg 300w, https:\/\/echta-derminga.de\/wp-content\/uploads\/2021\/02\/Auftakt_Naturpark-Kita-im-Saarland-768x436.jpg 768w, https:\/\/echta-derminga.de\/wp-content\/uploads\/2021\/02\/Auftakt_Naturpark-Kita-im-Saarland.jpg 1200w\" sizes=\"auto, (max-width: 700px) 100vw, 700px\" \/><\/figure><\/li><li class=\"blocks-gallery-item\"><figure><img loading=\"lazy\" decoding=\"async\" width=\"700\" height=\"325\" src=\"https:\/\/echta-derminga.de\/wp-content\/uploads\/2021\/02\/Pressefoto-Wiesbach-Dirmingen-700x325.jpg\" alt=\"\" data-id=\"9108\" data-full-url=\"https:\/\/echta-derminga.de\/wp-content\/uploads\/2021\/02\/Pressefoto-Wiesbach-Dirmingen.jpg\" data-link=\"https:\/\/echta-derminga.de\/?attachment_id=9108\" class=\"wp-image-9108\" srcset=\"https:\/\/echta-derminga.de\/wp-content\/uploads\/2021\/02\/Pressefoto-Wiesbach-Dirmingen-700x325.jpg 700w, https:\/\/echta-derminga.de\/wp-content\/uploads\/2021\/02\/Pressefoto-Wiesbach-Dirmingen-300x139.jpg 300w, https:\/\/echta-derminga.de\/wp-content\/uploads\/2021\/02\/Pressefoto-Wiesbach-Dirmingen-768x357.jpg 768w, https:\/\/echta-derminga.de\/wp-content\/uploads\/2021\/02\/Pressefoto-Wiesbach-Dirmingen.jpg 950w\" sizes=\"auto, (max-width: 700px) 100vw, 700px\" \/><\/figure><\/li><\/ul><\/figure>\n\n\n\n<p class=\"wp-block-paragraph\" style=\"font-size:18px\"><strong>Die Mitgliedschaft Dirminges im Naturpark Saar Hunsr\u00fcck ist eine sogenannte Win-Win-Situation. Der Park profitiert von einem wichtigen Mitgliedsort mit wundersch\u00f6nen Naherholungsgebieten und einer ausgepr\u00e4gten Kulturlandschaft. Dirmingen hingegen profitiert von der Unterst\u00fctzung und dem Facetten Reichtum des Naturparks-Saar Hunsr\u00fcck.<\/strong><\/p>\n","protected":false},"excerpt":{"rendered":"<p>Der Naturpark Saar-Hunsr\u00fcck erstreckt sich \u00fcber das n\u00f6rdliche Saarland und den S\u00fcdwesten von Rheinland-Pfalz. Das Gebiet beinhaltet mit dem Hunsr\u00fcck, dem pf\u00e4lzisch-saarl\u00e4ndische Muschelkalkgebiet, dem Moseltal, dem Gutland und dem Saar-Nahe-Bergland insgesamt f\u00fcnf Naturgebiete. Die Natur und Kultur im Naturpark-Saar Hunsr\u00fcck ist facettenreich und vielf\u00e4ltig. Ausgedehnten Waldfl\u00e4chen, artenreichen Wiesen, wundersch\u00f6ne Fluss- und Bacht\u00e4ler, und sehenswerte Felsformationen. Der Park zieht sich \u00fcber<\/p>\n","protected":false},"author":1,"featured_media":9095,"comment_status":"open","ping_status":"closed","sticky":false,"template":"","format":"standard","meta":{"_crdt_document":"","footnotes":""},"categories":[1,9,902],"tags":[5,618,127,207,583,795,310,820],"class_list":["post-9104","post","type-post","status-publish","format-standard","has-post-thumbnail","hentry","category-allgemein","category-dorfgetratsche","category-meine-meinung","tag-dirmingen","tag-gemeinde-eppelborn","tag-landkreis-neunkirchen","tag-naherholungsgebiet-finkenrech","tag-neunkirchen","tag-ortsvorsteher-dirmingen","tag-saarland","tag-steinrausche"],"_links":{"self":[{"href":"https:\/\/echta-derminga.de\/index.php?rest_route=\/wp\/v2\/posts\/9104","targetHints":{"allow":["GET"]}}],"collection":[{"href":"https:\/\/echta-derminga.de\/index.php?rest_route=\/wp\/v2\/posts"}],"about":[{"href":"https:\/\/echta-derminga.de\/index.php?rest_route=\/wp\/v2\/types\/post"}],"author":[{"embeddable":true,"href":"https:\/\/echta-derminga.de\/index.php?rest_route=\/wp\/v2\/users\/1"}],"replies":[{"embeddable":true,"href":"https:\/\/echta-derminga.de\/index.php?rest_route=%2Fwp%2Fv2%2Fcomments&post=9104"}],"version-history":[{"count":10,"href":"https:\/\/echta-derminga.de\/index.php?rest_route=\/wp\/v2\/posts\/9104\/revisions"}],"predecessor-version":[{"id":9150,"href":"https:\/\/echta-derminga.de\/index.php?rest_route=\/wp\/v2\/posts\/9104\/revisions\/9150"}],"wp:featuredmedia":[{"embeddable":true,"href":"https:\/\/echta-derminga.de\/index.php?rest_route=\/wp\/v2\/media\/9095"}],"wp:attachment":[{"href":"https:\/\/echta-derminga.de\/index.php?rest_route=%2Fwp%2Fv2%2Fmedia&parent=9104"}],"wp:term":[{"taxonomy":"category","embeddable":true,"href":"https:\/\/echta-derminga.de\/index.php?rest_route=%2Fwp%2Fv2%2Fcategories&post=9104"},{"taxonomy":"post_tag","embeddable":true,"href":"https:\/\/echta-derminga.de\/index.php?rest_route=%2Fwp%2Fv2%2Ftags&post=9104"}],"curies":[{"name":"wp","href":"https:\/\/api.w.org\/{rel}","templated":true}]}}