{"id":9123,"date":"2021-02-24T13:03:12","date_gmt":"2021-02-24T12:03:12","guid":{"rendered":"http:\/\/echta-derminga.de\/?p=9123"},"modified":"2021-02-24T13:04:38","modified_gmt":"2021-02-24T12:04:38","slug":"in-sachen-ortsvorsteher-von-einer-baumlandmarke-einer-neuen-postfiliale-wichtigen-sanierungen-und-themen-im-ortsrat","status":"publish","type":"post","link":"https:\/\/echta-derminga.de\/?p=9123","title":{"rendered":"In Sachen Ortsvorsteher: Von einer  Baumlandmarke, einer neuen Postfiliale, wichtigen Sanierungen und Themen im Ortsrat"},"content":{"rendered":"\n<p class=\"wp-block-paragraph\" style=\"font-size:18px\"><strong>Liebe Dirmingerinnen und liebe Dirminger,<\/strong><\/p>\n\n\n\n<p class=\"wp-block-paragraph\" style=\"font-size:18px\">ich kann mir gut vorstellen, dass auch Sie von dieser Pandemie und ihren Auswirkungen M\u00fcde geworden sind. Bestimmt sehnen Sie sich nach sozialen Kontakten, nach Freunden und vielleicht auch nach ihrem Hobby. Ich kann Ihnen versichern, dass es mir genauso geht. Der harte Lockdown und der damit verbundene Verzicht nervt. Dennoch bitte ich Sie den Kurs zu halten. Auch in unserem Heimatort gab es inzwischen F\u00e4lle mit schweren Krankheitsverl\u00e4ufen und sogar Todesf\u00e4lle. Mein Mitgef\u00fchl ist bei den Hinterbliebenen sowie bei allen Kranken. Ich hoffe, dass wir recht bald und gut durch diese Pandemie kommen werden. Eine gute Nachricht ist, dass zumindest wieder unsere Grundsch\u00fclerinnen und Grundsch\u00fcler ihren Unterricht besuchen d\u00fcrfen. Hingegen bitte ich gerade \u00e4ltere und kranke Menschen von unserer Nachbarschaftshilfegruppe Gebrauch zu machen. Sollten Sie noch FFP2 Masken ben\u00f6tigen, k\u00f6nnen Sie sich jederzeit gerne an mich wenden. Ich w\u00fcnsche Ihnen und Ihren Familien viel Kraft und Zuversicht.<\/p>\n\n\n\n<p class=\"wp-block-paragraph\" style=\"font-size:18px\"><strong>Baumlandmarke zum Jubil\u00e4um als &#8222;gr\u00fcner Startschuss\u201c&#8220; im Br\u00fchlpark<\/strong><\/p>\n\n\n\n<p class=\"wp-block-paragraph\" style=\"font-size:18px\">Dirmingen bildet die S\u00fcdpforte des Naturpark Saar Hunsr\u00fcck. Im vergangenen Jahr feierte der Verband sein 40. Jubil\u00e4um. Als besonderes Zeichen dieses Jubil\u00e4ums werden nun in den Mitgliedsortschaften B\u00e4ume als gr\u00fcne Landmarken gepflanzt. Gemeinsam mit unserem B\u00fcrgermeister Dr. Andreas Feld und Herrn Marx vom Naturpark durfte ich am Dienstag, 23. Februar 2021 eine Winterlinde in unseren Br\u00fchlpark pflanzen. Die Biodiversit\u00e4tsstele soll in den kommenden Wochen folgen und wird unmittelbar vor den Baum gestellt. Sp\u00e4testens in ein paar Jahren wird der Baum mit seiner Bl\u00fcte und seinem Duft unseren Park bereichern. Mit dieser Baumpflanzung erh\u00e4lt unser Br\u00fchlpark eine weitere, wenn auch nur kleine, aber sch\u00f6ne Aufwertung. Beim Thema Br\u00fchlpark sollten wir alle Kr\u00e4fte b\u00fcndeln und zusammen an einer sinnvollen Aufwertung arbeiten.<\/p>\n\n\n\n<figure class=\"wp-block-gallery columns-3 is-cropped wp-block-gallery-1 is-layout-flex wp-block-gallery-is-layout-flex\"><ul class=\"blocks-gallery-grid\"><li class=\"blocks-gallery-item\"><figure><img loading=\"lazy\" decoding=\"async\" width=\"700\" height=\"394\" src=\"https:\/\/echta-derminga.de\/wp-content\/uploads\/2021\/02\/20210223_141852-700x394.jpg\" alt=\"\" data-id=\"9132\" data-link=\"https:\/\/echta-derminga.de\/?attachment_id=9132\" class=\"wp-image-9132\" srcset=\"https:\/\/echta-derminga.de\/wp-content\/uploads\/2021\/02\/20210223_141852-700x394.jpg 700w, https:\/\/echta-derminga.de\/wp-content\/uploads\/2021\/02\/20210223_141852-300x169.jpg 300w, https:\/\/echta-derminga.de\/wp-content\/uploads\/2021\/02\/20210223_141852-768x432.jpg 768w, https:\/\/echta-derminga.de\/wp-content\/uploads\/2021\/02\/20210223_141852.jpg 800w\" sizes=\"auto, (max-width: 700px) 100vw, 700px\" \/><\/figure><\/li><li class=\"blocks-gallery-item\"><figure><img loading=\"lazy\" decoding=\"async\" width=\"700\" height=\"394\" src=\"https:\/\/echta-derminga.de\/wp-content\/uploads\/2021\/02\/20210223_142521-700x394.jpg\" alt=\"\" data-id=\"9133\" data-link=\"https:\/\/echta-derminga.de\/?attachment_id=9133\" class=\"wp-image-9133\" srcset=\"https:\/\/echta-derminga.de\/wp-content\/uploads\/2021\/02\/20210223_142521-700x394.jpg 700w, https:\/\/echta-derminga.de\/wp-content\/uploads\/2021\/02\/20210223_142521-300x169.jpg 300w, https:\/\/echta-derminga.de\/wp-content\/uploads\/2021\/02\/20210223_142521-768x432.jpg 768w, https:\/\/echta-derminga.de\/wp-content\/uploads\/2021\/02\/20210223_142521.jpg 800w\" sizes=\"auto, (max-width: 700px) 100vw, 700px\" \/><\/figure><\/li><li class=\"blocks-gallery-item\"><figure><img loading=\"lazy\" decoding=\"async\" width=\"700\" height=\"394\" src=\"https:\/\/echta-derminga.de\/wp-content\/uploads\/2021\/02\/20210223_150322-700x394.jpg\" alt=\"\" data-id=\"9134\" data-full-url=\"https:\/\/echta-derminga.de\/wp-content\/uploads\/2021\/02\/20210223_150322.jpg\" data-link=\"https:\/\/echta-derminga.de\/?attachment_id=9134\" class=\"wp-image-9134\" srcset=\"https:\/\/echta-derminga.de\/wp-content\/uploads\/2021\/02\/20210223_150322-700x394.jpg 700w, https:\/\/echta-derminga.de\/wp-content\/uploads\/2021\/02\/20210223_150322-300x169.jpg 300w, https:\/\/echta-derminga.de\/wp-content\/uploads\/2021\/02\/20210223_150322-768x432.jpg 768w, https:\/\/echta-derminga.de\/wp-content\/uploads\/2021\/02\/20210223_150322.jpg 800w\" sizes=\"auto, (max-width: 700px) 100vw, 700px\" \/><\/figure><\/li><\/ul><\/figure>\n\n\n\n<p class=\"wp-block-paragraph\" style=\"font-size:18px\"><strong>Informationen aus dem Dirminger Ortsrat<\/strong><\/p>\n\n\n\n<p class=\"wp-block-paragraph\" style=\"font-size:18px\">In den letzten Wochen wurde ich immer wieder nach dem aktuellen Stand bez\u00fcglich eines Einkaufsmarktes, in der Dirminger Ortsmitte gefragt. Ich kann Ihnen versichern, dass wir im Ortsrat partei\u00fcbergreifend ein gemeinsames Ziel verfolgen. Dies ist l\u00e4ngst nicht mehr die Zeit, f\u00fcr politische Debatten auf dem R\u00fccken unserer B\u00fcrgerinnen und B\u00fcrger. An der Seite unseres B\u00fcrgermeisters versuchen alle im Ortsrat befindliche Parteien zusammenzuarbeiten. Leider liegt l\u00e4ngst nicht mehr alles in den H\u00e4nden der Politik. Nachdem der Gemeinderat den Bebauungsplan ge\u00e4ndert hatte, m\u00fcssen weitere Dinge ihren Lauf nehmen. Demn\u00e4chst wird das Thema wieder im Gemeinderat aufgegriffen. Nat\u00fcrlich hat auch die andauernde Pandemie den Lauf der Dinge gehemmt. Dennoch bin ich Zuversichtlich, dass wir uns alle gemeinsam in der Spur befinden. Ich kann Ihnen versichern, dass wir diesbez\u00fcglich im Sinne unserer Dorfgemeinschaft Zusammenarbeiten werden. Am 08. M\u00e4rz 2021 findet die n\u00e4chste Ortsratssitzung statt. Im Laufe dieser Sitzung geht es um die Beratung des Haushaltes 2021 der Gemeinde Eppelborn einschlie\u00dflich des Planungszeitraums bis 2024, soweit es sich um Ans\u00e4tze des Gemeindebezirkes Dirmingen handelt. Au\u00dferdem besch\u00e4ftigt sich das Gremium mit einem Antrag auf \u00c4nderung des Bebauungsplans im Bereich der Tennisanlage Dirmingen. Dort soll eine neue Bouleshalle errichtet und ein neuer Verein gr\u00fcndet werden. Dies ist durchaus eine gute Nachrichten f\u00fcr unser Dorf. Auch das Thema Br\u00fchlpark findet wieder einen Platz auf der Tagesordnung des Gremiums.<\/p>\n\n\n\n<div class=\"wp-block-image\"><figure class=\"aligncenter size-large is-resized\"><img loading=\"lazy\" decoding=\"async\" src=\"https:\/\/echta-derminga.de\/wp-content\/uploads\/2021\/02\/117258660_2712466965680805_4598989287930495248_n-700x164.jpg\" alt=\"\" class=\"wp-image-9137\" width=\"700\" height=\"164\" srcset=\"https:\/\/echta-derminga.de\/wp-content\/uploads\/2021\/02\/117258660_2712466965680805_4598989287930495248_n-700x164.jpg 700w, https:\/\/echta-derminga.de\/wp-content\/uploads\/2021\/02\/117258660_2712466965680805_4598989287930495248_n-300x70.jpg 300w, https:\/\/echta-derminga.de\/wp-content\/uploads\/2021\/02\/117258660_2712466965680805_4598989287930495248_n-768x180.jpg 768w, https:\/\/echta-derminga.de\/wp-content\/uploads\/2021\/02\/117258660_2712466965680805_4598989287930495248_n.jpg 1200w\" sizes=\"auto, (max-width: 700px) 100vw, 700px\" \/><\/figure><\/div>\n\n\n\n<p class=\"wp-block-paragraph\" style=\"font-size:18px\"><strong>Was tun bei Rattenbefall?<\/strong><\/p>\n\n\n\n<p class=\"wp-block-paragraph\" style=\"font-size:18px\">In den letzten Monaten h\u00e4ufen sich die Beschwerden \u00fcber Rattenbefall. Die Tiere sind anpassungsf\u00e4hige und k\u00f6nnen nahezu in allen Lebensr\u00e4umen \u00fcberleben. Solange die Nagetiere ihre Nahrung vorfinden, lassen sie sich auch an Ort und Stelle nieder. Dabei werden die Tiere gerade von M\u00fcll angezogen. Durch den sorgsamen Umgang mit Abf\u00e4llen und rechtzeitige Bek\u00e4mpfungsma\u00dfnahmen kann man einer Rattenplage entgegenwirken. Dabei ist es wichtig, dass keine Abf\u00e4lle \u00fcber die Toilette oder den Ausguss entsorgt werden. Die Komposter sollten allein mit Bioabf\u00e4llen und keine Fleischabf\u00e4llen bef\u00fcllt werden. Gut ist es, wenn die Komposter gut verriegelt werden und f\u00fcr die Ratten nicht zug\u00e4ngig sind. M\u00fclltonnen und gelbe S\u00e4cke m\u00fcssen fest geschlossen an einem f\u00fcr Ratten unzug\u00e4nglichen Ort aufbewahrt werden. Sie sollten erst am Abend vor der Abfuhr an den Stra\u00dfenrand gestellt werden. Tierfreunde sollten darauf achten, dass sie im Fressnapf des Haustieres keine \u00dcberreste lassen. Nat\u00fcrlich gilt dies nur, wenn sich der Fressnapf hinter dem Haus befindet. Bei Rattenbefall auf einem Privatgrundst\u00fcck sind Eigent\u00fcmerinnen und Eigent\u00fcmer verpflichtet unverz\u00fcglich Bek\u00e4mpfungsma\u00dfnahmen einzuleiten. Der Befall muss dem Ordnungsamt unserer Gemeindeverwaltung mitgeteilt werden. Grunds\u00e4tzlich k\u00f6nnen wir alle mit dazu beitragen, dass sich die Nagetiere nicht weiter vermehren und verbreiten.<\/p>\n\n\n\n<p class=\"wp-block-paragraph\" style=\"font-size:18px\"><strong>Neue Postfiliale \u00f6ffnet ihre Pforten<\/strong><\/p>\n\n\n\n<p class=\"wp-block-paragraph\" style=\"font-size:18px\">Nachdem die Post, nach vielen Jahren, ihre bisherige Filiale im Gesch\u00e4ft \u201eSchreiben und Schenken\u201c geschlossen hatte, wird es nun Zeit f\u00fcr einen Neuanfang. Die neue Postfiliale \u00f6ffnet am 01.M\u00e4rz 2021 und befindet sich zuk\u00fcnftig in den Gesch\u00e4ftsr\u00e4umen von Reifen &amp; KFZ Handel M\u00fcller, in der Lebacherstrasse 63. Die \u00d6ffnungszeiten sind zuk\u00fcnftig Montag bis Freitag von 09:00 Uhr bis 16:30 Uhr und samstags von 09:00 bis 12:00 Uhr. Ich freue mich sehr dar\u00fcber, dass neue Gesch\u00e4ftsr\u00e4ume gefunden wurden und wir weiterhin \u00fcber eine Postfiliale in Dirmingen verf\u00fcgen. Ich w\u00fcnsche den neuen Inhabern viel Gl\u00fcck und alles erdenklich Gute.<\/p>\n\n\n\n<div class=\"wp-block-image\"><figure class=\"aligncenter size-large\"><img loading=\"lazy\" decoding=\"async\" width=\"700\" height=\"253\" src=\"https:\/\/echta-derminga.de\/wp-content\/uploads\/2021\/02\/20210223_171311-1-700x253.jpg\" alt=\"\" class=\"wp-image-9140\" srcset=\"https:\/\/echta-derminga.de\/wp-content\/uploads\/2021\/02\/20210223_171311-1-700x253.jpg 700w, https:\/\/echta-derminga.de\/wp-content\/uploads\/2021\/02\/20210223_171311-1-300x108.jpg 300w, https:\/\/echta-derminga.de\/wp-content\/uploads\/2021\/02\/20210223_171311-1-768x277.jpg 768w, https:\/\/echta-derminga.de\/wp-content\/uploads\/2021\/02\/20210223_171311-1.jpg 900w\" sizes=\"auto, (max-width: 700px) 100vw, 700px\" \/><\/figure><\/div>\n\n\n\n<p class=\"wp-block-paragraph\" style=\"font-size:18px\"><strong>Gemeinsam mit der \u00d6kumene durch die Passionszeit<\/strong><\/p>\n\n\n\n<p class=\"wp-block-paragraph\" style=\"font-size:18px\">Neben unserem Gewerbe und unseren Vereinen haben es auch unsere beiden Kirchengemeinden nicht leicht. Die Pandemie erschwert ein aktives Gemeindeleben und einen reibungslosen Ablauf von Messen oder Gottesdiensten. Von daher freue ich mich dar\u00fcber, dass unsere beiden Kirchengemeinden weiterhin an der \u00d6kumene festhalten. Die katholische Pfarreiengemeinschaft Eppelborn-Dirmingen und auch die evangelische  Kirchengemeinde Dirmingen bieten jeden Freitag ab 18:00 Passionsimpulse im Internet und in den Sozialen Medien an. Schon an Weihnachten durften wir alle feststellen wie wichtig ein gutes Miteinander und eine funktionierende \u00d6kumene f\u00fcr unsere Dorfgemeinschaft sein kann. Ich bin davon \u00fcberzeugt, dass unsere Gemeindereferentin Frau Anne Haan und unser Evangelischer Pfarrer Harro Eder diesen Weg gemeinsam fortschreiten werden.<\/p>\n\n\n\n<p class=\"wp-block-paragraph\" style=\"font-size:18px\"><strong>Unerlaubte M\u00fcllentsorgung sorgt allgemein f\u00fcr Unverst\u00e4ndnis<\/strong><\/p>\n\n\n\n<p class=\"wp-block-paragraph\" style=\"font-size:18px\">Zugegebenerma\u00dfen gibt es nicht nur in Dirmingen das Problem der unerlaubten M\u00fcllentsorgung. Mittlerweile werden jedoch die Stimmen derer Lauter die sich diese Sauerei nicht mehr gefallen lassen m\u00f6chten. Gut so, denn wir alle ben\u00f6tigen beim Kampf gegen diese Umwelts\u00fcnder Mut und Entschlossenheit. In den letzten Wochen hat sich die Situation nicht unbedingt verbessert. St\u00e4ndig erreichen mich aufgeregte Mitb\u00fcrgerinnen und Mitb\u00fcrger die auf einen nicht ordnungsgem\u00e4\u00df entsorgten M\u00fcllhaufen sto\u00dfen. Lobenswerterweise sind viele B\u00fcrgerinnen und B\u00fcrger bereit sich bei der Entsorgung aktiv zu beteiligen. Ich m\u00f6chte allen Danken die sich zum Wohl unseres Heimatortes einsetzen und solche Vergehen entweder beseitigen oder melden. Wir alle sind aufgerufen uns auch zuk\u00fcnftig mit diesem Problem zu besch\u00e4ftigen. Neben der M\u00fcllentsorgung kommt es immer wieder dazu, dass Altkleider entwendet und irgendwo abgelegt werden. Wir alle sollten solche Umwelts\u00fcnden nicht weiter akzeptieren. Leider f\u00e4llt der diesj\u00e4hrige Picobello-Tag im M\u00e4rz aus. Wir suchen jedoch nach L\u00f6sungen und bleiben dran. <\/p>\n\n\n\n<figure class=\"wp-block-gallery columns-3 is-cropped wp-block-gallery-2 is-layout-flex wp-block-gallery-is-layout-flex\"><ul class=\"blocks-gallery-grid\"><li class=\"blocks-gallery-item\"><figure><img loading=\"lazy\" decoding=\"async\" width=\"691\" height=\"402\" src=\"https:\/\/echta-derminga.de\/wp-content\/uploads\/2020\/05\/1-2.jpg\" alt=\"\" data-id=\"6310\" data-link=\"https:\/\/echta-derminga.de\/?attachment_id=6310\" class=\"wp-image-6310\" srcset=\"https:\/\/echta-derminga.de\/wp-content\/uploads\/2020\/05\/1-2.jpg 691w, https:\/\/echta-derminga.de\/wp-content\/uploads\/2020\/05\/1-2-300x175.jpg 300w, https:\/\/echta-derminga.de\/wp-content\/uploads\/2020\/05\/1-2-350x205.jpg 350w\" sizes=\"auto, (max-width: 691px) 100vw, 691px\" \/><\/figure><\/li><li class=\"blocks-gallery-item\"><figure><img loading=\"lazy\" decoding=\"async\" width=\"700\" height=\"689\" src=\"https:\/\/echta-derminga.de\/wp-content\/uploads\/2021\/02\/IMG-20210221-WA0010-700x689.jpg\" alt=\"\" data-id=\"9142\" data-link=\"https:\/\/echta-derminga.de\/?attachment_id=9142\" class=\"wp-image-9142\" srcset=\"https:\/\/echta-derminga.de\/wp-content\/uploads\/2021\/02\/IMG-20210221-WA0010-700x689.jpg 700w, https:\/\/echta-derminga.de\/wp-content\/uploads\/2021\/02\/IMG-20210221-WA0010-300x295.jpg 300w, https:\/\/echta-derminga.de\/wp-content\/uploads\/2021\/02\/IMG-20210221-WA0010-768x756.jpg 768w, https:\/\/echta-derminga.de\/wp-content\/uploads\/2021\/02\/IMG-20210221-WA0010-90x90.jpg 90w, https:\/\/echta-derminga.de\/wp-content\/uploads\/2021\/02\/IMG-20210221-WA0010-75x75.jpg 75w, https:\/\/echta-derminga.de\/wp-content\/uploads\/2021\/02\/IMG-20210221-WA0010.jpg 1199w\" sizes=\"auto, (max-width: 700px) 100vw, 700px\" \/><\/figure><\/li><li class=\"blocks-gallery-item\"><figure><img loading=\"lazy\" decoding=\"async\" width=\"700\" height=\"498\" src=\"https:\/\/echta-derminga.de\/wp-content\/uploads\/2021\/02\/IMG-20210219-WA0000-700x498.jpg\" alt=\"\" data-id=\"9143\" data-full-url=\"https:\/\/echta-derminga.de\/wp-content\/uploads\/2021\/02\/IMG-20210219-WA0000.jpg\" data-link=\"https:\/\/echta-derminga.de\/?attachment_id=9143\" class=\"wp-image-9143\" srcset=\"https:\/\/echta-derminga.de\/wp-content\/uploads\/2021\/02\/IMG-20210219-WA0000-700x498.jpg 700w, https:\/\/echta-derminga.de\/wp-content\/uploads\/2021\/02\/IMG-20210219-WA0000-300x213.jpg 300w, https:\/\/echta-derminga.de\/wp-content\/uploads\/2021\/02\/IMG-20210219-WA0000-768x546.jpg 768w, https:\/\/echta-derminga.de\/wp-content\/uploads\/2021\/02\/IMG-20210219-WA0000.jpg 1433w\" sizes=\"auto, (max-width: 700px) 100vw, 700px\" \/><\/figure><\/li><\/ul><\/figure>\n\n\n\n<p class=\"wp-block-paragraph\" style=\"font-size:18px\"><strong>Sanierung der Toilettenanlage des Dirminger Friedhofes<\/strong><\/p>\n\n\n\n<p class=\"wp-block-paragraph\" style=\"font-size:18px\">Am Donnerstag den 25.02.2021 beginnen die Sanierungsarbeiten an der Toilettenanlage des Dirminger Friedhofes. Die Sanierungsarbeiten werden voraussichtlich bis Freitag den 26.03.2021 andauern. Die Toilettenanlage ist w\u00e4hrend der gesamten Ma\u00dfnahme nicht benutzbar. Ich habe bereits im Herbst des vergangenen Jahres auf diese Sanierungsarbeiten hingewiesen und bitte Sie nunmehr um Kenntnisnahme. Die Toilettenanlage des Friedhofes ist sanierungsbed\u00fcrftig und soll nun dementsprechend auf Vordermann gebracht werden. Ich freue mich \u00fcber diese wichtige Investition auf dem Dirminger Friedhof und bitte Sie um Verst\u00e4ndnis.<\/p>\n\n\n\n<p class=\"wp-block-paragraph\" style=\"font-size:18px\"><strong>Neue Baustelle auf der A1 sorgt Verkehrsst\u00f6rungen<\/strong><\/p>\n\n\n\n<p class=\"wp-block-paragraph\" style=\"font-size:18px\">Von Anfang M\u00e4rz bis Ende Oktober wird die A1 zwischen Eppelborn und Tholey saniert. Die Autobahn GmbH will dann unter anderem die Fahrbahn sowie Ab- und Auffahrten erneuern. Zwischen Illingen und Tholey kann es in dieser Zeit  zu Verkehrsbehinderungen kommen. Zum Aufbau der Verkehrssicherung kommt es bereits vor dem 1. M\u00e4rz zu einer Vollsperrung. Die Vollsperrung beginnt am Freitag (26. Februar 2021), 19.00 Uhr, und endet am Montag, 05.00 Uhr. Entsprechende Umleitungen sind eingerichtet. W\u00e4hrend der eigentlichen Arbeit in der Dauerbaustelle wird der Verkehr Richtung Trier zun\u00e4chst auf die Richtungsfahrbahn Saarbr\u00fccken \u00fcbergeleitet. Dort f\u00fchrt in beide Fahrtrichtungen ein Streifen am Baufeld vorbei. Die Auffahrt der Anschlussstelle Eppelborn Richtung Trier wird bis Ende Mai gesperrt, die Abfahrt bis Ende Oktober. F\u00fcr unser Dorf bedeutet dies erneut einige Unannehmlichkeiten. Wir sollten jedoch nicht vergessen, dass auch diese Sanierungsarbeiten letztendlich zum Wohle der Allgemeinheit verrichtet werden.<\/p>\n\n\n\n<p class=\"wp-block-paragraph\" style=\"font-size:18px\"><strong>Dirminger Bahnhof wird saniert und<\/strong><\/p>\n\n\n\n<p class=\"wp-block-paragraph\" style=\"font-size:18px\">Mitte dieses Jahres sollen weitreichende Modernisierungsarbeiten an der Haltestelle Dirmingen vollzogen werden. Am dem 21. Juni 2021 soll es am Dirminger Bahnhof losgehen. Die Deutsche Bahn Station und Service informiert in einem Schreiben: \u201c Die Ma\u00dfnahme umfasst den Umbau des barrierefreien Au\u00dfenbahnsteiges incl. Blindenleitsystem und Aufh\u00f6hung sowie der R\u00fcckbau der \u00dcberl\u00e4nge. Die Ausstattung auf dem Bahnsteig wird ebenfalls erneuert. Die Umbauarbeiten enden voraussichtlich Ende des Jahres 2021. Diese erfolgen in mehreren unterschiedlichen Bauphasen. F\u00fcr die verschiedenen Bauphasen werden die entsprechenden Zugpausen genutzt. In der zweiten Bauphase ab dem 19. Juli 2021 bis Anfang August ist jedoch eine durchgehende Gleissperre erforderlich. In dieser Bauphase soll der R\u00fcck und Neubau des Bahnsteigs erfolgen\u201c. Im Rahmen dieser Arbeiten soll auch ein provisorischer Behelfsbahnsteig entstehen. Dieser ist ab dem 03.August bis zum 10. September 2021 f\u00fcr die reisenden nutzbar. Im Anschluss daran sollen die abschlie\u00dfenden Restarbeiten bis zum Jahresende vorgenommen werden. Die Arbeiten sind teilweise mit erh\u00f6hten L\u00e4rmemissionen, Umwegen und Sperrungen verbunden. Die Bahn bem\u00fcht sich aber die St\u00f6rungen so gering wie m\u00f6glich zu halten.<\/p>\n\n\n\n<div class=\"wp-block-image\"><figure class=\"aligncenter size-large\"><img loading=\"lazy\" decoding=\"async\" width=\"700\" height=\"466\" src=\"https:\/\/echta-derminga.de\/wp-content\/uploads\/2021\/02\/16463140_266276657118629_5494951243551615275_o-700x466.jpg\" alt=\"\" class=\"wp-image-9065\" srcset=\"https:\/\/echta-derminga.de\/wp-content\/uploads\/2021\/02\/16463140_266276657118629_5494951243551615275_o-700x466.jpg 700w, https:\/\/echta-derminga.de\/wp-content\/uploads\/2021\/02\/16463140_266276657118629_5494951243551615275_o-300x200.jpg 300w, https:\/\/echta-derminga.de\/wp-content\/uploads\/2021\/02\/16463140_266276657118629_5494951243551615275_o-768x511.jpg 768w, https:\/\/echta-derminga.de\/wp-content\/uploads\/2021\/02\/16463140_266276657118629_5494951243551615275_o.jpg 900w\" sizes=\"auto, (max-width: 700px) 100vw, 700px\" \/><\/figure><\/div>\n\n\n\n<p class=\"wp-block-paragraph\" style=\"font-size:18px\"><strong>Abschlie\u00dfend m\u00f6chte ich Sie noch dar\u00fcber informieren, dass die Bundestagswahlen am 26. September 2021 durchgef\u00fchrt werden. In unserer Borrwieshalle Dirmingen werden dann die Wahlbezirke 4, 5 und 4 A zur Wahl gebeten.<\/strong><\/p>\n\n\n\n<p class=\"wp-block-paragraph\" style=\"font-size:18px\"><strong>Wir stecken fest, in schwierigen und aufreibenden Zeiten. Ich bin jedoch \u00fcberzeugt davon, dass wir mit Mut, Zuversicht und klarem Blick durch diese Pandemie kommen.<\/strong><\/p>\n\n\n\n<blockquote class=\"wp-block-quote is-layout-flow wp-block-quote-is-layout-flow\" id=\"page-title\"><p><strong>Aber die auf den HERRN harren, kriegen neue Kraft, dass sie auffahren mit Fl\u00fcgeln wie Adler, dass sie laufen und nicht matt werden, dass sie wandeln und nicht m\u00fcde werden.<\/strong><\/p><cite>Jes. 40,31<\/cite><\/blockquote>\n\n\n\n<p class=\"wp-block-paragraph\" style=\"font-size:18px\"><strong>Ich w\u00fcnsche Ihnen viel Zuversicht und ein festes Herz. Bitte denken sie immer daran, &#8222;..man muss in diesen Zeiten mit allem rechnen, auch mit dem Guten&#8220;<\/strong><\/p>\n\n\n\n<p class=\"wp-block-paragraph\" style=\"font-size:18px\"><strong>In diesem Sinne eine gute Zeit.<\/strong><\/p>\n\n\n\n<p class=\"wp-block-paragraph\">Ihr Ortsvorsteher<\/p>\n\n\n\n<p class=\"wp-block-paragraph\" style=\"font-size:18px\">Frank Klein<\/p>\n","protected":false},"excerpt":{"rendered":"<p>Liebe Dirmingerinnen und liebe Dirminger, ich kann mir gut vorstellen, dass auch Sie von dieser Pandemie und ihren Auswirkungen M\u00fcde geworden sind. Bestimmt sehnen Sie sich nach sozialen Kontakten, nach Freunden und vielleicht auch nach ihrem Hobby. Ich kann Ihnen versichern, dass es mir genauso geht. Der harte Lockdown und der damit verbundene Verzicht nervt. Dennoch bitte ich Sie den<\/p>\n","protected":false},"author":1,"featured_media":9121,"comment_status":"closed","ping_status":"closed","sticky":false,"template":"","format":"standard","meta":{"_crdt_document":"","footnotes":""},"categories":[1,9,812],"tags":[909,5,618,127,634,908,310],"class_list":["post-9123","post","type-post","status-publish","format-standard","has-post-thumbnail","hentry","category-allgemein","category-dorfgetratsche","category-ortsvorsteher-dirmingen","tag-bruehlpark-dirmingen","tag-dirmingen","tag-gemeinde-eppelborn","tag-landkreis-neunkirchen","tag-ortsvorsteher","tag-rathaus-eppelborn","tag-saarland"],"_links":{"self":[{"href":"https:\/\/echta-derminga.de\/index.php?rest_route=\/wp\/v2\/posts\/9123","targetHints":{"allow":["GET"]}}],"collection":[{"href":"https:\/\/echta-derminga.de\/index.php?rest_route=\/wp\/v2\/posts"}],"about":[{"href":"https:\/\/echta-derminga.de\/index.php?rest_route=\/wp\/v2\/types\/post"}],"author":[{"embeddable":true,"href":"https:\/\/echta-derminga.de\/index.php?rest_route=\/wp\/v2\/users\/1"}],"replies":[{"embeddable":true,"href":"https:\/\/echta-derminga.de\/index.php?rest_route=%2Fwp%2Fv2%2Fcomments&post=9123"}],"version-history":[{"count":18,"href":"https:\/\/echta-derminga.de\/index.php?rest_route=\/wp\/v2\/posts\/9123\/revisions"}],"predecessor-version":[{"id":9149,"href":"https:\/\/echta-derminga.de\/index.php?rest_route=\/wp\/v2\/posts\/9123\/revisions\/9149"}],"wp:featuredmedia":[{"embeddable":true,"href":"https:\/\/echta-derminga.de\/index.php?rest_route=\/wp\/v2\/media\/9121"}],"wp:attachment":[{"href":"https:\/\/echta-derminga.de\/index.php?rest_route=%2Fwp%2Fv2%2Fmedia&parent=9123"}],"wp:term":[{"taxonomy":"category","embeddable":true,"href":"https:\/\/echta-derminga.de\/index.php?rest_route=%2Fwp%2Fv2%2Fcategories&post=9123"},{"taxonomy":"post_tag","embeddable":true,"href":"https:\/\/echta-derminga.de\/index.php?rest_route=%2Fwp%2Fv2%2Ftags&post=9123"}],"curies":[{"name":"wp","href":"https:\/\/api.w.org\/{rel}","templated":true}]}}