{"id":9194,"date":"2021-03-09T22:03:06","date_gmt":"2021-03-09T21:03:06","guid":{"rendered":"http:\/\/echta-derminga.de\/?p=9194"},"modified":"2021-03-09T22:07:30","modified_gmt":"2021-03-09T21:07:30","slug":"in-sachen-ortsvorsteher-2","status":"publish","type":"post","link":"https:\/\/echta-derminga.de\/?p=9194","title":{"rendered":"In Sachen Ortsvorsteher: Von Haushaltsplanungen, einem Neubau und einer Ostereieraktion"},"content":{"rendered":"\n<p class=\"wp-block-paragraph\" style=\"font-size:18px\"><strong>Liebe Dirmingerinnen, liebe Dirminger,<\/strong><\/p>\n\n\n\n<p class=\"wp-block-paragraph\" style=\"font-size:18px\">In diesen unruhigen Zeiten sind wir alle dazu aufgefordert L\u00f6sungen aufzusuchen. Die neusten Verordnungen lassen darauf schlie\u00dfen, dass wir auch das Osterfest 2021 im Zeichen der Pandemie feiern m\u00fcssen. Neben den nur schleppend anlaufenden Impfungen sehe ich eine gro\u00dfe Chance im Testen. Irgendwie muss es uns gelingen das Testen noch mehr in den Vordergrund zu stellen. Dies sollte \u00fcberall geschehen und wenn m\u00f6glich auch in einem Dorf.  Wir m\u00fcssen daf\u00fcr Sorge tragen, dass die neuen M\u00f6glichkeiten der Schnelltests und der Selbsttest fachgerecht erkl\u00e4rt werden. Dabei liegt ein Schl\u00fcssel darin, es nicht immer so kompliziert zu machen. In diesem Zusammenhang m\u00f6chte ich die Gelegenheit nutzen um den Arztpraxen in unserem Dorf zu danken. Ich wei\u00df, dass unsere \u00c4rzte \u00fcber ihre Grenzen gehen und seit Beginn der Pandemie eine gro\u00dfe St\u00fctze f\u00fcr unserer Gesellschaft darstellen. Ich hoffe, dass schon sehr bald schneller und effektiver geimpft werden kann. Bis dahin m\u00fcssen wir den Menschen bez\u00fcglich der Testvarianten helfen und beratend zur Seite stehen.<\/p>\n\n\n\n<p class=\"wp-block-paragraph\" style=\"font-size:18px\"><strong>Der Osterhase kommt zu Euch Nachhause !<\/strong><\/p>\n\n\n\n<p class=\"wp-block-paragraph\" style=\"font-size:18px\">Das Osterfest 2021 steht im Schatten der Pandemie. Nach R\u00fccksprache mit dem Osterhasen sind wir jedoch nicht gewillt kampflos das Weite zu suchen. Vielmehr m\u00f6chten wir auch zu diesem Fest unseren Kindern eine Freude bereiten. Der Osterhase kommt zu Euch Nachhause und bringt euch kleine Leckereien. Das Nest wird vor der T\u00fcr abgelegt. Vielleicht habt ihr Gl\u00fcck und k\u00f6nnt den Osterhasen bei seiner Arbeit beobachten. Gerne kann Euch eure Mama oder Papa zu dieser &#8222;Derminga&#8220; Ostereieraktion anmelden. Die Anmeldungen nimmt der Ortsvorsteher Frank Klein unter 0172 602 7216 entgegen. Bis zum 31.M\u00e4rz 2021 m\u00fcsst ihr euch angemeldet haben.<\/p>\n\n\n\n<div class=\"wp-block-image\"><figure class=\"aligncenter size-large\"><img loading=\"lazy\" decoding=\"async\" width=\"700\" height=\"618\" src=\"https:\/\/echta-derminga.de\/wp-content\/uploads\/2021\/03\/Blog.jpg\" alt=\"\" class=\"wp-image-9199\" srcset=\"https:\/\/echta-derminga.de\/wp-content\/uploads\/2021\/03\/Blog.jpg 700w, https:\/\/echta-derminga.de\/wp-content\/uploads\/2021\/03\/Blog-300x265.jpg 300w\" sizes=\"auto, (max-width: 700px) 100vw, 700px\" \/><\/figure><\/div>\n\n\n\n<p class=\"wp-block-paragraph\" style=\"font-size:18px\"><strong>Neue Boules-Halle soll an der Tennisanlage in Dirmingen entstehen<\/strong><\/p>\n\n\n\n<p class=\"wp-block-paragraph\" style=\"font-size:18px\">Sollte der Gemeinderat am 18.M\u00e4rz dem Votum des Dirminger Ortsrates folgen wird schon sehr bald neben der Dirminger Tennisanlage eine Boulehalle gebaut werden. Die Halle soll parallel zu den Tennispl\u00e4tzen 3 +4 errichtet werden. Die Hallenma\u00dfe belaufen sich auf 30 m L\u00e4nge und 16 m Breite, sowie einer Giebelh\u00f6he von 5 m. Der Standort der Halle liegt in der Fl\u00e4che, der 1985 geplanten Tennishalle. Die Halle wird f\u00fcr etwa 8 Bahnen ausgelegt sein, sowie Toiletten, Lagerraum und einen kleinen Aufenthaltsraum besitzen. Der neu gegr\u00fcndete Bouleverein Dirmingen soll Erbbaurechtnehmer werden. Der hiesige Tennisverein TC Eppelborn-Dirmingen unterst\u00fctzt diese Pl\u00e4ne. Der Ortsrat Dirmingen begr\u00fc\u00dfte das Vorhaben mit der Gr\u00fcndung eines neuen Vereins und stimmte einstimmig f\u00fcr den Bau dieser neuen Halle.<\/p>\n\n\n\n<p class=\"wp-block-paragraph\" style=\"font-size:18px\"><strong>Hildegard Schlehdorn feiert 90. Wiegenfest<\/strong><\/p>\n\n\n\n<blockquote class=\"wp-block-quote is-layout-flow wp-block-quote-is-layout-flow\"><p><strong>Es kommt nicht darauf an, dem Leben mehr Jahre zu geben, sondern den Jahren mehr Leben zu geben. <\/strong><\/p><cite><strong>\u2013 Alexis Carrel<\/strong><\/cite><\/blockquote>\n\n\n\n<p class=\"wp-block-paragraph\" style=\"font-size:18px\">Am Dienstag, 02. M\u00e4rz 2021 feierte Frau Hildegard Schlehdorn, aus Dirmingen, ihr nunmehr 90. Wiegenfest. Unter den hygienebedingten Voraussetzungen \u00fcberbrachte ich als Ortsvorsteher die Gl\u00fcckw\u00fcnsche des B\u00fcrgermeisters Dr. Andreas Feld, des Landrates S\u00f6ren Meng, des Ministerpr\u00e4sidenten Tobias Hans und des Dirminger Ortsrates.&nbsp; Frau Schlehdorn f\u00fchlt sich sehr wohl und ist gl\u00fccklich ihren Lebensabend in den Kreisen ihrer lieben Familie genie\u00dfen zu d\u00fcrfen. Besonders stolz ist die Dirmingerin auf ihre 4 Enkel, 3 Ur-Enkel, darunter befinden sich Zwillingen und ihre drei T\u00f6chter sowie ihre Schwiegers\u00f6hne. Mit ihrem inzwischen verstorbenen Ehemann war Sie 58 Jahre gl\u00fccklich verheiratet. Auch an dieser Stelle m\u00f6chte ich Frau Schlehdorn meine Gl\u00fcckw\u00fcnsche \u00fcbermitteln. Ich w\u00fcnsche viel Gl\u00fcck, Zufriedenheit und Gesundheit.<\/p>\n\n\n\n<div class=\"wp-block-image\"><figure class=\"aligncenter size-large\"><img loading=\"lazy\" decoding=\"async\" width=\"700\" height=\"394\" src=\"https:\/\/echta-derminga.de\/wp-content\/uploads\/2021\/03\/2-700x394.jpg\" alt=\"\" class=\"wp-image-9197\" srcset=\"https:\/\/echta-derminga.de\/wp-content\/uploads\/2021\/03\/2-700x394.jpg 700w, https:\/\/echta-derminga.de\/wp-content\/uploads\/2021\/03\/2-300x169.jpg 300w, https:\/\/echta-derminga.de\/wp-content\/uploads\/2021\/03\/2-768x432.jpg 768w, https:\/\/echta-derminga.de\/wp-content\/uploads\/2021\/03\/2.jpg 900w\" sizes=\"auto, (max-width: 700px) 100vw, 700px\" \/><\/figure><\/div>\n\n\n\n<p class=\"wp-block-paragraph\" style=\"font-size:18px\"><strong>Dirminger Ortsrat befasst sich mit Haushaltsplanungen<\/strong><\/p>\n\n\n\n<p class=\"wp-block-paragraph\" style=\"font-size:18px\">Der Ortsrat befasste sich in seiner Sitzung am 08.03.21 mit dem Haushalt der Gemeinde Eppelborn einschlie\u00dflich des Planungszeitraums bis 2024, soweit es sich um Ans\u00e4tze des Gemeindebezirks Dirmingen handelt. Am Am Donnerstag, 18. M\u00e4rz wird sich der Gemeinderat mit dem Haushalt der Gemeinde auseinandersetzen. Zuvor musste der Ortsrat Dirmingen den geplanten Investitionen zustimmen. Dabei wird die Sanierung der R\u00e4umlichkeiten f\u00fcr die Wiederaufnahme des Krippenbetriebes im Geb\u00e4ude des ehemaligen katholischen Kindergartens zu den gr\u00f6\u00dften Posten geh\u00f6ren. Die Br\u00fccke an der Grundschule Dirmingen und die Illbr\u00fccke \u00fcber die Ill am Br\u00fchlpark sollen erneuert werden. Weitere gr\u00f6\u00dfere Sanierungsma\u00dfnahmen sind die St\u00fctzbauwerk wegen B\u00f6schungsrutsch in der Thalexweilerstrasse., sowie einige Sanierungsma\u00dfnahme von kommunalen Stra\u00dfen wie. Z.b \u201eAm D\u00f6rrwald\u201c, \u201eLachwies\u201c sowie eine Sanierung der Gew\u00e4sserverrohrung im M\u00fchlbach und die Sanierung des Hangrutsch \u201eHumeserstrasse\u201c. Au\u00dferdem sind neue Urnengrabfelder und eine Erweiterung der Urnenwand geplant. Schlie\u00dflich soll in der Einsegnungshalle des Friedhofes eine neue Beschallungsanlage eingerichtet werden. Neben dem schon erw\u00e4hnten Bau einer Boulhalle beschloss der Ortsrat auf Antrag der SPD-Fraktion die Einrichtung von neuen Hundetoiletten. Aus sich der SPD-Fraktion sollten diese Hundetoiletten im Bereich Frankenbach und Belker angebracht werden. Abschlie\u00dfend unterst\u00fctzten alle Fraktionen des Ortsrates das Bestreben des Ortsvorstehers nach einer Sanierung und Versch\u00f6nerung des Br\u00fchlparks. Der Ortsrat hofft mit Unterst\u00fctzung der Gemeindeverwaltung und eines F\u00f6rderprogramms die entscheidenden Ma\u00dfnahmen einzuleiten.<\/p>\n\n\n\n<div class=\"wp-block-image\"><figure class=\"aligncenter size-large\"><img loading=\"lazy\" decoding=\"async\" width=\"700\" height=\"418\" src=\"https:\/\/echta-derminga.de\/wp-content\/uploads\/2021\/02\/300-700x418.jpg\" alt=\"\" class=\"wp-image-9016\" srcset=\"https:\/\/echta-derminga.de\/wp-content\/uploads\/2021\/02\/300-700x418.jpg 700w, https:\/\/echta-derminga.de\/wp-content\/uploads\/2021\/02\/300-300x179.jpg 300w, https:\/\/echta-derminga.de\/wp-content\/uploads\/2021\/02\/300-768x459.jpg 768w, https:\/\/echta-derminga.de\/wp-content\/uploads\/2021\/02\/300-500x300.jpg 500w, https:\/\/echta-derminga.de\/wp-content\/uploads\/2021\/02\/300.jpg 859w\" sizes=\"auto, (max-width: 700px) 100vw, 700px\" \/><\/figure><\/div>\n\n\n\n<p class=\"wp-block-paragraph\" style=\"font-size:18px\"><strong>Herzlichen Gl\u00fcckwunsch zur Goldenen Hochzeit<\/strong><\/p>\n\n\n\n<blockquote class=\"wp-block-quote is-layout-flow wp-block-quote-is-layout-flow\"><p><strong>\u201eDas gro\u00dfe Gl\u00fcck in der Liebe besteht darin, Ruhe in einem anderen Herzen zu finden.\u201c<\/strong><\/p><cite><strong>&#8211; Julie de Lespinasse<\/strong><\/cite><\/blockquote>\n\n\n\n<p class=\"wp-block-paragraph\" style=\"font-size:18px\">Die Goldene Hochzeit ist ein wunderbarer Anlass, um von Herzen zu einer vorbildlichen Ehe zu gratulieren. Die Goldene Hochzeit bildet einen Meilenstein im Eheleben eines jeden Paares. 50 Jahre lang verheiratet \u2013 das k\u00f6nnen nur die wenigsten Menschen von sich behaupten. Aus diesem Anlass durfte ich, in meiner Funktion als Ortsvorsteher, unseren B\u00fcrgermeister Dr. Andreas Feld zur Gratulation des Ehepaars Sigrid und Michael Stoll aus Dirmingen begleiten. W\u00e4hrend unser B\u00fcrgermeister die Gl\u00fcckw\u00fcnsche der Verwaltung, des Landrates und des Ministerpr\u00e4sidenten \u00fcberbrachte, durfte ich im Namen des Ortsrats Dirmingen und unserer Bev\u00f6lkerung gratulieren. Sigrid und Michael Stoll beteiligen sich seit vielen Jahren aktiv an unserem Dorfleben. Die gemeinsame Ehe stand auch im Zeichen des Ehrenamtes und der Entbehrung. Ich m\u00f6chte dem Jubelpaar auch an dieser Stelle herzlich gratulieren. Ich w\u00fcnsche viel Gl\u00fcck, Zufriedenheit und Gesundheit. Die Gratulation wurde bei sch\u00f6nem Wetter unter Einhaltung der hygienebedingten Verordnung durchgef\u00fchrt.<\/p>\n\n\n\n<div class=\"wp-block-image\"><figure class=\"aligncenter size-large\"><img loading=\"lazy\" decoding=\"async\" width=\"700\" height=\"525\" src=\"https:\/\/echta-derminga.de\/wp-content\/uploads\/2021\/03\/1-700x525.jpg\" alt=\"\" class=\"wp-image-9198\" srcset=\"https:\/\/echta-derminga.de\/wp-content\/uploads\/2021\/03\/1-700x525.jpg 700w, https:\/\/echta-derminga.de\/wp-content\/uploads\/2021\/03\/1-300x225.jpg 300w, https:\/\/echta-derminga.de\/wp-content\/uploads\/2021\/03\/1-768x576.jpg 768w, https:\/\/echta-derminga.de\/wp-content\/uploads\/2021\/03\/1.jpg 900w\" sizes=\"auto, (max-width: 700px) 100vw, 700px\" \/><\/figure><\/div>\n\n\n\n<p class=\"wp-block-paragraph\" style=\"font-size:18px\"><strong>Fahrbahnsanierung des Feldwirtschaftsweges von Berschweilerstrasse zum Birkenhof<\/strong><\/p>\n\n\n\n<p class=\"wp-block-paragraph\" style=\"font-size:18px\">Aufgund einer Fahrbahnsanierung des Feldwirtschaftsweges zwischen der Berschweilerstrasse und dem Birkenhof wird der Feldweg in der Zeit vom 22.03. bis 31.03 2021 vollgesperrt. Der jeweilige Arbeits-und Baustellenbereich wird mit Absperrschranken versehen. Die Anlieger oder die Rettungsfahrzeuge k\u00f6nnen in dieser Zeit den Birkenhof nur \u00fcber den Feldweg  &#8222;Tholeyerstrasse&#8220; anfahren. Ich bitte Sie um Kenntnisnahme und Verst\u00e4ndnis.<\/p>\n\n\n\n<p class=\"wp-block-paragraph\" style=\"font-size:18px\"><strong>Geplante &#8222;kleine&#8220; Baut\u00e4tigkeit im bestehenden Solarpark<\/strong><\/p>\n\n\n\n<p class=\"wp-block-paragraph\" style=\"font-size:18px\">Innerhalb der im Bebauungsplan vorgesehenen Baufl\u00e4che, des Solarparks Dirmingen, wurde eine kleine Teilfl\u00e4che von ca. 1 ha zun\u00e4chst nicht bebaut, Zuerst bestand nach dem &#8222;Erneuerbare-Energien-Gesetz (EEG)&#8220; in diesem Bereich kein Verg\u00fctungsanspruch. Diesbez\u00fcglich haben sich die Rahmenbedingungen jedoch mit dem k\u00fcrzlich in Kraft getretenen EEG2021 ver\u00e4ndert. Vor diesem Hintergrund beabsichtigen das zust\u00e4ndige Unternehmen, diese &#8222;L\u00fccke&#8220; im Solarpark noch zu schlie\u00dfen. Dadurch wird die Gesamtleistung des Agri-Solarparks von derzeit gut 2 Megawatt auf dann ca. 2,4 MW steigen. Auf Grund der nahenden ertragreichen Jahreszeit wird diese Ma\u00dfnahme recht kurzfristig, m\u00f6glichst im April, umgesetzt. <\/p>\n\n\n\n<p class=\"wp-block-paragraph\" style=\"font-size:18px\"><strong>Ich w\u00fcnsche Ihnen weiterhin die Kraft und Ausdauer diese Pandemie gut zu \u00fcberstehen. Bitte seien Sie zuversichtlich und voller guten Hoffnungen. Bitte denken Sie immer daran:&#8220;&#8230;..wir m\u00fcssen in dieser Zeit mit allem rechnen, auch mit dem Guten&#8220;<\/strong><\/p>\n\n\n\n<p class=\"wp-block-paragraph\" style=\"font-size:18px\">Ihr Ortsvorsteher <\/p>\n\n\n\n<p class=\"wp-block-paragraph\" style=\"font-size:18px\">Frank Klein<\/p>\n","protected":false},"excerpt":{"rendered":"<p>Liebe Dirmingerinnen, liebe Dirminger, In diesen unruhigen Zeiten sind wir alle dazu aufgefordert L\u00f6sungen aufzusuchen. Die neusten Verordnungen lassen darauf schlie\u00dfen, dass wir auch das Osterfest 2021 im Zeichen der Pandemie feiern m\u00fcssen. Neben den nur schleppend anlaufenden Impfungen sehe ich eine gro\u00dfe Chance im Testen. Irgendwie muss es uns gelingen das Testen noch mehr in den Vordergrund zu stellen.<\/p>\n","protected":false},"author":1,"featured_media":7195,"comment_status":"open","ping_status":"closed","sticky":false,"template":"","format":"standard","meta":{"_crdt_document":"","footnotes":""},"categories":[1,9,812],"tags":[618,127,634,310],"class_list":["post-9194","post","type-post","status-publish","format-standard","has-post-thumbnail","hentry","category-allgemein","category-dorfgetratsche","category-ortsvorsteher-dirmingen","tag-gemeinde-eppelborn","tag-landkreis-neunkirchen","tag-ortsvorsteher","tag-saarland"],"_links":{"self":[{"href":"https:\/\/echta-derminga.de\/index.php?rest_route=\/wp\/v2\/posts\/9194","targetHints":{"allow":["GET"]}}],"collection":[{"href":"https:\/\/echta-derminga.de\/index.php?rest_route=\/wp\/v2\/posts"}],"about":[{"href":"https:\/\/echta-derminga.de\/index.php?rest_route=\/wp\/v2\/types\/post"}],"author":[{"embeddable":true,"href":"https:\/\/echta-derminga.de\/index.php?rest_route=\/wp\/v2\/users\/1"}],"replies":[{"embeddable":true,"href":"https:\/\/echta-derminga.de\/index.php?rest_route=%2Fwp%2Fv2%2Fcomments&post=9194"}],"version-history":[{"count":13,"href":"https:\/\/echta-derminga.de\/index.php?rest_route=\/wp\/v2\/posts\/9194\/revisions"}],"predecessor-version":[{"id":9213,"href":"https:\/\/echta-derminga.de\/index.php?rest_route=\/wp\/v2\/posts\/9194\/revisions\/9213"}],"wp:featuredmedia":[{"embeddable":true,"href":"https:\/\/echta-derminga.de\/index.php?rest_route=\/wp\/v2\/media\/7195"}],"wp:attachment":[{"href":"https:\/\/echta-derminga.de\/index.php?rest_route=%2Fwp%2Fv2%2Fmedia&parent=9194"}],"wp:term":[{"taxonomy":"category","embeddable":true,"href":"https:\/\/echta-derminga.de\/index.php?rest_route=%2Fwp%2Fv2%2Fcategories&post=9194"},{"taxonomy":"post_tag","embeddable":true,"href":"https:\/\/echta-derminga.de\/index.php?rest_route=%2Fwp%2Fv2%2Ftags&post=9194"}],"curies":[{"name":"wp","href":"https:\/\/api.w.org\/{rel}","templated":true}]}}