{"id":9223,"date":"2021-03-20T14:21:24","date_gmt":"2021-03-20T13:21:24","guid":{"rendered":"http:\/\/echta-derminga.de\/?p=9223"},"modified":"2021-03-20T14:21:26","modified_gmt":"2021-03-20T13:21:26","slug":"unsere-kinder-gehoeren-zu-den-grossen-verlierern-dieser-pandemie","status":"publish","type":"post","link":"https:\/\/echta-derminga.de\/?p=9223","title":{"rendered":"Unsere Kinder geh\u00f6ren zu den gro\u00dfen Verlierern dieser Pandemie"},"content":{"rendered":"\n<p class=\"wp-block-paragraph\" style=\"font-size:18px\"><strong>Welches Leben ist mehr wert?<\/strong><\/p>\n\n\n\n<p class=\"wp-block-paragraph\" style=\"font-size:18px\"><strong>Niemand von uns m\u00f6chte sich mit dieser sicherlich schwierigen Frage auseinandersetzen. Nat\u00fcrlich ist kein Leben mehr wert als das Andere! Jeder Mensch ist gleich und jedes Leben muss gesch\u00fctzt werden. Dennoch sehe ich die Gefahr, dass wir w\u00e4hrend der anhaltenden Pandemie das Wohl unserer Kinder aus den Augen verlieren. Zweifellos geh\u00f6ren unsere Kinder zu den gr\u00f6\u00dften Verlierern dieser Pandemie.<\/strong><\/p>\n\n\n\n<p class=\"wp-block-paragraph\" style=\"font-size:18px\">Wir sch\u00fctzen v\u00f6llig zurecht das Leben der \u00e4lteren Menschen. Was wir in den letzten Monaten zugunsten der \u00e4lteren Generation und der vielen Risikopatient tun, ist aller Ehren wert und nicht mehr als unsere Menschenpflicht. Dennoch beschleicht mich gerade in den letzten Wochen immer mehr die Sorge, dass wir ausgerechnet bei unseren Kindern einen gro\u00dfen Schaden anrichten.<\/p>\n\n\n\n<p class=\"wp-block-paragraph\" style=\"font-size:18px\"><strong>Wenn mir als Kind jemand verboten h\u00e4tte, ein Jahr lang kein Fu\u00dfball zu spielen, w\u00e4re ich daran zerbrochen. Dabei verlangen wir von unseren Kindern in Zeiten der Pandemie weitaus mehr: Kein Sport, kein Spiel mit den Freunden\/innen, keine Schule, keine Rauferei, kein Toben, kein Spielen und auch keine Geburtstagsfeiern, Kinobesuche oder Schwimmbadbesuche. Unsere Kinder versteinern Zuhause vor dem Laptop oder der Spielkonsole. Viele Dinge, die wichtig f\u00fcr ihre Entwicklung unserer Kinder sind, k\u00f6nnen derzeit nicht stattfinden.<\/strong><\/p>\n\n\n\n<p class=\"wp-block-paragraph\" style=\"font-size:18px\">Bis heute ist umstritten, welche Rolle Kinder bei dieser Pandemie spielen. Die j\u00fcngsten Studien haben aufgezeigt, dass die neuen Varianten von COVID -19 auch f\u00fcr Kinder gef\u00e4hrlich sind. W\u00e4hrend die eine Seite die Kinder als \u201eVirenschleuder\u201c diffamieren, spricht die andere Seite davon, dass Kinder kaum gef\u00e4hrdet sind. Letztendlich fehlt mir das Know-how um dieses zu beurteilen. Damit sollten sich am besten Virologen, \u00c4rzte und Fachleute besch\u00e4ftigen.<\/p>\n\n\n\n<p class=\"wp-block-paragraph\" style=\"font-size:18px\"><strong>Mir geht es im Grunde nur um das Wohl unserer Kinder. Ich bin mir absolut sicher, dass Kinder ganz besonders unter der Corona-Krise leiden. Laut einer Studie haben es Kinder aus sozial schwachen Familien besonders schwer. kommen. Mittlerweile treten bei fast jedem dritten Kind Hinweise auf eine psychische Belastung hervor. Fast 85 Prozent der Kinder finden laut eigener Aussage die Corona-Krise f\u00fcr belastend. Man muss davon ausgehen, dass die Auswirkungen dieser Pandemie an unseren Kindern nicht spurlos vorr\u00fcbergehen wird.<\/strong><\/p>\n\n\n\n<p class=\"wp-block-paragraph\" style=\"font-size:18px\">Im Umkehrschluss bedeutet dies, dass auch die Kinder- und Jugendarbeit in den Verb\u00e4nden, Organisationen und Vereinen am Boden liegt. Die Trainer\/innen und Betreuer\/innen unserer Vereine stehen machtlos und vor allen Dingen arbeitslos vor den Ruinen ihrer Arbeit. Kein Fu\u00dfball, kein Handball, keine Jugendfeuerwehr\u00fcbung kein gemeinsames fischen, kein Tennis und auch keine Kampfsportarten. Alles liegt am Boden. Stellt sich die Frage, ob die Kinder am Ende dieser Pandemie wieder den Weg zur\u00fcck zu ihren Vereinen finden.<\/p>\n\n\n\n<p class=\"wp-block-paragraph\" style=\"font-size:18px\"><strong>Mittlerweile befinden sich die Sch\u00fclerinnen und Sch\u00fcler zumindest wieder teilweise im Pr\u00e4senzunterricht. Welches Kind h\u00e4tte noch vor einem Jahr daran gedacht, dass es irgendwann einmal Sehnsucht nach der Schule versp\u00fcrt? Unsere Kinder geh\u00f6ren zweifellos zu dem gro\u00dfen Verlieren dieser Pandemie. Wir alle m\u00fcssen uns dringend um mehr Normalit\u00e4t bem\u00fchen. Dies sind wir der n\u00e4chsten Generation schuldig.<\/strong><\/p>\n","protected":false},"excerpt":{"rendered":"<p>Welches Leben ist mehr wert? Niemand von uns m\u00f6chte sich mit dieser sicherlich schwierigen Frage auseinandersetzen. Nat\u00fcrlich ist kein Leben mehr wert als das Andere! Jeder Mensch ist gleich und jedes Leben muss gesch\u00fctzt werden. Dennoch sehe ich die Gefahr, dass wir w\u00e4hrend der anhaltenden Pandemie das Wohl unserer Kinder aus den Augen verlieren. Zweifellos geh\u00f6ren unsere Kinder zu den<\/p>\n","protected":false},"author":1,"featured_media":6641,"comment_status":"open","ping_status":"closed","sticky":false,"template":"","format":"standard","meta":{"_crdt_document":"","footnotes":""},"categories":[1,9,902],"tags":[618,777,807,310],"class_list":["post-9223","post","type-post","status-publish","format-standard","has-post-thumbnail","hentry","category-allgemein","category-dorfgetratsche","category-meine-meinung","tag-gemeinde-eppelborn","tag-kreis-neunkirchen","tag-pandemie","tag-saarland"],"_links":{"self":[{"href":"https:\/\/echta-derminga.de\/index.php?rest_route=\/wp\/v2\/posts\/9223","targetHints":{"allow":["GET"]}}],"collection":[{"href":"https:\/\/echta-derminga.de\/index.php?rest_route=\/wp\/v2\/posts"}],"about":[{"href":"https:\/\/echta-derminga.de\/index.php?rest_route=\/wp\/v2\/types\/post"}],"author":[{"embeddable":true,"href":"https:\/\/echta-derminga.de\/index.php?rest_route=\/wp\/v2\/users\/1"}],"replies":[{"embeddable":true,"href":"https:\/\/echta-derminga.de\/index.php?rest_route=%2Fwp%2Fv2%2Fcomments&post=9223"}],"version-history":[{"count":3,"href":"https:\/\/echta-derminga.de\/index.php?rest_route=\/wp\/v2\/posts\/9223\/revisions"}],"predecessor-version":[{"id":9247,"href":"https:\/\/echta-derminga.de\/index.php?rest_route=\/wp\/v2\/posts\/9223\/revisions\/9247"}],"wp:featuredmedia":[{"embeddable":true,"href":"https:\/\/echta-derminga.de\/index.php?rest_route=\/wp\/v2\/media\/6641"}],"wp:attachment":[{"href":"https:\/\/echta-derminga.de\/index.php?rest_route=%2Fwp%2Fv2%2Fmedia&parent=9223"}],"wp:term":[{"taxonomy":"category","embeddable":true,"href":"https:\/\/echta-derminga.de\/index.php?rest_route=%2Fwp%2Fv2%2Fcategories&post=9223"},{"taxonomy":"post_tag","embeddable":true,"href":"https:\/\/echta-derminga.de\/index.php?rest_route=%2Fwp%2Fv2%2Ftags&post=9223"}],"curies":[{"name":"wp","href":"https:\/\/api.w.org\/{rel}","templated":true}]}}