{"id":9226,"date":"2021-04-02T16:06:17","date_gmt":"2021-04-02T15:06:17","guid":{"rendered":"http:\/\/echta-derminga.de\/?p=9226"},"modified":"2021-04-02T16:13:13","modified_gmt":"2021-04-02T15:13:13","slug":"frohe-ostern-gute-saat-bringt-gute-ernte","status":"publish","type":"post","link":"https:\/\/echta-derminga.de\/?p=9226","title":{"rendered":"Frohe Ostern &#8211; Gute Saat bringt gute Ernte"},"content":{"rendered":"\n<p class=\"wp-block-paragraph\" style=\"font-size:18px\"><strong>Jetzt ist die Zeit in der man alles s\u00e4t oder anpflanzt. Dabei sollte man immer darauf achten, dass man gute Saat w\u00e4hlt. Gute Saat bringt in der Regel gute Ernte. <\/strong><\/p>\n\n\n\n<p class=\"wp-block-paragraph\" style=\"font-size:18px\">Jedes Jahr auf Neue !  Die Natur ist ein Wunder und fasziniert uns immer wieder aufs Neue.: Knospen und Bl\u00fcten springen auf und verwandeln unsere triste Umwelt in ein Farbenmeer. Der Fr\u00fchling bringt neues Leben. Alles beginnt wieder von vorn und der Kreislauf des Lebens zieht seine Bahn. Ich pers\u00f6nlich muss im Fr\u00fchling immer an das Gedicht: &#8222;Freunde, dass der Mandelzweig&#8220; denken. Sp\u00e4ter wurde daraus auch ein sch\u00f6ner Ohrwurm mit g\u00e4ngiger Melodie entworfen. Jedes Jahr aufs neue fasziniert mich dieser Text, der wie kaum ein anderer den Fr\u00fchling und den Kreislauf der Zeit spielgelt. Dabei hat das im Jahre 1942 einen ganz anderen, ernsten Hintergrund. Der Text wurde mitten im 2. Weltkrieg von dem Juden Ben Chorin geschrieben. Ohnm\u00e4chtig musste er miterleben, wie sein Volk von den Nazis vertrieben und vernichtet wurde. <\/p>\n\n\n\n<blockquote class=\"wp-block-quote is-layout-flow wp-block-quote-is-layout-flow\"><p><strong><em>Freunde, dass der Mandelzweig<\/em>, <em>Wieder bl\u00fcht und treibt,<\/em> <em>Ist das nicht ein Fingerzeig,<\/em> <em>dass die Liebe bleibt?<\/em> <em>Dass das Leben nicht verging,<\/em> <em>Soviel Blut auch schreit<\/em>, <em>Achtet dieses nicht gering,<\/em> <em>In der tr\u00fcbsten Zeit.<\/em> <em>Tausende zerstampft der Krieg,<\/em> <em>Eine Welt vergeht.<\/em> <em>Doch des Lebens Bl\u00fctensieg<\/em>, <em>Leicht im Winde weht.<\/em><\/strong><\/p><cite>Gedicht 1942: Ben Chorin<\/cite><\/blockquote>\n\n\n\n<p class=\"wp-block-paragraph\" style=\"font-size:18px\"><strong>Nur selten wurde soviel Hoffnung in den Fr\u00fchlingsanfang und in das damit verbundene Osterfest gesteckt. Der Fr\u00fchling zeigt uns wie kaum eine andere Jahreszeit \u00fcber wieviel Kraft die Natur verf\u00fcgt. Mit der Fr\u00fchlingssonne sp\u00fcren wir wieder mehr Mut und Zuversicht. Mit dem Aufbl\u00fchen der neuen Bl\u00fcten und Knospen und der R\u00fcckkehr unserer V\u00f6gel kehrt auch das positive denken zur\u00fcck in unser Leben. Gerade in Zeiten der Pandemie wollen wir alle zur\u00fcck zur Normalit\u00e4t und zur\u00fcck zum Leben. Wir wollen raus aus dem Haus und den kalten Winter voller Entbehrungen schnell vergessen. Wenn ich mir nun die M\u00fche mache und im Text des Gedichtes &#8222;Freunde, dass der Mandelzweig&#8220; das W\u00f6rtchen Krieg mit Pandemie ersetze, wird ein Schuh daraus. Alles im Leben hat seine Zeit und die Natur bahn sich ihren Weg. wir kleinen Menschen glauben allen Ernstes, dass wir den Lauf der Zeit \u00e4ndern k\u00f6nnen. Egal, &#8222;wieviel Blut auch schreit, achtet dieses nicht gering, in der tr\u00fcbsten Zeit.&#8220; Das Leben wird sich durchsetzen und wir werden zusehen wie sich der Kreislauf des Lebens wiederholt.<\/strong><\/p>\n\n\n\n<div class=\"wp-block-image\"><figure class=\"aligncenter size-large\"><img loading=\"lazy\" decoding=\"async\" width=\"700\" height=\"467\" src=\"https:\/\/echta-derminga.de\/wp-content\/uploads\/2021\/04\/160458821_1130355180710768_7239456735213138028_o-700x467.jpg\" alt=\"\" class=\"wp-image-9362\" srcset=\"https:\/\/echta-derminga.de\/wp-content\/uploads\/2021\/04\/160458821_1130355180710768_7239456735213138028_o-700x467.jpg 700w, https:\/\/echta-derminga.de\/wp-content\/uploads\/2021\/04\/160458821_1130355180710768_7239456735213138028_o-300x200.jpg 300w, https:\/\/echta-derminga.de\/wp-content\/uploads\/2021\/04\/160458821_1130355180710768_7239456735213138028_o-768x512.jpg 768w, https:\/\/echta-derminga.de\/wp-content\/uploads\/2021\/04\/160458821_1130355180710768_7239456735213138028_o.jpg 900w\" sizes=\"auto, (max-width: 700px) 100vw, 700px\" \/><\/figure><\/div>\n\n\n\n<p class=\"wp-block-paragraph\" style=\"font-size:18px\">Das Osterfest 2021 wird erneut ein anderes Fest, als wir es gewohnt sind. Gottesdienste in den Kirchen k\u00f6nnen regional unterschiedlich nur sehr eingeschr\u00e4nkt gefeiert werden. Urlaub f\u00e4llt mehr oder wenig aus und der Lockdown hat uns weiterhin fest im Griff. Dennoch oder gerade deswegen wird Ostern trotzdem stattfinden und wird f\u00fcr Christen noch wichtiger als sonst. Das Fest der Auferstehung macht Hoffnung auf einen Neuanfang. Wer als Christ \u201erichtig\u201c Ostern feiern will, der geht nat\u00fcrlich in die Kirche, und zwar \u2013 um den vollen Sinn des Festes mitzuerleben \u2013 ganze drei Mal: Am Gr\u00fcndonnerstag, am Karfreitag und in der Nacht zum Ostersonntag. In diesem Jahr wird das zugegebenerma\u00dfen eher schwierig oder kaum umsetzbar. Wenn wir den  Epidemiologen glauben schenken d\u00fcrfen, wird im April die 3. Welle erwartet.<\/p>\n\n\n\n<p class=\"wp-block-paragraph\" style=\"font-size:18px\"><strong>Es ist nun im Fr\u00fchling an der Zeit gute Saat zu s\u00e4en. Wenn wir jetzt gute Saat s\u00e4en, wird es auch eine gute Ernte geben. Man k\u00f6nnte auch sagen: Man bekommt immer das was man verdient. Wenn wir jetzt aus Fehlern lernen und der eingeschlagene Weg nicht nur ein kurzes Miteinander wird, steht uns eine gute Zeit bevor. Im Fr\u00fchling wird uns deutlich vor Augen gef\u00fchrt, dass auch unser Leben ein Teil des gro\u00dfen Ganzen ist. Wir werden geboren, wachsen, reifen und sterben. Genauso wie es in der Natur jeden Tag aufs Neue beginnt und endet. Alles Anfang hat ein Ende. Wenn ich so daran denke, f\u00e4llt mir das Osterlied &#8222;Korn das in die Erde&#8220; ein. Eigentlich handelt es sich bei diesem christlichen Lied um ein typisches &#8222;Karfreitaglied&#8220;.<\/strong><\/p>\n\n\n\n<blockquote class=\"wp-block-quote is-layout-flow wp-block-quote-is-layout-flow\"><p><strong>\u201eKorn das in die Erde, in den Tod versinkt. Keim, der aus dem Acker in den Morgen dringt. Liebe lebt auf, die l\u00e4ngst erstorben schien: Liebe w\u00e4chst wie Weizen, und ihr Halm ist gr\u00fcn.&#8220;<\/strong><\/p><cite>Lied 1971: Lothar Zenetti<\/cite><\/blockquote>\n\n\n\n<p class=\"wp-block-paragraph\" style=\"font-size:18px\">In diesem Lied steckt soviel Hoffnung, Mut und Zuversicht. Gerade in diesem Jahr sp\u00fcren wir alles noch viel intensiver als in den letzten Jahren. In den Klauen der Pandemie l\u00e4sst sich nur schwer Hoffen und Leben. Hinter den Gardinen lauert die Angst. Wir verbergen uns hinter unseren vier W\u00e4nden und sorgen uns um unsere Zukunft. Dabei frisst uns die Angst f\u00f6rmlich auf und nimmt uns jede Luft zum Atmen. \u201eSchau mal da dr\u00fcben, die haben gar keine Maske auf\u201c oder \u201eWarum wird der Nachbar jetzt geimpft, nur weil sein Beruf systemrelevant ist?\u201c. oder &#8222;Wieso erh\u00e4lt der da vor meiner Mutter eine Impfung?&#8220; Wer entscheidet \u00fcber Leben, Tot und Zukunft? Welches Recht wiegt mehr und welches Leben ist mehr wert? Gilt unser Grundgesetz nur dann, wenn wir es wollen oder k\u00f6nnen Politiker \u00fcber uns herrschen, wie sie m\u00f6chten? Hinter den Gardinen lauert die Angst und raubt uns jede Zuversicht.<\/p>\n\n\n\n<p class=\"wp-block-paragraph\" style=\"font-size:18px\"><strong>Wie wird unsere Dorfgemeinschaft aus dieser Pandemie kommen? Werden wir uns stark ver\u00e4ndern oder werden wir zur gewohnten Normalit\u00e4t zur\u00fcckfinden? Seit Tagen beschleicht mich das Gef\u00fchl, dass nach der Pandemie nichts mehr so sein wird wie fr\u00fcher. Dabei muss nicht alles schlecht sein. Vieles sollte ohnehin \u00fcberdacht werden und war in alten Strukturen festgefahren. So scheint es zum Beispiel, als w\u00fcrde sich das sogenannte Kirchturmdenken endg\u00fcltig verabschieden. zugegebenerma\u00dfen ging es den Kirchen schon vor der Pandemie nicht so gut. Ostern bietet nun die Chance wichtige Pluspunkte zu sammeln. Der Corona Virus tr\u00e4gt dazu bei, dass wir alle enger zusammenr\u00fccken m\u00fcssen. Vieles hat uns aber auch ausgezeichnet und von anderen unterschieden. Wir Dirminger sind ein besonderes V\u00f6lkchen mit der Gabe alles zu hinterfragen und voranzutreiben. Ich mache mir Sorgen um unsere Dorfkultur und den Erhalt alter Traditionen und Br\u00e4uche. Wird es in Zukunft noch eine Kirmes oder einen Weihnachtsmarkt geben ? Wohin weht uns der Wind ?<\/strong><\/p>\n\n\n\n<p class=\"wp-block-paragraph\" style=\"font-size:18px\"><strong>Mein Konfirmationsspruch lautet:<\/strong><\/p>\n\n\n\n<blockquote class=\"wp-block-quote is-layout-flow wp-block-quote-is-layout-flow\"><p><strong>\u201eIch bin die Auferstehung und das Leben. Wer an mich glaubt, der wird leben, auch wenn er stirbt; und wer da lebt und glaubt an mich, der wird nimmermehr sterben. Glaubst du das?\u201c<\/strong><\/p><cite>Johannes 11, 25-26<\/cite><\/blockquote>\n\n\n\n<div class=\"wp-block-image\"><figure class=\"aligncenter size-large\"><img loading=\"lazy\" decoding=\"async\" width=\"700\" height=\"467\" src=\"https:\/\/echta-derminga.de\/wp-content\/uploads\/2021\/04\/160381912_1130354837377469_1172454279919034784_o-700x467.jpg\" alt=\"\" class=\"wp-image-9363\" srcset=\"https:\/\/echta-derminga.de\/wp-content\/uploads\/2021\/04\/160381912_1130354837377469_1172454279919034784_o-700x467.jpg 700w, https:\/\/echta-derminga.de\/wp-content\/uploads\/2021\/04\/160381912_1130354837377469_1172454279919034784_o-300x200.jpg 300w, https:\/\/echta-derminga.de\/wp-content\/uploads\/2021\/04\/160381912_1130354837377469_1172454279919034784_o-768x512.jpg 768w, https:\/\/echta-derminga.de\/wp-content\/uploads\/2021\/04\/160381912_1130354837377469_1172454279919034784_o.jpg 900w\" sizes=\"auto, (max-width: 700px) 100vw, 700px\" \/><\/figure><\/div>\n\n\n\n<p class=\"wp-block-paragraph\" style=\"font-size:18px\">Wenn ich durch unsere Stra\u00dfen gehe, f\u00e4llt mir auf, dass jedes Haus eine eigene Geschichte hat. Dort wurden Menschen geboren und ein paar Meter weiter ist unl\u00e4ngst jemand verstorben. Menschen, die unser Leben pr\u00e4gten, sind nach langer Krankheit von uns gegangen und in einem anderen Haus wurde ein Kind mit vielen wunderbaren Talenten geboren. Der zweite Weltkrieg hat unser Dorf nahhaltig ver\u00e4ndert. Vieles was damals wichtig und gut war, fiel den Bomben zum Opfer. Ich denke an viele wunderbare historische Bauernh\u00e4user oder an \u201eSchw\u00e4hns\u201c Haus, oder Karels Wirtschaft oder Alt \u201eSchuhhannesse\u201c oder auch das alte Schulhaus in der Ortsmitte, dass zugegebenerma\u00dfen den Blick auf unsere Kirche versperrte. Der Krieg hatte alles ver\u00e4ndert und Altes musste Neuem weichen. Wird es uns diesmal wieder so ergehen? Welches Gesch\u00e4ft wird diese Pandemie \u00fcberleben? Ein Ende, kann ein Anfang sein. Man muss nur bereit sein in ein anderes Blau zu gehen. <\/p>\n\n\n\n<p class=\"wp-block-paragraph\" style=\"font-size:18px\">Letztens begegnete mir im Dorf ein \u00e4lterer Mitbewohner. Nat\u00fcrlich blieben wir stehen und boten uns die Zeit an. Nach einer Weile sagte der Mann: &#8222;Das hier ist schlimmer als der Krieg, ich hab ihn erlebt.&#8220; Ich wunderte mich und fragte nach:&#8220; Wirklich ? Warum ?&#8220; Ohne lange nachzudenken sagte er zu mir: &#8222;Da konnten wir uns wenigstens ber\u00fchren&#8220;. Ich schwieg und nickte zustimmend. <\/p>\n\n\n\n<p class=\"has-white-color has-primary-background-color has-text-color has-background wp-block-paragraph\" style=\"font-size:18px\"><strong>Ich w\u00fcnsche Ihnen zum diesj\u00e4hrigen Osterfest viele Ber\u00fchrungen und viel Liebe. Ich w\u00fcnsche Ihnen das sie sich im Kreise ihrer Familie fallen lassen k\u00f6nnen und zumindest ein paar sch\u00f6ne Stunden genie\u00dfen k\u00f6nnen. Ich w\u00fcnsche ihnen eine frohes und gesegnetes Osterfest<\/strong><\/p>\n\n\n\n<div class=\"wp-block-image\"><figure class=\"aligncenter size-large\"><img loading=\"lazy\" decoding=\"async\" width=\"600\" height=\"750\" src=\"https:\/\/echta-derminga.de\/wp-content\/uploads\/2021\/04\/ei.jpg\" alt=\"\" class=\"wp-image-9364\" srcset=\"https:\/\/echta-derminga.de\/wp-content\/uploads\/2021\/04\/ei.jpg 600w, https:\/\/echta-derminga.de\/wp-content\/uploads\/2021\/04\/ei-240x300.jpg 240w\" sizes=\"auto, (max-width: 600px) 100vw, 600px\" \/><\/figure><\/div>\n","protected":false},"excerpt":{"rendered":"<p>Jetzt ist die Zeit in der man alles s\u00e4t oder anpflanzt. Dabei sollte man immer darauf achten, dass man gute Saat w\u00e4hlt. Gute Saat bringt in der Regel gute Ernte. Jedes Jahr auf Neue ! Die Natur ist ein Wunder und fasziniert uns immer wieder aufs Neue.: Knospen und Bl\u00fcten springen auf und verwandeln unsere triste Umwelt in ein Farbenmeer.<\/p>\n","protected":false},"author":1,"featured_media":9361,"comment_status":"open","ping_status":"closed","sticky":false,"template":"","format":"standard","meta":{"_crdt_document":"","footnotes":""},"categories":[1,9],"tags":[5,638,618,127,795,310],"class_list":["post-9226","post","type-post","status-publish","format-standard","has-post-thumbnail","hentry","category-allgemein","category-dorfgetratsche","tag-dirmingen","tag-frohe-ostern","tag-gemeinde-eppelborn","tag-landkreis-neunkirchen","tag-ortsvorsteher-dirmingen","tag-saarland"],"_links":{"self":[{"href":"https:\/\/echta-derminga.de\/index.php?rest_route=\/wp\/v2\/posts\/9226","targetHints":{"allow":["GET"]}}],"collection":[{"href":"https:\/\/echta-derminga.de\/index.php?rest_route=\/wp\/v2\/posts"}],"about":[{"href":"https:\/\/echta-derminga.de\/index.php?rest_route=\/wp\/v2\/types\/post"}],"author":[{"embeddable":true,"href":"https:\/\/echta-derminga.de\/index.php?rest_route=\/wp\/v2\/users\/1"}],"replies":[{"embeddable":true,"href":"https:\/\/echta-derminga.de\/index.php?rest_route=%2Fwp%2Fv2%2Fcomments&post=9226"}],"version-history":[{"count":11,"href":"https:\/\/echta-derminga.de\/index.php?rest_route=\/wp\/v2\/posts\/9226\/revisions"}],"predecessor-version":[{"id":9367,"href":"https:\/\/echta-derminga.de\/index.php?rest_route=\/wp\/v2\/posts\/9226\/revisions\/9367"}],"wp:featuredmedia":[{"embeddable":true,"href":"https:\/\/echta-derminga.de\/index.php?rest_route=\/wp\/v2\/media\/9361"}],"wp:attachment":[{"href":"https:\/\/echta-derminga.de\/index.php?rest_route=%2Fwp%2Fv2%2Fmedia&parent=9226"}],"wp:term":[{"taxonomy":"category","embeddable":true,"href":"https:\/\/echta-derminga.de\/index.php?rest_route=%2Fwp%2Fv2%2Fcategories&post=9226"},{"taxonomy":"post_tag","embeddable":true,"href":"https:\/\/echta-derminga.de\/index.php?rest_route=%2Fwp%2Fv2%2Ftags&post=9226"}],"curies":[{"name":"wp","href":"https:\/\/api.w.org\/{rel}","templated":true}]}}