{"id":9238,"date":"2021-03-20T14:34:19","date_gmt":"2021-03-20T13:34:19","guid":{"rendered":"https:\/\/echta-derminga.de\/?p=9238"},"modified":"2021-03-20T14:34:55","modified_gmt":"2021-03-20T13:34:55","slug":"mit-blick-auf-den-haushalt-unserer-gemeinde-investitionen-in-dirmingen","status":"publish","type":"post","link":"https:\/\/echta-derminga.de\/?p=9238","title":{"rendered":"Mit Blick auf den Haushalt unserer Gemeinde- Investitionen in Dirmingen"},"content":{"rendered":"\n<p class=\"wp-block-paragraph\" style=\"font-size:18px\"><strong>Am Donnerstag, 18. M\u00e4rz 2021 verabschiedete der Gemeinderat im Eppelborner \u201eBig Epple\u201c den Haushalt f\u00fcr das Jahr 2021. Der Haushaltsvorlage der Verwaltung wurde von einer \u00fcberwiegenden Mehrheit, mit nur wenigen Gegenstimmen und Enthaltungen angenommen.<\/strong><\/p>\n\n\n\n<p class=\"wp-block-paragraph\" style=\"font-size:18px\">Bei allen politischen Unterschieden m\u00f6chte ich an dieser Stelle anerkennen, dass B\u00fcrgermeister Dr. Andreas Feld und seine Verwaltung ganze Arbeit geleistet haben. Der nun verabschiedete Haushalt tr\u00e4gt eindeutig die Handschrift des Rathauschefs und nicht irgendeiner Partei. Auch wenn uns auch die politischen Farben trennen, sollte man stets Fairness walten lassen. Fakt ist, der B\u00fcrgermeister hat bis hierhin gute Arbeit geleistet. Dennoch darf an dieser Stelle nicht unerw\u00e4hnt bleiben, dass auch die Mitarbeiterinnen und Mitarbeiter in der Verwaltung ihren Anteil haben. Von einer \u201eOne-Man-Show\u201c sind wir alle meilenweit entfernt. Vielmehr komme ich in den letzten Monaten immer mehr zu dem Schluss, dass gerade in der Kommunalpolitik die Parteifarbe keine gewichtige Rolle spielen sollte. Die Menschen sind die politischen Gepl\u00e4nkel leid und m\u00f6chten Kommunalpolitiker haben, auf die sie sich verlassen k\u00f6nnen.<\/p>\n\n\n\n<p class=\"wp-block-paragraph\" style=\"font-size:18px\"><strong>Unser Ortsrat hat sich bereits am 08. M\u00e4rz mit dem Haushalt der Gemeinde Eppelborn einschlie\u00dflich des Planungszeitraums bis 2024 soweit es sich um Ans\u00e4tze des Gemeindebezirks Dirmingen handelt, besch\u00e4ftigt. Auch der Ortsrat stimmte einstimmig f\u00fcr die geplanten Investitionsma\u00dfnahmen des Haushaltsplanes. &nbsp;<\/strong><\/p>\n\n\n\n<p class=\"wp-block-paragraph\" style=\"font-size:18px\">In Dirmingen wird in diesem Jahr einiges investiert. Dabei ist die Sanierung der R\u00e4umlichkeiten des ehemaligen katholischen Kindergartens auf dem Rotenberg zur Wiederaufnahme des Krippenbetriebes die gr\u00f6\u00dften Investitionen. In der neuen Dependance unserer Kita \u201ePusteblume\u201c sollen ausschlie\u00dflich Krippenpl\u00e4tze angeboten werden. Der Ortsrat hat diese, f\u00fcr die Gemeinde Eppelborn wichtige Investition unterst\u00fctzt, wobei wir uns schon Gedanken \u00fcber die dortige Verkehrssituation machen. Sei\u2019s drum. Mit dieser Idee hat B\u00fcrgermeister Dr. Andreas Feld zweifellos einen grandiosen Schachzug gelandet.<\/p>\n\n\n\n<p class=\"wp-block-paragraph\" style=\"font-size:18px\"><strong>Zeitgleich wird in Humes mit dem Bau einer neuen Kindertagesst\u00e4tte begonnen. Der Bau der neuen Wiesbacher Kindertagesst\u00e4tte ist bereits im vollen Gange. Eine weitere gro\u00dfe Investition findet in Habach statt. Dort soll aus Sicht des Gemeinderates das B\u00fcrgerhaus saniert werden. In Eppelborn hingegen setzt man verst\u00e4rkt auf die Aufwertung und Sanierung der Ortsmitte. In Hierscheid soll in das B\u00fcrgerhaus und in die dortige Kita investiert werden und in Macherbach soll die Br\u00fccke eine Sanierung erfahren. In Bubach\/Calmesweiler soll in die dortige Kita und in den ortseigenen Bahnhof investiert werden. Ich hatte das Gef\u00fchl, dass jeder Ortsteil mit seinen Investitionsma\u00dfnahmen ganz gut leben konnte.<\/strong><\/p>\n\n\n\n<div class=\"wp-block-image\"><figure class=\"aligncenter size-large\"><img loading=\"lazy\" decoding=\"async\" width=\"700\" height=\"467\" src=\"https:\/\/echta-derminga.de\/wp-content\/uploads\/2021\/03\/Bruecke-700x467.jpg\" alt=\"\" class=\"wp-image-9249\" srcset=\"https:\/\/echta-derminga.de\/wp-content\/uploads\/2021\/03\/Bruecke-700x467.jpg 700w, https:\/\/echta-derminga.de\/wp-content\/uploads\/2021\/03\/Bruecke-300x200.jpg 300w, https:\/\/echta-derminga.de\/wp-content\/uploads\/2021\/03\/Bruecke-768x512.jpg 768w, https:\/\/echta-derminga.de\/wp-content\/uploads\/2021\/03\/Bruecke.jpg 900w\" sizes=\"auto, (max-width: 700px) 100vw, 700px\" \/><\/figure><\/div>\n\n\n\n<p class=\"wp-block-paragraph\" style=\"font-size:18px\">In Dirmingen werden weitere Gelder in die Sanierung der Illbr\u00fccke am Br\u00fchlpark und sowie in die Erneuerung der Alsbachbr\u00fccke \u00fcber der Grundschule gestochen. Au\u00dferdem soll in der Thalexweilerstra\u00dfe ein St\u00fctzbauwerk wegen B\u00f6schungsrutsch eingerichtet werden. Diese Ma\u00dfnahme ist unbedingt erforderlich. Die Menschen in der Thalexweilerstra\u00dfe m\u00fcssen unbedingt wieder unbesorgt ihre Stra\u00dfe nutzen k\u00f6nnen. Weitere Investitionen werden in den Dirminger Friedhof flie\u00dfen. Dort wird die Urnenwand erweitert und weitere Urnenrasengr\u00e4ber eingerichtet. Wir bekommen immer mehr zu sp\u00fcren, dass sich die Friedhofskultur in den letzten Jahren ver\u00e4ndert hat. Von daher freue ich mich dar\u00fcber, dass die Toilette an der Einsegnungshalle saniert und die Beschallungsanlage der Halle \u00fcberholt und erneuert wird. Nat\u00fcrlich werden wir in diesem Jahr einige Stra\u00dfen saniert bekommen. Von den vielen Stra\u00dfen, die mittlerweile sanierungsbed\u00fcrftig sind, ist in diesem Jahr die Stra\u00dfe \u201eAm D\u00f6rrwald\u201c und die \u201eLachwies\u201c an der Reihe. Abschlie\u00dfend werden in Dirmingen Gew\u00e4sserverrohrungen im M\u00fchlbach saniert.<\/p>\n\n\n\n<p class=\"wp-block-paragraph\" style=\"font-size:18px\"><strong>Letztendlich freue ich mich dar\u00fcber, dass es gelungen ist Gelder f\u00fcr den Br\u00fchlpark in den Haushalt zu stellen. An dieser Stelle m\u00f6chte ich unserem B\u00fcrgermeister und den zust\u00e4ndigen Mitarbeitern der Verwaltung danken. Meiner Bitte wurde ohne weiteres Folge geleistet. Die Gelder sind wichtig damit weitere Sanierungsma\u00dfnahmen im Br\u00fchlpark durchgef\u00fchrt werden k\u00f6nnen. Nun muss die Verwaltung einen entsprechenden Antrag f\u00fcr das ERLER-Programm einreichen. Danach d\u00fcrften wir uns auf einem guten Weg befinden. Ich freue mich dar\u00fcber, dass mir der Ortsrat einstimmig das Vertrauen geliehen hat, dass Thema Br\u00fchlpark anzugehen. \u00dcberhaupt verf\u00fcgt unser Ortsrat derzeit \u00fcber ein harmonisches Miteinander. Die politischen Grabenk\u00e4mpfe m\u00fcssen endlich der Geschichte angeh\u00f6ren. Die Menschen erwarten von uns Antworten. Die Realisierung eines Nahversorgers liegt im Interesse aller im Ortsrat befindlicher Parteien. Nur gemeinsam werden wir dieses Thema in die Tat umsetzen. Ich m\u00f6chte in meiner Amtszeit als Ortsvorsteher die Reihen schlie\u00dfen und den Blick auf das wesentliche sch\u00e4rfen. Wir alle leben in diesem sch\u00f6nen Dorf und jeder m\u00f6chte das Beste f\u00fcr unsere Heimat. Ich m\u00f6chte mehr Miteinander und weniger dagegen. Lasst uns in der Sache streiten und in den Farben getrennt f\u00fcr eine gemeinsame Sache einstehen.<\/strong><\/p>\n\n\n\n<div class=\"wp-block-image\"><figure class=\"aligncenter size-large\"><img loading=\"lazy\" decoding=\"async\" width=\"700\" height=\"467\" src=\"https:\/\/echta-derminga.de\/wp-content\/uploads\/2021\/03\/1-1-700x467.jpg\" alt=\"\" class=\"wp-image-9248\" srcset=\"https:\/\/echta-derminga.de\/wp-content\/uploads\/2021\/03\/1-1-700x467.jpg 700w, https:\/\/echta-derminga.de\/wp-content\/uploads\/2021\/03\/1-1-300x200.jpg 300w, https:\/\/echta-derminga.de\/wp-content\/uploads\/2021\/03\/1-1-768x512.jpg 768w, https:\/\/echta-derminga.de\/wp-content\/uploads\/2021\/03\/1-1.jpg 900w\" sizes=\"auto, (max-width: 700px) 100vw, 700px\" \/><\/figure><\/div>\n\n\n\n<p class=\"wp-block-paragraph\" style=\"font-size:18px\">Eine weitere Herzensangelegenheit ist die Neueinrichtung eines Jugendzentrums in Dirmingen. Wir brauchen unbedingt eine neue Anlaufstelle f\u00fcr unsere Dorfjugend. Auch hier wei\u00df ich meinen politischen Heimatverein, die Verwaltung und den politischen Mitbewerber an meiner Seite.<\/p>\n\n\n\n<p class=\"wp-block-paragraph\" style=\"font-size:18px\"><strong>Der Bau einer Boulehalle neben der Dirminger Tennisanlage stand nat\u00fcrlich nicht im Investitionsprogramm der Verwaltung. Hier gibt es engagierte B\u00fcrgerinnen und B\u00fcrger die diesen Weg eingeschlagen haben und ihren Traum verwirklichen. F\u00fcr Dirmingen kann das nur gut sein. Ein neuer Verein und eine neue Anlaufstelle f\u00fcr interessierte B\u00fcrgerinnen und B\u00fcrger.<\/strong><\/p>\n\n\n\n<p class=\"wp-block-paragraph\" style=\"font-size:18px\">In der letzten Gemeinderatssitzung wurde au\u00dferdem entschieden, dass die Hundesteuer um 8,- \u20ac im Jahr erh\u00f6ht werden soll. Ich selbst werde demn\u00e4chst Hundebesitzer sein und habe mich nicht zuletzt auch deshalb mit diesem Thema besch\u00e4ftigt. Ich habe mich am Ende dazu entschieden der Erh\u00f6hung zuzustimmen. Auch wenn der Zeitpunkt nicht gerade optimal ist, sind Erh\u00f6hungen aus meiner Sicht unausweichlich. Seit 20 Jahren wurden diese Steuern nicht mehr erhoben. Dabei werden Investitionen in das Wohl der Hunde und ihrer Besitzer immer notwendiger. Immer mehr Menschen kommen auf uns zu und fordern die Einrichtung neuer Hundetoiletten. Das Geld f\u00fcr die Kosten der Anschaffung, Anbringung und Pflege muss irgendwo herkommen. Wenn man etwas fordert, muss man auch wissen, wie man es bezahlt. Dabei sind die paar Cent im Monat bestimmt f\u00fcr jeden Tierliebhaber nachvollziehbar. Ich gebe jedoch zu, dass der Zeitpunkt dazu vieleicht nicht gerade optimal ist. Auch wenn die Hundesteuern nicht zweckgebunden sind, bekommt unsere Verwaltung mehr Einnahmen, um wichtige Ma\u00dfnahmen umzusetzen. Der Ortsrat Dirmingen hat zuletzt entschieden, dass weitere Hundetoiletten angebracht werden sollen. Nun hoffen wir nat\u00fcrlich, dass die Verwaltung schnell unserer Forderung nachbekommt. Ich wei\u00df, dass dies dem Wunsch vieler Dirmingerinnen und Dirminger entspricht.<\/p>\n\n\n\n<p class=\"wp-block-paragraph\" style=\"font-size:18px\"><strong>Vor uns liegt noch viel Arbeit und vieles blieb bisher unerw\u00e4hnt. Wenn wir jedoch unsere Kr\u00e4fte \u00fcberparteilich b\u00fcndeln, werden wir am Ende einiges f\u00fcr unseren Heimatort erreichen. Ich lade jeden herzlich ein mitzumachen und sich zu engagieren.<\/strong><\/p>\n\n\n\n<div class=\"wp-block-image\"><figure class=\"aligncenter size-large\"><img loading=\"lazy\" decoding=\"async\" width=\"700\" height=\"525\" src=\"https:\/\/echta-derminga.de\/wp-content\/uploads\/2021\/03\/100-1-700x525.jpg\" alt=\"\" class=\"wp-image-9250\" srcset=\"https:\/\/echta-derminga.de\/wp-content\/uploads\/2021\/03\/100-1-700x525.jpg 700w, https:\/\/echta-derminga.de\/wp-content\/uploads\/2021\/03\/100-1-300x225.jpg 300w, https:\/\/echta-derminga.de\/wp-content\/uploads\/2021\/03\/100-1-768x576.jpg 768w, https:\/\/echta-derminga.de\/wp-content\/uploads\/2021\/03\/100-1.jpg 900w\" sizes=\"auto, (max-width: 700px) 100vw, 700px\" \/><\/figure><\/div>\n","protected":false},"excerpt":{"rendered":"<p>Am Donnerstag, 18. M\u00e4rz 2021 verabschiedete der Gemeinderat im Eppelborner \u201eBig Epple\u201c den Haushalt f\u00fcr das Jahr 2021. Der Haushaltsvorlage der Verwaltung wurde von einer \u00fcberwiegenden Mehrheit, mit nur wenigen Gegenstimmen und Enthaltungen angenommen. Bei allen politischen Unterschieden m\u00f6chte ich an dieser Stelle anerkennen, dass B\u00fcrgermeister Dr. Andreas Feld und seine Verwaltung ganze Arbeit geleistet haben. Der nun verabschiedete Haushalt<\/p>\n","protected":false},"author":1,"featured_media":9016,"comment_status":"open","ping_status":"closed","sticky":false,"template":"","format":"standard","meta":{"_crdt_document":"","footnotes":""},"categories":[1,9,46],"tags":[5,618,911,127,439],"class_list":["post-9238","post","type-post","status-publish","format-standard","has-post-thumbnail","hentry","category-allgemein","category-dorfgetratsche","category-meine-politik","tag-dirmingen","tag-gemeinde-eppelborn","tag-kommunalpolitiker","tag-landkreis-neunkirchen","tag-spd-dirmingen"],"_links":{"self":[{"href":"https:\/\/echta-derminga.de\/index.php?rest_route=\/wp\/v2\/posts\/9238","targetHints":{"allow":["GET"]}}],"collection":[{"href":"https:\/\/echta-derminga.de\/index.php?rest_route=\/wp\/v2\/posts"}],"about":[{"href":"https:\/\/echta-derminga.de\/index.php?rest_route=\/wp\/v2\/types\/post"}],"author":[{"embeddable":true,"href":"https:\/\/echta-derminga.de\/index.php?rest_route=\/wp\/v2\/users\/1"}],"replies":[{"embeddable":true,"href":"https:\/\/echta-derminga.de\/index.php?rest_route=%2Fwp%2Fv2%2Fcomments&post=9238"}],"version-history":[{"count":4,"href":"https:\/\/echta-derminga.de\/index.php?rest_route=\/wp\/v2\/posts\/9238\/revisions"}],"predecessor-version":[{"id":9252,"href":"https:\/\/echta-derminga.de\/index.php?rest_route=\/wp\/v2\/posts\/9238\/revisions\/9252"}],"wp:featuredmedia":[{"embeddable":true,"href":"https:\/\/echta-derminga.de\/index.php?rest_route=\/wp\/v2\/media\/9016"}],"wp:attachment":[{"href":"https:\/\/echta-derminga.de\/index.php?rest_route=%2Fwp%2Fv2%2Fmedia&parent=9238"}],"wp:term":[{"taxonomy":"category","embeddable":true,"href":"https:\/\/echta-derminga.de\/index.php?rest_route=%2Fwp%2Fv2%2Fcategories&post=9238"},{"taxonomy":"post_tag","embeddable":true,"href":"https:\/\/echta-derminga.de\/index.php?rest_route=%2Fwp%2Fv2%2Ftags&post=9238"}],"curies":[{"name":"wp","href":"https:\/\/api.w.org\/{rel}","templated":true}]}}