{"id":9241,"date":"2021-03-20T15:02:47","date_gmt":"2021-03-20T14:02:47","guid":{"rendered":"https:\/\/echta-derminga.de\/?p=9241"},"modified":"2021-03-21T13:34:21","modified_gmt":"2021-03-21T12:34:21","slug":"in-sachen-ortsvorsteher-von-gefaehrlichem-vandalismus-einem-grossbrand-und-der-hoffnung-auf-den-fruehling","status":"publish","type":"post","link":"https:\/\/echta-derminga.de\/?p=9241","title":{"rendered":"In Sachen Ortsvorsteher: Von gef\u00e4hrlichem Vandalismus, einem Gro\u00dfbrand und der Hoffnung auf den Fr\u00fchling"},"content":{"rendered":"\n<p class=\"wp-block-paragraph\" style=\"font-size:18px\">Nat\u00fcrlich steht auch das Osterfest 2021 im Schatten der Pandemie. Besonders unsere Kinder leiden unter dem Lockdown. Erneut stellt sich mir die Frage, wie es uns gelingt, den Kindern zumindest ein wenig das Osterfest n\u00e4her zu bringen. Dabei geht es nicht nur um den Erhalt alter Traditionen, sondern auch um den eigentlichen Sinn dieses christlichen Festes. Nach R\u00fccksprache mit dem Osterhasen bin ich jedoch nicht gewillt kampflos das Feld zu r\u00e4umen. Vielmehr m\u00f6chten ich auch zu diesem Fest unseren Kindern eine Freude bereiten. Der Osterhase kommt zu Euch Nachhause und bringt euch kleine Leckereien. Das Nest wird vor der T\u00fcr abgelegt. Vielleicht habt ihr Gl\u00fcck und k\u00f6nnt den Osterhasen bei seiner Arbeit beobachten. Gerne kann Euch eure Mama oder Papa zu dieser \u201cDerminga\u201d Ostereieraktion anmelden. <strong>Die Anmeldungen nimmt der Ortsvorsteher Frank Klein unter 0172 602 7216 entgegen. Bis zum 31.M\u00e4rz 2021 m\u00fcsst ihr euch angemeldet haben.<\/strong><\/p>\n\n\n\n<p class=\"wp-block-paragraph\" style=\"font-size:18px\"><strong>Erinnerung an Ortsvorsteher Manfred Klein<\/strong><\/p>\n\n\n\n<p class=\"wp-block-paragraph\" style=\"font-size:18px\">Nun ist bereits ein Jahr vergangen ! Am 15. M\u00e4rz 2020 verstarb unser Ortsvorsteher Manfred Klein nach schwerer Krankheit. F\u00fcr viele B\u00fcrgerinnen und B\u00fcrger und auch f\u00fcr zahlreiche Vereine und Organisationen war dies Grund genug das Grab des beleibten Ortsvorstehers zu besuchen. Ich pers\u00f6nlich habe einen guten Freund, Ratgeber und Mentor verloren. Die Trauer um Manfred Klein ist ungebrochen. Wir alle werden unserem verstorbenen Ortsvorsteher ein w\u00fcrdiges Andenken bewahren.<\/p>\n\n\n\n<div class=\"wp-block-image\"><figure class=\"aligncenter size-large\"><img loading=\"lazy\" decoding=\"async\" width=\"700\" height=\"511\" src=\"https:\/\/echta-derminga.de\/wp-content\/uploads\/2021\/03\/manne-700x511.jpg\" alt=\"\" class=\"wp-image-9267\" srcset=\"https:\/\/echta-derminga.de\/wp-content\/uploads\/2021\/03\/manne-700x511.jpg 700w, https:\/\/echta-derminga.de\/wp-content\/uploads\/2021\/03\/manne-300x219.jpg 300w, https:\/\/echta-derminga.de\/wp-content\/uploads\/2021\/03\/manne-768x561.jpg 768w, https:\/\/echta-derminga.de\/wp-content\/uploads\/2021\/03\/manne.jpg 900w\" sizes=\"auto, (max-width: 700px) 100vw, 700px\" \/><\/figure><\/div>\n\n\n\n<p class=\"wp-block-paragraph\" style=\"font-size:18px\"><strong>Thema Brand am Birkenhof \u2013 Auf unsere Feuerwehr k\u00f6nnen wir uns verlassen<\/strong><\/p>\n\n\n\n<p class=\"wp-block-paragraph\" style=\"font-size:18px\">In der vergangenen Woche hat unser L\u00f6schbezirk Dirmingen und auch die Feuerwehren unserer Gemeinde und der angrenzenden Ortschaften wieder mal bewiesen, dass man sich auf sie verlassen kann. Nach einem Gro\u00dfbrand am Dirminger Birkenhof hat unsere Feuerwehr ganze Arbeit geleistet. Dabei ist mir aufgefallen wie schnell unsere Wehr im Notfall vor Ort sein kann. Ich habe mich w\u00e4hrend den Eins\u00e4tzen mehrmals vor Ort von der gro\u00dfartigen Einsatzbereitschaft unserer Wehr \u00fcberzeugen d\u00fcrfen. Ich m\u00f6chte mich auch an dieser Stelle herzlich bei unserer Feuerwehr bedanken. Gut, dass es euch gibt und dass ihr gesund aus dem Einsatz gekommen seid. Gott segne euch und allzeit gut Wehr\u2018<\/p>\n\n\n\n<p class=\"wp-block-paragraph\" style=\"font-size:18px\"><strong>Herzlichen Gl\u00fcckwunsch zum 90. Wiegenfest<\/strong><\/p>\n\n\n\n<p class=\"wp-block-paragraph\" style=\"font-size:18px\">Frau Katharina Hoffmann feierte am Freitag, 12. M\u00e4rz 2021 ihr nunmehr 90. Wiegenfest. Gemeinsam mit unserem B\u00fcrgermeister Dr. Andreas Feld durfte ich die Gl\u00fcckw\u00fcnsche des Ortsrates und unserer Bev\u00f6lkerung \u00fcbermitteln. Der B\u00fcrgermeister \u00fcberbrachte die Gr\u00fc\u00dfe des Rathauses, des Landrates und des Ministerpr\u00e4sidenten. Frau Katharina Hoffmann feierte diesen Geburtstag unter Einhaltung der gegebenen Hygienerichtlinien im engsten Familienkreis. Auch an dieser Stelle w\u00fcnsche ich Frau Hoffmann und ihrer ganzen Familie alles erdenklich Gute f\u00fcr die Zukunft.<\/p>\n\n\n\n<div class=\"wp-block-image\"><figure class=\"aligncenter size-large\"><img loading=\"lazy\" decoding=\"async\" width=\"700\" height=\"525\" src=\"https:\/\/echta-derminga.de\/wp-content\/uploads\/2021\/03\/Hoffmann-700x525.jpg\" alt=\"\" class=\"wp-image-9260\" srcset=\"https:\/\/echta-derminga.de\/wp-content\/uploads\/2021\/03\/Hoffmann-700x525.jpg 700w, https:\/\/echta-derminga.de\/wp-content\/uploads\/2021\/03\/Hoffmann-300x225.jpg 300w, https:\/\/echta-derminga.de\/wp-content\/uploads\/2021\/03\/Hoffmann-768x576.jpg 768w, https:\/\/echta-derminga.de\/wp-content\/uploads\/2021\/03\/Hoffmann-1536x1152.jpg 1536w, https:\/\/echta-derminga.de\/wp-content\/uploads\/2021\/03\/Hoffmann.jpg 1600w\" sizes=\"auto, (max-width: 700px) 100vw, 700px\" \/><\/figure><\/div>\n\n\n\n<p class=\"wp-block-paragraph\" style=\"font-size:18px\"><strong>Gef\u00e4hrlicher Vandalismus am evangelischen Gemeindehaus<\/strong><\/p>\n\n\n\n<p class=\"wp-block-paragraph\" style=\"font-size:18px\">Eine v\u00f6llig neue Dimension von Vandalismus mussten wir im Laufe der vergangenen Woche erfahren. Unbekannte haben unmittelbar vor dem Eingang des evangelischen Gemeindehauses das Gitterrost entfernt. Gottlob entdeckte die zust\u00e4ndige Mitarbeiterin der Kirchengemeinde rechtzeitig dieses Vergehen. Nicht auszudenken, wenn jemand dort hineingefallen w\u00e4re. Ein Streich endet genau dort, wo er zur Gefahr f\u00fcr Andere wird. Dies war alles andere als eine Bagatelle, sondern vielmehr eine Straftat. Wir werden zuk\u00fcnftig genauer hinsehen. Die Evangelische Kirchengemeinde Dirmingen h\u00e4lt sich v\u00f6llig zurecht weitere Schritte vor. Ich m\u00f6chte an dieser Stelle besonders unsere Dorfjugend ansprechen. In den vergangenen Monaten habe ich mich immer wieder vor die Jugendlichen unseres Dorfes gestellt. Auch heute bin ich noch meilenweit davon entfernt irgendjemand zu beschuldigen. Das was jedoch hier geschehen ist, geht eindeutig zu weit. Ich bitte Euch um Mitarbeit und Unterst\u00fctzung. Solltet ihr irgendwelche Hinweise auf die T\u00e4ter haben bitte ich euch diese umgehend der Polizei zu melden. Langsam ist es nicht mehr witzig ! Zun\u00e4chst werden die historischen Schaufenster in der Ortsmitte zerst\u00f6rt und nun dieser unerh\u00f6rte Vorfall. Es wird h\u00f6chste Zeit dem Vandalismus in unserer Heimatgemeinde Einhalt zu gebieten.<\/p>\n\n\n\n<div class=\"wp-block-image\"><figure class=\"aligncenter size-large\"><img loading=\"lazy\" decoding=\"async\" width=\"699\" height=\"693\" src=\"https:\/\/echta-derminga.de\/wp-content\/uploads\/2021\/03\/Vandale.jpg\" alt=\"\" class=\"wp-image-9264\" srcset=\"https:\/\/echta-derminga.de\/wp-content\/uploads\/2021\/03\/Vandale.jpg 699w, https:\/\/echta-derminga.de\/wp-content\/uploads\/2021\/03\/Vandale-300x297.jpg 300w, https:\/\/echta-derminga.de\/wp-content\/uploads\/2021\/03\/Vandale-150x150.jpg 150w, https:\/\/echta-derminga.de\/wp-content\/uploads\/2021\/03\/Vandale-90x90.jpg 90w, https:\/\/echta-derminga.de\/wp-content\/uploads\/2021\/03\/Vandale-75x75.jpg 75w\" sizes=\"auto, (max-width: 699px) 100vw, 699px\" \/><\/figure><\/div>\n\n\n\n<p class=\"wp-block-paragraph\" style=\"font-size:18px\"><strong>Herzlichen Gl\u00fcckwunsch zur Goldenen Hochzeit<\/strong><\/p>\n\n\n\n<p class=\"wp-block-paragraph\" style=\"font-size:18px\">Am Freitag, 19. M\u00e4rz feierten Marietta und Hans-J\u00fcrgen Rosar ihre Goldene Hochzeit. Dieses wunderbare Jubil\u00e4um zeugt von einem Leben in Liebe, Zuversicht und Harmonie. Mit diesem Jubil\u00e4um feierte Hans-J\u00fcrgen Rosar auch seinen 70. Geburtstag. Frisch getestet und unter Einhaltung der Hygieneverordnung durfte ich die Gl\u00fcckw\u00fcnsche der Gemeindeverwaltung, des Landrates, des Ministerpr\u00e4sidenten und nat\u00fcrlich auch die Gr\u00fc\u00dfe des Ortsrates und unserer Bev\u00f6lkerung \u00fcbermitteln. Im engsten Familienkreis wurde auf die Zukunft angesto\u00dfen und ein wenig gefeiert. Auch an dieser Stelle w\u00fcnsche ich dem Jubelpaar alles erdenklich Gute sowie viel Gl\u00fcck und Gesundheit.<\/p>\n\n\n\n<p class=\"wp-block-paragraph\" style=\"font-size:18px\"><strong>Breite Zustimmung f\u00fcr Neubau einer Boulehalle<\/strong><\/p>\n\n\n\n<p class=\"wp-block-paragraph\" style=\"font-size:18px\">Neben der Dirminger Tennisanlage an den Pl\u00e4tzen 3 +4 wird demn\u00e4chst eine Boulehalle errichtet werden. Nachdem der Ortsrat bereits dem Bauvorhaben zugestimmt hat, zog in der vergangenen Woche der Gemeinderat nach. Die Hallenma\u00dfe belaufen sich auf 30 m L\u00e4nge und 16 m Breite, sowie einer Giebelh\u00f6he von 5 m. Der Standort der Halle liegt in der Fl\u00e4che, der 1985 geplanten Tennishalle. Die Halle wird f\u00fcr etwa 8 Bahnen ausgelegt sein, sowie Toiletten, Lagerraum und einen kleinen Aufenthaltsraum besitzen. Der neu gegr\u00fcndete Bouleverein Dirmingen soll Erbbaurechtnehmer werden. Der hiesige Tennisverein TC Eppelborn-Dirmingen unterst\u00fctzt diese Pl\u00e4ne. Der Ortsrat Dirmingen begr\u00fc\u00dfte das Vorhaben mit der Gr\u00fcndung eines neuen Vereins und stimmte einstimmig f\u00fcr den Bau dieser neuen Halle.<\/p>\n\n\n\n<div class=\"wp-block-image\"><figure class=\"aligncenter size-large\"><img loading=\"lazy\" decoding=\"async\" width=\"700\" height=\"431\" src=\"https:\/\/echta-derminga.de\/wp-content\/uploads\/2021\/03\/Wolf-Halle-700x431.jpg\" alt=\"\" class=\"wp-image-9265\" srcset=\"https:\/\/echta-derminga.de\/wp-content\/uploads\/2021\/03\/Wolf-Halle-700x431.jpg 700w, https:\/\/echta-derminga.de\/wp-content\/uploads\/2021\/03\/Wolf-Halle-300x185.jpg 300w, https:\/\/echta-derminga.de\/wp-content\/uploads\/2021\/03\/Wolf-Halle-768x473.jpg 768w, https:\/\/echta-derminga.de\/wp-content\/uploads\/2021\/03\/Wolf-Halle.jpg 900w\" sizes=\"auto, (max-width: 700px) 100vw, 700px\" \/><\/figure><\/div>\n\n\n\n<p class=\"wp-block-paragraph\" style=\"font-size:18px\"><strong>Vorstellung der Starkregenstudie<\/strong><\/p>\n\n\n\n<p class=\"wp-block-paragraph\" style=\"font-size:18px\">Am 23. April bekommen zun\u00e4chst die Mitglieder des Gemeinderates die neuste Starkregenstudie vorgestellt. Anschlie\u00dfend sollen auch die B\u00fcrgerinnen und B\u00fcrger mit einbezogen werden. In unserem Heimatort gibt es ein gro\u00dfes Interesse an dieser Studie. Immer wieder melden sich besorgte B\u00fcrgerinnen und B\u00fcrger, um auf m\u00f6gliche Probleme aufmerksam zu machen. Ich nehme diese Hinweise sehr ernst und stehe im direkten Austausch mit unserem B\u00fcrgermeister und en Mitarbeiterinnen und Mitarbeitern der Gemeindeverwaltung. Selbstverst\u00e4ndlich werde ich Sie \u00fcber das Ergebnis der Starkregenstudie informieren.<\/p>\n\n\n\n<p class=\"wp-block-paragraph\" style=\"font-size:18px\"><strong>Neue Behindertenparkpl\u00e4tze an der Borrwieshalle und dem Friedhof eingerichtet<\/strong><\/p>\n\n\n\n<p class=\"wp-block-paragraph\" style=\"font-size:18px\">Die Gemeindeverwaltung hat nach der Entscheidung des Dirminger Ortsrates neue Behindertenparkpl\u00e4tze an der Borrwieshalle Dirmingen und am Dirminger Friedhof eingerichtet. Das Gremium folgte einem Antrag der SPD Fraktion im Ortsrat. Ich m\u00f6chte mich bei der Verwaltung und den zust\u00e4ndigen Mitarbeitern ganz herzlich f\u00fcr die Umsetzung dieser Ma\u00dfnahme bedanken.<\/p>\n\n\n\n<figure class=\"wp-block-gallery columns-2 is-cropped wp-block-gallery-1 is-layout-flex wp-block-gallery-is-layout-flex\"><ul class=\"blocks-gallery-grid\"><li class=\"blocks-gallery-item\"><figure><img loading=\"lazy\" decoding=\"async\" width=\"700\" height=\"331\" src=\"https:\/\/echta-derminga.de\/wp-content\/uploads\/2021\/03\/20210317_154030-700x331.jpg\" alt=\"\" data-id=\"9258\" data-full-url=\"https:\/\/echta-derminga.de\/wp-content\/uploads\/2021\/03\/20210317_154030.jpg\" data-link=\"https:\/\/echta-derminga.de\/?attachment_id=9258\" class=\"wp-image-9258\" srcset=\"https:\/\/echta-derminga.de\/wp-content\/uploads\/2021\/03\/20210317_154030-700x331.jpg 700w, https:\/\/echta-derminga.de\/wp-content\/uploads\/2021\/03\/20210317_154030-300x142.jpg 300w, https:\/\/echta-derminga.de\/wp-content\/uploads\/2021\/03\/20210317_154030-768x363.jpg 768w, https:\/\/echta-derminga.de\/wp-content\/uploads\/2021\/03\/20210317_154030.jpg 900w\" sizes=\"auto, (max-width: 700px) 100vw, 700px\" \/><\/figure><\/li><li class=\"blocks-gallery-item\"><figure><img loading=\"lazy\" decoding=\"async\" width=\"700\" height=\"394\" src=\"https:\/\/echta-derminga.de\/wp-content\/uploads\/2021\/03\/20210306_132218-Kopie-700x394.jpg\" alt=\"\" data-id=\"9262\" data-full-url=\"https:\/\/echta-derminga.de\/wp-content\/uploads\/2021\/03\/20210306_132218-Kopie.jpg\" data-link=\"https:\/\/echta-derminga.de\/?attachment_id=9262\" class=\"wp-image-9262\" srcset=\"https:\/\/echta-derminga.de\/wp-content\/uploads\/2021\/03\/20210306_132218-Kopie-700x394.jpg 700w, https:\/\/echta-derminga.de\/wp-content\/uploads\/2021\/03\/20210306_132218-Kopie-300x169.jpg 300w, https:\/\/echta-derminga.de\/wp-content\/uploads\/2021\/03\/20210306_132218-Kopie-768x432.jpg 768w, https:\/\/echta-derminga.de\/wp-content\/uploads\/2021\/03\/20210306_132218-Kopie.jpg 900w\" sizes=\"auto, (max-width: 700px) 100vw, 700px\" \/><\/figure><\/li><\/ul><\/figure>\n\n\n\n<p class=\"wp-block-paragraph\" style=\"font-size:18px\">Der Fr\u00fchling steht vor der T\u00fcr und wir alle sehnen uns nach unserem alten Leben zur\u00fcck. Wohl wissend, dass alle Durchhalteparolen nur noch schwer durchdringen, bitte ich sie eingehend darum auf ihre Gesundheit zu achten. Ich pers\u00f6nlich habe mich in der vergangenen Woche testen lassen. Die neuen Schnelltestes sind nicht schlimm und geben zumindest ein wenig Sicherheit. Versuchen Sie es doch selbst einmal ! Es kann sicherlich nicht schaden.<\/p>\n\n\n\n<p class=\"wp-block-paragraph\" style=\"font-size:18px\"><strong>Immerhin wird am Ende alles gut! Wenn es noch nicht gut ist, ist es leider noch nicht am Ende.<\/strong><\/p>\n\n\n\n<p class=\"wp-block-paragraph\" style=\"font-size:18px\">In diesem Sinne eine sch\u00f6ne Zeit.<\/p>\n\n\n\n<p class=\"wp-block-paragraph\" style=\"font-size:18px\"><strong>Ihr Ortsvorsteher<\/strong><\/p>\n\n\n\n<p class=\"wp-block-paragraph\" style=\"font-size:18px\"><em>Frank Klein<\/em><\/p>\n","protected":false},"excerpt":{"rendered":"<p>Nat\u00fcrlich steht auch das Osterfest 2021 im Schatten der Pandemie. Besonders unsere Kinder leiden unter dem Lockdown. Erneut stellt sich mir die Frage, wie es uns gelingt, den Kindern zumindest ein wenig das Osterfest n\u00e4her zu bringen. Dabei geht es nicht nur um den Erhalt alter Traditionen, sondern auch um den eigentlichen Sinn dieses christlichen Festes. Nach R\u00fccksprache mit dem<\/p>\n","protected":false},"author":1,"featured_media":9269,"comment_status":"open","ping_status":"closed","sticky":false,"template":"","format":"standard","meta":{"_crdt_document":"","footnotes":""},"categories":[1,9,812],"tags":[5,618,127,310],"class_list":["post-9241","post","type-post","status-publish","format-standard","has-post-thumbnail","hentry","category-allgemein","category-dorfgetratsche","category-ortsvorsteher-dirmingen","tag-dirmingen","tag-gemeinde-eppelborn","tag-landkreis-neunkirchen","tag-saarland"],"_links":{"self":[{"href":"https:\/\/echta-derminga.de\/index.php?rest_route=\/wp\/v2\/posts\/9241","targetHints":{"allow":["GET"]}}],"collection":[{"href":"https:\/\/echta-derminga.de\/index.php?rest_route=\/wp\/v2\/posts"}],"about":[{"href":"https:\/\/echta-derminga.de\/index.php?rest_route=\/wp\/v2\/types\/post"}],"author":[{"embeddable":true,"href":"https:\/\/echta-derminga.de\/index.php?rest_route=\/wp\/v2\/users\/1"}],"replies":[{"embeddable":true,"href":"https:\/\/echta-derminga.de\/index.php?rest_route=%2Fwp%2Fv2%2Fcomments&post=9241"}],"version-history":[{"count":12,"href":"https:\/\/echta-derminga.de\/index.php?rest_route=\/wp\/v2\/posts\/9241\/revisions"}],"predecessor-version":[{"id":9272,"href":"https:\/\/echta-derminga.de\/index.php?rest_route=\/wp\/v2\/posts\/9241\/revisions\/9272"}],"wp:featuredmedia":[{"embeddable":true,"href":"https:\/\/echta-derminga.de\/index.php?rest_route=\/wp\/v2\/media\/9269"}],"wp:attachment":[{"href":"https:\/\/echta-derminga.de\/index.php?rest_route=%2Fwp%2Fv2%2Fmedia&parent=9241"}],"wp:term":[{"taxonomy":"category","embeddable":true,"href":"https:\/\/echta-derminga.de\/index.php?rest_route=%2Fwp%2Fv2%2Fcategories&post=9241"},{"taxonomy":"post_tag","embeddable":true,"href":"https:\/\/echta-derminga.de\/index.php?rest_route=%2Fwp%2Fv2%2Ftags&post=9241"}],"curies":[{"name":"wp","href":"https:\/\/api.w.org\/{rel}","templated":true}]}}