{"id":9287,"date":"2021-03-23T21:46:47","date_gmt":"2021-03-23T20:46:47","guid":{"rendered":"https:\/\/echta-derminga.de\/?p=9287"},"modified":"2021-03-24T13:44:26","modified_gmt":"2021-03-24T12:44:26","slug":"gut-fuer-die-zukunft-starkregenstudie-im-eppelborner-big-epple-vorgestellt","status":"publish","type":"post","link":"https:\/\/echta-derminga.de\/?p=9287","title":{"rendered":"Gut f\u00fcr die Zukunft &#8211; Starkregenstudie im Eppelborner &#8222;big Epple&#8220; vorgestellt"},"content":{"rendered":"\n<p class=\"wp-block-paragraph\" style=\"font-size:18px\"><strong>Wir alle erinnern uns an die schrecklichen Starkregenereignisse, die im Juni 2016 unseren Heimatort heimsuchten. Bis heute ist der 04. Juni und der 06. Juni 2016 fest in der Erinnerung unserer Bev\u00f6lkerung verankert. Viele Menschen mussten um ihr Hab und Gut bangen, wobei viele schmerzliche Verluste hinnehmen mussten. Es waren Wochen, in denen unsere B\u00fcrgerinnen und B\u00fcrger in Angst und Sorge lebten. Binnen weniger Minuten ergoss sich \u00fcber unserem Heimatort ein Regenguss, wie wir ihn bis dahin noch nicht erlebt hatten. W\u00e4hrend den beiden Starkregenereignissen kam es zu Sturzfluten, die gro\u00dfe Mengen an Schlamm mitf\u00fchrten. Gro\u00dfe Teile der Ortsmitte wurde damals \u00fcberflutet, mehrere H\u00e4user waren in ihrem Bestand gef\u00e4hrdet, viele Stra\u00dfen waren zeitweise unpassierbar. Bis in die Abendstunden wurden damals \u00fcber 20 Container mit Ger\u00f6ll aus der Ortsmitte abgefahren.<\/strong><\/p>\n\n\n\n<p class=\"wp-block-paragraph\" style=\"font-size:18px\">Nach diesen Starkregenereignis im Jahr 2016 wurde unser Heimatort Dirmingen als eine von drei Pilotgemeinden zur Erstellung einer Starkregenstudie ausgew\u00e4hlt. Die Forschungsgruppe Wasser der HTW Saar unter Leitung von Professor Dr. Ing. Y\u00f6r\u00fck hat in Zusammenarbeit mit dem ortsans\u00e4ssigen Ingenieurb\u00fcro Leibfried, Eppelborn, die Starkregenstudie Eppelborn erstellt. Die Kosten der Studie wurden vom Ministerium f\u00fcr Umwelt und Verbraucherschutz zu 80 % bezuschusst. Nach den Starkregenereignissen in Eppelborn, Bubach\/Calmesweiler und Wiesbach im Jahre 2018 wurde in langwierigen Abstimmungsgespr\u00e4chen zwischen MUV, HTW und Gemeindeverwaltung erreicht, dass die f\u00fcr Dirmingen vorliegenden Untersuchungen (Risiko- und Gefahrenkarten) f\u00fcr alle anderen Ortsteile durchgef\u00fchrt werden. Wesentlicher Bestandteil der Fortf\u00fchrung der Studie war eine gr\u00f6\u00dfere Beteiligung. Im Rahmen der \u00d6ffentlichkeitsarbeit sollen Hilfsorganisationen wie Freiwillige Feuerwehr und DRK ebenso einbezogen werden wie B\u00fcrgerinnen und B\u00fcrger. Schon vorab wurde klargestellt, dass die Studie keinen absoluten Schutz vor Starkregenereignissen liefern kann. Vielmehr wurden Vorsorgema\u00dfnahmen benannt und deren Wirksamkeit untersucht. Ziel war es, sowohl f\u00fcr private als auch f\u00fcr gewerbliche und kommunale Einrichtungen wirksame Ma\u00dfnahmen zur m\u00f6glichen Minderung von Sch\u00e4den zu erarbeiten. Die nun vorgestellte Studie gibt allen Grund zur Hoffnung, dass dies gelungen ist.<\/p>\n\n\n\n<div class=\"wp-block-image\"><figure class=\"aligncenter size-large\"><img loading=\"lazy\" decoding=\"async\" width=\"700\" height=\"328\" src=\"https:\/\/echta-derminga.de\/wp-content\/uploads\/2021\/03\/164606792_5459867817388014_5462117106745780656_o-700x328.jpg\" alt=\"\" class=\"wp-image-9296\" srcset=\"https:\/\/echta-derminga.de\/wp-content\/uploads\/2021\/03\/164606792_5459867817388014_5462117106745780656_o-700x328.jpg 700w, https:\/\/echta-derminga.de\/wp-content\/uploads\/2021\/03\/164606792_5459867817388014_5462117106745780656_o-300x141.jpg 300w, https:\/\/echta-derminga.de\/wp-content\/uploads\/2021\/03\/164606792_5459867817388014_5462117106745780656_o-768x360.jpg 768w, https:\/\/echta-derminga.de\/wp-content\/uploads\/2021\/03\/164606792_5459867817388014_5462117106745780656_o-1536x720.jpg 1536w, https:\/\/echta-derminga.de\/wp-content\/uploads\/2021\/03\/164606792_5459867817388014_5462117106745780656_o.jpg 1707w\" sizes=\"auto, (max-width: 700px) 100vw, 700px\" \/><\/figure><\/div>\n\n\n\n<p class=\"wp-block-paragraph\" style=\"font-size:18px\"><strong>Am Dienstag, 23. M\u00e4rz 2021 fand im Eppelborner Big Eppel eine Infoveranstaltung \u00fcber die Starkregenstudie statt. Eingeladen waren zun\u00e4chst die Mitglieder des Gemeinderates und die Ortsvorsteher der Gemeinde. Dipl.- Ing. Andreas Biehler, der zum Zeitpunkt der Starkregenereignisse selbst in Dirmingen lebte, stellte anhand eine Power Point Pr\u00e4sentation die Ergebnisse dieser Studie vor. Zuvor erinnerte B\u00fcrgermeister Dr. Andreas Feld an die bisherige Historie in unserer Gemeinde. Neben Dirmingen waren insbesondere Eppelborn, Wiesbach sowie Bubach\/Calmesweiler und Macherbach sehr betroffen. Aufgrund des Klimawandels m\u00fcssen wir damit rechnen, dass zuk\u00fcnftig weitere Starkregenereignisse vorkommen. Eine Vorhersagbarkeit ist aufgrund der Kleinr\u00e4umigkeit der Unwetterparzellen nicht m\u00f6glich. Das Ziel dieser Studie war die Erarbeitung von gut verst\u00e4ndlichen Karten mit unterschiedlichen Inhalten f\u00fcr die jeweiligen Ortschaften und Interessengruppen. Au\u00dferdem sollte eine Grundlage f\u00fcr die Einsatzplanung erschaffen werden. Die Bev\u00f6lkerung soll zudem \u00fcber einen sogenannten Webviewer sensibilisiert werden.<\/strong><\/p>\n\n\n\n<p class=\"wp-block-paragraph\" style=\"font-size:18px\">Nach Ostern soll die Bev\u00f6lkerung mitgenommen werden und die M\u00f6glichkeit bekommen sich einzubringen. In verschiedenen Webinaren f\u00fcr B\u00fcrgerinnen und B\u00fcrger sollen im April 2021 (jeweils nach Voranmeldungen) die Menschen \u00fcber die Studie informiert werden. B\u00fcrgermeister Dr. Andreas Feld wird rechtzeitig informieren ab wann Voranmeldungen m\u00f6glich sind.<\/p>\n\n\n\n<p class=\"wp-block-paragraph\" style=\"font-size:18px\"><strong>Hier die Termine:<\/strong><\/p>\n\n\n\n<p class=\"wp-block-paragraph\" style=\"font-size:18px\"><strong>21.04.: Hierscheid, Humes, 23.04.: Dirmingen, 26.04.: Habach, Wiesbach, 28.04.: Bubach\/Calmesweiler, Macherbach, 30.04.: Eppelborn.<\/strong><\/p>\n\n\n\n<div class=\"wp-block-image\"><figure class=\"aligncenter size-large\"><img loading=\"lazy\" decoding=\"async\" width=\"700\" height=\"466\" src=\"https:\/\/echta-derminga.de\/wp-content\/uploads\/2021\/03\/12-700x466.jpg\" alt=\"\" class=\"wp-image-9293\" srcset=\"https:\/\/echta-derminga.de\/wp-content\/uploads\/2021\/03\/12-700x466.jpg 700w, https:\/\/echta-derminga.de\/wp-content\/uploads\/2021\/03\/12-300x200.jpg 300w, https:\/\/echta-derminga.de\/wp-content\/uploads\/2021\/03\/12-768x511.jpg 768w, https:\/\/echta-derminga.de\/wp-content\/uploads\/2021\/03\/12.jpg 900w\" sizes=\"auto, (max-width: 700px) 100vw, 700px\" \/><\/figure><\/div>\n\n\n\n<p class=\"wp-block-paragraph\" style=\"font-size:18px\">Die Webinare beginnen jeweils um 18:00 Uhr wobei man nach seiner Anmeldung gesondert eingeladen und informiert wird. Im Anschluss an diese Webinare sollen innerhalb der Gemeinde Anlaufstellen f\u00fcr B\u00fcrgerinnen und B\u00fcrger geschaffen werden. \u00dcber Flyer und auf der Homepage der Gemeinde soll ebenfalls informiert werden. Au\u00dferdem sollen die Ergebnisse der Studie in die Einsatzplanung der Feuerwehr eingebracht werden. Das alles kann nicht verhindern, dass wir vielleicht irgendwann wieder zum Opfer eines Starkregenereignissen werden. Die Studie bringt jedoch wichtige Erkenntnisse und kann zumindest bei der Vorsorge wichtige Unterst\u00fctzung leisten. <\/p>\n\n\n\n<p class=\"wp-block-paragraph\" style=\"font-size:18px\"><strong>Ab Montag, 29.03.21 finden Sie unter dem unten angef\u00fcgten Link auf der Homepage der Gemeinde Eppelborn die Untersuchung der Auswirkungen von \u00dcberflutungen infolge von Starkregen auf dem Gebiet der Gemeinde Eppelborn. Der &#8222;Web-Viewer&#8220; zeigt ab kommenden Montag die Auswirkungen von Starkregenereignissen auf das eigene Wohngebiet. Bitte den linke anklicken:<\/strong><\/p>\n\n\n\n<figure class=\"wp-block-embed is-type-wp-embed is-provider-gemeinde-eppelborn wp-block-embed-gemeinde-eppelborn\"><div class=\"wp-block-embed__wrapper\">\n<blockquote class=\"wp-embedded-content\" data-secret=\"yrZ7fcQM9W\"><a href=\"https:\/\/www.eppelborn.de\/starkregenstudie\/\">Starkregenstudie<\/a><\/blockquote><iframe loading=\"lazy\" class=\"wp-embedded-content\" sandbox=\"allow-scripts\" security=\"restricted\" style=\"position: absolute; clip: rect(1px, 1px, 1px, 1px);\" title=\"&#8222;Starkregenstudie&#8220; &#8212; Gemeinde Eppelborn\" src=\"https:\/\/www.eppelborn.de\/starkregenstudie\/embed\/#?secret=yrZ7fcQM9W\" data-secret=\"yrZ7fcQM9W\" width=\"600\" height=\"338\" frameborder=\"0\" marginwidth=\"0\" marginheight=\"0\" scrolling=\"no\"><\/iframe>\n<\/div><\/figure>\n\n\n\n<div class=\"wp-block-file\"><a href=\"https:\/\/echta-derminga.de\/wp-content\/uploads\/2021\/03\/eppelborn-starkregen-broschuere.pdf\">Brosch\u00fcre Starkregen der Gemeinde Eppelborn<br>eppelborn-starkregen-broschuere<\/a><a href=\"https:\/\/echta-derminga.de\/wp-content\/uploads\/2021\/03\/eppelborn-starkregen-broschuere.pdf\" class=\"wp-block-file__button\" download>Herunterladen<\/a><\/div>\n","protected":false},"excerpt":{"rendered":"<p>Wir alle erinnern uns an die schrecklichen Starkregenereignisse, die im Juni 2016 unseren Heimatort heimsuchten. Bis heute ist der 04. Juni und der 06. Juni 2016 fest in der Erinnerung unserer Bev\u00f6lkerung verankert. Viele Menschen mussten um ihr Hab und Gut bangen, wobei viele schmerzliche Verluste hinnehmen mussten. Es waren Wochen, in denen unsere B\u00fcrgerinnen und B\u00fcrger in Angst und<\/p>\n","protected":false},"author":1,"featured_media":9292,"comment_status":"closed","ping_status":"closed","sticky":false,"template":"","format":"standard","meta":{"_crdt_document":"","footnotes":""},"categories":[1,9,812,46],"tags":[916,618,915,127,310,914],"class_list":["post-9287","post","type-post","status-publish","format-standard","has-post-thumbnail","hentry","category-allgemein","category-dorfgetratsche","category-ortsvorsteher-dirmingen","category-meine-politik","tag-bi-epple","tag-gemeinde-eppelborn","tag-htw","tag-landkreis-neunkirchen","tag-saarland","tag-starkregenstudie"],"_links":{"self":[{"href":"https:\/\/echta-derminga.de\/index.php?rest_route=\/wp\/v2\/posts\/9287","targetHints":{"allow":["GET"]}}],"collection":[{"href":"https:\/\/echta-derminga.de\/index.php?rest_route=\/wp\/v2\/posts"}],"about":[{"href":"https:\/\/echta-derminga.de\/index.php?rest_route=\/wp\/v2\/types\/post"}],"author":[{"embeddable":true,"href":"https:\/\/echta-derminga.de\/index.php?rest_route=\/wp\/v2\/users\/1"}],"replies":[{"embeddable":true,"href":"https:\/\/echta-derminga.de\/index.php?rest_route=%2Fwp%2Fv2%2Fcomments&post=9287"}],"version-history":[{"count":8,"href":"https:\/\/echta-derminga.de\/index.php?rest_route=\/wp\/v2\/posts\/9287\/revisions"}],"predecessor-version":[{"id":9299,"href":"https:\/\/echta-derminga.de\/index.php?rest_route=\/wp\/v2\/posts\/9287\/revisions\/9299"}],"wp:featuredmedia":[{"embeddable":true,"href":"https:\/\/echta-derminga.de\/index.php?rest_route=\/wp\/v2\/media\/9292"}],"wp:attachment":[{"href":"https:\/\/echta-derminga.de\/index.php?rest_route=%2Fwp%2Fv2%2Fmedia&parent=9287"}],"wp:term":[{"taxonomy":"category","embeddable":true,"href":"https:\/\/echta-derminga.de\/index.php?rest_route=%2Fwp%2Fv2%2Fcategories&post=9287"},{"taxonomy":"post_tag","embeddable":true,"href":"https:\/\/echta-derminga.de\/index.php?rest_route=%2Fwp%2Fv2%2Ftags&post=9287"}],"curies":[{"name":"wp","href":"https:\/\/api.w.org\/{rel}","templated":true}]}}