{"id":9300,"date":"2021-03-25T16:38:26","date_gmt":"2021-03-25T15:38:26","guid":{"rendered":"https:\/\/echta-derminga.de\/?p=9300"},"modified":"2021-03-25T16:38:28","modified_gmt":"2021-03-25T15:38:28","slug":"mitmachen-beim-1-derminga-fruehjahrsputz-wir-unterstuetzen-die-initiative-clean-up","status":"publish","type":"post","link":"https:\/\/echta-derminga.de\/?p=9300","title":{"rendered":"Mitmachen beim 1.&#8220;Derminga&#8220; Fr\u00fchjahrsputz- Wir unterst\u00fctzen die Initiative \u201eClean Up\u201c"},"content":{"rendered":"\n<p class=\"wp-block-paragraph\" style=\"font-size:18px\"><strong>Aufgrund der aktuellen Pandemie musste wie bereits im vergangenen Jahr auch in M\u00e4rz 2021 die landesweite Picobello-Aktion abgesagt werden. Kinderg\u00e4rten, Schulen, aber auch Vereine und Gruppen haben im Rahmen dieser Aktion Fr\u00fchjahrsputz in der Gemeinde gemacht und dabei viel M\u00fcll gesammelt.<\/strong> <strong>Nachdem im vergangenen Jahr die Veranstaltung ersatzlos gestrichen wurde, k\u00f6nnen in diesem Jahr im Rahmen von privaten Initiativen unter Beachtung der Kontaktbeschr\u00e4nkungen B\u00fcrgerinnen und B\u00fcrger im famili\u00e4ren Kreis aktiv werden. Seit vielen Jahren ruft die &#8222;Clean Up&#8220;- Bewegung zu solchen Aktionen auf und bittet die Bev\u00f6lkerung mitzumachen. Die Gemeinde Eppelborn m\u00f6chte die privaten M\u00fcllsammler unterst\u00fctzen, stellt Abfalls\u00e4cke zur Verf\u00fcgung und holt den gesammelten M\u00fcll ab.<\/strong><\/p>\n\n\n\n<p class=\"wp-block-paragraph\" style=\"font-size:18px\">Nachdem in den letzten Wochen immer mehr Mitb\u00fcrgerinnen und Mitb\u00fcrger mich kontaktiert und nachgefragt haben, m\u00f6chte ich jeden dazu einladen sich an einer &#8222;Clean Up&#8220; Aktion in Dirmingen zu beteiligen. <strong>Wir veranstalten den 1. &#8222;Derminga&#8220; Fr\u00fchjahrsputz&#8220; in der Zeit von Freitag, 09.04.- 10.04.21. <\/strong><\/p>\n\n\n\n<p class=\"wp-block-paragraph\" style=\"font-size:18px\">Dabei sollten wir unbedingt auf die Hygienevorschriften achten und gr\u00f6\u00dfere Gruppenansammlungen vermeiden. Leider wird es auch diesmal nicht m\u00f6glich sein, sich im Anschluss zu treffen um bei einem Getr\u00e4nk auf die verrichtete Arbeit anzusto\u00dfen. Bitte sammeln Sie mit ihrer Familie oder im engsten Bekanntenkreis. Sollten Sie mit ihrer Familie in Ihrer n\u00e4heren Umgebung aktiv gegen M\u00fcll werden wollen und Unterst\u00fctzung brauchen, wenden Sie sich bitte an mich unter 0172 6027216 oder an unser Umweltamt in der Gemeinde unter der Nummer: (06881)969-257\/-258. <strong>Ich werde mich gerne darum k\u00fcmmern, dass sie mit M\u00fclls\u00e4cken versorgte werden und das der M\u00fcll anschlie\u00dfen abgefahren wird.<\/strong> Die Gemeindeverwaltung, das Umweltamt und insbesondere der Bauhof haben diesbez\u00fcglich Unterst\u00fctzung zugesagt. <strong>Nach ihrer Anmeldung werde ich Ihnen mitteilen, wo Sie den gesammelten M\u00fcll ablegen k\u00f6nnen.<\/strong><\/p>\n\n\n\n<div class=\"wp-block-image\"><figure class=\"aligncenter size-large\"><img loading=\"lazy\" decoding=\"async\" width=\"700\" height=\"689\" src=\"https:\/\/echta-derminga.de\/wp-content\/uploads\/2021\/02\/IMG-20210221-WA0010-700x689.jpg\" alt=\"\" class=\"wp-image-9142\" srcset=\"https:\/\/echta-derminga.de\/wp-content\/uploads\/2021\/02\/IMG-20210221-WA0010-700x689.jpg 700w, https:\/\/echta-derminga.de\/wp-content\/uploads\/2021\/02\/IMG-20210221-WA0010-300x295.jpg 300w, https:\/\/echta-derminga.de\/wp-content\/uploads\/2021\/02\/IMG-20210221-WA0010-768x756.jpg 768w, https:\/\/echta-derminga.de\/wp-content\/uploads\/2021\/02\/IMG-20210221-WA0010-90x90.jpg 90w, https:\/\/echta-derminga.de\/wp-content\/uploads\/2021\/02\/IMG-20210221-WA0010-75x75.jpg 75w, https:\/\/echta-derminga.de\/wp-content\/uploads\/2021\/02\/IMG-20210221-WA0010.jpg 1199w\" sizes=\"auto, (max-width: 700px) 100vw, 700px\" \/><figcaption>Muss das sein ??<\/figcaption><\/figure><\/div>\n\n\n\n<p class=\"wp-block-paragraph\" style=\"font-size:18px\"><strong>Gerne k\u00f6nnen Sie Bilder von Ihrer Sammelaktion machen und an mich pers\u00f6nlich oder an den WhatsApp-Dienst der Gemeindeverwaltung senden. Mit Ihrem Einverst\u00e4ndnis werden ihre Bilder im Nachrichtenblatt ver\u00f6ffentlichen.<\/strong> <strong>Ich pers\u00f6nlich m\u00f6chte ebenfalls ihre Bilder auf unseren Homepages oder in den sozialen Medien ver\u00f6ffentlichen. Lassen Sie uns gemeinsam ein Zeichen setzen. Zeigen wir Dirminger, dass wir  unseren Heimatort lieben und pflegen.<\/strong><\/p>\n\n\n\n<p class=\"wp-block-paragraph\" style=\"font-size:18px\">Wenn Sie also mitmachen m\u00f6chten, k\u00f6nnen Sie sich gerne bei mir oder bei der Gemeindeverwaltung anmelden. Ich m\u00f6chte mich bei der Gemeindeverwaltung, dem Umweltamt, dem Bauhof und insbesondere unserem B\u00fcrgermeister Dr. Andreas Feld f\u00fcr die gute Zusammenarbeit bedanken. Machen Sie mit beim 1. &#8222;Derminga&#8220; Fr\u00fchjahrsputz ! Ich freue mich auf ihre Anmeldung und danke Ihnen schon heute f\u00fcr ihr Engagement f\u00fcr unseren Heimatort.<\/p>\n\n\n\n<div class=\"wp-block-image\"><figure class=\"aligncenter size-large\"><img loading=\"lazy\" decoding=\"async\" width=\"700\" height=\"498\" src=\"https:\/\/echta-derminga.de\/wp-content\/uploads\/2021\/02\/IMG-20210219-WA0000-700x498.jpg\" alt=\"\" class=\"wp-image-9143\" srcset=\"https:\/\/echta-derminga.de\/wp-content\/uploads\/2021\/02\/IMG-20210219-WA0000-700x498.jpg 700w, https:\/\/echta-derminga.de\/wp-content\/uploads\/2021\/02\/IMG-20210219-WA0000-300x213.jpg 300w, https:\/\/echta-derminga.de\/wp-content\/uploads\/2021\/02\/IMG-20210219-WA0000-768x546.jpg 768w, https:\/\/echta-derminga.de\/wp-content\/uploads\/2021\/02\/IMG-20210219-WA0000.jpg 1433w\" sizes=\"auto, (max-width: 700px) 100vw, 700px\" \/><figcaption>B\u00fcrger\/in DEIN M\u00fcll ?!?!<\/figcaption><\/figure><\/div>\n\n\n\n<p class=\"wp-block-paragraph\" style=\"font-size:18px\"><strong>Bitte beachten: Aus Gr\u00fcnden des Naturschutzes sollte in der Zeit vom 1. M\u00e4rz bis 30. September au\u00dferhalb der bebauten Ortslage nicht mehr abseits von Wegen gesammelt werden. Zudem sind Land- und Bundesstra\u00dfen ohne Fu\u00dfg\u00e4ngerweg sowie Bahngel\u00e4nde und das Sammeln gef\u00e4hrlicher oder hygienisch bedenklicher Gegenst\u00e4nde grunds\u00e4tzlich zu meiden.<\/strong><\/p>\n\n\n\n<p class=\"wp-block-paragraph\">Quelle: Infos Gemeinde Eppelborn und &#8222;Clean-Up&#8220;<\/p>\n","protected":false},"excerpt":{"rendered":"<p>Aufgrund der aktuellen Pandemie musste wie bereits im vergangenen Jahr auch in M\u00e4rz 2021 die landesweite Picobello-Aktion abgesagt werden. Kinderg\u00e4rten, Schulen, aber auch Vereine und Gruppen haben im Rahmen dieser Aktion Fr\u00fchjahrsputz in der Gemeinde gemacht und dabei viel M\u00fcll gesammelt. Nachdem im vergangenen Jahr die Veranstaltung ersatzlos gestrichen wurde, k\u00f6nnen in diesem Jahr im Rahmen von privaten Initiativen unter<\/p>\n","protected":false},"author":1,"featured_media":9302,"comment_status":"open","ping_status":"closed","sticky":false,"template":"","format":"standard","meta":{"_crdt_document":"","footnotes":""},"categories":[1,9],"tags":[917,618,127,919,918],"class_list":["post-9300","post","type-post","status-publish","format-standard","has-post-thumbnail","hentry","category-allgemein","category-dorfgetratsche","tag-fruejharsputz","tag-gemeinde-eppelborn","tag-landkreis-neunkirchen","tag-picobello-aktion","tag-saarland-clean-up"],"_links":{"self":[{"href":"https:\/\/echta-derminga.de\/index.php?rest_route=\/wp\/v2\/posts\/9300","targetHints":{"allow":["GET"]}}],"collection":[{"href":"https:\/\/echta-derminga.de\/index.php?rest_route=\/wp\/v2\/posts"}],"about":[{"href":"https:\/\/echta-derminga.de\/index.php?rest_route=\/wp\/v2\/types\/post"}],"author":[{"embeddable":true,"href":"https:\/\/echta-derminga.de\/index.php?rest_route=\/wp\/v2\/users\/1"}],"replies":[{"embeddable":true,"href":"https:\/\/echta-derminga.de\/index.php?rest_route=%2Fwp%2Fv2%2Fcomments&post=9300"}],"version-history":[{"count":4,"href":"https:\/\/echta-derminga.de\/index.php?rest_route=\/wp\/v2\/posts\/9300\/revisions"}],"predecessor-version":[{"id":9305,"href":"https:\/\/echta-derminga.de\/index.php?rest_route=\/wp\/v2\/posts\/9300\/revisions\/9305"}],"wp:featuredmedia":[{"embeddable":true,"href":"https:\/\/echta-derminga.de\/index.php?rest_route=\/wp\/v2\/media\/9302"}],"wp:attachment":[{"href":"https:\/\/echta-derminga.de\/index.php?rest_route=%2Fwp%2Fv2%2Fmedia&parent=9300"}],"wp:term":[{"taxonomy":"category","embeddable":true,"href":"https:\/\/echta-derminga.de\/index.php?rest_route=%2Fwp%2Fv2%2Fcategories&post=9300"},{"taxonomy":"post_tag","embeddable":true,"href":"https:\/\/echta-derminga.de\/index.php?rest_route=%2Fwp%2Fv2%2Ftags&post=9300"}],"curies":[{"name":"wp","href":"https:\/\/api.w.org\/{rel}","templated":true}]}}