{"id":9312,"date":"2021-03-28T12:36:20","date_gmt":"2021-03-28T11:36:20","guid":{"rendered":"https:\/\/echta-derminga.de\/?p=9312"},"modified":"2021-03-28T12:41:16","modified_gmt":"2021-03-28T11:41:16","slug":"in-sachen-ortsvorsteher-von-der-neuen-kita-einem-ruhigen-osterfest-und-guten-mitmach-aktionen","status":"publish","type":"post","link":"https:\/\/echta-derminga.de\/?p=9312","title":{"rendered":"In Sachen Ortsvorsteher: Von der neuen Kita, einem anderen Osterfest und guten Mitmach-Aktionen"},"content":{"rendered":"\n<p class=\"wp-block-paragraph\" style=\"font-size:18px\"><strong>Bestimmt waren auch Sie in der vergangenen Woche, bez\u00fcglich der geplanten Versch\u00e4rfungen des Lockdowns, leicht irritiert. Auch unsere Bundesregierung wird von Menschen gef\u00fchrt, die zudem auch mal Fehler machen d\u00fcrfen. Nichts destotrotz werden auch die kommenden Wochen nicht einfach werden. Die dritte Welle wird auch uns erwischen und wir alle m\u00fcssen auch zuk\u00fcnftig an die vorgegebenen Hygienerichtlinien denken. Wir alle m\u00f6chten unser altes Leben zur\u00fcck und hoffen auf baldige Besserung. Aus meiner Sicht ist es an der Zeit endlich mit den Impfungen voranzukommen. Dabei w\u00e4re es mir wichtig, dass wir unseren Impfplan einhalten. Immer noch gibt es in unserem Heimatort \u00e4lteren B\u00fcrgerinnen und B\u00fcrger die noch noch keinen  Termin haben und auf ihre Impfung warten. Ich muss gestehen, dass ich die Impfstrategie nicht so ganz nachvollziehen kann.<\/strong> <strong>Gut ist, dass schon viele Menschen in systemrelevanten Berufen geimpft wurden. <\/strong><\/p>\n\n\n\n<p class=\"wp-block-paragraph\" style=\"font-size:18px\">Das Osterfest steht vor der T\u00fcr und somit ein weiteres Familienfest mit Kontakteinschr\u00e4nkungen. Ich w\u00fcnsche Ihnen trotz alledem ein sch\u00f6nes, langes und entspanntes Wochenende im engsten Familienkreis.<\/p>\n\n\n\n<p class=\"wp-block-paragraph\" style=\"font-size:18px\"><strong>Dirminger Kirchen begehen Ostern mit Kleppern, Messen und Gottesdiensten<\/strong><\/p>\n\n\n\n<p class=\"wp-block-paragraph\" style=\"font-size:18px\">Gut, dass manche den Kurs halten und versuchen ein wenig Normalit\u00e4t in unser Leben zu bringen. Gefreut hat mich die Nachricht, dass wir auch in diesem Jahr \u201eKlepperkinder\u201c in Dirmingen haben. Immerhin wird in unserem Dorf trotz aller Widrigkeiten an dieser Tradition festgehalten. Das &#8222;Kleppern&#8220; muss unter den strengsten Hygienevorschriften erfolgen. Unsere beiden Kirchengemeinden haben sich entschlossen \u00fcber Ostern ihre Messen und Gottesdienste anzubieten. Das Ganze findet nat\u00fcrlich unter den gegebenen Umst\u00e4nden statt. Nach den vielen Nachrichten der vergangenen Woche, freue ich mich dar\u00fcber, dass wir in diesem Jahr zumindest aus christlicher Sicht das Osterfest begehen k\u00f6nnen. Noch ein Ostern ohne einen Kirchbesuch h\u00e4tte den Menschen und auch den beiden Kirchen nicht gutgetan. Ich w\u00fcnsche allen Christinnen und Christen ein gesegnetes Osterfest und einige besinnliche Ruhetage. Am Sonntag, 28. M\u00e4rz fand in der Evangelischen Kirche ein Radio- Gottesdienst des saarl\u00e4ndischen Rundfunks statt. Der Gottesdienst wurde aufgenommen und wird am 18. April um 10:04 auf SR2 \u00fcbertragen. Die Kirche war bis auf den letzten Platz voll besetzt, wobei man nat\u00fcrlich ber\u00fccksichtigen muss, dass nur ca. 40 Besucherinnen und Besucher aufgrund er aktuellen Hygieneverordnung teilnehmen durften.<\/p>\n\n\n\n<figure class=\"wp-block-gallery columns-3 is-cropped wp-block-gallery-1 is-layout-flex wp-block-gallery-is-layout-flex\"><ul class=\"blocks-gallery-grid\"><li class=\"blocks-gallery-item\"><figure><img loading=\"lazy\" decoding=\"async\" width=\"644\" height=\"429\" src=\"https:\/\/echta-derminga.de\/wp-content\/uploads\/2018\/03\/P1000135_1-644x429.jpg\" alt=\"\" data-id=\"936\" data-link=\"https:\/\/echta-derminga.de\/?attachment_id=936\" class=\"wp-image-936\" srcset=\"https:\/\/echta-derminga.de\/wp-content\/uploads\/2018\/03\/P1000135_1-644x429.jpg 644w, https:\/\/echta-derminga.de\/wp-content\/uploads\/2018\/03\/P1000135_1-300x200.jpg 300w, https:\/\/echta-derminga.de\/wp-content\/uploads\/2018\/03\/P1000135_1-768x512.jpg 768w, https:\/\/echta-derminga.de\/wp-content\/uploads\/2018\/03\/P1000135_1.jpg 800w\" sizes=\"auto, (max-width: 644px) 100vw, 644px\" \/><\/figure><\/li><li class=\"blocks-gallery-item\"><figure><img loading=\"lazy\" decoding=\"async\" width=\"600\" height=\"1063\" src=\"https:\/\/echta-derminga.de\/wp-content\/uploads\/2018\/03\/IMG-20180328-WA0000-Kopie.jpg\" alt=\"\" data-id=\"935\" data-link=\"https:\/\/echta-derminga.de\/?attachment_id=935\" class=\"wp-image-935\" srcset=\"https:\/\/echta-derminga.de\/wp-content\/uploads\/2018\/03\/IMG-20180328-WA0000-Kopie.jpg 600w, https:\/\/echta-derminga.de\/wp-content\/uploads\/2018\/03\/IMG-20180328-WA0000-Kopie-169x300.jpg 169w\" sizes=\"auto, (max-width: 600px) 100vw, 600px\" \/><\/figure><\/li><li class=\"blocks-gallery-item\"><figure><img loading=\"lazy\" decoding=\"async\" width=\"700\" height=\"331\" src=\"https:\/\/echta-derminga.de\/wp-content\/uploads\/2021\/03\/165857921_3830446643716699_4787575173154749271_o-700x331.jpg\" alt=\"\" data-id=\"9338\" data-link=\"https:\/\/echta-derminga.de\/?attachment_id=9338\" class=\"wp-image-9338\" srcset=\"https:\/\/echta-derminga.de\/wp-content\/uploads\/2021\/03\/165857921_3830446643716699_4787575173154749271_o-700x331.jpg 700w, https:\/\/echta-derminga.de\/wp-content\/uploads\/2021\/03\/165857921_3830446643716699_4787575173154749271_o-300x142.jpg 300w, https:\/\/echta-derminga.de\/wp-content\/uploads\/2021\/03\/165857921_3830446643716699_4787575173154749271_o-768x364.jpg 768w, https:\/\/echta-derminga.de\/wp-content\/uploads\/2021\/03\/165857921_3830446643716699_4787575173154749271_o.jpg 1352w\" sizes=\"auto, (max-width: 700px) 100vw, 700px\" \/><\/figure><\/li><\/ul><\/figure>\n\n\n\n<p class=\"wp-block-paragraph\" style=\"font-size:18px\"><strong>Der Osterhase kommt zu Euch Nachhause<\/strong><\/p>\n\n\n\n<p class=\"wp-block-paragraph\" style=\"font-size:18px\">Nat\u00fcrlich steht auch das Osterfest 2021 im Schatten der Pandemie. Besonders unsere Kinder leiden unter dem Lockdown. Erneut hat mich die Frage bewegt, wie es uns gelingt, den Kindern zumindest ein wenig das Osterfest n\u00e4her zu bringen. Dabei geht es nicht nur um den Erhalt alter Traditionen, sondern auch um den eigentlichen Sinn dieses christlichen Festes. Nach R\u00fccksprache mit dem Osterhasen bin ich jedoch nicht gewillt, kampflos das Feld zu r\u00e4umen. Vielmehr m\u00f6chte ich auch zu diesem Fest unseren Kindern eine Freude bereiten. Der Osterhase kommt zu Euch Nachhause und bringt euch kleine Leckereien. Das Nest wird vor der T\u00fcr abgelegt. Vielleicht habt ihr Gl\u00fcck und k\u00f6nnt den Osterhasen bei seiner Arbeit beobachten. Gerne kann Euch eure Mama oder Papa zu dieser \u201cDerminga\u201d Ostereieraktion anmelden. Die Anmeldungen nimmt der Ortsvorsteher Frank Klein unter 0172 602 7216 entgegen. <strong>Bis zum 31.M\u00e4rz 2021 m\u00fcsst ihr euch angemeldet haben. <\/strong><\/p>\n\n\n\n<p class=\"wp-block-paragraph\" style=\"font-size:18px\"><strong>Corona- Mutmach-Chor featering Mac Gabler singen das \u201eDerminga D\u00f6rfche\u201c<\/strong><\/p>\n\n\n\n<p class=\"wp-block-paragraph\" style=\"font-size:18px\">Aus einer Bierlaune heraus ist die Idee entstanden unsere Hymne \u201eDerminga D\u00f6rfche\u201c aufzunehmen und als Video rauszubringen. Zun\u00e4chst wurde \u00fcber Wochen hinweg sangeskr\u00e4ftige Menschen gesucht, die ihre Wurzeln in Dirmingen haben und gerne hier Leben. Mit Unterst\u00fctzung von Benno Fries und seiner Tochter Dagmar, die \u00fcber das notwendige technische &#8222;know how&#8220; verf\u00fcgen, ist es gelungen ein tolles Video auf die Beine zu stellen. Am <strong>Ostersamstag, 03.April 21<\/strong> wird das Video des Corona-Mut mach- Chors featuring Mac Gabler im Internet auf allen Dirminger Plattformen zu sehen sein. Sie k\u00f6nnen das Video auf der Homepage <a href=\"http:\/\/www.dirmingen.eu\">www.dirmingen.eu<\/a>, <a href=\"http:\/\/www.echta-derminga.de\">www.echta-derminga.de<\/a>, oder <a href=\"http:\/\/www.kkv-dirmingen.de\/\">http:\/\/www.kkv-dirmingen.de\/<\/a> finden und ansehen. Gerne d\u00fcrfen Sie das Video streuen und bewerben. Wir freuen uns auf ihr Feedback und hoffen das wir ihnen mit diesem Video das Osterfest etwas vers\u00fc\u00dfen. In der vergangenen Woche durfte ich mich pers\u00f6nlich bei Benno Fries und seiner Tochter Dagmar bedanken. Sch\u00f6n, das es euch gibt !<\/p>\n\n\n\n<figure class=\"wp-block-gallery columns-2 is-cropped wp-block-gallery-2 is-layout-flex wp-block-gallery-is-layout-flex\"><ul class=\"blocks-gallery-grid\"><li class=\"blocks-gallery-item\"><figure><img loading=\"lazy\" decoding=\"async\" width=\"700\" height=\"386\" src=\"https:\/\/echta-derminga.de\/wp-content\/uploads\/2021\/03\/neu-700x386.jpg\" alt=\"\" data-id=\"9325\" data-full-url=\"https:\/\/echta-derminga.de\/wp-content\/uploads\/2021\/03\/neu.jpg\" data-link=\"https:\/\/echta-derminga.de\/?attachment_id=9325\" class=\"wp-image-9325\" srcset=\"https:\/\/echta-derminga.de\/wp-content\/uploads\/2021\/03\/neu-700x386.jpg 700w, https:\/\/echta-derminga.de\/wp-content\/uploads\/2021\/03\/neu-300x166.jpg 300w, https:\/\/echta-derminga.de\/wp-content\/uploads\/2021\/03\/neu-768x424.jpg 768w, https:\/\/echta-derminga.de\/wp-content\/uploads\/2021\/03\/neu.jpg 1000w\" sizes=\"auto, (max-width: 700px) 100vw, 700px\" \/><\/figure><\/li><li class=\"blocks-gallery-item\"><figure><img loading=\"lazy\" decoding=\"async\" width=\"700\" height=\"331\" src=\"https:\/\/echta-derminga.de\/wp-content\/uploads\/2021\/03\/20210324_185545-Kopie-700x331.jpg\" alt=\"\" data-id=\"9327\" data-full-url=\"https:\/\/echta-derminga.de\/wp-content\/uploads\/2021\/03\/20210324_185545-Kopie.jpg\" data-link=\"https:\/\/echta-derminga.de\/?attachment_id=9327\" class=\"wp-image-9327\" srcset=\"https:\/\/echta-derminga.de\/wp-content\/uploads\/2021\/03\/20210324_185545-Kopie-700x331.jpg 700w, https:\/\/echta-derminga.de\/wp-content\/uploads\/2021\/03\/20210324_185545-Kopie-300x142.jpg 300w, https:\/\/echta-derminga.de\/wp-content\/uploads\/2021\/03\/20210324_185545-Kopie-768x363.jpg 768w, https:\/\/echta-derminga.de\/wp-content\/uploads\/2021\/03\/20210324_185545-Kopie.jpg 900w\" sizes=\"auto, (max-width: 700px) 100vw, 700px\" \/><\/figure><\/li><\/ul><\/figure>\n\n\n\n<p class=\"wp-block-paragraph\" style=\"font-size:18px\"><strong>Dependance der Kita Pusteblume auf dem Rotenberg im Zeitplan<\/strong><\/p>\n\n\n\n<p class=\"wp-block-paragraph\" style=\"font-size:18px\">Am Freitag, 26. M\u00e4rz 21 durfte ich unseren B\u00fcrgermeister Dr. Andreas Feld bei seiner Stippvisite in die neue Dependance der Kita Pusteblume begleiten. Die Arbeiten laufen auf Hochtouren und bereits im April d\u00fcrften die R\u00e4umlichkeiten fertig gestellt sein. Mit dieser Er\u00f6ffnung der neuen Dependance wird in unserem Heimatort ein wesentlicher Anteil dazu beigetragen, dass unsere Gemeinde die notwendigen Krippenpl\u00e4tze zur Verf\u00fcgung stellen kann. In der ehemaligen Katholischen Kindertagesst\u00e4tte, auf dem Rotenberg, sollen demn\u00e4chst zwei Krippengruppen eingerichtet werden. Die Kindergartenkinder werden weiterhin in der Kita Pusteblume versorgt. Bisher wurde in den R\u00e4umlichkeiten gro\u00dfartige Arbeit geleistet. Tats\u00e4chlich wurden dort in Rekordzeit umfangreichen Sanierungsma\u00dfnahmen durchgef\u00fchrt. Der Kostenrahmen f\u00fcr die Sanierung und Einrichtung der beiden Krippengruppen am neuen Standort Rotenberg liegt bei rund 120.000 Euro. Ich schlie\u00dfe mich dem Dank unseres B\u00fcrgermeisters an. Die Mitarbeiter in der Verwaltung, in der THV und beim Bauhof sowie dem Team aus dem Hellbergbad haben sehr gute Arbeit geleistet. Die Eltern, das Personal und auch die Kinder d\u00fcrfen sich freuen. In Dirmingen sind wir froh dar\u00fcber, dass wir mit dem Standort Rotenberg einen wesentlichen Anteil daran leisten k\u00f6nnen, dass zuk\u00fcnftig mehr Krippenpl\u00e4tze angeboten werden k\u00f6nnen.<\/p>\n\n\n\n<div class=\"wp-block-image\"><figure class=\"aligncenter size-large\"><img loading=\"lazy\" decoding=\"async\" width=\"700\" height=\"455\" src=\"https:\/\/echta-derminga.de\/wp-content\/uploads\/2021\/03\/165425512_842797416578317_7655112950468942292_n-1-700x455.jpg\" alt=\"\" class=\"wp-image-9346\" srcset=\"https:\/\/echta-derminga.de\/wp-content\/uploads\/2021\/03\/165425512_842797416578317_7655112950468942292_n-1-700x455.jpg 700w, https:\/\/echta-derminga.de\/wp-content\/uploads\/2021\/03\/165425512_842797416578317_7655112950468942292_n-1-300x195.jpg 300w, https:\/\/echta-derminga.de\/wp-content\/uploads\/2021\/03\/165425512_842797416578317_7655112950468942292_n-1-768x499.jpg 768w, https:\/\/echta-derminga.de\/wp-content\/uploads\/2021\/03\/165425512_842797416578317_7655112950468942292_n-1.jpg 960w\" sizes=\"auto, (max-width: 700px) 100vw, 700px\" \/><\/figure><\/div>\n\n\n\n<p class=\"wp-block-paragraph\" style=\"font-size:18px\"><strong>Starkregenstudie im Big Epple vorgestellt<\/strong><\/p>\n\n\n\n<p class=\"wp-block-paragraph\" style=\"font-size:18px\">Am Dienstag, 23. M\u00e4rz 2021 fand im Eppelborner Big Eppel eine Infoveranstaltung \u00fcber die in Auftrag gegebene Starkregenstudie unserer Heimatgemeinde statt. Eingeladen waren zun\u00e4chst die Mitglieder des Gemeinderates und die Ortsvorsteher der Gemeinde. Dipl.- Ing. Andreas Biehler, der zum Zeitpunkt der Starkregenereignisse selbst in Dirmingen lebte, stellte anhand eine Power Point Pr\u00e4sentation die Ergebnisse dieser Studie vor. Nach den Starkregenereignis im Jahr 2016 wurde unser Heimatort Dirmingen als eine von drei Pilotgemeinden zur Erstellung einer Starkregenstudie ausgew\u00e4hlt. Verantwortlich f\u00fcr die Aufarbeitung dieser Studie war die Forschungsgruppe Wasser der HTW Saar, unter Leitung von Professor Dr. Ing. Y\u00f6r\u00fck, Bald sollen Hilfsorganisationen wie Freiwillige Feuerwehr und DRK ebenso einbezogen werden wie B\u00fcrgerinnen und B\u00fcrger. Schon vorab wurde klargestellt, dass die Studie keinen absoluten Schutz vor Starkregenereignissen liefern kann. Im April sollen die B\u00fcrgerinnen und B\u00fcrger mit einbezogen werden und in verschiedenen Webinaren \u00fcber die Starkregenstudie informiert werden. Die Webinare beginnen jeweils um 18:00 Uhr wobei man nach seiner Anmeldung gesondert eingeladen und informiert wird.<\/p>\n\n\n\n<figure class=\"wp-block-gallery columns-1 is-cropped wp-block-gallery-3 is-layout-flex wp-block-gallery-is-layout-flex\"><ul class=\"blocks-gallery-grid\"><li class=\"blocks-gallery-item\"><figure><img loading=\"lazy\" decoding=\"async\" width=\"700\" height=\"328\" src=\"https:\/\/echta-derminga.de\/wp-content\/uploads\/2021\/03\/164606792_5459867817388014_5462117106745780656_o-700x328.jpg\" alt=\"\" data-id=\"9296\" data-full-url=\"https:\/\/echta-derminga.de\/wp-content\/uploads\/2021\/03\/164606792_5459867817388014_5462117106745780656_o.jpg\" data-link=\"https:\/\/echta-derminga.de\/?attachment_id=9296\" class=\"wp-image-9296\" srcset=\"https:\/\/echta-derminga.de\/wp-content\/uploads\/2021\/03\/164606792_5459867817388014_5462117106745780656_o-700x328.jpg 700w, https:\/\/echta-derminga.de\/wp-content\/uploads\/2021\/03\/164606792_5459867817388014_5462117106745780656_o-300x141.jpg 300w, https:\/\/echta-derminga.de\/wp-content\/uploads\/2021\/03\/164606792_5459867817388014_5462117106745780656_o-768x360.jpg 768w, https:\/\/echta-derminga.de\/wp-content\/uploads\/2021\/03\/164606792_5459867817388014_5462117106745780656_o-1536x720.jpg 1536w, https:\/\/echta-derminga.de\/wp-content\/uploads\/2021\/03\/164606792_5459867817388014_5462117106745780656_o.jpg 1707w\" sizes=\"auto, (max-width: 700px) 100vw, 700px\" \/><\/figure><\/li><\/ul><\/figure>\n\n\n\n<p class=\"wp-block-paragraph\" style=\"font-size:18px\"><strong>Hier die Termine:<\/strong><\/p>\n\n\n\n<p class=\"wp-block-paragraph\" style=\"font-size:18px\"><strong>21.04.: Hierscheid, Humes, 23.04.: Dirmingen, 26.04.: Habach, Wiesbach, 28.04.: Bubach\/Calmesweiler, Macherbach, 30.04.: Eppelborn.<\/strong><\/p>\n\n\n\n<p class=\"wp-block-paragraph\" style=\"font-size:18px\"><strong>Ab Montag, 29.03.21 finden Sie auf der Homepage der Gemeinde Eppelborn die Untersuchung der Auswirkungen von \u00dcberflutungen infolge von Starkregen auf dem Gebiet der Gemeinde Eppelborn. Der \u201cWeb-Viewer\u201d zeigt Ihnen die Auswirkungen von Starkregenereignissen auf das eigene Wohngebiet. Bitte den linke anklicken<\/strong>.<\/p>\n\n\n\n<p class=\"wp-block-paragraph\" style=\"font-size:18px\"><strong>Clean Up Aktion in Dirmingen<\/strong><\/p>\n\n\n\n<p class=\"wp-block-paragraph\" style=\"font-size:18px\">Nachdem mich in den letzten Wochen immer mehr Mitb\u00fcrgerinnen und Mitb\u00fcrger kontaktiert haben, m\u00f6chte ich jeden dazu einladen sich an unserer \u201cClean Up\u201d Aktion in Dirmingen zu beteiligen. Wir veranstalten den 1. \u201cDerminga\u201d Fr\u00fchjahrsputz\u201d in der Zeit von Freitag, 09.04.- 10.04.21. Dabei sollten wir unbedingt auf die Hygienevorschriften achten und gr\u00f6\u00dfere Gruppenansammlungen vermeiden. Leider wird es auch diesmal nicht m\u00f6glich sein, sich im Anschluss zu treffen, um bei einem Getr\u00e4nk auf die verrichtete Arbeit anzusto\u00dfen. Bitte sammeln Sie mit ihrer Familie oder im engsten Bekanntenkreis. Sollten Sie mit ihrer Familie in Ihrer n\u00e4heren Umgebung aktiv gegen M\u00fcll werden wollen und Unterst\u00fctzung brauchen, wenden Sie sich bitte an mich unter 0172 6027216 oder an unser Umweltamt in der Gemeinde unter der Nummer: (06881)969-257\/-258. Ich werde mich gerne darum k\u00fcmmern, dass sie mit M\u00fclls\u00e4cken versorgte werden und dass der M\u00fcll anschlie\u00dfen abgefahren wird. Die Gemeindeverwaltung, das Umweltamt und insbesondere der Bauhof haben diesbez\u00fcglich Unterst\u00fctzung zugesagt. Nach ihrer Anmeldung werde ich Ihnen mitteilen, wo Sie den gesammelten M\u00fcll ablegen k\u00f6nnen. Gerne k\u00f6nnen Sie Bilder von Ihrer Sammelaktion machen und an mich pers\u00f6nlich oder an den WhatsApp-Dienst der Gemeindeverwaltung senden. Mit Ihrem Einverst\u00e4ndnis werden ihre Bilder im Nachrichtenblatt ver\u00f6ffentlichen. Ich pers\u00f6nlich m\u00f6chte ebenfalls ihre Bilder auf unseren Homepages oder in den sozialen Medien ver\u00f6ffentlichen. Lassen Sie uns gemeinsam ein Zeichen setzen. Zeigen wir Dirminger, dass wir unseren Heimatort lieben und pflegen.<\/p>\n\n\n\n<figure class=\"wp-block-gallery columns-3 is-cropped wp-block-gallery-4 is-layout-flex wp-block-gallery-is-layout-flex\"><ul class=\"blocks-gallery-grid\"><li class=\"blocks-gallery-item\"><figure><img loading=\"lazy\" decoding=\"async\" width=\"700\" height=\"467\" src=\"https:\/\/echta-derminga.de\/wp-content\/uploads\/2021\/03\/Bild2-700x467.jpg\" alt=\"\" data-id=\"9302\" data-full-url=\"https:\/\/echta-derminga.de\/wp-content\/uploads\/2021\/03\/Bild2.jpg\" data-link=\"https:\/\/echta-derminga.de\/?attachment_id=9302\" class=\"wp-image-9302\" srcset=\"https:\/\/echta-derminga.de\/wp-content\/uploads\/2021\/03\/Bild2-700x467.jpg 700w, https:\/\/echta-derminga.de\/wp-content\/uploads\/2021\/03\/Bild2-300x200.jpg 300w, https:\/\/echta-derminga.de\/wp-content\/uploads\/2021\/03\/Bild2-768x512.jpg 768w, https:\/\/echta-derminga.de\/wp-content\/uploads\/2021\/03\/Bild2.jpg 784w\" sizes=\"auto, (max-width: 700px) 100vw, 700px\" \/><\/figure><\/li><li class=\"blocks-gallery-item\"><figure><img loading=\"lazy\" decoding=\"async\" width=\"700\" height=\"498\" src=\"https:\/\/echta-derminga.de\/wp-content\/uploads\/2021\/02\/IMG-20210219-WA0000-700x498.jpg\" alt=\"\" data-id=\"9143\" data-full-url=\"https:\/\/echta-derminga.de\/wp-content\/uploads\/2021\/02\/IMG-20210219-WA0000.jpg\" data-link=\"https:\/\/echta-derminga.de\/?attachment_id=9143\" class=\"wp-image-9143\" srcset=\"https:\/\/echta-derminga.de\/wp-content\/uploads\/2021\/02\/IMG-20210219-WA0000-700x498.jpg 700w, https:\/\/echta-derminga.de\/wp-content\/uploads\/2021\/02\/IMG-20210219-WA0000-300x213.jpg 300w, https:\/\/echta-derminga.de\/wp-content\/uploads\/2021\/02\/IMG-20210219-WA0000-768x546.jpg 768w, https:\/\/echta-derminga.de\/wp-content\/uploads\/2021\/02\/IMG-20210219-WA0000.jpg 1433w\" sizes=\"auto, (max-width: 700px) 100vw, 700px\" \/><\/figure><\/li><li class=\"blocks-gallery-item\"><figure><img loading=\"lazy\" decoding=\"async\" width=\"700\" height=\"689\" src=\"https:\/\/echta-derminga.de\/wp-content\/uploads\/2021\/02\/IMG-20210221-WA0010-700x689.jpg\" alt=\"\" data-id=\"9142\" data-full-url=\"https:\/\/echta-derminga.de\/wp-content\/uploads\/2021\/02\/IMG-20210221-WA0010.jpg\" data-link=\"https:\/\/echta-derminga.de\/?attachment_id=9142\" class=\"wp-image-9142\" srcset=\"https:\/\/echta-derminga.de\/wp-content\/uploads\/2021\/02\/IMG-20210221-WA0010-700x689.jpg 700w, https:\/\/echta-derminga.de\/wp-content\/uploads\/2021\/02\/IMG-20210221-WA0010-300x295.jpg 300w, https:\/\/echta-derminga.de\/wp-content\/uploads\/2021\/02\/IMG-20210221-WA0010-768x756.jpg 768w, https:\/\/echta-derminga.de\/wp-content\/uploads\/2021\/02\/IMG-20210221-WA0010-90x90.jpg 90w, https:\/\/echta-derminga.de\/wp-content\/uploads\/2021\/02\/IMG-20210221-WA0010-75x75.jpg 75w, https:\/\/echta-derminga.de\/wp-content\/uploads\/2021\/02\/IMG-20210221-WA0010.jpg 1199w\" sizes=\"auto, (max-width: 700px) 100vw, 700px\" \/><\/figure><\/li><\/ul><\/figure>\n\n\n\n<p class=\"wp-block-paragraph\" style=\"font-size:18px\">Nun gehen wir also in die Karwoche und m\u00fcssen mit einem ruhigen und etwas anderen Osterfest rechnen. Immerhin k\u00f6nnen wir im Gegensatz zum letzten Jahr \u00fcberhaupt Ostern feiern. <strong>Ich w\u00fcnsche Ihnen und Ihrer Familie ein gesegnetes Osterfest und einige besinnliche Tage im engsten Familienkreis. <\/strong>Wenn Sie mich brauchen, wissen Sie wo Sie mich finden. <\/p>\n\n\n\n<p class=\"wp-block-paragraph\" style=\"font-size:18px\">Bei allem was Sie in der n\u00e4chsten Zeit tun, sollten Sie an eines immer bedenken:&#8220;&#8230;&#8230;.es \u00e4ndert sich hier \u00fcberhaupt nichts, wenn wir es nicht \u00e4ndern.&#8220; <\/p>\n\n\n\n<p class=\"wp-block-paragraph\" style=\"font-size:18px\">In diesem Sinne bleiben Sie entspannt und heimattreu&#8230;.<\/p>\n\n\n\n<p class=\"wp-block-paragraph\" style=\"font-size:18px\">Ihr Ortsvorsteher<\/p>\n\n\n\n<p class=\"wp-block-paragraph\" style=\"font-size:18px\">Frank Klein<\/p>\n","protected":false},"excerpt":{"rendered":"<p>Bestimmt waren auch Sie in der vergangenen Woche, bez\u00fcglich der geplanten Versch\u00e4rfungen des Lockdowns, leicht irritiert. Auch unsere Bundesregierung wird von Menschen gef\u00fchrt, die zudem auch mal Fehler machen d\u00fcrfen. Nichts destotrotz werden auch die kommenden Wochen nicht einfach werden. Die dritte Welle wird auch uns erwischen und wir alle m\u00fcssen auch zuk\u00fcnftig an die vorgegebenen Hygienerichtlinien denken. Wir alle<\/p>\n","protected":false},"author":1,"featured_media":939,"comment_status":"open","ping_status":"closed","sticky":false,"template":"","format":"standard","meta":{"_crdt_document":"","footnotes":""},"categories":[1,9,812],"tags":[618,777,795,921,807,310],"class_list":["post-9312","post","type-post","status-publish","format-standard","has-post-thumbnail","hentry","category-allgemein","category-dorfgetratsche","category-ortsvorsteher-dirmingen","tag-gemeinde-eppelborn","tag-kreis-neunkirchen","tag-ortsvorsteher-dirmingen","tag-ostern-2021","tag-pandemie","tag-saarland"],"_links":{"self":[{"href":"https:\/\/echta-derminga.de\/index.php?rest_route=\/wp\/v2\/posts\/9312","targetHints":{"allow":["GET"]}}],"collection":[{"href":"https:\/\/echta-derminga.de\/index.php?rest_route=\/wp\/v2\/posts"}],"about":[{"href":"https:\/\/echta-derminga.de\/index.php?rest_route=\/wp\/v2\/types\/post"}],"author":[{"embeddable":true,"href":"https:\/\/echta-derminga.de\/index.php?rest_route=\/wp\/v2\/users\/1"}],"replies":[{"embeddable":true,"href":"https:\/\/echta-derminga.de\/index.php?rest_route=%2Fwp%2Fv2%2Fcomments&post=9312"}],"version-history":[{"count":14,"href":"https:\/\/echta-derminga.de\/index.php?rest_route=\/wp\/v2\/posts\/9312\/revisions"}],"predecessor-version":[{"id":9351,"href":"https:\/\/echta-derminga.de\/index.php?rest_route=\/wp\/v2\/posts\/9312\/revisions\/9351"}],"wp:featuredmedia":[{"embeddable":true,"href":"https:\/\/echta-derminga.de\/index.php?rest_route=\/wp\/v2\/media\/939"}],"wp:attachment":[{"href":"https:\/\/echta-derminga.de\/index.php?rest_route=%2Fwp%2Fv2%2Fmedia&parent=9312"}],"wp:term":[{"taxonomy":"category","embeddable":true,"href":"https:\/\/echta-derminga.de\/index.php?rest_route=%2Fwp%2Fv2%2Fcategories&post=9312"},{"taxonomy":"post_tag","embeddable":true,"href":"https:\/\/echta-derminga.de\/index.php?rest_route=%2Fwp%2Fv2%2Ftags&post=9312"}],"curies":[{"name":"wp","href":"https:\/\/api.w.org\/{rel}","templated":true}]}}