{"id":933,"date":"2023-04-07T10:42:00","date_gmt":"2023-04-07T09:42:00","guid":{"rendered":"http:\/\/echta-derminga.de\/?p=933"},"modified":"2023-04-07T12:49:19","modified_gmt":"2023-04-07T11:49:19","slug":"was-bedeutet-ostern-in-der-heutigen-zeit-meine-gedanken-zum-osterfest","status":"publish","type":"post","link":"https:\/\/echta-derminga.de\/?p=933","title":{"rendered":"Meine Gedanken zum Osterfest &#8211; Was bedeutet Ostern in der heutigen Zeit ?"},"content":{"rendered":"\n<p class=\"has-medium-font-size wp-block-paragraph\"><strong>Erinnert ihr Euch noch:<\/strong><\/p>\n\n\n\n<blockquote class=\"wp-block-quote is-layout-flow wp-block-quote-is-layout-flow\">\n<p class=\"has-medium-font-size wp-block-paragraph\"><strong>\u201eIhr Christen denket all daran heut f\u00e4ngt das bittere Leiden an\u201c <\/strong><\/p>\n<cite><strong>(Karfreitag &#8211; Ausruf der Dirminger Klepperkinder)<\/strong><\/cite><\/blockquote>\n\n\n\n<p class=\"has-medium-font-size wp-block-paragraph\"><strong>Fr\u00fcher zogen in der Karwoche immer die Klepperkinder durch unser Dorf. Mit Hilfe einer Klapper oder Rappel gingen die Kinder singend durch die Stra\u00dfen um mit unterschiedlichen Spr\u00fcchen an die Gebetszeiten oder Gottesdienste zu erinnern.<\/strong><\/p>\n\n\n\n<p class=\"has-medium-font-size wp-block-paragraph\">Ich bin evangelisch und in meiner Kinderzeit waren die beiden Konfessionen noch etwas weiter voneinander getrennt. Ich hatte damals den eigentlichen Sinn des &#8222;Klepperns&#8220; nicht verstanden. Meine Eltern erz\u00e4hlten mir, dass nach einer alten \u00dcberlieferung von Gr\u00fcndonnerstag bis zum Ostersonntag die Glocken nach Rom flogen. Aber was machten sie dort und wie kamen sie dorthin? \u00a0Meine Eltern machten mir deutlich, dass in der Karwoche der Glockenklang nun mal durch Kleppern ersetzt werden muss. Als kleiner Junge habe ich diese Geschichte nat\u00fcrlich geglaubt.<\/p>\n\n\n\n<p class=\"has-medium-font-size wp-block-paragraph\"><strong>Heute ist das Kleppern vielerorts ausgestorben und auch in Dirmingen waren in den letzten Jahren nur noch selten Klepperkinder unterwegs. Schade! Die Zeit der Klepperkinder ist vorbei und mit ihnen geht eine sch\u00f6ne Tradition verloren. Der demografische Wandel spielt dabei nat\u00fcrlich eine gewichtige Rolle. Weitere Gr\u00fcnde liegen mit Sicherheit in unserer Erziehung und in dem Zeitgeist. Die Erziehung im Glauben und die damit verbundene N\u00e4he zur Kirche ging in den letzten Jahren immer mehr den Bach runter. Die Kinder haben einfach keine Lust mehr morgens aufzustehen und den ganzen Tag einer religi\u00f6sen T\u00e4tigkeit nachzugehen. Glauben ist aus der Mode gekommen. Nat\u00fcrlich tr\u00e4gt auch die Kirche daran eine gewisse Mitschuld.<\/strong><\/p>\n\n\n\n<p class=\"has-medium-font-size wp-block-paragraph\"><strong>Mein Sohn wird in diesem Jahr konfirmiert. Auch meine Familie hat viel M\u00fche damit meinen Sohn auf Kurs zu halten. Gut, dass er neugierig ist und gerne die alten Geschichten in der Bibel hinterfragt. Zumindest hat er seine eigene pers\u00f6nliche Wahrheit und sortiert gerade in seinem noch jungen Leben seinen Glauben. Ich w\u00fcnsche ihm auf diesem Wege alles erdenklich Gute und Gottes Segen. Immerhin kann der Glaube durch das Leben tragen. Es ist wichtig, dass man an irgendetwas glaubt !<\/strong><\/p>\n\n\n\n<p class=\"has-medium-font-size wp-block-paragraph\">Die Menschen haben sich von dem christlichen Glauben abgewandt und treten verst\u00e4rkt aus der Kirche aus. Jeder r\u00fcckt sich seine pers\u00f6nliche Wahrheit ins rechte und scheut auch nicht davor zur\u00fcck das Gute mit dem schlechten oder N\u00fctzlichen zu verbinden. In den sozialen Medien findet man st\u00e4ndig \u00fcble Postings mit rechter Hetze. Letztens habe ich ein Posting gelesen in dem zu lesen war: Zitat:\u201c Unser Land, unsere Sitten, unsere Kultur, unsere Heimat, unsere Br\u00e4uche, unsere Gesetze. Wem das nicht passt dem w\u00fcnschen wir eine gute Heimreise in seine Heimat.\u201c Zitatende.<\/p>\n\n\n\n<p class=\"has-medium-font-size wp-block-paragraph\"><strong>Ich pers\u00f6nlich habe auf solche Postings die passende Antwort:<\/strong><\/p>\n\n\n\n<p class=\"has-medium-font-size wp-block-paragraph\"><strong>Nehmt euer Land, eure Sitten, eure Kultur, eure Heimat, eure Br\u00e4uche, eure Gesetze mal wieder ernst, dann wird es unserem Land auch wieder besser gehen. Erst wenn wir wissen, wer wir selbst sind, k\u00f6nnen wir verstehen, wo wir selbst stehen und was andere denken !<\/strong><\/p>\n\n\n\n<p class=\"has-medium-font-size wp-block-paragraph\">Alleine Artikel 1 unseres Grundgesetzes: <strong>\u201eDie W\u00fcrde des Menschen ist unantastbar. Sie zu achten und zu sch\u00fctzen ist Verpflichtung aller staatlichen Gewalt\u201c<\/strong>, reicht aus um ein besseres Miteinander zu pflegen. Wobei ich den folgenden Absatz noch besser finde:<strong>\u201c Das deutsche Volk bekennt sich darum zu unverletzlichen und unver\u00e4u\u00dferlichen Menschenrechten als Grundlage jeder menschlichen Gemeinschaft, des Friedens und der Gerechtigkeit in der Welt&#8220;<\/strong>. Wenn wir unsere christlichen Wurzeln und unsere eigene Kultur pflegen wird der Islam keine M\u00f6glichkeit finden sich auszubreiten. Wobei, w\u00e4re das so schlimm ? Geh\u00f6rt Glaubensfreiheit nicht zu unseren Errungenschaften ? Wir bek\u00e4mpfen andere Kulturen und nehmen unsere eigene Identit\u00e4t \u00fcberhaupt nicht ernst. Wir verbieten den Bau einer Moschee und streiten dar\u00fcber ob ein Kreuz noch in ein Klassenzimmer geh\u00f6rt. Leute, das ist nicht der richtige Weg!<\/p>\n\n\n\n<p class=\"has-medium-font-size wp-block-paragraph\"><strong>\u201eIhr Christen heute streitet nicht, es brennt das heil\u2019ge Osterlicht (Ostersamstag- Ausruf der Dirminger Klepperkinder)<\/strong><\/p>\n\n\n<div class=\"wp-block-image wp-image-936 size-medium\">\n<figure class=\"alignleft\"><img loading=\"lazy\" decoding=\"async\" width=\"300\" height=\"200\" src=\"https:\/\/echta-derminga.de\/wp-content\/uploads\/2018\/03\/P1000135_1-300x200.jpg\" alt=\"\" class=\"wp-image-936\" srcset=\"https:\/\/echta-derminga.de\/wp-content\/uploads\/2018\/03\/P1000135_1-300x200.jpg 300w, https:\/\/echta-derminga.de\/wp-content\/uploads\/2018\/03\/P1000135_1-768x512.jpg 768w, https:\/\/echta-derminga.de\/wp-content\/uploads\/2018\/03\/P1000135_1-644x429.jpg 644w, https:\/\/echta-derminga.de\/wp-content\/uploads\/2018\/03\/P1000135_1.jpg 800w\" sizes=\"auto, (max-width: 300px) 100vw, 300px\" \/><figcaption class=\"wp-element-caption\">Kath. Kirche Dirmingen<\/figcaption><\/figure>\n<\/div>\n\n\n<p class=\"has-medium-font-size wp-block-paragraph\">Letztens habe ich gelesen, dass eine hohe Anzahl an Sch\u00fclerinnen und Sch\u00fclern in unserem Land \u00fcberhaupt nicht wei\u00df was Christen an Ostern feiern. Unser Problem sind nicht die Fl\u00fcchtlinge unser Problem liegt in uns selbst! Wir fordern eine christliche Leitkultur und kennen uns selbst nicht mehr in unserem eigenen Laden aus.<\/p>\n\n\n\n<p class=\"has-medium-font-size wp-block-paragraph\"><strong>Aber was feiert man an Ostern eigentlich? Was bedeutet Ostern noch in unserer Zeit? Ein paar Tage Freizeit, ein bisschen Brauchtum mit bemalten Eiern?<\/strong> F\u00fcr viele ist es halt eben eine neue Jahreszeit. Man muss die Feste halt feiern wie sie fallen und die Kinder freuen sich, wenn der Osterhase die bunten Eier bringt. Manche Leute antizipieren das Osterfest mit dem Fr\u00fchling. Stimmt, Ostern als Fr\u00fchlingsfest geht auf das heidnisches Fest Ostara zur\u00fcck. Ostara markierte bei den Heiden den Beginn des Fr\u00fchlings. Als die Christen die Heiden verdr\u00e4ngten k\u00f6nnte aus dem heidnischen Ostara das christliche W\u00f6rtchen Ostern entstanden sein. Ostern ist der wichtigste Feiertag im christlichen Kalender. F\u00fcr die Christen ist das Osterfest weitaus wichtiger als das Weihnachtsfest. Ostern steht f\u00fcr die Wiederauferstehung, die Vergebung der S\u00fcnden und das ewige Leben. Die Urspr\u00fcnge f\u00fcr das christliche Osterfest liegen im j\u00fcdischen Passah-Fest. Dieses j\u00fcdische Fest erinnert an den Auszug der Israeliten aus \u00c4gypten. Jesu letztes Abendmahl, die Kreuzigung und Wiederauferstehung fanden w\u00e4hrend des j\u00fcdischen Passah statt. Die Kirche einigte sich irgendwann w\u00e4hrend eines Konzils darauf, dass der Ostersonntag immer der Sonntag ist, der dem ersten Vollmond nach Fr\u00fchlingsanfang folgt.<\/p>\n\n\n\n<p class=\"has-medium-font-size wp-block-paragraph\"><strong>Der Gr\u00fcndonnerstag verdankt seinen Namen dem alten Wort &#8222;greinen\u201c, was so viel bedeutet wie &#8222;weinen&#8220;. Der Karfreitag (Kar -steht f\u00fcr Klage) ist der Tag, an dem Jesus verraten, verurteilt und get\u00f6tet wurde. Am dritten Tag, dem Ostersonntag, ist Jesus auferstanden. Zu Ostern feiern wir die Auferstehung von Jesus Christus, dem Sohn Gottes. Der Tot wurde besiegt und hat keine Macht mehr \u00fcber die Menschen. Im Johannesevangelium 14,19 verspricht Jesus den Menschen: \u201eWeil ich lebe, werdet auch ihr leben.\u201c <\/strong><\/p>\n\n\n<div class=\"wp-block-image wp-image-939 size-medium\">\n<figure class=\"alignleft\"><img loading=\"lazy\" decoding=\"async\" width=\"300\" height=\"169\" src=\"https:\/\/echta-derminga.de\/wp-content\/uploads\/2018\/03\/quintessenz-ostereier-102__v-gseapremiumxl-300x169.jpg\" alt=\"\" class=\"wp-image-939\" srcset=\"https:\/\/echta-derminga.de\/wp-content\/uploads\/2018\/03\/quintessenz-ostereier-102__v-gseapremiumxl-300x169.jpg 300w, https:\/\/echta-derminga.de\/wp-content\/uploads\/2018\/03\/quintessenz-ostereier-102__v-gseapremiumxl-644x362.jpg 644w, https:\/\/echta-derminga.de\/wp-content\/uploads\/2018\/03\/quintessenz-ostereier-102__v-gseapremiumxl.jpg 704w\" sizes=\"auto, (max-width: 300px) 100vw, 300px\" \/><figcaption class=\"wp-element-caption\">Sch\u00f6ner Brauchtum Ostereier.<\/figcaption><\/figure>\n<\/div>\n\n\n<p class=\"has-medium-font-size wp-block-paragraph\">Die Tradition, am Osterfest Eier zu segnen, hat ihre Wurzeln bereits im Urchristentum. Dabei handelt es sich nicht, wie oft f\u00e4lschlicherweise angenommen, um einen heidnischen Brauch, sondern um eine alte christliche Tradition. In vorchristlicher Zeit symbolisierte das Ei das erwachende Leben und wurde von den ersten Christen als Bild f\u00fcr die Auferstehung Jesu umgedeutet. Bis heute ist nicht genau gekl\u00e4rt, woher der Brauch des Osterhasen eigentlich kommt. Im Jahre 1682 findet er zum ersten Mal schriftlich Erw\u00e4hnung. Eine, aus meiner Sicht verr\u00fcckte Erkl\u00e4rung liegt darin, dass Protestanten sich damals vom katholischen Fest abgrenzen wollten und so auf die Idee kamen, einen Hasen die Eier bringen zu lassen. Der Hase steht als Symbol f\u00fcr die Fruchtbarkeit und des unzerst\u00f6rbaren Lebens. Die Osterfeuer haben ihren Ursprung in der katholischen Osterliturgie oder in vorchristlichen kultischen Fr\u00fchlingsfeuern. <strong>Heute haben sich die verschiedenen Br\u00e4uche untrennbar miteinander vermischt. Das Osterfeuer hat beispielsweise ebenso wenig mit dem christlichen Glauben zu tun wie auch der Hase und die Eier. Trotz allem kennt jeder den Osterhasen, die Ostereier und das Osterlamm. Allerdings wissen gerade einmal die H\u00e4lfte der Menschen in Deutschland um den christlichen Hintergrund dieses Festes.<\/strong> W\u00e4hrend ich diese Zeilen schreibe, stelle ich mal wieder fest, dass es eigentlich \u00fcberhaupt keine Leitkultur gibt. Die Zeit verwischt alle Spuren und irgendwann wei\u00df niemand mehr welcher Brauch woher kommt. Gerade beim Islam und dem Christentum gibt es bekannterweise gewisse \u00c4hnlichkeiten.<\/p>\n\n\n\n<p class=\"has-medium-font-size wp-block-paragraph\"><strong>Dies alles hat viel mit Sitten, Kultur, Brauchtum, Heimat und Glauben zu tun. Wir m\u00fcssen aufh\u00f6ren auf andere zu zeigen und vielmehr auf uns selbst achten. Merke: \u201cWenn du mit dem Finger auf andere Menschen zeigst, zeigen drei Finger auf dich selbst.\u201c<\/strong><\/p>\n\n\n\n<p class=\"has-medium-font-size wp-block-paragraph\"><strong>Ich pers\u00f6nlich finde es schade, dass der Glaube und eine christliche Erziehung nicht mehr in vorderster Reihe stehen.<\/strong><\/p>\n\n\n<div class=\"wp-block-image wp-image-937 size-medium\">\n<figure class=\"alignleft\"><img loading=\"lazy\" decoding=\"async\" width=\"300\" height=\"200\" src=\"https:\/\/echta-derminga.de\/wp-content\/uploads\/2018\/03\/22181190_363082380771389_1511087533862486061_o-300x200.jpg\" alt=\"\" class=\"wp-image-937\" srcset=\"https:\/\/echta-derminga.de\/wp-content\/uploads\/2018\/03\/22181190_363082380771389_1511087533862486061_o-300x200.jpg 300w, https:\/\/echta-derminga.de\/wp-content\/uploads\/2018\/03\/22181190_363082380771389_1511087533862486061_o-768x512.jpg 768w, https:\/\/echta-derminga.de\/wp-content\/uploads\/2018\/03\/22181190_363082380771389_1511087533862486061_o-644x429.jpg 644w, https:\/\/echta-derminga.de\/wp-content\/uploads\/2018\/03\/22181190_363082380771389_1511087533862486061_o.jpg 800w\" sizes=\"auto, (max-width: 300px) 100vw, 300px\" \/><figcaption class=\"wp-element-caption\">Ev. Kirche Dirmingen.<\/figcaption><\/figure>\n<\/div>\n\n\n<p class=\"has-medium-font-size wp-block-paragraph\"><strong>Es stellt sich mir die Frage: \u201eBraucht der Mensch die Religion?\u201c Zugegeben, ich bin mir nicht sicher ob wir so etwas wie eine kirchliche Institution ben\u00f6tigen. Immerhin hat die Kirche im Laufe der letzten Jahrhunderte viel Leid verursacht. Wer sprichw\u00f6rtlich durch die Jahrtausende streift und auf die Kreuzz\u00fcge im Mittelalter, die Blutspur der Inquisition und des Judenhasses schaut, wird dem Christentum nicht mehr viel abgewinnen k\u00f6nnen. Auf der anderen Seite gibt es die Suche nach dem Sinn des Lebens. Jeder von uns steht irgendwann in seinem Leben vor dieser entscheidenden Frage: Wer bin ich, wohin gehe ich?<\/strong><\/p>\n\n\n\n<p class=\"has-medium-font-size wp-block-paragraph\">Lassen wir doch einfach die Kirche im Dorf. Ich glaube, dass uns die Kirche und insbesondere der Glaube immer noch etwas zu sagen hat. Auch die Seelsorge ist unabh\u00e4ngig vom eigenen Glauben eine wichtige Angelegenheit. Immer dann, wenn es dem Menschen schlecht geht oder er vielleicht auch krank ist sucht er nach Antworten und Hilfe. Pl\u00f6tzlich r\u00fcckt der Glaube wieder in den Vordergrund.<\/p>\n\n\n\n<p class=\"has-medium-font-size wp-block-paragraph\"><strong>\u201eHerbei, herbei ihr lieben Leut, Christus ist erstanden heut.\u201c (Ostersonntag \u2013 Ausruf der Dirminger Klepperkinder)<\/strong><\/p>\n\n\n\n<p class=\"has-medium-font-size wp-block-paragraph\">Ich denke wir sollten das Osterfest einmal dazu nutzen um \u00fcber Religion, Glauben und Kirche nachzudenken. Vielleicht schadet es auch nicht, einmal einen Gottesdienst in der evangelischen oder katholischen Kirche zu besuchen. Mann sollte ja schlie\u00dflich wissen wovon man spricht und mit welchem Gegner man es zu tun hat.<\/p>\n\n\n\n<p class=\"has-medium-font-size wp-block-paragraph\"><strong>Mein Konfirmationsspruch lautet:<\/strong><\/p>\n\n\n\n<p class=\"has-medium-font-size wp-block-paragraph\"><strong>\u201eIch bin die Auferstehung und das Leben. Wer an mich glaubt, der wird Leben, auch wenn er stirbt. (Johannes 11,25)<\/strong><\/p>\n\n\n\n<p class=\"has-medium-font-size wp-block-paragraph\">Ich finde in diesem Spruch steckt soviel Trost und Zuversicht. Mit meiner Konfirmationszeit verbinde ich viele sch\u00f6ne Erinnerungen. Schon als Kind nahm mich mein Vater immer mit in den Gottesdienst. Nat\u00fcrlich hat mich das bis heute gepr\u00e4gt. Man braucht mit Sicherheit keine Kirche um zu Glauben. Jeder Mensch hat seine ureigene Sicht auf die Dinge. Ich verbinde Kirche und Glaube immer mit Heimat, Kindheit und eigener Identit\u00e4t. Letztlich z\u00e4hlt: Leben und Leben lassen!<\/p>\n\n\n\n<p class=\"has-medium-font-size wp-block-paragraph\"><strong>Nun wird mein Sohn am 14. Mai konfirmiert. Die Best\u00e4tigung des eigenen Glaubens sollte f\u00fcr jeden Christen hohe Priorit\u00e4t sein. Schon meine beiden T\u00f6chter wurden in der evangelischen Kirche zu Dirmingen konfirmiert. Zuvor auch mein Vater, meine Gro\u00dfmutter, meine Ur-Gro\u00dfeltern und so weiter. Kirche kann Traditionen mit einander verbinden. Man muss es nur zulassen !<\/strong><\/p>\n\n\n\n<p class=\"has-medium-font-size wp-block-paragraph\">Der evangelische Pfarrer Dietrich Bonhoeffer sagte einmal: &#8222;Da\u00df Jesus Christus starb, ist wichtiger, als dass ich sterbe, und dass Jesus Christus von den Toten auferweckt wurde, ist der einzige Grund meiner Hoffnung, dass auch ich auferweckt werde am j\u00fcngsten Tag&#8220;.<\/p>\n\n\n\n<p class=\"has-medium-font-size wp-block-paragraph\"><strong>Ich w\u00fcnsche allen Freunden, Lesern und allen ECHTEN DERMINGA ein frohes und gesegnetes Osterfest<\/strong><\/p>\n\n\n<div class=\"wp-block-image\">\n<figure class=\"aligncenter size-full\"><img loading=\"lazy\" decoding=\"async\" width=\"600\" height=\"1063\" src=\"https:\/\/echta-derminga.de\/wp-content\/uploads\/2018\/03\/IMG-20180328-WA0000-Kopie.jpg\" alt=\"\" class=\"wp-image-935\" srcset=\"https:\/\/echta-derminga.de\/wp-content\/uploads\/2018\/03\/IMG-20180328-WA0000-Kopie.jpg 600w, https:\/\/echta-derminga.de\/wp-content\/uploads\/2018\/03\/IMG-20180328-WA0000-Kopie-169x300.jpg 169w\" sizes=\"auto, (max-width: 600px) 100vw, 600px\" \/><\/figure>\n<\/div>","protected":false},"excerpt":{"rendered":"<p>Erinnert ihr Euch noch: \u201eIhr Christen denket all daran heut f\u00e4ngt das bittere Leiden an\u201c (Karfreitag &#8211; Ausruf der Dirminger Klepperkinder) Fr\u00fcher zogen in der Karwoche immer die Klepperkinder durch unser Dorf. Mit Hilfe einer Klapper oder Rappel gingen die Kinder singend durch die Stra\u00dfen um mit unterschiedlichen Spr\u00fcchen an die Gebetszeiten oder Gottesdienste zu erinnern. Ich bin evangelisch und<\/p>\n","protected":false},"author":1,"featured_media":938,"comment_status":"open","ping_status":"closed","sticky":false,"template":"","format":"standard","meta":{"_crdt_document":"","footnotes":""},"categories":[1,47,902],"tags":[5,159,157,618,156,160,158,155,154],"class_list":["post-933","post","type-post","status-publish","format-standard","has-post-thumbnail","hentry","category-allgemein","category-meine-kirche","category-meine-meinung","tag-dirmingen","tag-evangelisch","tag-fruehling","tag-gemeinde-eppelborn","tag-karfreitag","tag-katholisch","tag-kirche","tag-klepperkinder","tag-ostern"],"_links":{"self":[{"href":"https:\/\/echta-derminga.de\/index.php?rest_route=\/wp\/v2\/posts\/933","targetHints":{"allow":["GET"]}}],"collection":[{"href":"https:\/\/echta-derminga.de\/index.php?rest_route=\/wp\/v2\/posts"}],"about":[{"href":"https:\/\/echta-derminga.de\/index.php?rest_route=\/wp\/v2\/types\/post"}],"author":[{"embeddable":true,"href":"https:\/\/echta-derminga.de\/index.php?rest_route=\/wp\/v2\/users\/1"}],"replies":[{"embeddable":true,"href":"https:\/\/echta-derminga.de\/index.php?rest_route=%2Fwp%2Fv2%2Fcomments&post=933"}],"version-history":[{"count":22,"href":"https:\/\/echta-derminga.de\/index.php?rest_route=\/wp\/v2\/posts\/933\/revisions"}],"predecessor-version":[{"id":14955,"href":"https:\/\/echta-derminga.de\/index.php?rest_route=\/wp\/v2\/posts\/933\/revisions\/14955"}],"wp:featuredmedia":[{"embeddable":true,"href":"https:\/\/echta-derminga.de\/index.php?rest_route=\/wp\/v2\/media\/938"}],"wp:attachment":[{"href":"https:\/\/echta-derminga.de\/index.php?rest_route=%2Fwp%2Fv2%2Fmedia&parent=933"}],"wp:term":[{"taxonomy":"category","embeddable":true,"href":"https:\/\/echta-derminga.de\/index.php?rest_route=%2Fwp%2Fv2%2Fcategories&post=933"},{"taxonomy":"post_tag","embeddable":true,"href":"https:\/\/echta-derminga.de\/index.php?rest_route=%2Fwp%2Fv2%2Ftags&post=933"}],"curies":[{"name":"wp","href":"https:\/\/api.w.org\/{rel}","templated":true}]}}