{"id":9452,"date":"2021-04-18T13:08:42","date_gmt":"2021-04-18T12:08:42","guid":{"rendered":"https:\/\/echta-derminga.de\/?p=9452"},"modified":"2021-04-19T14:56:26","modified_gmt":"2021-04-19T13:56:26","slug":"in-sachen-ortsvorsteher-3","status":"publish","type":"post","link":"https:\/\/echta-derminga.de\/?p=9452","title":{"rendered":"In Sachen Ortsvorsteher: Von einem Gro\u00dfbrand, wichtigen Bauma\u00dfnahmen, neuen Hinweisschildern und einer Eisernen Hochzeit"},"content":{"rendered":"\n<p class=\"wp-block-paragraph\" style=\"font-size:18px\"><strong>Im Saarland geh\u00f6rt unser Landkreis Neunkirchen und somit auch unser Heimatort zu den Gebieten mit den h\u00f6chsten Inzidenz-Werten. Wir f\u00fchlen uns wie in einer Endlosschleife und viele Entscheidungen der Politik k\u00f6nnen wir nur sehr schwer nachvollziehen. Dennoch sollten wir weiterhin vorsichtig miteinander umgehen. Schlie\u00dflich steht ein Menschenleben immer \u00fcber jedem Zweifel. In Dirmingen gibt es berechtigten Grund zur Hoffnung, dass wir schon bald eine weitere Testm\u00f6glichkeit anbieten k\u00f6nnen. Aktuell k\u00f6nnen Sie sich in unseren Dirminger Arztpraxen von Dr. Bungert-Feldmann und auch bei Dr. Ezzeddin testen und schlie\u00dflich auch Impfen lassen. In der vergangenen Woche hat die Impfphase der dritten Priorit\u00e4tsgruppe begonnen. Menschen \u00fcber dem 60.Lebensjahr k\u00f6nnen sich nun in ihrer Arztpraxis vormerken lassen. Wenn sie an der Reihe sind werden Sie wiederum kontaktiert. Wie bereits erw\u00e4hnt werden wir in K\u00fcrze eine weitere Testm\u00f6glichkeit anbieten k\u00f6nnen. Derzeit k\u00f6nnen Sie sich au\u00dferdem im Testzentrum &#8222;big Epple&#8220; ohne Termin testen lassen. Au\u00dferdem steht ihnen das interkommunale Testzentrum in der Illipse in Illingen mit Terminvereinbarung zur Verf\u00fcgung. Machen Sie Gebrauch davon und bleiben Sie vorsichtig und beh\u00fctet.<\/strong><\/p>\n\n\n\n<p class=\"wp-block-paragraph\" style=\"font-size:18px\"><strong>Nervige aber auch wichtige<\/strong> <strong>Baustellen in Dirmingen<\/strong><\/p>\n\n\n\n<p class=\"wp-block-paragraph\" style=\"font-size:18px\">In unserem Heimatort werden von Anfang April bis Ende Mai gleich zwei Kanalbauma\u00dfnahmen in der Ortsdurchfahrt durchgef\u00fchrt. Der Abwasserzweckverband Eppelborn und die Gemeinde Eppelborn werden diese wichtigen und f\u00fcr die Verkehrsteilnehmer bestimmt nervigen Sanierungsarbeiten durchf\u00fchren. Als Ortsvorsteher freue ich mich \u00fcber diese wichtigen Investitionen. Auch wenn es im Moment eher nervig wirkt, sind diese Bauma\u00dfnahmen f\u00fcr die Struktur unseres Dorfes enorm wichtig. Die gleichzeitige Ausf\u00fchrung der Arbeiten sind notwendig, weil ab Juli die Ortsdurchfahrt Dirmingen wieder mal als Umleitungsstrecke herhalten muss. Im Sommer werden weitere Bauma\u00dfnahmen an der Autobahnbr\u00fccke erledigt. Zudem stehen gr\u00f6\u00dfere Sanierungsma\u00dfnahmen des Landesbetriebes f\u00fcr Stra\u00dfenbau in der Ortsdurchfahrt Eppelborn auf der Tagesordnung. Auf uns alle warten also wichtige Sanierungsma\u00dfnahmen die uns bestimmt auch einiges an Kraft und Energie kosten. Die Ma\u00dfnahme des Abwasserzweckverbandes begann bereits am Dienstag, 6.April und werden bis Ende Mai dauern. Diese Bauma\u00dfnahme wird in zwei Teilabschnitten durchgef\u00fchrt, so dass die Wartezeiten an der Ampelanlage und der damit verbundene R\u00fcckstau so kurz wie m\u00f6glich gehalten werden kann. Die Kanalbauma\u00dfnahme der Gemeinde Eppelborn, im Auftrag des Entsorgungsverbandes Saar im Bereich des Br\u00fchlparks, begannen am Montag, 15. April und soll ebenfalls bis Ende Mai andauern. Bei dieser Ma\u00dfnahme ist vorgesehen, die Ampelanlage lediglich w\u00e4hrend der Arbeiten im Bereich der Stra\u00dfe in Betrieb zu nehmen. Abschlie\u00dfend sollen noch in diesem Jahr Stra\u00dfensanierungsma\u00dfnahmen in der Illingerstrasse durchgef\u00fchrt werden. Au\u00dferdem werden in unseren Stra\u00dfen &#8222;Am D\u00f6rrwald&#8220; und  &#8222;Lachwies&#8220; D\u00fcnnschichtverfahren durchgef\u00fchrt. Die gro\u00dfe Sanierungsma\u00dfnahme in der &#8222;Thalexweilerstrasse&#8220; steht ebenfalls noch im Raum und soll hoffentlich im zweiten Halbjahr beginnen. Ich w\u00fcnsche Ihnen in den jeweiligen Bauphasen viel Kraft und gute Nerven. Bitte denken Sie aber immer daran: F\u00fcr unseren Heimatort sind diese Investitionen sehr gut und wichtig. <\/p>\n\n\n\n<div class=\"wp-block-image\"><figure class=\"aligncenter size-large\"><img loading=\"lazy\" decoding=\"async\" width=\"700\" height=\"331\" src=\"https:\/\/echta-derminga.de\/wp-content\/uploads\/2021\/04\/222-700x331.jpg\" alt=\"\" class=\"wp-image-9459\" srcset=\"https:\/\/echta-derminga.de\/wp-content\/uploads\/2021\/04\/222-700x331.jpg 700w, https:\/\/echta-derminga.de\/wp-content\/uploads\/2021\/04\/222-300x142.jpg 300w, https:\/\/echta-derminga.de\/wp-content\/uploads\/2021\/04\/222-768x363.jpg 768w, https:\/\/echta-derminga.de\/wp-content\/uploads\/2021\/04\/222.jpg 1000w\" sizes=\"auto, (max-width: 700px) 100vw, 700px\" \/><\/figure><\/div>\n\n\n\n<p class=\"wp-block-paragraph\" style=\"font-size:18px\"><strong>Er\u00f6ffnung der neuen Kinderkrippe auf dem Dirminger Rotenberg <\/strong><\/p>\n\n\n\n<p class=\"wp-block-paragraph\" style=\"font-size:18px\">Am Donnerstag, 15.April durfte ich in Begleitung unseres B\u00fcrgermeisters Dr. Andreas Feld und der saarl\u00e4ndischen Familienministerin Monika Bachmann, dem Landtagsabgeordneter Alwin Theobald und unserem Landrat S\u00f6ren Meng die neu er\u00f6ffnete Kinderkrippe auf dem Rotenberg in Dirmingen besuchen. Auf Initiative unseres B\u00fcrgermeisters wurden dort zwei Krippengruppen mit jeweils 11 Pl\u00e4tzen geschaffen. Die Er\u00f6ffnung der neuen Dependance unserer Kita Pusteblume auf dem Rotenberg schafft neue M\u00f6glichkeiten f\u00fcr die Kinder und Familien in unserer Gemeinde. Dirmingen leistet mit diesem Standort auf dem Rotenberg einen gro\u00dfen Anteil daran, dass unsere Gemeinde in Punkto Krippenpl\u00e4tze sehr gut da steht.  Auf dem Rotenberg herrschen Dank dem gro\u00dfartigen Arbeitseinsatz der Mitarbeiter\/innen unserer Gemeindeverwaltung bestm\u00f6gliche Bedingungen. Gerade im Hinblick auf die, nicht immer r\u00fchmliche Geschichte der Kita in unserem Dorf, freue ich mich \u00fcber diese positive Entwicklung. Ich w\u00fcnsche allen Kindern einen angenehmen Aufenthalt in unserer neuen Dependance und allen Eltern eine beruhigende Zufriedenheit. Ein besonderer Dank geht an die Mitarbeiter\/innen in unserer Kita und insbesondere in der neuen Dependance. Ein weiteres Dankesch\u00f6n geht an die Mitarbeiter\/innen der Gemeindeverwaltung f\u00fcr ihre gro\u00dfartigen Sanierungsarbeiten. Diese Neuer\u00f6ffnung ist gut f\u00fcr Dirmingen.<\/p>\n\n\n\n<figure class=\"wp-block-gallery columns-3 is-cropped wp-block-gallery-1 is-layout-flex wp-block-gallery-is-layout-flex\"><ul class=\"blocks-gallery-grid\"><li class=\"blocks-gallery-item\"><figure><img loading=\"lazy\" decoding=\"async\" width=\"700\" height=\"457\" src=\"https:\/\/echta-derminga.de\/wp-content\/uploads\/2021\/04\/111-700x457.jpg\" alt=\"\" data-id=\"9458\" data-full-url=\"https:\/\/echta-derminga.de\/wp-content\/uploads\/2021\/04\/111.jpg\" data-link=\"https:\/\/echta-derminga.de\/?attachment_id=9458\" class=\"wp-image-9458\" srcset=\"https:\/\/echta-derminga.de\/wp-content\/uploads\/2021\/04\/111-700x457.jpg 700w, https:\/\/echta-derminga.de\/wp-content\/uploads\/2021\/04\/111-300x196.jpg 300w, https:\/\/echta-derminga.de\/wp-content\/uploads\/2021\/04\/111-768x502.jpg 768w, https:\/\/echta-derminga.de\/wp-content\/uploads\/2021\/04\/111-1536x1003.jpg 1536w, https:\/\/echta-derminga.de\/wp-content\/uploads\/2021\/04\/111.jpg 1600w\" sizes=\"auto, (max-width: 700px) 100vw, 700px\" \/><\/figure><\/li><li class=\"blocks-gallery-item\"><figure><img loading=\"lazy\" decoding=\"async\" width=\"700\" height=\"431\" src=\"https:\/\/echta-derminga.de\/wp-content\/uploads\/2021\/04\/173426467_853862988805093_7819826524924708838_n-700x431.jpg\" alt=\"\" data-id=\"9461\" data-full-url=\"https:\/\/echta-derminga.de\/wp-content\/uploads\/2021\/04\/173426467_853862988805093_7819826524924708838_n.jpg\" data-link=\"https:\/\/echta-derminga.de\/?attachment_id=9461\" class=\"wp-image-9461\" srcset=\"https:\/\/echta-derminga.de\/wp-content\/uploads\/2021\/04\/173426467_853862988805093_7819826524924708838_n-700x431.jpg 700w, https:\/\/echta-derminga.de\/wp-content\/uploads\/2021\/04\/173426467_853862988805093_7819826524924708838_n-300x185.jpg 300w, https:\/\/echta-derminga.de\/wp-content\/uploads\/2021\/04\/173426467_853862988805093_7819826524924708838_n-768x473.jpg 768w, https:\/\/echta-derminga.de\/wp-content\/uploads\/2021\/04\/173426467_853862988805093_7819826524924708838_n-1536x947.jpg 1536w, https:\/\/echta-derminga.de\/wp-content\/uploads\/2021\/04\/173426467_853862988805093_7819826524924708838_n.jpg 1600w\" sizes=\"auto, (max-width: 700px) 100vw, 700px\" \/><\/figure><\/li><li class=\"blocks-gallery-item\"><figure><img loading=\"lazy\" decoding=\"async\" width=\"700\" height=\"513\" src=\"https:\/\/echta-derminga.de\/wp-content\/uploads\/2021\/04\/173426467_853862932138432_5946782356728768739_n-700x513.jpg\" alt=\"\" data-id=\"9462\" data-full-url=\"https:\/\/echta-derminga.de\/wp-content\/uploads\/2021\/04\/173426467_853862932138432_5946782356728768739_n.jpg\" data-link=\"https:\/\/echta-derminga.de\/?attachment_id=9462\" class=\"wp-image-9462\" srcset=\"https:\/\/echta-derminga.de\/wp-content\/uploads\/2021\/04\/173426467_853862932138432_5946782356728768739_n-700x513.jpg 700w, https:\/\/echta-derminga.de\/wp-content\/uploads\/2021\/04\/173426467_853862932138432_5946782356728768739_n-300x220.jpg 300w, https:\/\/echta-derminga.de\/wp-content\/uploads\/2021\/04\/173426467_853862932138432_5946782356728768739_n-768x563.jpg 768w, https:\/\/echta-derminga.de\/wp-content\/uploads\/2021\/04\/173426467_853862932138432_5946782356728768739_n-1536x1125.jpg 1536w, https:\/\/echta-derminga.de\/wp-content\/uploads\/2021\/04\/173426467_853862932138432_5946782356728768739_n.jpg 1600w\" sizes=\"auto, (max-width: 700px) 100vw, 700px\" \/><\/figure><\/li><\/ul><\/figure>\n\n\n\n<p class=\"wp-block-paragraph\" style=\"font-size:18px\"><strong>Beunruhigend &#8211; Seltsame Gro\u00dfbr\u00e4nde in Dirmingen<\/strong><\/p>\n\n\n\n<p class=\"wp-block-paragraph\" style=\"font-size:18px\">Am Donnerstag,15. April 21 wurden unsere Einsatzkr\u00e4fte des L\u00f6schbezirks Dirmingen gemeinsam mit den Feuerwehren aus Eppelborn, Bubach-Calmesweiler sowie Wiesbach zu einem Gro\u00dfbrand in Dirmingen gerufen. Unterst\u00fctzt wurde unsere Feuerwehren von Einheiten aus Wustweiler und Marpingen sowie dem Technischen Hilfswerk aus Spiesen-Elversberg. Auf der Dirminger Anh\u00f6he Belker, auf der Flur &#8222;Dickelborn&#8220;, brannte ein Holzlager das der Kategorie der Einsatzart :Brand 3, Gro\u00dfbrand zugeordnet wurde. Unsere Einsatzkr\u00e4fte hatten, wie schon vor einigen Wochen auf dem Birkenhof, den ganzen Tag mit diesem doch seltsamen Brand zu tun. Man wundert sich schon wie pl\u00f6tzlich ein solches Holzlager, dass seit \u00fcber 40 Jahren dort steht, urpl\u00f6tzlich zu brennen beginnt. Gemeinsam mit B\u00fcrgermeister Dr. Andreas Feld konnte ich mich von den hervorragend organisierten L\u00f6scharbeiten der Feuerwehren vor Ort \u00fcberzeugen. Vielen herzlichen Dank an alle Feuerwehrleute die an diesen Einsatz beteiligt waren. Mein Mitgef\u00fchl liegt bei dem Besitzer des Holzlagers. Hier wurden \u00fcber 160 m\u00b3 Holz sinnlos verbrannt. Ein gro\u00dfer Verlust f\u00fcr den Besitzer und seine Familie.<\/p>\n\n\n\n<figure class=\"wp-block-gallery columns-2 is-cropped wp-block-gallery-2 is-layout-flex wp-block-gallery-is-layout-flex\"><ul class=\"blocks-gallery-grid\"><li class=\"blocks-gallery-item\"><figure><img loading=\"lazy\" decoding=\"async\" width=\"700\" height=\"525\" src=\"https:\/\/echta-derminga.de\/wp-content\/uploads\/2021\/04\/IMG-20210415-WA0003-700x525.jpg\" alt=\"\" data-id=\"9465\" data-link=\"https:\/\/echta-derminga.de\/?attachment_id=9465\" class=\"wp-image-9465\" srcset=\"https:\/\/echta-derminga.de\/wp-content\/uploads\/2021\/04\/IMG-20210415-WA0003-700x525.jpg 700w, https:\/\/echta-derminga.de\/wp-content\/uploads\/2021\/04\/IMG-20210415-WA0003-300x225.jpg 300w, https:\/\/echta-derminga.de\/wp-content\/uploads\/2021\/04\/IMG-20210415-WA0003-768x576.jpg 768w, https:\/\/echta-derminga.de\/wp-content\/uploads\/2021\/04\/IMG-20210415-WA0003.jpg 900w\" sizes=\"auto, (max-width: 700px) 100vw, 700px\" \/><\/figure><\/li><li class=\"blocks-gallery-item\"><figure><img loading=\"lazy\" decoding=\"async\" width=\"700\" height=\"380\" src=\"https:\/\/echta-derminga.de\/wp-content\/uploads\/2021\/04\/20210415_095201-700x380.jpg\" alt=\"\" data-id=\"9466\" data-full-url=\"https:\/\/echta-derminga.de\/wp-content\/uploads\/2021\/04\/20210415_095201.jpg\" data-link=\"https:\/\/echta-derminga.de\/?attachment_id=9466\" class=\"wp-image-9466\" srcset=\"https:\/\/echta-derminga.de\/wp-content\/uploads\/2021\/04\/20210415_095201-700x380.jpg 700w, https:\/\/echta-derminga.de\/wp-content\/uploads\/2021\/04\/20210415_095201-300x163.jpg 300w, https:\/\/echta-derminga.de\/wp-content\/uploads\/2021\/04\/20210415_095201-768x416.jpg 768w, https:\/\/echta-derminga.de\/wp-content\/uploads\/2021\/04\/20210415_095201.jpg 900w\" sizes=\"auto, (max-width: 700px) 100vw, 700px\" \/><\/figure><\/li><\/ul><\/figure>\n\n\n\n<p class=\"wp-block-paragraph\" style=\"font-size:18px\"><strong>Herzlichen Gl\u00fcckwunsch an Martha und Ewald Kuhn zur Eiserne Hochzeit<\/strong><\/p>\n\n\n\n<p class=\"wp-block-paragraph\" style=\"font-size:18px\">Am Freitag, 16. April 2021 feierten Martha und Ewald Kuhn aus Dirmingen das Fest der Eiserne Hochzeit. Dieses besondere Jubil\u00e4um zeugt von einem Leben mit H\u00f6hen und Tiefen sowie Liebe, Harmonie und Zusammenhalt. Die Eiserne Hochzeit wird von Menschen gefeiert die 65. Jahre miteinander verheiratet sind. Leider konnte aufgrund der Pandemie nicht gro\u00df gefeiert werden. B\u00fcrgermeister Dr. Andreas Feld und meine Wenigkeit wurden jedoch vorab getestet und hielten uns streng an die Hygieneverordnung. Das Jubelpaar hingegen hat bereits beide Impfg\u00e4nge hinter sich gebracht. W\u00e4hrend B\u00fcrgermeister Feld die Gratulationen des Rathauses, des Ministerpr\u00e4sidenten Tobias Hans und des Landrates S\u00f6ren Meng \u00fcberbrachte, gratulierte ich im Namen des Ortsrates und unserer Bev\u00f6lkerung. Martha und Ewald Kuhn feiern ein gemeinsames Leben im Kreise der Familie und im Ehrenamt. Ewald Kuhn und auch seine S\u00f6hne haben im Ehrenamt vieles f\u00fcr die hiesige katholische Kirchengemeinde geleistet. Im Namen der Dirminger Dorfgemeinschaft m\u00f6chte ich auch an dieser Stelle ganz besonders gratulieren. Ich w\u00fcnsche weiterhin viel Gl\u00fcck und Gesundheit.<\/p>\n\n\n\n<div class=\"wp-block-image\"><figure class=\"aligncenter size-large\"><img loading=\"lazy\" decoding=\"async\" width=\"700\" height=\"523\" src=\"https:\/\/echta-derminga.de\/wp-content\/uploads\/2021\/04\/IMG-20210417-WA0003-700x523.jpg\" alt=\"\" class=\"wp-image-9471\" srcset=\"https:\/\/echta-derminga.de\/wp-content\/uploads\/2021\/04\/IMG-20210417-WA0003-700x523.jpg 700w, https:\/\/echta-derminga.de\/wp-content\/uploads\/2021\/04\/IMG-20210417-WA0003-300x224.jpg 300w, https:\/\/echta-derminga.de\/wp-content\/uploads\/2021\/04\/IMG-20210417-WA0003-768x574.jpg 768w, https:\/\/echta-derminga.de\/wp-content\/uploads\/2021\/04\/IMG-20210417-WA0003.jpg 900w\" sizes=\"auto, (max-width: 700px) 100vw, 700px\" \/><\/figure><\/div>\n\n\n\n<p class=\"wp-block-paragraph\" style=\"font-size:18px\"><strong>Neuer Schilderbaum in der Dirminger Ortsmitte<\/strong><\/p>\n\n\n\n<p class=\"wp-block-paragraph\" style=\"font-size:18px\">Bereits im vergangenen Jahr folgte der Ortsrat Dirmingen einstimmig einem entsprechenden Fraktionsantrag zur Anbringung eines neuen Schilderbaums in der Ortsmitte. Aus Sicht des Ortsrates war es nicht gut, dass gerade unser Bahnhof sowie zahlreiche Gewerbetreibende und auch unser Tennisheim sowie das Naherholungsgebiet Steinrausche nicht ausgewiesen sind. Dies sollte mit einem entsprechenden Antrag an die Gemeindeverwaltung ge\u00e4ndert werden und wurde nun in der vergangenen Woche in die Tat umgesetzt. Gemeinsam mit B\u00fcrgermeister Dr. Andreas Feld durfte ich mich von den reibungslosen Aufbauarbeiten der zust\u00e4ndigen Mitarbeiter \u00fcberzeugen. Dieser Schilderbaum bedeutet zeitgleich eine weitere Aufwertung f\u00fcr unseren Heimatort. Ich m\u00f6chte mich im Namen des Dirminger Ortsrates bei der Gemeindeverwaltung f\u00fcr die Zusammenarbeit und die Umsetzung dieses Antrages bedanken. \u00dcberhaupt bleibt festzustellen, dass in den vergangenen Monaten einige Antr\u00e4ge des Ortsrates in die Tat umgesetzt wurden. Als Beispiel dienen hier die behindertengerechten Parkpl\u00e4tze an der Borrwieshalle oder am Dirminger Friedhof. Gut f\u00fcr Dirmingen !<\/p>\n\n\n\n<div class=\"wp-block-image\"><figure class=\"aligncenter size-large\"><img loading=\"lazy\" decoding=\"async\" width=\"700\" height=\"745\" src=\"https:\/\/echta-derminga.de\/wp-content\/uploads\/2021\/04\/16_Schild-Dirmingen-700x745.jpg\" alt=\"\" class=\"wp-image-9494\" srcset=\"https:\/\/echta-derminga.de\/wp-content\/uploads\/2021\/04\/16_Schild-Dirmingen-700x745.jpg 700w, https:\/\/echta-derminga.de\/wp-content\/uploads\/2021\/04\/16_Schild-Dirmingen-282x300.jpg 282w, https:\/\/echta-derminga.de\/wp-content\/uploads\/2021\/04\/16_Schild-Dirmingen-768x817.jpg 768w, https:\/\/echta-derminga.de\/wp-content\/uploads\/2021\/04\/16_Schild-Dirmingen-1443x1536.jpg 1443w, https:\/\/echta-derminga.de\/wp-content\/uploads\/2021\/04\/16_Schild-Dirmingen-1924x2048.jpg 1924w\" sizes=\"auto, (max-width: 700px) 100vw, 700px\" \/><\/figure><\/div>\n\n\n\n<p class=\"wp-block-paragraph\" style=\"font-size:18px\"><strong>Bankpatenprojekt begeistert unseren B\u00fcrgermeister Dr. Andreas Feld<\/strong><\/p>\n\n\n\n<p class=\"wp-block-paragraph\" style=\"font-size:18px\">In der vergangenen Woche durfte ich unserem B\u00fcrgermeister Dr. Andreas Feld einen kurzen Einblick in unser Bankpatenprojekt geben. B\u00fcrgermeister Feld unterst\u00fctzt unser Projekt und konnte sich nun von bisher geleisteten Arbeiten \u00fcberzeugen. Bisher wurden in Dirmingen \u00fcber 30 B\u00e4nke saniert oder neu aufgestellt. Nat\u00fcrlich sind wir auf Unterst\u00fctzung von Sponsoren und auch unserer Gemeindeverwaltung angewiesen. B\u00fcrgermeister Feld freute sich \u00fcber die positive Entwicklung und durfte wieder mal ganz nebenbei feststellen, wie gro\u00df und sch\u00f6n unser Heimatort Dirmingen tats\u00e4chlich ist. Unsere Bankpaten Rudi Konetzka und Josef Wilhelm haben noch viel Arbeit vor sich und freuen \u00fcber jede Unterst\u00fctzung. Ich habe die Gelegenheit genutzt um mich bei B\u00fcrgermeister Feld f\u00fcr die bisherige Unterst\u00fctzung zu bedanken. Ich verkn\u00fcpfe aber auch meine Hoffnung darin, dass die Gemeindeverwaltung auch zuk\u00fcnftig unser Bankpatenprojekt unterst\u00fctzt. Ich pers\u00f6nlich bin sehr Stolz auf mein Bankpatenprojekt. Als ich dieses Projekt ins Leben gerufen haben, h\u00e4tten wohl die wenigsten mit einem solchen Erfolg gerechnet. Nun soll es im Fr\u00fchjahr verst\u00e4rkt weitergehen. Gut f\u00fcr Dirmingen !<\/p>\n\n\n\n<figure class=\"wp-block-gallery columns-3 is-cropped wp-block-gallery-3 is-layout-flex wp-block-gallery-is-layout-flex\"><ul class=\"blocks-gallery-grid\"><li class=\"blocks-gallery-item\"><figure><img loading=\"lazy\" decoding=\"async\" width=\"700\" height=\"505\" src=\"https:\/\/echta-derminga.de\/wp-content\/uploads\/2021\/04\/20210415_100227-700x505.jpg\" alt=\"\" data-id=\"9473\" data-link=\"https:\/\/echta-derminga.de\/?attachment_id=9473\" class=\"wp-image-9473\" srcset=\"https:\/\/echta-derminga.de\/wp-content\/uploads\/2021\/04\/20210415_100227-700x505.jpg 700w, https:\/\/echta-derminga.de\/wp-content\/uploads\/2021\/04\/20210415_100227-300x216.jpg 300w, https:\/\/echta-derminga.de\/wp-content\/uploads\/2021\/04\/20210415_100227-768x554.jpg 768w, https:\/\/echta-derminga.de\/wp-content\/uploads\/2021\/04\/20210415_100227.jpg 900w\" sizes=\"auto, (max-width: 700px) 100vw, 700px\" \/><\/figure><\/li><li class=\"blocks-gallery-item\"><figure><img loading=\"lazy\" decoding=\"async\" width=\"700\" height=\"475\" src=\"https:\/\/echta-derminga.de\/wp-content\/uploads\/2021\/04\/IMG-20210416-WA0002-700x475.jpg\" alt=\"\" data-id=\"9474\" data-link=\"https:\/\/echta-derminga.de\/?attachment_id=9474\" class=\"wp-image-9474\" srcset=\"https:\/\/echta-derminga.de\/wp-content\/uploads\/2021\/04\/IMG-20210416-WA0002-700x475.jpg 700w, https:\/\/echta-derminga.de\/wp-content\/uploads\/2021\/04\/IMG-20210416-WA0002-300x203.jpg 300w, https:\/\/echta-derminga.de\/wp-content\/uploads\/2021\/04\/IMG-20210416-WA0002-768x521.jpg 768w, https:\/\/echta-derminga.de\/wp-content\/uploads\/2021\/04\/IMG-20210416-WA0002.jpg 851w\" sizes=\"auto, (max-width: 700px) 100vw, 700px\" \/><\/figure><\/li><li class=\"blocks-gallery-item\"><figure><img loading=\"lazy\" decoding=\"async\" width=\"700\" height=\"457\" src=\"https:\/\/echta-derminga.de\/wp-content\/uploads\/2021\/04\/20200813_115856-700x457.jpg\" alt=\"\" data-id=\"9475\" data-full-url=\"https:\/\/echta-derminga.de\/wp-content\/uploads\/2021\/04\/20200813_115856.jpg\" data-link=\"https:\/\/echta-derminga.de\/?attachment_id=9475\" class=\"wp-image-9475\" srcset=\"https:\/\/echta-derminga.de\/wp-content\/uploads\/2021\/04\/20200813_115856-700x457.jpg 700w, https:\/\/echta-derminga.de\/wp-content\/uploads\/2021\/04\/20200813_115856-300x196.jpg 300w, https:\/\/echta-derminga.de\/wp-content\/uploads\/2021\/04\/20200813_115856-768x502.jpg 768w, https:\/\/echta-derminga.de\/wp-content\/uploads\/2021\/04\/20200813_115856-1536x1003.jpg 1536w, https:\/\/echta-derminga.de\/wp-content\/uploads\/2021\/04\/20200813_115856-2048x1337.jpg 2048w\" sizes=\"auto, (max-width: 700px) 100vw, 700px\" \/><\/figure><\/li><\/ul><\/figure>\n\n\n\n<p class=\"wp-block-paragraph\" style=\"font-size:18px\"><strong>Bauarbeiten f\u00fcr neue Boulehalle laufen auf Hochtouren<\/strong><\/p>\n\n\n\n<p class=\"wp-block-paragraph\" style=\"font-size:18px\">Die Bauarbeiten f\u00fcr eine neue Boulehalle, an der Dirminger Tennisanlage, laufen auf Hochtouren. Der neu gegr\u00fcndete Bouleverein Dirmingen darf schon bald eine neue Halle sein Eigen nennen. Ich begr\u00fc\u00dfe diese positive Entwicklung und w\u00fcnsche den Machern rund um den Verein alles Gute auf dem Weg. F\u00fcr unser Heimatort Dirmingen ist diese Entwicklung sehr gut. Wir freuen uns \u00fcber ein neues Angebot f\u00fcr die Menschen die an Boule interessiert sind. <\/p>\n\n\n\n<figure class=\"wp-block-gallery columns-2 is-cropped wp-block-gallery-4 is-layout-flex wp-block-gallery-is-layout-flex\"><ul class=\"blocks-gallery-grid\"><li class=\"blocks-gallery-item\"><figure><img loading=\"lazy\" decoding=\"async\" width=\"700\" height=\"467\" src=\"https:\/\/echta-derminga.de\/wp-content\/uploads\/2021\/04\/170843438_1147713715641581_4066249023798664113_n-700x467.jpg\" alt=\"\" data-id=\"9477\" data-link=\"https:\/\/echta-derminga.de\/?attachment_id=9477\" class=\"wp-image-9477\" srcset=\"https:\/\/echta-derminga.de\/wp-content\/uploads\/2021\/04\/170843438_1147713715641581_4066249023798664113_n-700x467.jpg 700w, https:\/\/echta-derminga.de\/wp-content\/uploads\/2021\/04\/170843438_1147713715641581_4066249023798664113_n-300x200.jpg 300w, https:\/\/echta-derminga.de\/wp-content\/uploads\/2021\/04\/170843438_1147713715641581_4066249023798664113_n-768x512.jpg 768w, https:\/\/echta-derminga.de\/wp-content\/uploads\/2021\/04\/170843438_1147713715641581_4066249023798664113_n.jpg 900w\" sizes=\"auto, (max-width: 700px) 100vw, 700px\" \/><\/figure><\/li><li class=\"blocks-gallery-item\"><figure><img loading=\"lazy\" decoding=\"async\" width=\"700\" height=\"467\" src=\"https:\/\/echta-derminga.de\/wp-content\/uploads\/2021\/04\/171205165_1147713808974905_4937237844098378054_n-700x467.jpg\" alt=\"\" data-id=\"9478\" data-full-url=\"https:\/\/echta-derminga.de\/wp-content\/uploads\/2021\/04\/171205165_1147713808974905_4937237844098378054_n.jpg\" data-link=\"https:\/\/echta-derminga.de\/?attachment_id=9478\" class=\"wp-image-9478\" srcset=\"https:\/\/echta-derminga.de\/wp-content\/uploads\/2021\/04\/171205165_1147713808974905_4937237844098378054_n-700x467.jpg 700w, https:\/\/echta-derminga.de\/wp-content\/uploads\/2021\/04\/171205165_1147713808974905_4937237844098378054_n-300x200.jpg 300w, https:\/\/echta-derminga.de\/wp-content\/uploads\/2021\/04\/171205165_1147713808974905_4937237844098378054_n-768x512.jpg 768w, https:\/\/echta-derminga.de\/wp-content\/uploads\/2021\/04\/171205165_1147713808974905_4937237844098378054_n.jpg 900w\" sizes=\"auto, (max-width: 700px) 100vw, 700px\" \/><\/figure><\/li><\/ul><\/figure>\n\n\n\n<p class=\"wp-block-paragraph\" style=\"font-size:18px\"><strong>In diesen unruhigen Zeiten gibt es durchaus auch gute Nachrichten. Vielleicht lehrt uns diese Zeit auch Geduld und Beharrlichkeit. Bitte halten Sie den Kurs und denken Sie immer daran:&#8220;&#8230;..es \u00e4ndert sich auch hier in unserem Dorf \u00fcberhaupt nichts, wenn Wir es nicht \u00e4ndern!&#8220; <\/strong><\/p>\n\n\n\n<p class=\"wp-block-paragraph\" style=\"font-size:18px\">In diesem Sinne w\u00fcnsche ich Ihnen eine gute Zeit<\/p>\n\n\n\n<p class=\"wp-block-paragraph\" style=\"font-size:18px\"><strong>Bleiben Sie gesund und beh\u00fctet<\/strong><\/p>\n\n\n\n<p class=\"wp-block-paragraph\" style=\"font-size:18px\"><em>Frank Klein<\/em><\/p>\n\n\n\n<p class=\"wp-block-paragraph\" style=\"font-size:18px\"><strong><em>Ortsvorsteher Dirmingen<\/em><\/strong><\/p>\n","protected":false},"excerpt":{"rendered":"<p>Im Saarland geh\u00f6rt unser Landkreis Neunkirchen und somit auch unser Heimatort zu den Gebieten mit den h\u00f6chsten Inzidenz-Werten. Wir f\u00fchlen uns wie in einer Endlosschleife und viele Entscheidungen der Politik k\u00f6nnen wir nur sehr schwer nachvollziehen. Dennoch sollten wir weiterhin vorsichtig miteinander umgehen. Schlie\u00dflich steht ein Menschenleben immer \u00fcber jedem Zweifel. In Dirmingen gibt es berechtigten Grund zur Hoffnung, dass<\/p>\n","protected":false},"author":1,"featured_media":9458,"comment_status":"open","ping_status":"closed","sticky":false,"template":"","format":"standard","meta":{"_crdt_document":"","footnotes":""},"categories":[1,812],"tags":[586,618,614,809,795,926,310],"class_list":["post-9452","post","type-post","status-publish","format-standard","has-post-thumbnail","hentry","category-allgemein","category-ortsvorsteher-dirmingen","tag-frank-klein","tag-gemeinde-eppelborn","tag-kita-pusteblume","tag-landkreis-neunkrichen","tag-ortsvorsteher-dirmingen","tag-rotenberg-dirmingen","tag-saarland"],"_links":{"self":[{"href":"https:\/\/echta-derminga.de\/index.php?rest_route=\/wp\/v2\/posts\/9452","targetHints":{"allow":["GET"]}}],"collection":[{"href":"https:\/\/echta-derminga.de\/index.php?rest_route=\/wp\/v2\/posts"}],"about":[{"href":"https:\/\/echta-derminga.de\/index.php?rest_route=\/wp\/v2\/types\/post"}],"author":[{"embeddable":true,"href":"https:\/\/echta-derminga.de\/index.php?rest_route=\/wp\/v2\/users\/1"}],"replies":[{"embeddable":true,"href":"https:\/\/echta-derminga.de\/index.php?rest_route=%2Fwp%2Fv2%2Fcomments&post=9452"}],"version-history":[{"count":25,"href":"https:\/\/echta-derminga.de\/index.php?rest_route=\/wp\/v2\/posts\/9452\/revisions"}],"predecessor-version":[{"id":9495,"href":"https:\/\/echta-derminga.de\/index.php?rest_route=\/wp\/v2\/posts\/9452\/revisions\/9495"}],"wp:featuredmedia":[{"embeddable":true,"href":"https:\/\/echta-derminga.de\/index.php?rest_route=\/wp\/v2\/media\/9458"}],"wp:attachment":[{"href":"https:\/\/echta-derminga.de\/index.php?rest_route=%2Fwp%2Fv2%2Fmedia&parent=9452"}],"wp:term":[{"taxonomy":"category","embeddable":true,"href":"https:\/\/echta-derminga.de\/index.php?rest_route=%2Fwp%2Fv2%2Fcategories&post=9452"},{"taxonomy":"post_tag","embeddable":true,"href":"https:\/\/echta-derminga.de\/index.php?rest_route=%2Fwp%2Fv2%2Ftags&post=9452"}],"curies":[{"name":"wp","href":"https:\/\/api.w.org\/{rel}","templated":true}]}}