{"id":9497,"date":"2021-04-25T14:53:09","date_gmt":"2021-04-25T13:53:09","guid":{"rendered":"https:\/\/echta-derminga.de\/?p=9497"},"modified":"2021-04-25T15:02:41","modified_gmt":"2021-04-25T14:02:41","slug":"die-toene-sind-verklungen-die-stille-macht-sich-breit","status":"publish","type":"post","link":"https:\/\/echta-derminga.de\/?p=9497","title":{"rendered":"Die T\u00f6ne sind verklungen, die Stille macht sich breit\u2026\u2026"},"content":{"rendered":"\n<p class=\"wp-block-paragraph\" style=\"font-size:18px\"><strong>Alles neu macht der Mai ! Mit dem Fr\u00fchlingsbeginn ist nicht nur bei vielen Vereinen die Hoffnung auf Besserung gewachsen. Obwohl wir davon noch meilenweit entfernt sind, warten wir voller Sehnsucht auf das Ende dieser uns\u00e4glichen Pandemie. Weit gefehlt, dass Gegenteil ist der Fall. Wir fallen von Lockdown zu Lockdown und m\u00fcssen nun auch noch eine n\u00e4chtliche Ausgangssperre \u00fcber uns ergehen lassen. L\u00e4ngst stellt sich uns die Frage, welchen Tod sterben wir und wohin f\u00fchrt uns diese Pandemie.<\/strong><\/p>\n\n\n\n<p class=\"wp-block-paragraph\" style=\"font-size:18px\">Die Kampagne \u201eAlles dicht machen\u201c, von vielen bekannten Schauspielerinnen und Schauspielern, hat unl\u00e4ngst f\u00fcr Aufsehen und viel Kritik gesorgt. Dabei ist es den Initiatoren allein schon mit der Umsetzung dieses Projekts gelungen f\u00fcr Aufsehen zu sorgen und eine Diskussion zu entfachen. Der Umgangston in den sozialen Medien wird immer h\u00e4rter und vielleicht sogar schriller. Es gibt l\u00e4ngst keine gesunde Diskussion mehr, sondern nur noch schwarz und wei\u00df. Entweder ich bin f\u00fcr den eingeschlagenen Weg der Regierung und glaube an den Virus oder ich finde alles schlecht und leugne sogar die Existenz dieses gef\u00e4hrlichen Killers. Eine faire Diskussion ist kaum noch m\u00f6glich und auch ich ertappe mich dabei, dass ich immer \u00f6fter in Erkl\u00e4rungsnot gerate. Mitten in diese Zeit knallt die Nachricht von Unregelm\u00e4\u00dfigkeiten bei der Vergabe von Impfterminen. Ich stelle mir die Frage, ob wir nicht vielleicht doch besser auf die Vergabe von &#8222;Prio-codes&#8220; verzichten und den Impfstoff f\u00fcr alle freigeben.  <\/p>\n\n\n\n<p class=\"wp-block-paragraph\" style=\"font-size:18px\">Schon als Kind hatte ich meine Probleme mit Befehlen und Anordnungen. Ich bin bekennender Fan unsers Grundgesetzes und frage mich allen ernstes welchen Schaden unsere Gesellschaft am Ende dieser Pandemie davontragen wird.<\/p>\n\n\n\n<p class=\"wp-block-paragraph\" style=\"font-size:18px\"><strong>Unsere Vereine sind soziale Anlaufstelle f\u00fcr Kinder, Jugendliche und Erwachsene. F\u00fcr viele Menschen bildet das Vereinsleben den Mittelpunkt ihres Lebens. Dabei ist es gerade im letzten Jahr zusehends schwieriger geworden, dass Vereinswesen aufrecht zu halten. Neben unserer Vereinswelt liegt auch unsere Kultur am Boden. Wie kommen unsere Vereine durch die Krise?<\/strong><\/p>\n\n\n\n<div class=\"wp-block-image\"><figure class=\"aligncenter size-large\"><img loading=\"lazy\" decoding=\"async\" width=\"700\" height=\"465\" src=\"https:\/\/echta-derminga.de\/wp-content\/uploads\/2021\/04\/kultur-700x465.jpg\" alt=\"\" class=\"wp-image-9500\" srcset=\"https:\/\/echta-derminga.de\/wp-content\/uploads\/2021\/04\/kultur-700x465.jpg 700w, https:\/\/echta-derminga.de\/wp-content\/uploads\/2021\/04\/kultur-300x200.jpg 300w, https:\/\/echta-derminga.de\/wp-content\/uploads\/2021\/04\/kultur-768x510.jpg 768w, https:\/\/echta-derminga.de\/wp-content\/uploads\/2021\/04\/kultur.jpg 967w\" sizes=\"auto, (max-width: 700px) 100vw, 700px\" \/><\/figure><\/div>\n\n\n\n<p class=\"wp-block-paragraph\" style=\"font-size:18px\">Wenn ich mich so in unserem Dorf umsehe, wird mir angst und bange. Die Vereine und Organisation suchen verzweifelt nach Alternativen. Dabei trifft es gerade unsere Kultur besonders hart. Unser Kulturverein befindet sich seit \u00fcber einem Jahr in der Warteschleife und wird auch noch eine Weile dort verharren m\u00fcssen. Dabei sehnen wir uns alle nach Live- Musik, Festen und Konzerten. In unserem Dorf gibt es viele Menschen, die ihre Liebe der Musik gewidmet haben. Verzweifelt werden auch hier M\u00f6glichkeiten ausgelotet und Alternativen gepr\u00fcft. Der einzige vorhandene Chor in unserem Dorf, der evangelischen Kirchenchor Dirmingen, ist noch optimistisch und voller Hoffnung bald wieder singen zu d\u00fcrfen. Wie lange h\u00e4lt jedoch dieser Optimismus ? Was wenn diese Pandemie noch l\u00e4nger andauert? Was ist mit den Menschen, die von der Musik leben und auch ihr t\u00e4gliches Brot damit verdienen?<\/p>\n\n\n\n<p class=\"wp-block-paragraph\" style=\"font-size:18px\"><strong>Unsere Vereine hingegen k\u00e4mpfen in Zeiten der Corona-Pandemie nicht nur um ihr wirtschaftliches \u00dcberleben, sondern auch um die sozialen Aspekte. Das Zusammengeh\u00f6rigkeitsgef\u00fchl geht in diesen Zeiten wohl in jedem Verein verloren. Dabei tragen unsere Vereine und Organisationen f\u00fcr den gesellschaftlichen Zusammenhalt gro\u00dfe Verantwortung. Ich vertrete die Meinung, dass unsere Vereine f\u00fcr unsere Gesellschaft unverzichtbar sind.<\/strong><\/p>\n\n\n\n<p class=\"wp-block-paragraph\" style=\"font-size:18px\">Versetzen wir uns mal in die Lage eines Vereinsvorsitzenden. Beispielsweise unseres Sportvereins, Turnvereins oder unseren KKV-Dirmingen. Welche Sorgen tragen die Vorstandsmitglieder mit sich herum? Wie stemme ich die laufenden Kosten und wie kommen wir gemeinsam wieder aus diesem tiefen Loch der Ohnmacht. Werden mir, wenn alles vorbei ist, wieder alle Spieler\/innen zur Verf\u00fcgung stehen? Bleiben meine Mitglieder bei der Stange und wie zahle ich die Hallenkosten f\u00fcr die n\u00e4chste Kappensitzung?<\/p>\n\n\n\n<div class=\"wp-block-image\"><figure class=\"aligncenter size-large\"><img loading=\"lazy\" decoding=\"async\" width=\"700\" height=\"487\" src=\"https:\/\/echta-derminga.de\/wp-content\/uploads\/2021\/04\/kkv-700x487.jpg\" alt=\"\" class=\"wp-image-9502\" srcset=\"https:\/\/echta-derminga.de\/wp-content\/uploads\/2021\/04\/kkv-700x487.jpg 700w, https:\/\/echta-derminga.de\/wp-content\/uploads\/2021\/04\/kkv-300x209.jpg 300w, https:\/\/echta-derminga.de\/wp-content\/uploads\/2021\/04\/kkv-768x535.jpg 768w, https:\/\/echta-derminga.de\/wp-content\/uploads\/2021\/04\/kkv.jpg 1000w\" sizes=\"auto, (max-width: 700px) 100vw, 700px\" \/><figcaption>SAMSUNG CSC<\/figcaption><\/figure><\/div>\n\n\n\n<p class=\"wp-block-paragraph\" style=\"font-size:18px\"><strong>Ich sehe unseren Brauchtum, unsere Vereinslandschaft und unsere Kultur in Gefahr! Glauben wir wirklich, dass es, wenn es so weit ist, einfach dort weitergeht wo wir es beenden mussten? Wenn wir auch in diesem Jahr auf unsere traditionsreiche Kirmes verzichten m\u00fcssen, wird es zuk\u00fcnftig schwer sein \u00fcberhaupt noch einmal so ein Dorffest dieser Art zu organisieren. Viele Vereine haben derzeit mit einer echten Austrittswelle zu k\u00e4mpfen. Dies gilt im \u00dcbrigen auch f\u00fcr unsere Kirchen. Bestimmt nutzen viele Menschen diese stille und schwierige Zeit der Pandemie, um in ihrem Leben aufzur\u00e4umen. Viele stellen sich die Frage, was eine Mitgliedschaft bringen mag, wenn ich keinen Nutzen davontrage. Die Solidarit\u00e4t gegen\u00fcber den Vereinen und Organisationen schwindet von Tag zu Tag mehr.<\/strong> <strong>Antworten auf diese Fragen habe ich bisher noch nicht bekommen. Alternativ werden Spenden ausgesch\u00fcttet oder Solidarit\u00e4tsbekundungen ausgesprochen.<\/strong> <strong>War&#8217;s das ? Soll das alles sein ? Diejenigen die in den letzten Jahrzehnten den Karren am Laufen gehalten haben, werden einfach so im Stich gelassen.<\/strong> <strong>Diese Pandemie f\u00f6rdert den Egoismus. <\/strong><\/p>\n\n\n\n<p class=\"wp-block-paragraph\" style=\"font-size:18px\">Was wird sein, wenn wir diesen Virus endlich im Griff haben? Werden wir ihn \u00fcberhaupt jemals in den Griff bekommen und werden danach noch unsere Dorfkneipen ge\u00f6ffnet sein ? K\u00f6nnen wir einfach so zur Tagesordnung \u00fcberschreiten? Vielleicht ist am Ende vielmehr kaputt gegangen, als wir alle bef\u00fcrchten. Werden sich unsere \u00e4lteren Dorfbewohner wieder trauen an einem Seniorentag teilzunehmen und wird unsere Narrenschar zur Fastnacht wieder unbefangen zur Kappensitzung gehen k\u00f6nnen ?\u00a0<\/p>\n\n\n\n<p class=\"wp-block-paragraph\" style=\"font-size:18px\"><strong>Am Ende dieser Pandemie wird vieles anders sein. Wer wei\u00df, manches wird vielleicht auch besser sein als zuvor. Zu glauben, dass alles einfach so weitergeht wie es zuvor war, ist blau\u00e4ugig. Gerade Vereine und Organisationen, die es schon vor der Pandemie schwer hatten, werden dann alle M\u00fche haben \u00fcberhaupt wieder auf die Beine zu kommen. Am schlimmsten trifft es jedoch unsere Kinder und Jugendlichen. Ich bef\u00fcrchte diese Pandemie k\u00f6nnte bei vielen Kindern und Jugendlichen gro\u00dfen sozialen Schaden anrichten.<\/strong><\/p>\n\n\n\n<div class=\"wp-block-image\"><figure class=\"aligncenter size-large\"><img loading=\"lazy\" decoding=\"async\" width=\"700\" height=\"525\" src=\"https:\/\/echta-derminga.de\/wp-content\/uploads\/2021\/04\/164-700x525.jpg\" alt=\"\" class=\"wp-image-9506\" srcset=\"https:\/\/echta-derminga.de\/wp-content\/uploads\/2021\/04\/164-700x525.jpg 700w, https:\/\/echta-derminga.de\/wp-content\/uploads\/2021\/04\/164-300x225.jpg 300w, https:\/\/echta-derminga.de\/wp-content\/uploads\/2021\/04\/164-768x576.jpg 768w, https:\/\/echta-derminga.de\/wp-content\/uploads\/2021\/04\/164.jpg 1000w\" sizes=\"auto, (max-width: 700px) 100vw, 700px\" \/><\/figure><\/div>\n\n\n\n<p class=\"wp-block-paragraph\" style=\"font-size:18px\">Nach vielen gro\u00dfen Problemen scheint die Politik nun endlich ihre Antworten auf die gr\u00f6\u00dften Fragen dieser Pandemie gefunden zu haben. Auch wenn viele dieser Entscheidungen uns oftmals unsinnig und schlecht vorbereitet vorkommen, sollten wir zum Wohle aller dennoch bem\u00fcht sein zumindest einen einvernehmlichen Schulterschluss zu finden. Angst kann l\u00e4hmen und den Blick auf das wesentliche verstellen. Auf die Frage wie wir unsere Vereine und unsere Dorfkultur retten, haben wir bisher keine Antworten bekommen. Verst\u00e4ndnis und gutgemeinte Spendenprojekte allein gen\u00fcgen bei weitem nicht aus.<\/p>\n\n\n\n<p class=\"wp-block-paragraph\" style=\"font-size:18px\"><strong>Wie steht v\u00f6llig zurecht auf unserer Dirminger Homepage <a href=\"http:\/\/www.dirmingen.eu\">www.dirmingen.eu<\/a> geschrieben:<\/strong><\/p>\n\n\n\n<blockquote class=\"wp-block-quote is-layout-flow wp-block-quote-is-layout-flow\"><p><strong>Besseres kann kein Volk vererben, als der eigenen V\u00e4ter Brauch. Wenn des Volkes Br\u00e4uche sterben, stirbt des Volkes Seele auch. <\/strong><\/p><cite><strong>(Volksgut)<\/strong><\/cite><\/blockquote>\n","protected":false},"excerpt":{"rendered":"<p>Alles neu macht der Mai ! Mit dem Fr\u00fchlingsbeginn ist nicht nur bei vielen Vereinen die Hoffnung auf Besserung gewachsen. Obwohl wir davon noch meilenweit entfernt sind, warten wir voller Sehnsucht auf das Ende dieser uns\u00e4glichen Pandemie. Weit gefehlt, dass Gegenteil ist der Fall. Wir fallen von Lockdown zu Lockdown und m\u00fcssen nun auch noch eine n\u00e4chtliche Ausgangssperre \u00fcber uns<\/p>\n","protected":false},"author":1,"featured_media":9499,"comment_status":"open","ping_status":"closed","sticky":false,"template":"","format":"standard","meta":{"_crdt_document":"","footnotes":""},"categories":[1,9,902],"tags":[5,927,618,807,310],"class_list":["post-9497","post","type-post","status-publish","format-standard","has-post-thumbnail","hentry","category-allgemein","category-dorfgetratsche","category-meine-meinung","tag-dirmingen","tag-dorfgemienschaft","tag-gemeinde-eppelborn","tag-pandemie","tag-saarland"],"_links":{"self":[{"href":"https:\/\/echta-derminga.de\/index.php?rest_route=\/wp\/v2\/posts\/9497","targetHints":{"allow":["GET"]}}],"collection":[{"href":"https:\/\/echta-derminga.de\/index.php?rest_route=\/wp\/v2\/posts"}],"about":[{"href":"https:\/\/echta-derminga.de\/index.php?rest_route=\/wp\/v2\/types\/post"}],"author":[{"embeddable":true,"href":"https:\/\/echta-derminga.de\/index.php?rest_route=\/wp\/v2\/users\/1"}],"replies":[{"embeddable":true,"href":"https:\/\/echta-derminga.de\/index.php?rest_route=%2Fwp%2Fv2%2Fcomments&post=9497"}],"version-history":[{"count":17,"href":"https:\/\/echta-derminga.de\/index.php?rest_route=\/wp\/v2\/posts\/9497\/revisions"}],"predecessor-version":[{"id":9521,"href":"https:\/\/echta-derminga.de\/index.php?rest_route=\/wp\/v2\/posts\/9497\/revisions\/9521"}],"wp:featuredmedia":[{"embeddable":true,"href":"https:\/\/echta-derminga.de\/index.php?rest_route=\/wp\/v2\/media\/9499"}],"wp:attachment":[{"href":"https:\/\/echta-derminga.de\/index.php?rest_route=%2Fwp%2Fv2%2Fmedia&parent=9497"}],"wp:term":[{"taxonomy":"category","embeddable":true,"href":"https:\/\/echta-derminga.de\/index.php?rest_route=%2Fwp%2Fv2%2Fcategories&post=9497"},{"taxonomy":"post_tag","embeddable":true,"href":"https:\/\/echta-derminga.de\/index.php?rest_route=%2Fwp%2Fv2%2Ftags&post=9497"}],"curies":[{"name":"wp","href":"https:\/\/api.w.org\/{rel}","templated":true}]}}