{"id":9542,"date":"2021-05-01T17:10:54","date_gmt":"2021-05-01T16:10:54","guid":{"rendered":"https:\/\/echta-derminga.de\/?p=9542"},"modified":"2021-05-01T17:27:23","modified_gmt":"2021-05-01T16:27:23","slug":"in-sachen-ortsvorsteher-4","status":"publish","type":"post","link":"https:\/\/echta-derminga.de\/?p=9542","title":{"rendered":"In Sachen Ortsvorsteher: Mit guten Nachrichten zum Fr\u00fchlingsstart"},"content":{"rendered":"\n<p class=\"wp-block-paragraph\" style=\"font-size:18px\"><strong>Es gibt Sie noch, die guten Nachrichten! In unserem Heimatort sind in den letzten Tagen viele gute Dinge geschehen. Gerade in Zeiten der Pandemie sind solche Lichtblicke Balsam auf die Seele. <\/strong><\/p>\n\n\n\n<p class=\"wp-block-paragraph\" style=\"font-size:18px\">Die vergangene Woche hat mir pers\u00f6nlich wieder eindrucksvoll vor Augen gef\u00fchrt, wie wichtig eine gut funktionierende Dorfgemeinschaft tats\u00e4chlich ist.<\/p>\n\n\n\n<p class=\"wp-block-paragraph\" style=\"font-size:18px\">Ich m\u00f6chte mich an dieser Stelle bei allen bedanken, die unser aller Leben ein St\u00fcckchen lebenswerter gestalten. Ehrenamtliches Engagement ist keineswegs eine Selbstverst\u00e4ndlichkeit.<\/p>\n\n\n\n<p class=\"wp-block-paragraph\" style=\"font-size:18px\"><strong>Ehrenamtliche M\u00fcllentsorgung<\/strong><\/p>\n\n\n\n<p class=\"wp-block-paragraph\" style=\"font-size:18px\">Nach unserer erfolgreichen \u201eClean up\u201c Aktion, an der sich zahlreiche Dirmingerinnen und Dirminger beteiligt haben, wurde in der vergangenen Woche erneut ein deutliches Zeichen gegen Umweltverschmutzung gesetzt. Dank dem beispiellosen Einsatz von Mitarbeitern und Freunden der Fa. SYKO aus Dirmingen wurde ein unerh\u00f6rter Fall von Umweltfrevel aufgedeckt, beseitigt und entsorgt. Damit nicht genug, der Sonderm\u00fcll wurde sogar auf eigene Kosten entsorgt. So ein gro\u00dfartiges Beispiel an ehrenamtliches Engagement hat meinen vollen Respekt verdient. Vielen lieben Dank an alle Helferinnen und Helfer sowie insbesondere an Herrn Stefan Schaefer von der Firma SYKO. Gut zu wissen, dass es in unserem Heimatort viele gute Menschen gibt, denen das Wohl unserer Dorfgemeinschaft am Herzen liegt.<\/p>\n\n\n\n<div class=\"wp-block-image\"><figure class=\"aligncenter size-large\"><img loading=\"lazy\" decoding=\"async\" width=\"700\" height=\"526\" src=\"https:\/\/echta-derminga.de\/wp-content\/uploads\/2021\/05\/178158406_3911192385642124_4918362066713008991_n-700x526.jpg\" alt=\"\" class=\"wp-image-9548\" srcset=\"https:\/\/echta-derminga.de\/wp-content\/uploads\/2021\/05\/178158406_3911192385642124_4918362066713008991_n-700x526.jpg 700w, https:\/\/echta-derminga.de\/wp-content\/uploads\/2021\/05\/178158406_3911192385642124_4918362066713008991_n-300x226.jpg 300w, https:\/\/echta-derminga.de\/wp-content\/uploads\/2021\/05\/178158406_3911192385642124_4918362066713008991_n-768x578.jpg 768w, https:\/\/echta-derminga.de\/wp-content\/uploads\/2021\/05\/178158406_3911192385642124_4918362066713008991_n.jpg 960w\" sizes=\"auto, (max-width: 700px) 100vw, 700px\" \/><\/figure><\/div>\n\n\n\n<p class=\"wp-block-paragraph\" style=\"font-size:18px\"><strong>Neues Testzentrum in Dirmingen<\/strong><\/p>\n\n\n\n<p class=\"wp-block-paragraph\" style=\"font-size:18px\">Am Freitag,30. April wurde in der Naturheilpraxis von Christian Feit in der B\u00f6llingerstrasse in Dirmingen ein weiteres Testzentrum er\u00f6ffnet. Unser Heimatort ist somit bez\u00fcglich Corona-Tests bestens aufgestellt. Gemeinsam mit B\u00fcrgermeister Dr. Andreas Feld besuchte ich Christian Feit in seiner Praxis und unterzog mich einem Corona-Test. Auch der B\u00fcrgermeister lie\u00df sich gerne von Christian Feit testen. Die Heilpraxis von Christian Feit wird vom saarl\u00e4ndischen Gesundheitsamt gef\u00f6rdert. Nach einem negativen Test bekommt man selbstverst\u00e4ndlich ein Testzertifikat ausgeh\u00e4ndigt. Testtermine k\u00f6nnen v\u00f6llig unproblematisch nach Vereinbarung abgesprochen werden. Christian Feit hat sich gerne dazu bereiterkl\u00e4rt seine Tests auch den Vereinen und Organisation anzubieten. Alle B\u00fcrgerinnen und B\u00fcrger haben hier in unserem Dorf die M\u00f6glichkeit sich testen zu lassen. Neben der Heilpraxis von Christian Feit kann man sich auch in der Arztpraxis von Dr. Katrin Bungert-Feldmann (Zentrum &#8222;Alte M\u00fchle&#8220;) und in der Arztpraxis von Dr. Ezzeddin in Dirmingen (Fritze Ecke) testen und auch impfen lassen. Bitte machen Sie rege Gebrauch von dem Angebot in unserem Heimatort.<\/p>\n\n\n\n<div class=\"wp-block-image\"><figure class=\"aligncenter size-large\"><img loading=\"lazy\" decoding=\"async\" width=\"700\" height=\"389\" src=\"https:\/\/echta-derminga.de\/wp-content\/uploads\/2021\/05\/zentrum-700x389.jpg\" alt=\"\" class=\"wp-image-9550\" srcset=\"https:\/\/echta-derminga.de\/wp-content\/uploads\/2021\/05\/zentrum-700x389.jpg 700w, https:\/\/echta-derminga.de\/wp-content\/uploads\/2021\/05\/zentrum-300x167.jpg 300w, https:\/\/echta-derminga.de\/wp-content\/uploads\/2021\/05\/zentrum-768x427.jpg 768w, https:\/\/echta-derminga.de\/wp-content\/uploads\/2021\/05\/zentrum.jpg 1000w\" sizes=\"auto, (max-width: 700px) 100vw, 700px\" \/><\/figure><\/div>\n\n\n\n<p class=\"wp-block-paragraph\" style=\"font-size:18px\"><strong>Ortsrat unterzieht sich gemeinsam einem Corona -Test<\/strong><\/p>\n\n\n\n<p class=\"wp-block-paragraph\" style=\"font-size:18px\">Die Mitglieder des Dirminger Ortsrates lie\u00dfen sich vor ihrer angesetzten Sitzung am 30. April von Christian Feit (Heilpraxis Feit) auf den Corona Virus testen. Dabei fiel in allen F\u00e4llen das Testergebnis negativ aus. Der Ortsrat begr\u00fc\u00dft einhellig, dass es in Dirmingen nun mit der Heilpraxis Christian Feit, der Arztpraxis Bungert Feldmann und Arztpraxis Dr. Ezzeddin drei Testm\u00f6glichkeiten gibt. Aus Sicht unseres Ortsrates ist somit f\u00fcr die diesbez\u00fcgliche Versorgung unserer Bev\u00f6lkerung bestens gesorgt. Nun liegt es an der Bev\u00f6lkerung dieses Angebot anzunehmen. <\/p>\n\n\n\n<figure class=\"wp-block-gallery columns-3 is-cropped wp-block-gallery-1 is-layout-flex wp-block-gallery-is-layout-flex\"><ul class=\"blocks-gallery-grid\"><li class=\"blocks-gallery-item\"><figure><img loading=\"lazy\" decoding=\"async\" width=\"700\" height=\"582\" src=\"https:\/\/echta-derminga.de\/wp-content\/uploads\/2021\/05\/180279061_3928837020544327_8387723250651502388_n-700x582.jpg\" alt=\"\" data-id=\"9552\" data-link=\"https:\/\/echta-derminga.de\/?attachment_id=9552\" class=\"wp-image-9552\" srcset=\"https:\/\/echta-derminga.de\/wp-content\/uploads\/2021\/05\/180279061_3928837020544327_8387723250651502388_n-700x582.jpg 700w, https:\/\/echta-derminga.de\/wp-content\/uploads\/2021\/05\/180279061_3928837020544327_8387723250651502388_n-300x249.jpg 300w, https:\/\/echta-derminga.de\/wp-content\/uploads\/2021\/05\/180279061_3928837020544327_8387723250651502388_n.jpg 765w\" sizes=\"auto, (max-width: 700px) 100vw, 700px\" \/><\/figure><\/li><li class=\"blocks-gallery-item\"><figure><img loading=\"lazy\" decoding=\"async\" width=\"657\" height=\"625\" src=\"https:\/\/echta-derminga.de\/wp-content\/uploads\/2021\/05\/179992569_3928836800544349_6715908168728450064_n.jpg\" alt=\"\" data-id=\"9553\" data-link=\"https:\/\/echta-derminga.de\/?attachment_id=9553\" class=\"wp-image-9553\" srcset=\"https:\/\/echta-derminga.de\/wp-content\/uploads\/2021\/05\/179992569_3928836800544349_6715908168728450064_n.jpg 657w, https:\/\/echta-derminga.de\/wp-content\/uploads\/2021\/05\/179992569_3928836800544349_6715908168728450064_n-300x285.jpg 300w\" sizes=\"auto, (max-width: 657px) 100vw, 657px\" \/><\/figure><\/li><li class=\"blocks-gallery-item\"><figure><img loading=\"lazy\" decoding=\"async\" width=\"700\" height=\"579\" src=\"https:\/\/echta-derminga.de\/wp-content\/uploads\/2021\/05\/180430105_3928837140544315_4441801259253603923_n-700x579.jpg\" alt=\"\" data-id=\"9554\" data-full-url=\"https:\/\/echta-derminga.de\/wp-content\/uploads\/2021\/05\/180430105_3928837140544315_4441801259253603923_n.jpg\" data-link=\"https:\/\/echta-derminga.de\/?attachment_id=9554\" class=\"wp-image-9554\" srcset=\"https:\/\/echta-derminga.de\/wp-content\/uploads\/2021\/05\/180430105_3928837140544315_4441801259253603923_n-700x579.jpg 700w, https:\/\/echta-derminga.de\/wp-content\/uploads\/2021\/05\/180430105_3928837140544315_4441801259253603923_n-300x248.jpg 300w, https:\/\/echta-derminga.de\/wp-content\/uploads\/2021\/05\/180430105_3928837140544315_4441801259253603923_n.jpg 766w\" sizes=\"auto, (max-width: 700px) 100vw, 700px\" \/><\/figure><\/li><\/ul><\/figure>\n\n\n\n<p class=\"wp-block-paragraph\" style=\"font-size:18px\"><strong>Patenschaft f\u00fcr B\u00fcttelseck<\/strong><\/p>\n\n\n\n<p class=\"wp-block-paragraph\" style=\"font-size:18px\">Harald Gerstner aus Dirmingen hat die Patenschaft \u00fcber das \u201eB\u00fcttelseck\u201c \u00fcbernommen. Im Laufe der vergangenen Woche wurde dem neuen Paten der Vertrag zugestellt. Harald Gerstner wird sich zuk\u00fcnftig um die Sauberhaltung des &#8222;B\u00fcttelseck&#8220; k\u00fcmmern. Ich freue mich, dass es gelungen ist einen B\u00fcrger zu finden der diese ehrenamtliche T\u00e4tigkeit aus\u00fcbt. Mein Dank geht an den neuen Paten sowie an die Mitarbeiter der Gemeindeverwaltung und an unseren B\u00fcrgermeister der dieser Patenschaft zugestimmt hat. Erneut durfte ich feststellen, dass es durchaus Mitb\u00fcrger\/innen gibt die gerne anpacken und auch bereit sich Verantwortung zu \u00fcbernehmen. Vielen Dank an Harald Gerstner und viel Spa\u00df im Ehrenamt.<\/p>\n\n\n\n<div class=\"wp-block-image\"><figure class=\"aligncenter size-large\"><img loading=\"lazy\" decoding=\"async\" width=\"700\" height=\"525\" src=\"https:\/\/echta-derminga.de\/wp-content\/uploads\/2021\/05\/buettel-700x525.jpg\" alt=\"\" class=\"wp-image-9556\" srcset=\"https:\/\/echta-derminga.de\/wp-content\/uploads\/2021\/05\/buettel-700x525.jpg 700w, https:\/\/echta-derminga.de\/wp-content\/uploads\/2021\/05\/buettel-300x225.jpg 300w, https:\/\/echta-derminga.de\/wp-content\/uploads\/2021\/05\/buettel-768x576.jpg 768w, https:\/\/echta-derminga.de\/wp-content\/uploads\/2021\/05\/buettel.jpg 1024w\" sizes=\"auto, (max-width: 700px) 100vw, 700px\" \/><\/figure><\/div>\n\n\n\n<p class=\"wp-block-paragraph\" style=\"font-size:18px\"><strong>Dirminger Ortsrat<\/strong> <strong>besch\u00e4ftigt sich mit richtungsweisenden Themen<\/strong><\/p>\n\n\n\n<p class=\"wp-block-paragraph\" style=\"font-size:18px\">Am Samstag, 30. April tagte der Ortsrat in der Dirminger Borrwieshalle. Dabei stand unter anderem der Nachtrag zur Friedhofssatzung der Gemeinde Eppelborn auf der Tagesordnung. Ich nutzte die Gelegenheit um die deutlich sichtbare Aufwertung des Dirminger Friedhofs hervorzuheben und den Mitarbeiter\/innen der Verwaltung und den Friedhofsg\u00e4rtner zu danken. Der Ortsrat stimmte dem Nachtrag der Friedhofssatzung einstimmig zu. Auf Antrag der SPD Fraktion wurde \u00fcber die Parkmarkierung entlang des Friedhofs debattiert. Diese Markierung ist kaum noch sichtbar wobei die SPD im Ortsrat beantragte, dass die Linien erneuert und nachgezogen werden sollten. Der Ortsrat stimmte auch diesem Antrag einstimmig zu. Bei dem Punkt Anfragen und Mitteilung thematisiert der Ortsrat die Neuer\u00f6ffnung der neugestalteten Kindergruppen auf dem Rotenberg. Der Ortsrat begr\u00fc\u00dfte diese, f\u00fcr das Dorf, positive Entwicklung. Aufgrund der besonderen Verkehrssituation auf dem Rotenberg sollten jedoch M\u00f6glichkeiten gepr\u00fcft werden, um die Lage zu entspannen. Abschlie\u00dfend begr\u00fc\u00dfte der Ortsrat die Initiative zahlreicher B\u00fcrgerinnen und B\u00fcrger die sich ehrenamtlich an dem diesj\u00e4hrigen \u201eclean up Day\u201c beteiligt haben. Auch das Thema Jugendzentrum besch\u00e4ftigt das Gremium. Der Ortsrat unterst\u00fctzt die bisherigen Bem\u00fchungen eine neue Anlaufstelle f\u00fcr die Dorfjugend zu suchen. Das Ortsratsmitglied Nathalie Schlicher m\u00f6chte dieses Thema auch in ihrer Funktion als Kreistagsmitglied forcieren. Ich freue mich dar\u00fcber, dass auch hier ein \u00fcberparteilicher Schulterschluss gefunden wurde. Im nicht \u00f6ffentlichen Tel der Sitzung befasste sich der Ortsrat mit dem geplanten Neubau eines Einzelhandel Marktes in der Ortsmitte. Im Hinblick auf die n\u00e4chste Gemeinderatsitzung waren weitere Beschl\u00fcsse des Ortsrates erforderlich. Der Ortsrat stimmte der Beschlussvorlage der Verwaltung einstimmig zu und unterstrich somit geschlossen die Meinung, dass endlich ein Verkaufsmarkt nach Dirmingen kommen sollte. Ich m\u00f6chte an dieser Stelle ausdr\u00fccklich betonen, dass bez\u00fcglich der Ansiedlung eines Verbrauchermarktes im Ortsrat v\u00f6llig \u00fcber parteiisch Einvernehmen herrscht. Unser Ortsrat zieht an einem Strang und hat ein gemeinsames Ziel vor Augen. Am Ende wird es mit Sicherheit nicht am Dirminger Ortsrat  scheitern. Ich bin guter Dinge und blicke diesbez\u00fcglich positiv in die Zukunft.<\/p>\n\n\n\n<figure class=\"wp-block-gallery columns-2 is-cropped wp-block-gallery-2 is-layout-flex wp-block-gallery-is-layout-flex\"><ul class=\"blocks-gallery-grid\"><li class=\"blocks-gallery-item\"><figure><img loading=\"lazy\" decoding=\"async\" width=\"700\" height=\"331\" src=\"https:\/\/echta-derminga.de\/wp-content\/uploads\/2021\/05\/11-700x331.jpg\" alt=\"\" data-id=\"9558\" data-link=\"https:\/\/echta-derminga.de\/?attachment_id=9558\" class=\"wp-image-9558\" srcset=\"https:\/\/echta-derminga.de\/wp-content\/uploads\/2021\/05\/11-700x331.jpg 700w, https:\/\/echta-derminga.de\/wp-content\/uploads\/2021\/05\/11-300x142.jpg 300w, https:\/\/echta-derminga.de\/wp-content\/uploads\/2021\/05\/11-768x363.jpg 768w, https:\/\/echta-derminga.de\/wp-content\/uploads\/2021\/05\/11.jpg 900w\" sizes=\"auto, (max-width: 700px) 100vw, 700px\" \/><\/figure><\/li><li class=\"blocks-gallery-item\"><figure><img loading=\"lazy\" decoding=\"async\" width=\"700\" height=\"331\" src=\"https:\/\/echta-derminga.de\/wp-content\/uploads\/2021\/05\/12-700x331.jpg\" alt=\"\" data-id=\"9559\" data-full-url=\"https:\/\/echta-derminga.de\/wp-content\/uploads\/2021\/05\/12.jpg\" data-link=\"https:\/\/echta-derminga.de\/?attachment_id=9559\" class=\"wp-image-9559\" srcset=\"https:\/\/echta-derminga.de\/wp-content\/uploads\/2021\/05\/12-700x331.jpg 700w, https:\/\/echta-derminga.de\/wp-content\/uploads\/2021\/05\/12-300x142.jpg 300w, https:\/\/echta-derminga.de\/wp-content\/uploads\/2021\/05\/12-768x363.jpg 768w, https:\/\/echta-derminga.de\/wp-content\/uploads\/2021\/05\/12.jpg 900w\" sizes=\"auto, (max-width: 700px) 100vw, 700px\" \/><\/figure><\/li><\/ul><\/figure>\n\n\n\n<p class=\"wp-block-paragraph\" style=\"font-size:18px\"><strong>Quo Vadis Naherholungsgebiet Steinrutsch<\/strong><\/p>\n\n\n\n<p class=\"wp-block-paragraph\" style=\"font-size:18px\">Manchmal passieren Dinge einfach so ! \u00dcberall gibt es Menschen die es sich zur Aufgabe gemacht haben anzupacken und Missst\u00e4nde zu beseitigen. Vielen von uns liegt das alte Denkmal im Naherholungsgebiet &#8222;Steenrutsch&#8220; am Herzen. In der vergangenen Woche haben helfende H\u00e4nde daf\u00fcr gesorgt, dass dieses historische Mahnmal wieder mal \u00fcber eine w\u00fcrdige Au\u00dfendarstellung verf\u00fcgt. Noch vor kurzem befand sich das alte Mahnmal in einem desolaten Zustand. Ich m\u00f6chte mich bei allen flei\u00dfigen Mainzelm\u00e4nnchen ganz herzlich bedanken. Bleibt die Frage, wie wir zuk\u00fcnftig mit diesem Mahnmal umgehen ? Erhalten, Wahrnehmen, Aufwerten oder einfach nur dem Verfall hergeben ? Was machen wir ? Ist der aktuelle Zustand am Ende nur eine Momentaufnahme ? Wir alle sind aufgerufen uns mit diesem Thema zu besch\u00e4ftigen. In meiner Amtszeit m\u00f6chte ich meinen eingeschlagenen Weg weitergehen und das Miteinander f\u00f6rdern. Ich m\u00f6chte die Menschen mitnehmen und mitentscheiden lassen. Von daher freue ich mich \u00fcber Anregungen oder Verbesserungsvorschl\u00e4ge. Dabei sollten bei unseren \u00dcberlegungen aber nicht nur das Herz entscheiden. Wer \u00fcbernimmt am Ende die Verantwortung oder eine eventuelle Pflege der Anlage ? Die Entscheidung ein neues Denkmal auf den Friedhof zu integrieren war richtig und wichtig. Das alte Mahnmal wurde nach der Sch\u00e4ndung 2014 kaum noch angenommen. Seit dem Neubau eines neuen Mahnmals auf dem Friedhof genie\u00dft der Volkstrauertag eine Aufwertung. Das alte Mahnmal hingegen wird gerne von Spazierg\u00e4ngern und Wanderern angenommen. Nun kommt es also darauf an, die Vorz\u00fcge herauszuheben und zu guten L\u00f6sungen zu kommen.<\/p>\n\n\n\n<figure class=\"wp-block-gallery columns-3 is-cropped wp-block-gallery-3 is-layout-flex wp-block-gallery-is-layout-flex\"><ul class=\"blocks-gallery-grid\"><li class=\"blocks-gallery-item\"><figure><img loading=\"lazy\" decoding=\"async\" width=\"700\" height=\"331\" src=\"https:\/\/echta-derminga.de\/wp-content\/uploads\/2021\/05\/2-700x331.jpg\" alt=\"\" data-id=\"9562\" data-full-url=\"https:\/\/echta-derminga.de\/wp-content\/uploads\/2021\/05\/2.jpg\" data-link=\"https:\/\/echta-derminga.de\/?attachment_id=9562\" class=\"wp-image-9562\" srcset=\"https:\/\/echta-derminga.de\/wp-content\/uploads\/2021\/05\/2-700x331.jpg 700w, https:\/\/echta-derminga.de\/wp-content\/uploads\/2021\/05\/2-300x142.jpg 300w, https:\/\/echta-derminga.de\/wp-content\/uploads\/2021\/05\/2-768x363.jpg 768w, https:\/\/echta-derminga.de\/wp-content\/uploads\/2021\/05\/2.jpg 900w\" sizes=\"auto, (max-width: 700px) 100vw, 700px\" \/><\/figure><\/li><li class=\"blocks-gallery-item\"><figure><img loading=\"lazy\" decoding=\"async\" width=\"700\" height=\"331\" src=\"https:\/\/echta-derminga.de\/wp-content\/uploads\/2021\/05\/6-700x331.jpg\" alt=\"\" data-id=\"9566\" data-full-url=\"https:\/\/echta-derminga.de\/wp-content\/uploads\/2021\/05\/6.jpg\" data-link=\"https:\/\/echta-derminga.de\/?attachment_id=9566\" class=\"wp-image-9566\" srcset=\"https:\/\/echta-derminga.de\/wp-content\/uploads\/2021\/05\/6-700x331.jpg 700w, https:\/\/echta-derminga.de\/wp-content\/uploads\/2021\/05\/6-300x142.jpg 300w, https:\/\/echta-derminga.de\/wp-content\/uploads\/2021\/05\/6-768x363.jpg 768w, https:\/\/echta-derminga.de\/wp-content\/uploads\/2021\/05\/6.jpg 900w\" sizes=\"auto, (max-width: 700px) 100vw, 700px\" \/><\/figure><\/li><li class=\"blocks-gallery-item\"><figure><img loading=\"lazy\" decoding=\"async\" width=\"700\" height=\"331\" src=\"https:\/\/echta-derminga.de\/wp-content\/uploads\/2021\/05\/5-700x331.jpg\" alt=\"\" data-id=\"9565\" data-full-url=\"https:\/\/echta-derminga.de\/wp-content\/uploads\/2021\/05\/5.jpg\" data-link=\"https:\/\/echta-derminga.de\/?attachment_id=9565\" class=\"wp-image-9565\" srcset=\"https:\/\/echta-derminga.de\/wp-content\/uploads\/2021\/05\/5-700x331.jpg 700w, https:\/\/echta-derminga.de\/wp-content\/uploads\/2021\/05\/5-300x142.jpg 300w, https:\/\/echta-derminga.de\/wp-content\/uploads\/2021\/05\/5-768x363.jpg 768w, https:\/\/echta-derminga.de\/wp-content\/uploads\/2021\/05\/5.jpg 900w\" sizes=\"auto, (max-width: 700px) 100vw, 700px\" \/><\/figure><\/li><\/ul><\/figure>\n\n\n\n<p class=\"wp-block-paragraph\" style=\"font-size:18px\">Wie Sie also feststellen k\u00f6nnen, bringt der Mai gute Nachrichten. Mit dem Fr\u00fchling w\u00e4chst die Hoffnung auf eine bessere Zukunft. Bitte bleiben Sie zuversichtlich und hoffnungsvoll. Solange es Menschen gibt die bereit sind Verantwortung zu \u00fcbernehmen, gibt es auch noch Hoffnung. Am Ende wird immer alles gut.<\/p>\n\n\n\n<p class=\"wp-block-paragraph\" style=\"font-size:18px\"><strong>In der vergangenen Woche w\u00e4re unser ehemaliger Ortsvorsteher Manfred Klein 70 Jahre alt geworden. Ein Besuch seines Grabes hat aufgezeigt, dass Manfred Klein l\u00e4ngst noch nicht vergessen ist. Danke f\u00fcr die vielen Blumen und kleinen Aufmerksamkeiten. Unseren Manne h\u00e4tte sich gefreut.<\/strong><\/p>\n\n\n\n<p class=\"wp-block-paragraph\" style=\"font-size:18px\">Bitte denken Sie daran, es \u00e4ndert sich hier in unserem Land \u00fcberhaupt nichts, wenn wir es nicht \u00e4ndern.<\/p>\n\n\n\n<p class=\"wp-block-paragraph\" style=\"font-size:18px\">In diesem Sinne<\/p>\n\n\n\n<p class=\"wp-block-paragraph\" style=\"font-size:18px\">Gl\u00fcck auf<\/p>\n\n\n\n<p class=\"wp-block-paragraph\" style=\"font-size:18px\">Ihr Ortsvorsteher<\/p>\n\n\n\n<p class=\"wp-block-paragraph\" style=\"font-size:18px\"><em>Frank Klein<\/em><\/p>\n\n\n\n<figure class=\"wp-block-gallery columns-2 is-cropped wp-block-gallery-4 is-layout-flex wp-block-gallery-is-layout-flex\"><ul class=\"blocks-gallery-grid\"><li class=\"blocks-gallery-item\"><figure><img loading=\"lazy\" decoding=\"async\" width=\"700\" height=\"1479\" src=\"https:\/\/echta-derminga.de\/wp-content\/uploads\/2021\/05\/1-700x1479.jpg\" alt=\"\" data-id=\"9561\" data-full-url=\"https:\/\/echta-derminga.de\/wp-content\/uploads\/2021\/05\/1.jpg\" data-link=\"https:\/\/echta-derminga.de\/?attachment_id=9561\" class=\"wp-image-9561\" srcset=\"https:\/\/echta-derminga.de\/wp-content\/uploads\/2021\/05\/1-700x1479.jpg 700w, https:\/\/echta-derminga.de\/wp-content\/uploads\/2021\/05\/1-142x300.jpg 142w, https:\/\/echta-derminga.de\/wp-content\/uploads\/2021\/05\/1-768x1622.jpg 768w, https:\/\/echta-derminga.de\/wp-content\/uploads\/2021\/05\/1-727x1536.jpg 727w, https:\/\/echta-derminga.de\/wp-content\/uploads\/2021\/05\/1.jpg 900w\" sizes=\"auto, (max-width: 700px) 100vw, 700px\" \/><\/figure><\/li><li class=\"blocks-gallery-item\"><figure><img loading=\"lazy\" decoding=\"async\" width=\"700\" height=\"930\" src=\"https:\/\/echta-derminga.de\/wp-content\/uploads\/2021\/05\/3-700x930.jpg\" alt=\"\" data-id=\"9563\" data-full-url=\"https:\/\/echta-derminga.de\/wp-content\/uploads\/2021\/05\/3.jpg\" data-link=\"https:\/\/echta-derminga.de\/?attachment_id=9563\" class=\"wp-image-9563\" srcset=\"https:\/\/echta-derminga.de\/wp-content\/uploads\/2021\/05\/3-700x930.jpg 700w, https:\/\/echta-derminga.de\/wp-content\/uploads\/2021\/05\/3-226x300.jpg 226w, https:\/\/echta-derminga.de\/wp-content\/uploads\/2021\/05\/3-768x1021.jpg 768w, https:\/\/echta-derminga.de\/wp-content\/uploads\/2021\/05\/3.jpg 900w\" sizes=\"auto, (max-width: 700px) 100vw, 700px\" \/><\/figure><\/li><\/ul><\/figure>\n","protected":false},"excerpt":{"rendered":"<p>Es gibt Sie noch, die guten Nachrichten! In unserem Heimatort sind in den letzten Tagen viele gute Dinge geschehen. Gerade in Zeiten der Pandemie sind solche Lichtblicke Balsam auf die Seele. Die vergangene Woche hat mir pers\u00f6nlich wieder eindrucksvoll vor Augen gef\u00fchrt, wie wichtig eine gut funktionierende Dorfgemeinschaft tats\u00e4chlich ist. Ich m\u00f6chte mich an dieser Stelle bei allen bedanken, die<\/p>\n","protected":false},"author":1,"featured_media":9547,"comment_status":"open","ping_status":"closed","sticky":false,"template":"","format":"standard","meta":{"_crdt_document":"","footnotes":""},"categories":[1,9,812],"tags":[632,127,634],"class_list":["post-9542","post","type-post","status-publish","format-standard","has-post-thumbnail","hentry","category-allgemein","category-dorfgetratsche","category-ortsvorsteher-dirmingen","tag-gemeinde-dirmingen","tag-landkreis-neunkirchen","tag-ortsvorsteher"],"_links":{"self":[{"href":"https:\/\/echta-derminga.de\/index.php?rest_route=\/wp\/v2\/posts\/9542","targetHints":{"allow":["GET"]}}],"collection":[{"href":"https:\/\/echta-derminga.de\/index.php?rest_route=\/wp\/v2\/posts"}],"about":[{"href":"https:\/\/echta-derminga.de\/index.php?rest_route=\/wp\/v2\/types\/post"}],"author":[{"embeddable":true,"href":"https:\/\/echta-derminga.de\/index.php?rest_route=\/wp\/v2\/users\/1"}],"replies":[{"embeddable":true,"href":"https:\/\/echta-derminga.de\/index.php?rest_route=%2Fwp%2Fv2%2Fcomments&post=9542"}],"version-history":[{"count":23,"href":"https:\/\/echta-derminga.de\/index.php?rest_route=\/wp\/v2\/posts\/9542\/revisions"}],"predecessor-version":[{"id":9583,"href":"https:\/\/echta-derminga.de\/index.php?rest_route=\/wp\/v2\/posts\/9542\/revisions\/9583"}],"wp:featuredmedia":[{"embeddable":true,"href":"https:\/\/echta-derminga.de\/index.php?rest_route=\/wp\/v2\/media\/9547"}],"wp:attachment":[{"href":"https:\/\/echta-derminga.de\/index.php?rest_route=%2Fwp%2Fv2%2Fmedia&parent=9542"}],"wp:term":[{"taxonomy":"category","embeddable":true,"href":"https:\/\/echta-derminga.de\/index.php?rest_route=%2Fwp%2Fv2%2Fcategories&post=9542"},{"taxonomy":"post_tag","embeddable":true,"href":"https:\/\/echta-derminga.de\/index.php?rest_route=%2Fwp%2Fv2%2Ftags&post=9542"}],"curies":[{"name":"wp","href":"https:\/\/api.w.org\/{rel}","templated":true}]}}