{"id":9594,"date":"2021-05-08T13:35:56","date_gmt":"2021-05-08T12:35:56","guid":{"rendered":"https:\/\/echta-derminga.de\/?p=9594"},"modified":"2021-05-08T13:43:09","modified_gmt":"2021-05-08T12:43:09","slug":"konfirmation-und-kommunion-in-dirmingen-dem-eigenen-glauben-eine-chance-geben","status":"publish","type":"post","link":"https:\/\/echta-derminga.de\/?p=9594","title":{"rendered":"Konfirmation und Kommunion in Dirmingen \u2013 Dem eigenen Glauben eine Chance geben !"},"content":{"rendered":"\n<p class=\"wp-block-paragraph\" style=\"font-size:18px\"><strong>\u201eDas der Glaube dich tragen kann, merkst du nur, wenn du ihn ausprobierst. Wie fr\u00fcher, als du laufen gelernt hast\u201c.<\/strong><\/p>\n\n\n\n<p class=\"wp-block-paragraph\" style=\"font-size:18px\">In meiner T\u00e4tigkeit als Presbyter der Evangelischen Kirchengemeinde Dirmingen durfte ich mich schon \u00f6fter an einem Konfirmationsunterricht beteiligen. Dabei habe ich in den letzten Jahren immer mehr das Gef\u00fchl bekommen, dass sich unsere Kinder von der Kirche entfernt haben. Viele Kindern fehlt jegliches Interesse an der Konfi-Arbeit und der bevorstehenden Konfirmation. Man stellt sich unwillk\u00fcrlich die Frage warum manche M\u00e4dchen und Jungs \u00fcberhaupt teilnehmen. Warum geht man sich als Kind oder Jugendliche\/er \u00fcberhaupt zur Kommunion oder l\u00e4sst sich konfirmieren ? Weil es alle tun? Weil es Geschenke gibt oder weil ich sonst als Au\u00dfenseiter gelte? Unsere Kinder sind das Resultat unserer Erziehung. Immer mehr Eltern legen immer weniger Wert auf eine religi\u00f6se Erziehung. Wir leben in Zeiten, in denen man laut \u00fcber die Abschaffung des Religionsunterrichtes nachdenkt.<\/p>\n\n\n\n<p class=\"wp-block-paragraph\" style=\"font-size:18px\"><strong>Den Kirchen geht es nicht gut und das spiegelt sich auch in ihrer Kinder- und Jugendarbeit wider. Immer mehr Familien entscheiden sich ihre Kinder nicht taufen zu lassen. Daraus resultiert nat\u00fcrlich, dass immer mehr Kindern der Bezug zur Kirche verloren geht. Wenn dann irgendwann einmal die Frage nach Konfi- oder Kommunionsunterricht aufkommt, lautet die Antwort naturgem\u00e4\u00df: Nein. Nein zu der Kirche und nat\u00fcrlich auch zum eigenen Glauben. Dabei geben viele Kinder ihrem Glauben \u00fcberhaupt keine Chance. Schuld daran ist nat\u00fcrlich auch die Kirche: Skandale, Lobbyismus und falsche Entscheidungen im Umgang mit Kindern- und Jugendlichen.<\/strong><\/p>\n\n\n\n<p class=\"wp-block-paragraph\" style=\"font-size:18px\">Durch die Konfirmation wird ein Jugendlicher, der evangelisch getauft wurde, zu einem vollwertigen und m\u00fcndigen Mitglied der evangelischen Kirche. Mit der Konfirmation wird die Taufe pers\u00f6nlich und bewusst best\u00e4tigt und ein Bekenntnis zum evangelischen Glauben geleistet. \u00dcblicherweise findet der Ritus im Alter von 14 Jahren statt. Geschichtlich begr\u00fcndet dadurch, dass fr\u00fcher in diesem Alter mit der 8. Klasse die Schulbildung abgeschlossen war und viele Jugendliche ihr Elternhaus und ihre Heimat verlie\u00dfen. Die Konfirmation entspricht in etwa der Kommunion bei den Katholiken. In der katholischen Kirche feiert man zum ersten Mal das Abendmal (Eucharistie). Die Kinder sind bei ihrer Erstkommunion zwischen 8 und 9 Jahre alt.  Mit der Hostie bei der Kommunionsfeier erkl\u00e4ren die Kinder, dass sie ihren Glauben annehmen.\u00a0Der gr\u00f6\u00dfte Unterschied zwischen beiden Festen: Die Kommunion ist ein christliches Sakrament, die Konfirmation das Fest zur Einf\u00fchrung in das christliche Erwachsenwerden. Religi\u00f6ses Erwachsensein beginnt also bei den Katholiken wesentlich fr\u00fcher. <\/p>\n\n\n\n<div class=\"wp-block-image\"><figure class=\"aligncenter size-large\"><img loading=\"lazy\" decoding=\"async\" width=\"644\" height=\"438\" src=\"https:\/\/echta-derminga.de\/wp-content\/uploads\/2019\/05\/konialt-Kopie-644x438.jpeg\" alt=\"\" class=\"wp-image-3813\" srcset=\"https:\/\/echta-derminga.de\/wp-content\/uploads\/2019\/05\/konialt-Kopie-644x438.jpeg 644w, https:\/\/echta-derminga.de\/wp-content\/uploads\/2019\/05\/konialt-Kopie-300x204.jpeg 300w, https:\/\/echta-derminga.de\/wp-content\/uploads\/2019\/05\/konialt-Kopie-768x522.jpeg 768w, https:\/\/echta-derminga.de\/wp-content\/uploads\/2019\/05\/konialt-Kopie.jpeg 800w\" sizes=\"auto, (max-width: 644px) 100vw, 644px\" \/><\/figure><\/div>\n\n\n\n<p class=\"wp-block-paragraph\" style=\"font-size:18px\"><strong>In der evangelischen Kirche wurde im Jahre 1539 die Konfirmation eingef\u00fchrt. Dabei fanden in Dirmingen im Jahre 1726 die ersten eigenen Konfirmationen statt. Das \u00e4lteste Kirchenbuch der evangelischen Kirchengemeinde Dirmingen beinhaltet auch das erste Konfirmationsverzeichnis aus dem Jahre 1726.\u00a0Hingegen b\u00fcrgerte sich erstmals im Jahre 1661 der sogenannte &#8222;Wei\u00dfe Sonntag&#8220;  als der bevorzugte Termin f\u00fcr die Feier der Erstkommunion ein. W\u00e4hrend in der katholischen Kirche viele Jahrzehnte an diesem &#8222;Wei\u00dfen Sontag&#8220; festgehalten wurde, \u00e4nderte unsere Evangelische Kirche schonmal ihre Konfirmationstage. In Dirmingen wurde viele Jahre am Palmsonntag Konfirmation gefeiert. Heute feiert man in der Evangelischen Kirchengemeinde an dem Kirchensonntag Rogate Konfirmation.  <\/strong><\/p>\n\n\n\n<p class=\"wp-block-paragraph\" style=\"font-size:18px\">Kennt ihr noch euren Konfirmations- oder Kommunionsspruch? Ich habe einmal gelesen, dass viele Menschen ihren Konfirmations- oder Kommunionsspruch im Laufe der Jahre vergessen haben. Schade, f\u00fcr viele junge Menschen ist die Konfirmationszeit eine echte Schule des Lebens. Seltsamerweise teilen viele Freunde und Bekannten bis heute die Ansicht, dass diese Zeit zu der sch\u00f6nsten ihres Lebens geh\u00f6rt. Dennoch haben viele sp\u00e4ter die Kirche und damit ihren Glauben aus den Augen verloren.<\/p>\n\n\n\n<p class=\"wp-block-paragraph\" style=\"font-size:18px\"><strong>Ich pers\u00f6nlich wurde am 08.Mai 1983, in der evangelischen Kirche Dirmingen, von Pfarrer Arneth konfirmiert. Ich habe die Entscheidung mich konfirmieren zu lassen selbst getroffen und bis heute nie bereut. F\u00fcr mich bedeutete Kirche, und insbesondere unsere Kirche im Dorf, immer auch ein St\u00fcck Heimat. Mein Konfirmationsspruch lautet:\u201c Ich bin die Auferstehung und das Leben wer an mich glaubt der wird Leben selbst wenn er stirbt und wer da lebet und an mich glaubt, der wird niemals sterben\u201c. (Johannesevangelium Kapitel 11 Vers: 25-26)<\/strong><\/p>\n\n\n\n<div class=\"wp-block-image\"><figure class=\"aligncenter size-large\"><img loading=\"lazy\" decoding=\"async\" width=\"644\" height=\"440\" src=\"https:\/\/echta-derminga.de\/wp-content\/uploads\/2018\/05\/konfi-mein-Kopie-644x440.jpeg\" alt=\"\" class=\"wp-image-1282\" srcset=\"https:\/\/echta-derminga.de\/wp-content\/uploads\/2018\/05\/konfi-mein-Kopie-644x440.jpeg 644w, https:\/\/echta-derminga.de\/wp-content\/uploads\/2018\/05\/konfi-mein-Kopie-300x205.jpeg 300w, https:\/\/echta-derminga.de\/wp-content\/uploads\/2018\/05\/konfi-mein-Kopie-768x524.jpeg 768w, https:\/\/echta-derminga.de\/wp-content\/uploads\/2018\/05\/konfi-mein-Kopie.jpeg 800w\" sizes=\"auto, (max-width: 644px) 100vw, 644px\" \/><\/figure><\/div>\n\n\n\n<p class=\"wp-block-paragraph\" style=\"font-size:18px\">Unsere Kirchen m\u00fcssen unbedingt neue Wege gehen. Wenn man mit den Jugendlichen in den Dialog treten m\u00f6chte, muss man sich auf deren Plattformen begeben. Dabei bieten auch die sozialen Medien viele M\u00f6glichkeiten. Die Kirche muss dorthin wo es weh tut und sich unsere Jugendlichen bewegen. Nat\u00fcrlich w\u00fcnschen wir uns Kinder -und Jugendliche, die gerne und aus freien St\u00fccken kommen und sich konfirmieren lassen. Wenn jedoch alles nichts nutzt, m\u00fcssen wir lernen um unsere Sch\u00e4fchen zu k\u00e4mpfen.  Wie soll es jedoch gelingen junge Menschen f\u00fcr die Sache Jesu zu begeistern ? Welche Angebote sind gerade f\u00fcr junge Menschen interessant? Wie k\u00f6nnen wir Jugendliche dazu bewegen in ihrer Freizeit Verantwortung zu \u00fcbernehmen? <\/p>\n\n\n\n<p class=\"wp-block-paragraph\" style=\"font-size:18px\"><strong>Viele Fragen und wenig Antworten ! Ich denke der erste Schritt liegt im Umdenken ! Auch die \u00d6kumene kann in der Kinder und Jugendarbeit eine gewichtige Rolle spielen. Unsere Kinder sollen fr\u00fchzeitig lernen, dass es nur einen Gott gibt. Die Institution Kirche hingegen ist von Menschenhand gemacht. Gerade in unserem Dorf darf es, wie fr\u00fcher geschehen, keinen Unterschied zwischen Katholiken und Protestanten geben. Wir sind als lebendige Dorfgemeinschaft alle gleich ! Also, lasst uns auch in der Kinder und Jugendarbeit noch enger zusammenrutschen. Ich bin daf\u00fcr !<\/strong><\/p>\n\n\n\n<figure class=\"wp-block-gallery columns-2 is-cropped wp-block-gallery-1 is-layout-flex wp-block-gallery-is-layout-flex\"><ul class=\"blocks-gallery-grid\"><li class=\"blocks-gallery-item\"><figure><img loading=\"lazy\" decoding=\"async\" width=\"600\" height=\"800\" src=\"https:\/\/echta-derminga.de\/wp-content\/uploads\/2021\/05\/00.jpg\" alt=\"\" data-id=\"9601\" data-link=\"https:\/\/echta-derminga.de\/?attachment_id=9601\" class=\"wp-image-9601\" srcset=\"https:\/\/echta-derminga.de\/wp-content\/uploads\/2021\/05\/00.jpg 600w, https:\/\/echta-derminga.de\/wp-content\/uploads\/2021\/05\/00-225x300.jpg 225w\" sizes=\"auto, (max-width: 600px) 100vw, 600px\" \/><\/figure><\/li><li class=\"blocks-gallery-item\"><figure><img loading=\"lazy\" decoding=\"async\" width=\"700\" height=\"960\" src=\"https:\/\/echta-derminga.de\/wp-content\/uploads\/2021\/05\/rgggg.jpg\" alt=\"\" data-id=\"9602\" data-full-url=\"https:\/\/echta-derminga.de\/wp-content\/uploads\/2021\/05\/rgggg.jpg\" data-link=\"https:\/\/echta-derminga.de\/?attachment_id=9602\" class=\"wp-image-9602\" srcset=\"https:\/\/echta-derminga.de\/wp-content\/uploads\/2021\/05\/rgggg.jpg 700w, https:\/\/echta-derminga.de\/wp-content\/uploads\/2021\/05\/rgggg-219x300.jpg 219w\" sizes=\"auto, (max-width: 700px) 100vw, 700px\" \/><\/figure><\/li><\/ul><\/figure>\n\n\n\n<p class=\"wp-block-paragraph\">..<\/p>\n","protected":false},"excerpt":{"rendered":"<p>\u201eDas der Glaube dich tragen kann, merkst du nur, wenn du ihn ausprobierst. Wie fr\u00fcher, als du laufen gelernt hast\u201c. In meiner T\u00e4tigkeit als Presbyter der Evangelischen Kirchengemeinde Dirmingen durfte ich mich schon \u00f6fter an einem Konfirmationsunterricht beteiligen. Dabei habe ich in den letzten Jahren immer mehr das Gef\u00fchl bekommen, dass sich unsere Kinder von der Kirche entfernt haben. Viele<\/p>\n","protected":false},"author":1,"featured_media":9599,"comment_status":"open","ping_status":"closed","sticky":false,"template":"","format":"standard","meta":{"_crdt_document":"","footnotes":""},"categories":[1,9,47],"tags":[5,85,618,568,127],"class_list":["post-9594","post","type-post","status-publish","format-standard","has-post-thumbnail","hentry","category-allgemein","category-dorfgetratsche","category-meine-kirche","tag-dirmingen","tag-evangelische-kirche-dirmingen","tag-gemeinde-eppelborn","tag-katholische-kirchengemeinde","tag-landkreis-neunkirchen"],"_links":{"self":[{"href":"https:\/\/echta-derminga.de\/index.php?rest_route=\/wp\/v2\/posts\/9594","targetHints":{"allow":["GET"]}}],"collection":[{"href":"https:\/\/echta-derminga.de\/index.php?rest_route=\/wp\/v2\/posts"}],"about":[{"href":"https:\/\/echta-derminga.de\/index.php?rest_route=\/wp\/v2\/types\/post"}],"author":[{"embeddable":true,"href":"https:\/\/echta-derminga.de\/index.php?rest_route=\/wp\/v2\/users\/1"}],"replies":[{"embeddable":true,"href":"https:\/\/echta-derminga.de\/index.php?rest_route=%2Fwp%2Fv2%2Fcomments&post=9594"}],"version-history":[{"count":6,"href":"https:\/\/echta-derminga.de\/index.php?rest_route=\/wp\/v2\/posts\/9594\/revisions"}],"predecessor-version":[{"id":9608,"href":"https:\/\/echta-derminga.de\/index.php?rest_route=\/wp\/v2\/posts\/9594\/revisions\/9608"}],"wp:featuredmedia":[{"embeddable":true,"href":"https:\/\/echta-derminga.de\/index.php?rest_route=\/wp\/v2\/media\/9599"}],"wp:attachment":[{"href":"https:\/\/echta-derminga.de\/index.php?rest_route=%2Fwp%2Fv2%2Fmedia&parent=9594"}],"wp:term":[{"taxonomy":"category","embeddable":true,"href":"https:\/\/echta-derminga.de\/index.php?rest_route=%2Fwp%2Fv2%2Fcategories&post=9594"},{"taxonomy":"post_tag","embeddable":true,"href":"https:\/\/echta-derminga.de\/index.php?rest_route=%2Fwp%2Fv2%2Ftags&post=9594"}],"curies":[{"name":"wp","href":"https:\/\/api.w.org\/{rel}","templated":true}]}}