{"id":9628,"date":"2021-05-14T19:15:57","date_gmt":"2021-05-14T18:15:57","guid":{"rendered":"https:\/\/echta-derminga.de\/?p=9628"},"modified":"2021-05-14T21:39:56","modified_gmt":"2021-05-14T20:39:56","slug":"einer-fuer-alle-alle-fuer-einen-wo-waere-unser-dorf-ohne-die-kulturaner","status":"publish","type":"post","link":"https:\/\/echta-derminga.de\/?p=9628","title":{"rendered":"&#8222;Einer f\u00fcr alle, alle f\u00fcr einen&#8220; \u2013 Was w\u00e4re unser Dorf ohne die Kulturaner ?"},"content":{"rendered":"\n<blockquote class=\"wp-block-quote is-layout-flow wp-block-quote-is-layout-flow\"><p> <strong>&#8222;Und jetzt, Freunde&#8220;, sagte d&#8217;Artagnan, ohne sich die M\u00fche zu machen, Porthos sein Verhalten zu erkl\u00e4ren, &#8222;einer f\u00fcr alle, alle f\u00fcr einen! Das soll unser Wahlspruch sein, einverstanden?&#8220;<\/strong> <\/p><cite>Buch : Die drei Musketiere ( Alexandre Dumas)<\/cite><\/blockquote>\n\n\n\n<p class=\"wp-block-paragraph\" style=\"font-size:18px\"><strong>Dieses ber\u00fchmte Zitat aus Alexandre Dumas Roman \u201eDie drei Musketiere\u201c wurde zum Leitspruch der Kulturaner. In den letzten 20 Jahren wurde in Dirmingen vieles bewegt und auf den Weg gebracht. Kleinkunstveranstaltungen, Konzerte, Jazz-Matinee\u2018s und irische Abende wurden in regelm\u00e4\u00dfigen Abst\u00e4nden durchgef\u00fchrt. Die gr\u00f6\u00dfte Errungenschaft des heutigen Kulturvereins liegt jedoch in der Wiederbelebung und Aufwertung der \u201eDerminga Kerb\u201c, des \u201eDerminga Folxfeschdes\u201c und des \u201eMittelalterlichen Weihnachtsmarktes\u201c. Aktionen wie der traditionelle Weihnachtsbaumverkauf und die Teilnahme an saisonalen Veranstaltungen auf Finkenrech tragen dazu bei, die Auslagen rund um die zahlreichen Veranstaltungen zu finanzieren. Unsere Dorfkultur w\u00e4re ohne das ehrenamtliche Engagement der Kulturaner ein St\u00fcck weit \u00e4rmer. Es stellt sich sogar die Frage: Was w\u00e4re unser Dorf ohne die Kulturaner ?<\/strong><\/p>\n\n\n\n<p class=\"wp-block-paragraph\" style=\"font-size:18px\">Der heutige Kulturverein Dirmingen wurde w\u00e4hrend einer au\u00dferordentlichen Mitgliederversammlung des damaligen Vereinsrings am 09.Mai 2000, im Gasthaus \u201eSchuhannesse\u201c, gegr\u00fcndet. Der kommissarische Versammlungsleiter Hans Georg Wagner verlieh in einer emotionalen Er\u00f6ffnungsrede seiner Hoffnung Ausdruck, einen funktionsf\u00e4higen Vorstand zu finden. Bereits im Vorfeld dieser Versammlung hatte sich eine Interessengruppe bereit erkl\u00e4rt, unter bestimmten Voraussetzungen Vorstands\u00e4mter zu \u00fcbernehmen. Herbert Guth\u00f6rl, von der Gruppe RASTLOS, ergriff auch sofort das Wort und stellte die Pl\u00e4ne dieser Interessengruppe vor. In seiner Pr\u00e4sentation teilte Herbert Guth\u00f6rl der Versammlung mit, dass 5 Personen Verantwortung im Vereinsring \u00fcbernehmen m\u00f6chten. Diese Bereitschaft war jedoch an gewisse Bedingungen gekn\u00fcpft. Dazu geh\u00f6rten u.a die Kompetenzerweiterung des Vorstandes und die Umbenennung des Vereinsrings in Kulturverein Dirmingen e.V. Die anwesenden Mitglieder stimmten einstimmig f\u00fcr die Neufassung der Satzung. Der Kulturverein Dirmingen war somit praktisch gegr\u00fcndet. Mit diesem Beschluss zur Gr\u00fcndung des neuen Kulturvereins Dirmingen musste ein neuer Vorstand gew\u00e4hlt werden. Manfred Klein wurde zum ersten Vorsitzenden des Kulturvereins vorgeschlagen und schlie\u00dflich einstimmig gew\u00e4hlt.<\/p>\n\n\n\n<p class=\"wp-block-paragraph\" style=\"font-size:18px\"><strong>Der neue Vorstand setzte sich wie folgt zusammen:<\/strong><\/p>\n\n\n\n<p class=\"wp-block-paragraph\" style=\"font-size:18px\"><strong>1. Vorsitzender: Manfred Klein, 2. Vorsitzender: Rudi Hell, Schriftf\u00fchrer: Hans-Peter Hoffmann, Kassenwart: Herbert Guth\u00f6rl, Organisationsleiter: Reimund Klein, Kulturbeauftragter: Manfred Gabler, Stellvtr. Organisationsleiter: Werner Gebhard, Beisitzer: Josef Reichert, Hans-Gerd Wagner, Eberhard Wagner, Hans Zimmer<\/strong><\/p>\n\n\n\n<div class=\"wp-block-image\"><figure class=\"aligncenter size-large\"><img loading=\"lazy\" decoding=\"async\" width=\"700\" height=\"525\" src=\"https:\/\/echta-derminga.de\/wp-content\/uploads\/2021\/05\/IMG_1024-700x525.jpg\" alt=\"\" class=\"wp-image-9632\" srcset=\"https:\/\/echta-derminga.de\/wp-content\/uploads\/2021\/05\/IMG_1024-700x525.jpg 700w, https:\/\/echta-derminga.de\/wp-content\/uploads\/2021\/05\/IMG_1024-300x225.jpg 300w, https:\/\/echta-derminga.de\/wp-content\/uploads\/2021\/05\/IMG_1024-768x576.jpg 768w, https:\/\/echta-derminga.de\/wp-content\/uploads\/2021\/05\/IMG_1024.jpg 1000w\" sizes=\"auto, (max-width: 700px) 100vw, 700px\" \/><\/figure><\/div>\n\n\n\n<p class=\"wp-block-paragraph\" style=\"font-size:18px\">Manfred Klein bedankte sich f\u00fcr das entgegengebrachte Vertrauen und appelliert eindringlich an das Zusammengeh\u00f6rigkeitsgef\u00fchl aller Dirminger Vereine. Mit dem Schlussappell \u201eNur gemeinsam sind wir stark\u201c endet eine harmonische Versammlung. <strong>Nur wenige Monate sp\u00e4ter entstand aus diesem ersten emotionalen Appell des Vorsitzenden das Motto des heutigen Kulturvereins: \u201eEiner f\u00fcr alle, alle f\u00fcr einen\u201c.<\/strong> Die erste offizielle Veranstaltung des Kulturvereins Dirmingen war ein Konzert der saarl\u00e4ndischen Formation \u201eMarx Rootschilt Tillermann\u201c am 22.10 2000. Im Jahr 2019 feierte der Kulturverein Dirmingen, im Rahmen des 1. Park- und Strandfestes im Br\u00fchlpark, sein nunmehr 20 Jubil\u00e4um. Wer h\u00e4tte damals daran gedacht, dass sich mit diesem Parkfest auf tragische Weise der Kreis schlie\u00dft und es die letzte Veranstaltung des Ortsvorstehers und Ober-Kulturaners Manfred Klein werden w\u00fcrde? \u00a0<\/p>\n\n\n\n<p class=\"wp-block-paragraph\" style=\"font-size:18px\"><strong>Irgendwie ist seit diesem wunderbaren Fest alles anders und nichts mehr wie es einmal war. So als w\u00fcrde ein Fluch auf der Sache liegen. Mit dem pl\u00f6tzlichen Tod des Vorsitzenden Manfred Klein verfiel unser Dorf in einen Dornr\u00f6schenschlaf. Schuld daran tr\u00e4gt in erster Linie diese uns\u00e4gliche Pandemie. Nichts geht mehr und alle R\u00e4der stehen still. Dabei sehnt sich unsere Bev\u00f6lkerung nach ein wenig Abwechslung und Aufbruchstimmung. Die Kulturaner hingegen stehen in den Startl\u00f6schern und warten nur darauf wieder loszulegen. Der Gesch\u00e4ftsf\u00fchrende Vorstand hat nach dem Tod seiner Vorsitzenden die Leitung des Vereins \u00fcbernommen. Die Weichen sind nach vielen schweren Monaten der Trauer und Entbehrung auf Zukunft gestellt. Leider konnte aufgrund der Pandemie bisher noch nicht gew\u00e4hlt werden.<\/strong> <strong>Nat\u00fcrlich geht es vielen anderen Vereinen unseres Dorfes ganz genau so. Die Pandemie stellt unser Vereinsleben auf das Abstellgleis. Im Fall des Kulturvereins wirkt sich dieser Stilltand jedoch stark auf unsere Dorfkultur aus.  <\/strong><\/p>\n\n\n\n<div class=\"wp-block-image\"><figure class=\"aligncenter size-large\"><img loading=\"lazy\" decoding=\"async\" width=\"700\" height=\"525\" src=\"https:\/\/echta-derminga.de\/wp-content\/uploads\/2021\/05\/KV-050-700x525.jpg\" alt=\"\" class=\"wp-image-9634\" srcset=\"https:\/\/echta-derminga.de\/wp-content\/uploads\/2021\/05\/KV-050-700x525.jpg 700w, https:\/\/echta-derminga.de\/wp-content\/uploads\/2021\/05\/KV-050-300x225.jpg 300w, https:\/\/echta-derminga.de\/wp-content\/uploads\/2021\/05\/KV-050-768x576.jpg 768w, https:\/\/echta-derminga.de\/wp-content\/uploads\/2021\/05\/KV-050.jpg 1000w\" sizes=\"auto, (max-width: 700px) 100vw, 700px\" \/><\/figure><\/div>\n\n\n\n<p class=\"wp-block-paragraph\" style=\"font-size:18px\">Bereits unmittelbar nach dem zweiten Weltkrieg wurde in Dirmingen schon einmal ein Kulturverein Dirmingen gegr\u00fcndet. Damals erlie\u00df die franz\u00f6sische Milit\u00e4rregierung, am 29. Dezember 1945, eine Verordnung \u00fcber die Umbildung der Sportvereine und kulturellen Vereine im Saargebiet.&nbsp; In jedem Dorf durften damals nur ein Sportverein und ein Verein f\u00fcr kulturelle Angelegenheiten gebildet werden. Der SV Dirmingen \u00fcbernahm damals als Omni-Sportverein die F\u00fchrung alle Sporttreibenden Vereine. Auf der anderen Seite war ein Omni-Kulturverein Dirmingen- Abt. Verkehr u. Versch\u00f6nerung- Dirmingen f\u00fcr den kulturellen Bereich verantwortlich. Diesem Omni-Kulturverein geh\u00f6rten damals Musikvereine, Theatervereine und Ch\u00f6re an.&nbsp; Am 14.Mai 1949 wurde im Gasthaus Valentin Schneider der \u201eVerkehrsverein der Kulturgemeinschaft Dirmingen\u201c gegr\u00fcndet. Aus diesem Verein entstammte der heutige Heimat- und Verkehrsverein Dirmingen. In der damaligen Vereinsgr\u00fcndung lag die Absicht den Ort wiederaufzubauen und zu versch\u00f6nern.<\/p>\n\n\n\n<p class=\"wp-block-paragraph\" style=\"font-size:18px\"><strong>Heute gibt es neben dem Kulturverein Dirmingen auch noch den Heimat- und Verkehrsverein Dirmingen. W\u00e4hrend der Kulturverein durch seine zahlreichen Veranstaltungen unsere Dorfkultur aufwertet, fokussierte sich der Heimat und Verkehrsverein auf unsere Historie. Mit dem Buch \u201eDirminger H\u00e4usernamen\u201c gelang den Autoren ein echtes Schmuckst\u00fcck. \u00a0Die Kulturaner hingegen warten weiter auf ihre erste Veranstaltung nach der Pandemie. Wann kann es endlich wieder losgehen? Das geplante 2. Park &#8211; und Strandfest, im Juli 2021, wurde bereits abgesagt. M\u00fcssen wir uns auf weitere Veranstaltungsabsagen einstellen oder besteht Hoffnung? Der Ball liegt nun bei uns ! Wir alle sind aufgerufen dort weiterzumachen, wo andere enden mussten. Der Kulturverein hat sich ver\u00e4ndert. Viele wichtige Mitglieder haben uns im Laufe der Jahre verlassen. Nun ist die j\u00fcngere Generation am Zug. Die Stammmannschaft der Kulturaner ist bereit anzupacken und wieder loszulegen. Der Fokus der Kulturaner liegt auf dem Herbst oder im Winter. Sollte unser Land mit seinen Impfungen erfolgreich sein, w\u00e4re vielleicht wieder mehr m\u00f6glich. Bis dahin hei\u00dft es abwarten, hoffen und von der \u201eKerb\u201c oder dem Weihnachtsmarkt tr\u00e4umen. Unm\u00f6glich ist das nicht, oder etwa doch ? \u00a0\u00a0<\/strong><\/p>\n\n\n\n<div class=\"wp-block-image\"><figure class=\"aligncenter size-large\"><img loading=\"lazy\" decoding=\"async\" width=\"700\" height=\"398\" src=\"https:\/\/echta-derminga.de\/wp-content\/uploads\/2021\/05\/w1900_h1081_x1316_y656_SZ_62486399_1407864277_RGB_190_1_1_c4d3052bcaf470bb52d1f6cc358ba4e2_1563186109_1407864277_d488637fe7-867a16f4dd784260-Kopie-700x398.jpg\" alt=\"\" class=\"wp-image-9635\" srcset=\"https:\/\/echta-derminga.de\/wp-content\/uploads\/2021\/05\/w1900_h1081_x1316_y656_SZ_62486399_1407864277_RGB_190_1_1_c4d3052bcaf470bb52d1f6cc358ba4e2_1563186109_1407864277_d488637fe7-867a16f4dd784260-Kopie-700x398.jpg 700w, https:\/\/echta-derminga.de\/wp-content\/uploads\/2021\/05\/w1900_h1081_x1316_y656_SZ_62486399_1407864277_RGB_190_1_1_c4d3052bcaf470bb52d1f6cc358ba4e2_1563186109_1407864277_d488637fe7-867a16f4dd784260-Kopie-300x170.jpg 300w, https:\/\/echta-derminga.de\/wp-content\/uploads\/2021\/05\/w1900_h1081_x1316_y656_SZ_62486399_1407864277_RGB_190_1_1_c4d3052bcaf470bb52d1f6cc358ba4e2_1563186109_1407864277_d488637fe7-867a16f4dd784260-Kopie-768x436.jpg 768w, https:\/\/echta-derminga.de\/wp-content\/uploads\/2021\/05\/w1900_h1081_x1316_y656_SZ_62486399_1407864277_RGB_190_1_1_c4d3052bcaf470bb52d1f6cc358ba4e2_1563186109_1407864277_d488637fe7-867a16f4dd784260-Kopie.jpg 1000w\" sizes=\"auto, (max-width: 700px) 100vw, 700px\" \/><\/figure><\/div>\n","protected":false},"excerpt":{"rendered":"<p>&#8222;Und jetzt, Freunde&#8220;, sagte d&#8217;Artagnan, ohne sich die M\u00fche zu machen, Porthos sein Verhalten zu erkl\u00e4ren, &#8222;einer f\u00fcr alle, alle f\u00fcr einen! Das soll unser Wahlspruch sein, einverstanden?&#8220; Buch : Die drei Musketiere ( Alexandre Dumas) Dieses ber\u00fchmte Zitat aus Alexandre Dumas Roman \u201eDie drei Musketiere\u201c wurde zum Leitspruch der Kulturaner. In den letzten 20 Jahren wurde in Dirmingen vieles<\/p>\n","protected":false},"author":1,"featured_media":9630,"comment_status":"open","ping_status":"closed","sticky":false,"template":"","format":"standard","meta":{"_crdt_document":"","footnotes":""},"categories":[1,9,8],"tags":[5,618,349,127,310],"class_list":["post-9628","post","type-post","status-publish","format-standard","has-post-thumbnail","hentry","category-allgemein","category-dorfgetratsche","category-sellemols-und-awweile","tag-dirmingen","tag-gemeinde-eppelborn","tag-kulturverein-dirmingen","tag-landkreis-neunkirchen","tag-saarland"],"_links":{"self":[{"href":"https:\/\/echta-derminga.de\/index.php?rest_route=\/wp\/v2\/posts\/9628","targetHints":{"allow":["GET"]}}],"collection":[{"href":"https:\/\/echta-derminga.de\/index.php?rest_route=\/wp\/v2\/posts"}],"about":[{"href":"https:\/\/echta-derminga.de\/index.php?rest_route=\/wp\/v2\/types\/post"}],"author":[{"embeddable":true,"href":"https:\/\/echta-derminga.de\/index.php?rest_route=\/wp\/v2\/users\/1"}],"replies":[{"embeddable":true,"href":"https:\/\/echta-derminga.de\/index.php?rest_route=%2Fwp%2Fv2%2Fcomments&post=9628"}],"version-history":[{"count":25,"href":"https:\/\/echta-derminga.de\/index.php?rest_route=\/wp\/v2\/posts\/9628\/revisions"}],"predecessor-version":[{"id":9663,"href":"https:\/\/echta-derminga.de\/index.php?rest_route=\/wp\/v2\/posts\/9628\/revisions\/9663"}],"wp:featuredmedia":[{"embeddable":true,"href":"https:\/\/echta-derminga.de\/index.php?rest_route=\/wp\/v2\/media\/9630"}],"wp:attachment":[{"href":"https:\/\/echta-derminga.de\/index.php?rest_route=%2Fwp%2Fv2%2Fmedia&parent=9628"}],"wp:term":[{"taxonomy":"category","embeddable":true,"href":"https:\/\/echta-derminga.de\/index.php?rest_route=%2Fwp%2Fv2%2Fcategories&post=9628"},{"taxonomy":"post_tag","embeddable":true,"href":"https:\/\/echta-derminga.de\/index.php?rest_route=%2Fwp%2Fv2%2Ftags&post=9628"}],"curies":[{"name":"wp","href":"https:\/\/api.w.org\/{rel}","templated":true}]}}