{"id":9665,"date":"2021-05-15T13:48:59","date_gmt":"2021-05-15T12:48:59","guid":{"rendered":"https:\/\/echta-derminga.de\/?p=9665"},"modified":"2021-05-15T17:54:49","modified_gmt":"2021-05-15T16:54:49","slug":"jetzt-bitte-bloss-nicht-noch-dem-impfneid-verfallen","status":"publish","type":"post","link":"https:\/\/echta-derminga.de\/?p=9665","title":{"rendered":"Jetzt bitte blo\u00df nicht noch dem Impfneid verfallen"},"content":{"rendered":"\n<p class=\"wp-block-paragraph\" style=\"font-size:18px\"><strong>&#8222;Wieso ist der schon gegen Corona geimpft &#8211; und ich nicht?&#8220; Immer \u00f6fter kommt mir in den letzten Wochen diese Frage zu Ohren. Der sogenannte Impfneid greift um sich und zieht viele von uns in seinen Bann. Ich gebe zu, dass auch ich mit der aktuellen Impfstrategie so meine Probleme habe. W\u00e4hrend sich viele Menschen massiv um einen Impftermin bem\u00fchen und dabei auch mal gerne dr\u00e4ngeln, warten viele Berechtige immer noch auf ihre Impfung. Ich pers\u00f6nlich bin noch nicht geimpft und muss im Moment davon ausgehen, dass ich meine beiden Impfungen im Sp\u00e4tsommer hinter mich gebracht habe. Immerhin wurde ich aufgrund meiner Arbeit mit Lebensmitteln priorisiert und haben unl\u00e4ngst einen Termin bekommen. Aufgrund der Tatsache, dass gerade Kommunalpolitiker eine Vorbildfunktion besitzen, habe ich mich dazu entschlossen mit meinem eigenen Impfinteresse etwas passiver umzugehen.<\/strong><\/p>\n\n\n\n<p class=\"wp-block-paragraph\" style=\"font-size:18px\">Viele meiner Freunde und Bekannten sind bereits geimpft. Ich finde das gut und w\u00fcnsche jedem der sich impfen lassen m\u00f6chte eine schnelle Umsetzung seines Vorhabens. Auf der anderen Seite versuchen immer mehr Menschen, sich an der Impf-Priorisierung vorbeizumogeln. Der Begriff Impfdr\u00e4ngler k\u00f6nnte zum Unwort des Jahres heranwachsen. Dabei sind l\u00e4ngst noch nicht alle Priorisierungsgruppen durchgeimpft. Wenn es um seine eigene Sicherheit geht, kann der Mensch sehr ungeduldig werden. In den sozialen Medien wurden in den letzten Wochen vermehrt Bilder von geimpften Menschen gezeigt. Auf der einen Seite finde ich das gut und sinnvoll. Warum nicht mit seiner eigenen Impfung werben und andere daf\u00fcr begeistern? Auf der anderen Seite entsteht gerade durch dieses \u00f6ffentliche Verhalten der oft zitierte Impfneid. Dabei verschl\u00e4gt es selbst mir beim Lesen der vielen Hass-Kommentare die Sprache. Wie kann man nur so hasserf\u00fcllt und neidvoll reagieren? Warum sind wir nicht in der Lage einfach mal zu g\u00f6nnen?<\/p>\n\n\n\n<p class=\"wp-block-paragraph\" style=\"font-size:18px\"><strong>Durch das ungl\u00fcckliche Verhalten unserer Bundesregierung und auch der Medien haben wir mittlerweile mit einem weiteren Problem zu k\u00e4mpfen. Die endlose Diskussion um den Impfstoff AstraZeneca hat tiefe Gr\u00e4ben gerissen. Wer darf und sollte mit welchem Impfstoff versehen werden. Diese Diskussion verlief \u00e4u\u00dferst ungl\u00fccklich und hat nicht gerade f\u00fcr gro\u00dfes Vertrauen gesorgt. Viele haben den Wunsch, schnell geimpft werden zu wollen und lehnen dann aber eine Impfung mit Astrazeneca ab. Mittlerweile m\u00f6chten sich auch viele \u00e4ltere Mitb\u00fcrger ausschlie\u00dflich mit Biontech impfen lassen. Klar, jeder will f\u00fcr sich nur das Beste.<\/strong> <strong>Bleibt die Frage, wie es um die Menschen steht, die keiner Priorisierungsgruppe angeh\u00f6ren. Was ist mit den Menschen die t\u00e4glich daf\u00fcr Sorgen, dass der Laden l\u00e4uft aber einfach noch nicht an der Reihe sind? Was ist mit den Menschen, die sich selbst nicht helfen k\u00f6nnen und mit der Buchung des eigenen Impftermins \u00fcberfordert sind ?<\/strong><\/p>\n\n\n\n<p class=\"wp-block-paragraph\" style=\"font-size:18px\">Bei meiner t\u00e4glichen Arbeit als Ortsvorsteher erlebe ich ganz oft die Ohnmacht vieler Menschen. Nat\u00fcrlich gibt es auch in unserer Heimatgemeinde sehr gute und effektive Hilfsangebote. Dennoch haben es gerade \u00e4ltere und auch Menschen, die am Rand unserer Gesellschaft stehen, besonders schwer. Nur die Starken setzen sich durch wobei die Schwachen warten m\u00fcssen. Ist das fair? In meinem Dorf gibt es immer noch Menschen, die priorisiert sind und auf ihren Impftermin warten. Nat\u00fcrlich liegt es dabei ganz oft selbst an den betreffenden Personen. Viele Menschen sind jedoch \u00fcberfordert und k\u00f6nnen sich nicht selbst helfen. Dabei ist es oft schon ein Problem diese Schw\u00e4che einzugestehen und um Hilfe zu bitten.<\/p>\n\n\n\n<p class=\"wp-block-paragraph\" style=\"font-size:18px\"><strong>Ich pers\u00f6nlich habe mir fest vorgenommen zu warten, bis ich an der Reihe bin. Ja, ich lasse mich impfen und finde die uns\u00e4gliche Diskussion um die Wirksamkeit des Impfstoffes erm\u00fcdend. Nat\u00fcrlich darf es keinen Impfzwang geben und auch ich sehe die Gefahr, dass Menschen am Ende in ihre eigene Impfung gedr\u00e4ngt werden. \u00a0Auf der anderen Seite, wieder mal, gehen mir s\u00e4mtliche Verschw\u00f6rungstheorien m\u00e4chtig auf die Nerven. Ich glaube nicht daran, dass Bill Gates Schuld an dieser Pandemie hat und ich bezweifle zudem, dass dieser Virus als neue Waffe dient. Nat\u00fcrlich gibt es den Corona-Virus schon seit den 1960-ger Jahren. Dabei handelt es sich aber eben nicht um diese COVID-19 Variante!<\/strong><\/p>\n\n\n\n<p class=\"wp-block-paragraph\" style=\"font-size:18px\">Fakt ist, dass sich unsere Welt im Wandel befindet. Es gibt l\u00e4ngst keinen normalen Meinungsaustausch mehr. Wir allen verlieren zusehends die Mitte. Entweder du bist daf\u00fcr oder dagegen. Gerade in den sozialen Medien wird keine Meinung zwischen den Zeilen geduldet. Dabei werden Verschw\u00f6rungstheoretiker genauso verbal angegangen wie die F\u00fcrsprecher jeglicher Hygieneverordnungen. Wo also liegt die Wahrheit? Unsere Gesellschaft triftet mehr und mehr auseinander. Dies wird nicht nur bei der aktuellen Pandemie deutlich. Es gibt weitere Beispiele, die darauf hinweisen, dass unsere Welt aus den Fugen ger\u00e4t. Mit gro\u00dfer Sorge blicke ich auf so machen Brennpunkt im Land der Dichter und Denker. In einigen deutschen Gro\u00dfst\u00e4dten wird wieder mal lauthals \u201eSchei\u00df Juden\u201c gebr\u00fcllt. Ich werde es nie verstehen, dass der Antisemitismus ausgerechnet in unserem Land immer noch Anklang findet. Das rechte Gedankengut ist in vielen Ecken und Kanten zu finden. Nicht nur unter den Verschw\u00f6rungstheoretikern, sondern offensichtlich auch unter Funktion\u00e4ren des DFB. Zumindest sollte man, wenn man sich in Amt und W\u00fcrden befindet, genau \u00fcberlegen was man von sich gibt. Dabei ist auch klar, dass man nicht alles \u00fcberbewerten sollte. Manchmal glaube ich, dass die aktuelle Genderdebatte mehr spaltet als eint. Wenn ich mich bem\u00fche, kann ich alles verstehen. Ich selbst habe zwei T\u00f6chter und erlebe in meinem Beruf t\u00e4glich, wie Frauen und M\u00e4dchen diffamiert werden. Dabei liegt die Wahrheit aber im Respekt und in der Anerkennung und nicht unbedingt nur in einer gendergerechten Sprache. Was nutzt es, wenn ich mir aneigne auf jedes \u201einnen\u201c zu achten, um danach heimzugehen um meine Frau zu schlagen? Nein, liebe Leute! Was Frauen brauchen ist Anerkennung vor ihrer Lebensleistung. Dazu geh\u00f6ren gleiche Bezahlung, gleiche Rechte und mehr Respekt!<\/p>\n\n\n\n<p class=\"wp-block-paragraph\" style=\"font-size:18px\"><strong>Ich wurde erzogen Frauen den Vortritt zu lassen, die T\u00fcr zu \u00f6ffnen, den Platz anzubieten oder einfach nur Schutz zu gew\u00e4hren. Es sind einfache Verhaltensformen, die in den letzten Jahren verlorengegangen sind. Ich habe kein Problem mit einer gendergerechten Sprache. Vielmehr sollte jedoch wieder Anstand, H\u00f6flichkeit und Respekt in den Vordergrund r\u00fccken. Mit Respekt schlie\u00dft sich auch der Kreis. Unsere Welt befindet sich wie bereits mehrfach erw\u00e4hnt im Wandel. Egoismus, Missgunst und Neid haben Hochkonjunktur. Es wird Zeit dagegen zu halten und Zeichen zu setzen. Zeigen wir doch alle mehr Respekt und Verst\u00e4ndnis. Zeigen wir doch alle, dass wir MEHR sind \u2026\u2026.<\/strong><\/p>\n\n\n\n<div class=\"wp-block-image\"><figure class=\"aligncenter size-large\"><img loading=\"lazy\" decoding=\"async\" width=\"700\" height=\"933\" src=\"https:\/\/echta-derminga.de\/wp-content\/uploads\/2021\/05\/20210515_144552-700x933.jpg\" alt=\"\" class=\"wp-image-9668\" srcset=\"https:\/\/echta-derminga.de\/wp-content\/uploads\/2021\/05\/20210515_144552-700x933.jpg 700w, https:\/\/echta-derminga.de\/wp-content\/uploads\/2021\/05\/20210515_144552-225x300.jpg 225w, https:\/\/echta-derminga.de\/wp-content\/uploads\/2021\/05\/20210515_144552-768x1024.jpg 768w, https:\/\/echta-derminga.de\/wp-content\/uploads\/2021\/05\/20210515_144552.jpg 900w\" sizes=\"auto, (max-width: 700px) 100vw, 700px\" \/><\/figure><\/div>\n","protected":false},"excerpt":{"rendered":"<p>&#8222;Wieso ist der schon gegen Corona geimpft &#8211; und ich nicht?&#8220; Immer \u00f6fter kommt mir in den letzten Wochen diese Frage zu Ohren. Der sogenannte Impfneid greift um sich und zieht viele von uns in seinen Bann. Ich gebe zu, dass auch ich mit der aktuellen Impfstrategie so meine Probleme habe. W\u00e4hrend sich viele Menschen massiv um einen Impftermin bem\u00fchen<\/p>\n","protected":false},"author":1,"featured_media":7653,"comment_status":"open","ping_status":"closed","sticky":false,"template":"","format":"standard","meta":{"_crdt_document":"","footnotes":""},"categories":[1,902],"tags":[],"class_list":["post-9665","post","type-post","status-publish","format-standard","has-post-thumbnail","hentry","category-allgemein","category-meine-meinung"],"_links":{"self":[{"href":"https:\/\/echta-derminga.de\/index.php?rest_route=\/wp\/v2\/posts\/9665","targetHints":{"allow":["GET"]}}],"collection":[{"href":"https:\/\/echta-derminga.de\/index.php?rest_route=\/wp\/v2\/posts"}],"about":[{"href":"https:\/\/echta-derminga.de\/index.php?rest_route=\/wp\/v2\/types\/post"}],"author":[{"embeddable":true,"href":"https:\/\/echta-derminga.de\/index.php?rest_route=\/wp\/v2\/users\/1"}],"replies":[{"embeddable":true,"href":"https:\/\/echta-derminga.de\/index.php?rest_route=%2Fwp%2Fv2%2Fcomments&post=9665"}],"version-history":[{"count":23,"href":"https:\/\/echta-derminga.de\/index.php?rest_route=\/wp\/v2\/posts\/9665\/revisions"}],"predecessor-version":[{"id":9695,"href":"https:\/\/echta-derminga.de\/index.php?rest_route=\/wp\/v2\/posts\/9665\/revisions\/9695"}],"wp:featuredmedia":[{"embeddable":true,"href":"https:\/\/echta-derminga.de\/index.php?rest_route=\/wp\/v2\/media\/7653"}],"wp:attachment":[{"href":"https:\/\/echta-derminga.de\/index.php?rest_route=%2Fwp%2Fv2%2Fmedia&parent=9665"}],"wp:term":[{"taxonomy":"category","embeddable":true,"href":"https:\/\/echta-derminga.de\/index.php?rest_route=%2Fwp%2Fv2%2Fcategories&post=9665"},{"taxonomy":"post_tag","embeddable":true,"href":"https:\/\/echta-derminga.de\/index.php?rest_route=%2Fwp%2Fv2%2Ftags&post=9665"}],"curies":[{"name":"wp","href":"https:\/\/api.w.org\/{rel}","templated":true}]}}