{"id":9697,"date":"2021-05-20T13:51:43","date_gmt":"2021-05-20T12:51:43","guid":{"rendered":"https:\/\/echta-derminga.de\/?p=9697"},"modified":"2021-05-20T18:14:29","modified_gmt":"2021-05-20T17:14:29","slug":"in-sachen-ortsvorsteher-von-vivis-dorfautomaten-einer-neuen-arztpraxis-und-ehrenamtlichen-taetigkeiten","status":"publish","type":"post","link":"https:\/\/echta-derminga.de\/?p=9697","title":{"rendered":"In Sachen Ortsvorsteher: Von &#8222;Vivi&#8217;s Dorfautomaten&#8220;, einer neuen Arztpraxis und ehrenamtlichen T\u00e4tigkeiten"},"content":{"rendered":"\n<p class=\"wp-block-paragraph\" style=\"font-size:18px\">Wenn wir m\u00f6chten, dass unser Heimatort sch\u00f6ner, attraktiver und lebenswerter wird, m\u00fcssen wir alle mit anpacken und die richtigen Entscheidungen treffen. In unserem Dorf gibt es schon seit geraumer Zeit Menschen, die sich genau dies vorgenommen haben. Die Anzahl derer, die ein Ehrenamt oder eine Patenschaft zugunsten unserer Dorfgemeinschaft \u00fcbernommen haben, ist in den letzten Monaten rasant angestiegen. Mit kleinen, aber effektiven Schritten wird unser Dorf St\u00fcck f\u00fcr St\u00fcck aufgewertet und erh\u00e4lt somit am Ende ein sch\u00f6neres Aussehen. Dabei \u00fcbernimmt l\u00e4ngst nicht jeder sofort ein Ehrenamt. Oftmals sind es auch die kleinen Dinge die unser Dorf sch\u00f6ner machen. Schon im letzten Jahr haben sich einige B\u00fcrgerinnen und B\u00fcrger dazu bereiterkl\u00e4rt die Ortseingangsschilder mit Blumen aufzuwerten und zu pflegen. Unser Mitb\u00fcrger Otto Giese hat es sich ebenfalls zur Aufgabe gemacht anzupacken und mitzugestalten. Die erst vor kurzem gereinigte Br\u00fccke, in der Stra\u00dfe \u201eZur alten M\u00fchle\u201c, wurde von Otto Giese kurzerhand mit neuen Blumenk\u00e4sten und wundersch\u00f6nen Blumen versehen. So viel ehrenamtliches Engagement verdient unser aller Respekt, Lob und Anerkennung. Ich m\u00f6chte mich im Namen der Dorfgemeinschaft herzlich bei Otto Giese und allen anderen Mitb\u00fcrger\/innen bedanken die sich gerne in den Dienst der Dorfgemeinschaft stellen.<\/p>\n\n\n\n<p class=\"wp-block-paragraph\" style=\"font-size:18px\"><strong>Gut f\u00fcr Dirmingen &#8211; \u201eVivi\u2019s Dorfautomat\u201c bereichert unseren Heimatort<\/strong><\/p>\n\n\n\n<p class=\"wp-block-paragraph\" style=\"font-size:18px\">Der Dirminger J\u00fcrgen Lautemann kontaktierte mich vor einigen Wochen mit einer neuen Gesch\u00e4ftsidee. Gemeinsam mit seiner Ehefrau Silvia wird J\u00fcrgen Lautemann einen Verpflegungsautomaten in Dirmingen aufstellen. Nach vielen guten und intensiven Gespr\u00e4chen ist es gelungen einen passenden Stellplatz f\u00fcr \u201eVivi\u2019s Dorfautomaten\u201c zu finden. Bereits im Juni wird vor der Lagerhalle (Saar-Lager.de), ehemals Verbrauchermarkt, ein Verpflegungsautomat mit regionalen Lebensmitteln in Betrieb genommen. Die B\u00fcrgerinnen und B\u00fcrger k\u00f6nnen dann an 7 Tagen in der Woche rund um die Uhr frische Produkte aus unserer Region einkaufen. In einem Vorgespr\u00e4ch mit J\u00fcrgen Lautemann und seiner Frau Silvia wurde deutlich, dass dieser Verpflegungsautomat eine echte Bereicherung f\u00fcr unser Dorf werden kann. Bei diesem Verkaufsmodel setzt man bewusst auf regionale Lieferanten und einheimische Qualit\u00e4t. Das Sortiment wird saisonal angepasst, wobei die Produkte u.a. von Fleischwaren Schmitt und dem Wendelinushof kommen werden. Besonderes freue ich mich dar\u00fcber, dass auch unser Dirminger Gefl\u00fcgelhof Heinrich seine einheimischen Produkte in diesem Verpflegungsautomaten anbietet. Zum Startschuss werden neben Antipasti, Salaten und vegetarischen Produkten auch Eier, Nudeln, Getr\u00e4nke und Grillprodukte angeboten. Die Zahlung am Automaten kann \u00fcber Handyzahlung oder Bargeld erfolgen. Die Inbetriebnahme dieses Verpflegungsautomaten kann beim Thema Nahversorgung eine gute Rolle spielen. Ich freue mich dar\u00fcber, dass es gelungen ist dieses Projekt f\u00fcr Dirmingen zu gewinnen. Mein Dank geht an die Inhaberin Silvia Lautemann und ihren Ehemann J\u00fcrgen. Ein besonderer Dank geht an Michael Kr\u00e4mer von IT-Kr\u00e4mer, der sich gerne bereiterkl\u00e4rte dieses Projekt mit einem passenden Stellplatz vor seiner Lagerhalle zu unterst\u00fctzen. Ich w\u00fcnsche viel Erfolg und hoffe, dass \u201eVivi\u2019s Dorfautomat\u201c gut angenommen wird.<\/p>\n\n\n\n<div class=\"wp-block-image\"><figure class=\"aligncenter size-large\"><img loading=\"lazy\" decoding=\"async\" width=\"700\" height=\"372\" src=\"https:\/\/echta-derminga.de\/wp-content\/uploads\/2021\/05\/1-2-700x372.jpg\" alt=\"\" class=\"wp-image-9698\" srcset=\"https:\/\/echta-derminga.de\/wp-content\/uploads\/2021\/05\/1-2-700x372.jpg 700w, https:\/\/echta-derminga.de\/wp-content\/uploads\/2021\/05\/1-2-300x159.jpg 300w, https:\/\/echta-derminga.de\/wp-content\/uploads\/2021\/05\/1-2-768x408.jpg 768w, https:\/\/echta-derminga.de\/wp-content\/uploads\/2021\/05\/1-2.jpg 1000w\" sizes=\"auto, (max-width: 700px) 100vw, 700px\" \/><figcaption>Silvia und J\u00fcrgen Lautemann (links)<\/figcaption><\/figure><\/div>\n\n\n\n<p class=\"wp-block-paragraph\" style=\"font-size:18px\"><strong>Gut f\u00fcr Dirmingen &#8211; Neue Arztpraxis in Dirmingen er\u00f6ffnet <\/strong><\/p>\n\n\n\n<p class=\"wp-block-paragraph\" style=\"font-size:18px\">Am Mittwoch, 19. Mai 21 durfte ich in Begleitung des 1. Beigeordneten Christian Ney und des Wirtschaftsf\u00f6rderes Hans-Peter Hoffmann unseren neuen Arzt Dr. Ezzddin in seiner Praxis (Fritze Eck) besuchen, Bereits im April hat Dr. Ammar Ezzddin seine Praxis er\u00f6ffnet. Grund genug um uns auf den Weg zu machen um unseren neuen Allgemeinmediziner Willkommen zu hei\u00dfen. Der Beigeordnete Christian Ney \u00fcberbrachte die Gr\u00fc\u00dfe des B\u00fcrgermeisters Dr. Andreas Feld. Im Namen des Dirminger Ortsrates und unserer Bev\u00f6lkerung \u00fcberreichte ich Herrn Dr. Ammar Ezzddin ein kleines Willkommensgeschenk. Dr. Ezzddin war sehr Gastfreundlich und berichtete von seinem bisherigen Werdegang vom Herzspezialisten zum Allgemeinmediziner. Ganz bewusst hat sich Dr. Ezzddin f\u00fcr die Praxis in Dirmingen entschieden. Die Arbeit mit den Menschen macht dem Mediziner sehr viel Spa\u00df und ist laut eigener Aussage sehr erf\u00fcllend. Mit dieser Praxiser\u00f6ffnung ist unser Heimatort in medizinischer Hinsicht bestens versorgt.<\/p>\n\n\n\n<div class=\"wp-block-image\"><figure class=\"aligncenter size-large\"><img loading=\"lazy\" decoding=\"async\" width=\"700\" height=\"451\" src=\"https:\/\/echta-derminga.de\/wp-content\/uploads\/2021\/05\/Fank-Klein-Kopie-700x451.jpg\" alt=\"\" class=\"wp-image-9699\" srcset=\"https:\/\/echta-derminga.de\/wp-content\/uploads\/2021\/05\/Fank-Klein-Kopie-700x451.jpg 700w, https:\/\/echta-derminga.de\/wp-content\/uploads\/2021\/05\/Fank-Klein-Kopie-300x193.jpg 300w, https:\/\/echta-derminga.de\/wp-content\/uploads\/2021\/05\/Fank-Klein-Kopie-768x495.jpg 768w, https:\/\/echta-derminga.de\/wp-content\/uploads\/2021\/05\/Fank-Klein-Kopie.jpg 1000w\" sizes=\"auto, (max-width: 700px) 100vw, 700px\" \/><figcaption>Neuer\u00f6ffnung Praxis Dr. Ammar Ezzddin<\/figcaption><\/figure><\/div>\n\n\n\n<p class=\"wp-block-paragraph\" style=\"font-size:18px\"><strong>Dirminger Patenschaften tragen Fr\u00fcchte<\/strong><\/p>\n\n\n\n<p class=\"wp-block-paragraph\" style=\"font-size:18px\">Unsere beiden Bankpaten Josef Wilhelm und Rudi Konetzka haben bis heute \u00fcber 30 B\u00e4nke auf Dirminger Bann saniert, repariert oder ausgetauscht. Die beiden Paten leisten eine vorz\u00fcgliche Arbeit im Sinne unserer Dorfgemeinschaft. In der vergangenen Woche wurde im \u201eB\u00fcttelseck-Ecke&#8220; eine weitere Bank und ein M\u00fclleimer aufgestellt. Dort, im &#8220; B\u00fcttelseck&#8220;, hat unser neuer Pate Harald Gerstner bereits sehr gute Vorarbeit geleistet und das alte Sorgenkind &#8222;B\u00fcttelseck&#8220; wunderbar aufgewertet. Es lohnt sich nun wieder am &#8222;B\u00fcttelseck&#8220; einzukehren und eine Pause zu machen. Ich bin sehr stolz darauf, dass ich mich im letzten Jahr dazu entschlossen habe, das Bankpatenprojekt ins Leben zu rufen. Das ehrenamtliche Engagement dieser drei Mitb\u00fcrger ist eine Bereicherung f\u00fcr unseren Heimatort. <\/p>\n\n\n\n<div class=\"wp-block-image\"><figure class=\"aligncenter size-large\"><img loading=\"lazy\" decoding=\"async\" width=\"700\" height=\"502\" src=\"https:\/\/echta-derminga.de\/wp-content\/uploads\/2021\/05\/20210515_113935-700x502.jpg\" alt=\"\" class=\"wp-image-9702\" srcset=\"https:\/\/echta-derminga.de\/wp-content\/uploads\/2021\/05\/20210515_113935-700x502.jpg 700w, https:\/\/echta-derminga.de\/wp-content\/uploads\/2021\/05\/20210515_113935-300x215.jpg 300w, https:\/\/echta-derminga.de\/wp-content\/uploads\/2021\/05\/20210515_113935-768x551.jpg 768w, https:\/\/echta-derminga.de\/wp-content\/uploads\/2021\/05\/20210515_113935.jpg 1100w\" sizes=\"auto, (max-width: 700px) 100vw, 700px\" \/><figcaption>Neue Sitzm\u00f6glichkeit<\/figcaption><\/figure><\/div>\n\n\n\n<p class=\"wp-block-paragraph\" style=\"font-size:18px\"><strong>Frohes Pfingstfest mit einem \u00f6kumenischen Gottesdienst<\/strong><\/p>\n\n\n\n<p class=\"wp-block-paragraph\" style=\"font-size:18px\">An&nbsp;Pfingsten&nbsp;feiern wir Christen praktisch den Beginn der Glaubensverk\u00fcndung durch die Apostel. Im \u00fcbertragenen Sinne wurde dieses Fest im Laufe der Jahre zum Geburtstag der Kirche. Die Pfarreiengemeinschaft Eppelborn-Dirmingen und die Evangelische Kirchengemeinde Dirmingen nutzen dieses Kirchenfest um ihre \u00f6kumenische Zusammenarbeit voranzutreiben. Vielleicht nutzen auch Sie den Pfingstsonntag, 23.Mai zu einem Besuch dieses \u00f6kumenischen Freiluft-Gottesdienstes um 10:00 Uhr auf der Picknickwiese des Freizeitzentrums Finkenrech. Voranmeldungen sind aufgrund der Hygieneverordnung unbedingt erforderlich. Der Gottesdienst wird von der Gemeindereferentin Anne Haan und dem Evangelischen Pfarrer Harro Eder unter den vorgegebenen hygienebedingten Richtlinien mit Mund- und Nasenschutz und Mindestabstand durchgef\u00fchrt. Eine geeignete Sitzgelegenheit und eventuell auch wetterfeste Kleidung sind mitzubringen. Ich m\u00f6chte Ihnen und Ihren Familien ein sch\u00f6nes und entspanntes Pfingstwochenende w\u00fcnschen. Damit verbinde ich die Hoffnung, dass Sie einige ruhige und harmonische Stunden in den Kreisen ihrer Liebsten genie\u00dfen k\u00f6nnen.<\/p>\n\n\n\n<p class=\"wp-block-paragraph\" style=\"font-size:18px\"><strong>Wenn Sie mich brauchen, wissen Sie wo sie mich finden. Bitte denken sie immer daran, es \u00e4ndert auch hier in unserem Land \u00fcberhaupt nichts, wenn wir es nicht \u00e4ndern&#8230;&#8230;.<\/strong><\/p>\n\n\n\n<p class=\"wp-block-paragraph\" style=\"font-size:18px\">In diesem Sinne<\/p>\n\n\n\n<p class=\"wp-block-paragraph\" style=\"font-size:18px\">Ihr Ortsvorsteher<\/p>\n\n\n\n<p class=\"wp-block-paragraph\" style=\"font-size:18px\">Frank Klein<\/p>\n\n\n\n<div class=\"wp-block-image\"><figure class=\"aligncenter size-large\"><img loading=\"lazy\" decoding=\"async\" width=\"562\" height=\"804\" src=\"https:\/\/echta-derminga.de\/wp-content\/uploads\/2021\/05\/Gottes.png\" alt=\"\" class=\"wp-image-9712\" srcset=\"https:\/\/echta-derminga.de\/wp-content\/uploads\/2021\/05\/Gottes.png 562w, https:\/\/echta-derminga.de\/wp-content\/uploads\/2021\/05\/Gottes-210x300.png 210w\" sizes=\"auto, (max-width: 562px) 100vw, 562px\" \/><\/figure><\/div>\n","protected":false},"excerpt":{"rendered":"<p>Wenn wir m\u00f6chten, dass unser Heimatort sch\u00f6ner, attraktiver und lebenswerter wird, m\u00fcssen wir alle mit anpacken und die richtigen Entscheidungen treffen. In unserem Dorf gibt es schon seit geraumer Zeit Menschen, die sich genau dies vorgenommen haben. Die Anzahl derer, die ein Ehrenamt oder eine Patenschaft zugunsten unserer Dorfgemeinschaft \u00fcbernommen haben, ist in den letzten Monaten rasant angestiegen. Mit kleinen,<\/p>\n","protected":false},"author":1,"featured_media":9701,"comment_status":"open","ping_status":"closed","sticky":false,"template":"","format":"standard","meta":{"_crdt_document":"","footnotes":""},"categories":[1,9,812],"tags":[5,618,127,634,310],"class_list":["post-9697","post","type-post","status-publish","format-standard","has-post-thumbnail","hentry","category-allgemein","category-dorfgetratsche","category-ortsvorsteher-dirmingen","tag-dirmingen","tag-gemeinde-eppelborn","tag-landkreis-neunkirchen","tag-ortsvorsteher","tag-saarland"],"_links":{"self":[{"href":"https:\/\/echta-derminga.de\/index.php?rest_route=\/wp\/v2\/posts\/9697","targetHints":{"allow":["GET"]}}],"collection":[{"href":"https:\/\/echta-derminga.de\/index.php?rest_route=\/wp\/v2\/posts"}],"about":[{"href":"https:\/\/echta-derminga.de\/index.php?rest_route=\/wp\/v2\/types\/post"}],"author":[{"embeddable":true,"href":"https:\/\/echta-derminga.de\/index.php?rest_route=\/wp\/v2\/users\/1"}],"replies":[{"embeddable":true,"href":"https:\/\/echta-derminga.de\/index.php?rest_route=%2Fwp%2Fv2%2Fcomments&post=9697"}],"version-history":[{"count":12,"href":"https:\/\/echta-derminga.de\/index.php?rest_route=\/wp\/v2\/posts\/9697\/revisions"}],"predecessor-version":[{"id":9718,"href":"https:\/\/echta-derminga.de\/index.php?rest_route=\/wp\/v2\/posts\/9697\/revisions\/9718"}],"wp:featuredmedia":[{"embeddable":true,"href":"https:\/\/echta-derminga.de\/index.php?rest_route=\/wp\/v2\/media\/9701"}],"wp:attachment":[{"href":"https:\/\/echta-derminga.de\/index.php?rest_route=%2Fwp%2Fv2%2Fmedia&parent=9697"}],"wp:term":[{"taxonomy":"category","embeddable":true,"href":"https:\/\/echta-derminga.de\/index.php?rest_route=%2Fwp%2Fv2%2Fcategories&post=9697"},{"taxonomy":"post_tag","embeddable":true,"href":"https:\/\/echta-derminga.de\/index.php?rest_route=%2Fwp%2Fv2%2Ftags&post=9697"}],"curies":[{"name":"wp","href":"https:\/\/api.w.org\/{rel}","templated":true}]}}