{"id":9720,"date":"2021-05-23T15:52:06","date_gmt":"2021-05-23T14:52:06","guid":{"rendered":"https:\/\/echta-derminga.de\/?p=9720"},"modified":"2021-05-26T14:50:36","modified_gmt":"2021-05-26T13:50:36","slug":"erinnerungen-an-meine-kinderzeit-off-da-hohl","status":"publish","type":"post","link":"https:\/\/echta-derminga.de\/?p=9720","title":{"rendered":"Liebevoll vernachl\u00e4ssigt &#8211; Erinnerungen an meine Kinderzeit &#8222;Off da Hohl&#8220;"},"content":{"rendered":"\n<blockquote class=\"wp-block-quote is-layout-flow wp-block-quote-is-layout-flow\"><p> <strong>\u201eIch h\u00e4tte nie gedacht, da\u00df ich die alten Strassen, meiner Kinderfilme nochmal wiederseh, wo wir schon morgens auf den Treppenstiegen sa\u00dfen, und wo noch heute Sch\u00fcler in die Schule gehen\u201c<\/strong> <\/p><cite><strong>Songtext: Klaus Hoffmann<\/strong><\/cite><\/blockquote>\n\n\n\n<p class=\"wp-block-paragraph\" style=\"font-size:18px\"><strong>Wenn man sich einmal im Internet umblickt, findet man zahlreiche Stra\u00dfen die den Namen \u201eHohlstrasse\u201c, \u201eHohlweg\u201c oder \u201eIn der Hohl\u201c tragen. Ein solcher Stra\u00dfenname ist in unserem Bundesland keineswegs selten und hat l\u00e4ngst kein Alleinstellungsmerkmal. Mein Elternhaus steht \u201eAuf der Hohl\u201c wobei diese Stra\u00dfe im eigentlichen Sinne den Namen \u201eHerreng\u00e4rten\u201c tr\u00e4gt. &nbsp;Die links neben dem ehemaligen evangelischen Pfarrhaus laufende Stra\u00dfe hat ihren Namen wohl in Anlegung an die Herrschaft derer von Nassau-Saarbr\u00fccken, die das Pfarrhaus im Jahre 1736 erbauten. Heute beginnt und endet die <strong>U-f\u00f6rmige Stra\u00dfe<\/strong> im Grunde auf der B10, die durch unseren Heimatort f\u00fchrt.<\/strong><\/p>\n\n\n\n<p class=\"wp-block-paragraph\" style=\"font-size:18px\">Bereits im Jahre 1767 war die Stra\u00dfe unter dem Namen \u201eHohlgasse\u201c in unserem Dorf bekannt. Ihren heutigen Namen \u201eHerreng\u00e4rten\u201c bekam die Stra\u00dfe wie bereits erw\u00e4hnt erst viel sp\u00e4ter. Die urspr\u00fcngliche &#8222;Hohlgasse&#8220; verlief noch nicht U-f\u00f6rmig, sondern endete oberhalb des Gartens des Pfarrhauses. Zun\u00e4chst d\u00fcrfte der Name \u201eHohlstrasse\u201c, wie in vielen anderen Ortschaften, auf eine r\u00f6hrenf\u00f6rmige und schmale Gasse hingedeutet haben. Ganz fr\u00fcher wurde im sogenannten Unterdorf der heutige Verbindungsweg auch \u201eHohlweg\u201c genannt. Irgendwann entschied sich die ehemalige Gemeinde Dirmingen dazu der Stra\u00dfe den Namen \u201eHerreng\u00e4rten\u201c zu geben. Dabei hat man sich vor der Namensgebung bestens informiert. In den Chroniken hei\u00dft es: <strong>\u201eIm Besitz der Herren des Ortes, die in einem Ortsteil zusammenwohnen und als die reichsten Bauern des Ortes gelten. Wahrscheinlich sind dies die \u00e4ltesten Siedler (Freisassen). Nicht ausgeschlossen ist auch, dass es sich um die G\u00e4rten der \u201eH\u00e4re\u201c d.i der Geistlichen handelte\u201c.<\/strong><\/p>\n\n\n\n<figure class=\"wp-block-gallery columns-2 is-cropped wp-block-gallery-1 is-layout-flex wp-block-gallery-is-layout-flex\"><ul class=\"blocks-gallery-grid\"><li class=\"blocks-gallery-item\"><figure><img loading=\"lazy\" decoding=\"async\" width=\"662\" height=\"629\" src=\"https:\/\/echta-derminga.de\/wp-content\/uploads\/2021\/05\/45.jpg\" alt=\"\" data-id=\"9730\" data-link=\"https:\/\/echta-derminga.de\/?attachment_id=9730\" class=\"wp-image-9730\" srcset=\"https:\/\/echta-derminga.de\/wp-content\/uploads\/2021\/05\/45.jpg 662w, https:\/\/echta-derminga.de\/wp-content\/uploads\/2021\/05\/45-300x285.jpg 300w\" sizes=\"auto, (max-width: 662px) 100vw, 662px\" \/><\/figure><\/li><li class=\"blocks-gallery-item\"><figure><img loading=\"lazy\" decoding=\"async\" width=\"420\" height=\"412\" src=\"https:\/\/echta-derminga.de\/wp-content\/uploads\/2021\/05\/216.jpg\" alt=\"\" data-id=\"9731\" data-full-url=\"https:\/\/echta-derminga.de\/wp-content\/uploads\/2021\/05\/216.jpg\" data-link=\"https:\/\/echta-derminga.de\/?attachment_id=9731\" class=\"wp-image-9731\" srcset=\"https:\/\/echta-derminga.de\/wp-content\/uploads\/2021\/05\/216.jpg 420w, https:\/\/echta-derminga.de\/wp-content\/uploads\/2021\/05\/216-300x294.jpg 300w, https:\/\/echta-derminga.de\/wp-content\/uploads\/2021\/05\/216-75x75.jpg 75w\" sizes=\"auto, (max-width: 420px) 100vw, 420px\" \/><\/figure><\/li><\/ul><\/figure>\n\n\n\n<p class=\"wp-block-paragraph\" style=\"font-size:18px\">Wenn man mich als Kind fragte, wo ich den wohnen w\u00fcrde, antwortete ich:\u201c Off da Hohl\u201c. Meistens lautete die n\u00e4chste Frage: \u201eWo geherschde dann hin?\u201c In der Regel antwortete ich: \u201eMei Vadda is de Zimmermichels Horst\u201c. Meistens war dann alles klar. Der kleine etwas dickliche Junge war also der Enkelsohn von &#8222;Zimmermichels Erna&#8220;. So war das im Dorf, jede Familie hatte einen gesonderten H\u00e4usernamen. Meistens bekam ich noch einen Gru\u00df mit auf den Weg und wurde wohlwollend entlassen. Mein Elternhaus stand also, laut Volksmund &#8222;Off da Hohl\u201c. Genauso wurde die Stra\u00dfe damals genannt, nicht \u201eHohlgasse\u201c oder \u201eHohlweg\u201c sondern \u201eAuf der Hohl\u201c. Das hat seinen guten Grund. Obwohl die heutige &#8222;Herreng\u00e4rten&#8220; oder &#8222;Lachwies&#8220; zun\u00e4chst schon recht schmale Gassen waren, wei\u00dft der Name \u201eHohl\u201c auf eine ganz andere Bedeutung hin. Einheimische wissen, dass sich fr\u00fcher genau dort ein Kalksteinbruch befand. Bis heute ist der Abbruchbereich noch gut und deutlich zu erkennen, wobei auch die alten noch vorhandenen Stollen gut erhalten sind. Der Berg mit dem Flurnamen \u201eAuf der Lehb\u00fchl\u201c wurde an dieser Stelle praktisch ausgeholt. Daraus entstand wohl im Volksmund der Name \u201eHohl\u201c. Interessant ist auch, dass fr\u00fcher einmal die heutige &#8222;Lachwies&#8220; auch \u201eHohlweg\u201c hie\u00df und sp\u00e4ter auch die heutige \u201eHerreng\u00e4rten\u201c den Namen \u201eHochstra\u00dfe&#8220; trug.<\/p>\n\n\n\n<p class=\"wp-block-paragraph\" style=\"font-size:18px\"><strong>Bereits im Jahre 1764 wurde nachweislich in Dirmingen Kalk abgebaut und auch verkauft. Im Jahre 1773 wurde durch die f\u00fcrstliche Regierung eine Verordnung des bergm\u00e4nnischen Betriebes der Kalkgruben  angeordnet. Im Illtal gab es damals kaum Kalkvorkommen. Dadurch gewann die Kalkgewinnung in Dirmingen deutlich an Bedeutung. Der Kalk eignete sich, nach seiner Brennung, zum Hausbau und zum D\u00fcngen von Feldern und zur Bek\u00e4mpfung von Sch\u00e4dlingen an Obstb\u00e4umen. In Dirmingen verlief die Kalkader im Bereich des Belkers, unweit meines Elternhauses. Im Bereich der \u201eLeh\u201c, des \u201eBelkers\u201c und der heutigen &#8222;Ziegelh\u00fctte&#8220; wurden nachweislich Stollen in den Hang getrieben und mit Holzst\u00fctzen abgesichert. Durch die Erfindung des Zements und die modernen D\u00fcngemittel wurde die Kalkgewinnung unrentabel. In Dirmingen wurden viele der \u00e4lteren Bauern- und Wohnh\u00e4user mit Dirminger Kalkm\u00f6rtel gemauert und verputzt. Der Kalkabbau war nicht ungef\u00e4hrlich und nachweislich haben einige M\u00e4nner dabei ihr Leben gelassen. Um die eigene Familie zu ern\u00e4hren, ging man jedoch dieses Risiko bewusst ein. So gesehen lag die Stra\u00dfe meiner Kindheit in einer interessanten Gegend.<\/strong><\/p>\n\n\n\n<figure class=\"wp-block-gallery columns-2 is-cropped wp-block-gallery-2 is-layout-flex wp-block-gallery-is-layout-flex\"><ul class=\"blocks-gallery-grid\"><li class=\"blocks-gallery-item\"><figure><img loading=\"lazy\" decoding=\"async\" width=\"644\" height=\"749\" src=\"https:\/\/echta-derminga.de\/wp-content\/uploads\/2019\/04\/20170417_141044-644x749.jpg\" alt=\"\" data-id=\"3639\" data-link=\"https:\/\/echta-derminga.de\/?attachment_id=3639\" class=\"wp-image-3639\" srcset=\"https:\/\/echta-derminga.de\/wp-content\/uploads\/2019\/04\/20170417_141044-644x749.jpg 644w, https:\/\/echta-derminga.de\/wp-content\/uploads\/2019\/04\/20170417_141044-258x300.jpg 258w, https:\/\/echta-derminga.de\/wp-content\/uploads\/2019\/04\/20170417_141044-768x894.jpg 768w\" sizes=\"auto, (max-width: 644px) 100vw, 644px\" \/><\/figure><\/li><li class=\"blocks-gallery-item\"><figure><img loading=\"lazy\" decoding=\"async\" width=\"700\" height=\"719\" src=\"https:\/\/echta-derminga.de\/wp-content\/uploads\/2021\/05\/33-700x719.jpg\" alt=\"\" data-id=\"9732\" data-full-url=\"https:\/\/echta-derminga.de\/wp-content\/uploads\/2021\/05\/33.jpg\" data-link=\"https:\/\/echta-derminga.de\/?attachment_id=9732\" class=\"wp-image-9732\" srcset=\"https:\/\/echta-derminga.de\/wp-content\/uploads\/2021\/05\/33-700x719.jpg 700w, https:\/\/echta-derminga.de\/wp-content\/uploads\/2021\/05\/33-292x300.jpg 292w, https:\/\/echta-derminga.de\/wp-content\/uploads\/2021\/05\/33-768x789.jpg 768w, https:\/\/echta-derminga.de\/wp-content\/uploads\/2021\/05\/33.jpg 1000w\" sizes=\"auto, (max-width: 700px) 100vw, 700px\" \/><\/figure><\/li><\/ul><\/figure>\n\n\n\n<p class=\"wp-block-paragraph\" style=\"font-size:18px\">Der Kalkabbau auf Dirminger Bann war jedoch nur von kurzer Dauer. Leider gibt es heute nur wenige Hinweise darauf, ob die F\u00f6rderung von Kalk tats\u00e4chlich lukrativ war. Die Aktivit\u00e4ten endete schlie\u00dflich mit der Versteigerung vorhandener Kalksteine. Zu gleicher Zeit wurde von einem Urexweiler Unternehmer versucht, sein Kohlenbergwerk bis ins Dirminger Tal auszudehnen. F\u00fcr dieses Vorhaben wurde das gemeindeeigene Land am \u201eD\u00f6rrwald\u201c und \u201eHintere Losswiesen\u201c verpachtet. Bis auf den gut erkennbaren Steinbruch erinnert heute kaum noch etwas an diese Zeit. Der Bergbau spielte also auch in Dirmingen eine gewichtige Rolle. Im zweiten Weltkrieg wurde viele dieser Stollen als Schutzstelle oder Luftschutzbunker genutzt. Die Familie meiner Gro\u00dfmutter nutzte bei Bombenangriffen entweder einen Luftschutzbunker in der heutigen \u201eIllingerstrasse\u201c oder eben im alten Steinbruch. In diesen Zeiten sa\u00dfen in unz\u00e4hligen Bunkern die Menschen eng zusammen und haarten aus, bis die letzten Bomben gefallen waren. Das m\u00fcssen jedes Mal schreckliche Minuten und manchmal sogar Stunden gewesen sein.<\/p>\n\n\n\n<p class=\"wp-block-paragraph\" style=\"font-size:18px\"><strong>Vor einigen Jahren wollte die heutige Gemeinde Eppelborn, im Bereich \u00f6stlich des Sportplatzes, ein neues Siedlungsgebiet errichten. Bis auf einige Baustellen musste das Vorhaben jedoch aufgegeben werden. Besonders im oberen Teil des Gebietes bestand erhebliche Gefahr durch Senkungen und Einbr\u00fcche durch den fr\u00fcheren Stollenbau. Auch in der N\u00e4he meines heutigen Hauses \u00fcbten einige M\u00e4nner nachweislich den Beruf des Kalkgr\u00e4bers aus. Daraus entstand sp\u00e4ter der H\u00e4username \u201eKalkstollersch\u201c und auch der Stra\u00dfenname &#8222;Am Kalkstollen&#8220;.<\/strong><\/p>\n\n\n\n<p class=\"wp-block-paragraph\" style=\"font-size:18px\">Als mein Gro\u00dfvater nicht mehr aus dem Krieg zur\u00fcckkehrte war meine Oma auf sich alleingestellt und erwarb mein Elternhaus \u201eAuf der Hohl\u201c. Dort musste Sie allein meinen Vater erziehen und f\u00fcr den Unterhalt sorgen. Meine Gro\u00dfmutter war eine bodenst\u00e4ndige, bescheidene, aber auch m\u00fcrrische und herzliche Frau. Sie war immer da! Es gab Zeiten da reichte unsere Welt von der &#8222;Hohl&#8220; bis auf die &#8222;Leh&#8220; wobei lediglich der Geruch von Biermaische, der \u00fcber unser Dorf wehte, an die &#8222;gro\u00dfe weite Welt&#8220; erinnerte.<\/p>\n\n\n\n<div class=\"wp-block-image\"><figure class=\"aligncenter size-large\"><img loading=\"lazy\" decoding=\"async\" width=\"700\" height=\"499\" src=\"https:\/\/echta-derminga.de\/wp-content\/uploads\/2021\/05\/007-Kopie-700x499.jpg\" alt=\"\" class=\"wp-image-9733\" srcset=\"https:\/\/echta-derminga.de\/wp-content\/uploads\/2021\/05\/007-Kopie-700x499.jpg 700w, https:\/\/echta-derminga.de\/wp-content\/uploads\/2021\/05\/007-Kopie-300x214.jpg 300w, https:\/\/echta-derminga.de\/wp-content\/uploads\/2021\/05\/007-Kopie.jpg 721w\" sizes=\"auto, (max-width: 700px) 100vw, 700px\" \/><\/figure><\/div>\n\n\n\n<p class=\"wp-block-paragraph\" style=\"font-size:18px\"><strong>Bis heute begleiten mich beim Durchschreiten \u201eMeiner Stra\u00dfe\u201c nur gute und sch\u00f6ne  Kindheitserinnerungen. Auf dieser Stra\u00dfe durften wir einfach Kind sein. Den ganzen Tag wurde Fu\u00dfball oder auch Cowboy und Indianer gespeilt. Dabei nahmen wir uns die TV-Helden der damaligen Zeit als Vorbild. Wir freuten uns \u00fcber die Augsburger Puppenkiste, Lassie, Flipper, Sindbad oder Kimba, den wei\u00dfen L\u00f6wen. Wir tr\u00e4umten mit Peterschens Mondfahrt und ritten bei Bonanza mit Hoss und Little Joe den Verbrechern nach. Peter Lustig erkl\u00e4rte uns in seiner Sendung &#8222;Pusteblume&#8220; die Welt. Selbst die Werbung war sensationell und bis heute unerreicht. Samstags war Vater damit besch\u00e4ftigt das Auto zu waschen. Das Familienauto war sein ganzer Stolz. Danach wurde gebadet, samstags wurde immer gebadet. Anschlie\u00dfend ging es ab vor dem Klotze. Sportschau, DISCO mit Ilja Richter, ZDF-Hitparade und dann irgendwelche Familienshows mit Kulenkampff oder Peter Alexander. Sonntags h\u00f6rten wir nach dem Kirchgang immer Radio. Wisst ihr noch? \u201ePapa Charly hat gesagt\u2026!??<\/strong><\/p>\n\n\n\n<p class=\"wp-block-paragraph\" style=\"font-size:18px\">Wir freuten uns montags schon auf die ZDF-Hitparade und samstags auf die \u201eRappelkiste\u201c oder \u201eNeues aus Uhlenbusch\u201c. Wir Jungs liebten die Filme von Karl May mit Winnetou und Old Shatterhand. Nach jedem Film verabredeten wir uns, um in Rollenspielen das gesehene nachzueifern. Bei den M\u00e4dchen waren die Barbie-Puppen angesagt. Genau diese Puppe musste es sein. Vater war Bergmann und Mutter war Hausfrau. Den Weg zum Kindergarten auf dem \u201eRender\u201c und sp\u00e4ter zur \u201eAlt Schuul\u201c musste ich selbst finden. Mal zu fu\u00df, mal mit dem Rad. Immer ohne Helm aber daf\u00fcr immer in Eile. Meine Eltern waren keine reichen Leute, daf\u00fcr war es bei uns aber immer gem\u00fctlich und wir f\u00fchlten uns geborgen. <\/p>\n\n\n\n<figure class=\"wp-block-gallery columns-2 is-cropped wp-block-gallery-3 is-layout-flex wp-block-gallery-is-layout-flex\"><ul class=\"blocks-gallery-grid\"><li class=\"blocks-gallery-item\"><figure><img loading=\"lazy\" decoding=\"async\" width=\"589\" height=\"692\" src=\"https:\/\/echta-derminga.de\/wp-content\/uploads\/2021\/01\/freunde-Kopie.jpeg\" alt=\"\" data-id=\"8765\" data-full-url=\"https:\/\/echta-derminga.de\/wp-content\/uploads\/2021\/01\/freunde-Kopie.jpeg\" data-link=\"https:\/\/echta-derminga.de\/?attachment_id=8765\" class=\"wp-image-8765\" srcset=\"https:\/\/echta-derminga.de\/wp-content\/uploads\/2021\/01\/freunde-Kopie.jpeg 589w, https:\/\/echta-derminga.de\/wp-content\/uploads\/2021\/01\/freunde-Kopie-255x300.jpeg 255w\" sizes=\"auto, (max-width: 589px) 100vw, 589px\" \/><\/figure><\/li><li class=\"blocks-gallery-item\"><figure><img loading=\"lazy\" decoding=\"async\" width=\"700\" height=\"751\" src=\"https:\/\/echta-derminga.de\/wp-content\/uploads\/2021\/05\/000-700x751.jpg\" alt=\"\" data-id=\"9734\" data-full-url=\"https:\/\/echta-derminga.de\/wp-content\/uploads\/2021\/05\/000.jpg\" data-link=\"https:\/\/echta-derminga.de\/?attachment_id=9734\" class=\"wp-image-9734\" srcset=\"https:\/\/echta-derminga.de\/wp-content\/uploads\/2021\/05\/000-700x751.jpg 700w, https:\/\/echta-derminga.de\/wp-content\/uploads\/2021\/05\/000-280x300.jpg 280w, https:\/\/echta-derminga.de\/wp-content\/uploads\/2021\/05\/000-768x824.jpg 768w, https:\/\/echta-derminga.de\/wp-content\/uploads\/2021\/05\/000.jpg 900w\" sizes=\"auto, (max-width: 700px) 100vw, 700px\" \/><\/figure><\/li><\/ul><\/figure>\n\n\n\n<p class=\"wp-block-paragraph\" style=\"font-size:18px\"><strong>Unsere Eltern konnten uns noch ohne gro\u00dfe Sorge drau\u00dfen spielen lassen. Eine gute Freundin sagte mal:&#8220;&#8230;wir wurden liebevoll vernachl\u00e4ssigt&#8220;. Sp\u00e4testens wenn wir Hunger hatten, kamen wir Nachhause. Wir wollten immer nur nach drau\u00dfen &#8211; raus auf die Stra\u00dfe. Die ganze \u201eHohl\u201c war unser Spielplatz. Von der \u201eHerreng\u00e4rten\u201c \u00fcber den \u201eSteinbruch\u201c bis hoch zur \u201eLeh\u201c und dem angrenzenden \u201eBelker\u201c. Morgens ging es beizeiten raus und sp\u00e4t Abend musste uns Mutter zur Heimkehr rufen. Es war eine leichte und unbeschwerte Kinderzeit und wenn wir einkaufen gehen mussten, wurde dass in der eigenen Stra\u00dfe bei &#8222;Herreg\u00e4rder Ida&#8220; erledigt. Damals durfte man noch ohne Helm Fahrrad fahren oder auch ohne Absicherung auf den Steinbruch klettern, um die Aussicht zu genie\u00dfen. Heute w\u00fcrde ich das zugegebenerma\u00dfen meinem Sohn niemals erlauben. Wir kannten jeden Baum und jedes Versteck. Wenn wir durstig waren, gingen wir zur Quelle unterhalb der \u201eLeh\u201c um das k\u00fchle Wasser zu trinken. Dort in der N\u00e4he befanden sich auch die besagten alten Stollen, die vom Kalkabbau zeugten. Als Kind haben wir vor den gro\u00dfen Holztoren mit Gittern gehockt und versuchten uns vorzustellen, wie es darin wohl aussehen mag. Heute ist von den Stollen kaum noch was zu sehen.<\/strong><\/p>\n\n\n\n<p class=\"wp-block-paragraph\" style=\"font-size:18px\">Langeweile kannten wir nicht, wir waren Schl\u00fcsselkinder und wenn die Eltern mal nicht da waren, gab es immer noch die Oma. Ich liebte es ihr bei der Haus &#8211; oder Gartenarbeit zuzusehen. Wie Sie Marmelade kochte, Bohnen erntete, Erdbeeren pfl\u00fcckte oder einfach nur \u201eGefilde\u201c machte. Zu meinem Elternhaus geh\u00f6rte ein Gem\u00fcsegarten. Omas H\u00e4nde war gezeichnet von harter Arbeit. &#8222;Dehemm es Dehemm&#8220;, dass gilt heute noch genauso wie fr\u00fcher. Sch\u00f6n, dass meine Kinder heute gerne ihre Gro\u00dfeltern, in meinem Elternhaus, besuchen. So schlie\u00dft sich der Kreis. <\/p>\n\n\n\n<figure class=\"wp-block-gallery columns-3 is-cropped wp-block-gallery-4 is-layout-flex wp-block-gallery-is-layout-flex\"><ul class=\"blocks-gallery-grid\"><li class=\"blocks-gallery-item\"><figure><img loading=\"lazy\" decoding=\"async\" width=\"700\" height=\"1122\" src=\"https:\/\/echta-derminga.de\/wp-content\/uploads\/2021\/05\/1-3-700x1122.jpg\" alt=\"\" data-id=\"9735\" data-link=\"https:\/\/echta-derminga.de\/?attachment_id=9735\" class=\"wp-image-9735\" srcset=\"https:\/\/echta-derminga.de\/wp-content\/uploads\/2021\/05\/1-3-700x1122.jpg 700w, https:\/\/echta-derminga.de\/wp-content\/uploads\/2021\/05\/1-3-187x300.jpg 187w, https:\/\/echta-derminga.de\/wp-content\/uploads\/2021\/05\/1-3-768x1231.jpg 768w, https:\/\/echta-derminga.de\/wp-content\/uploads\/2021\/05\/1-3.jpg 900w\" sizes=\"auto, (max-width: 700px) 100vw, 700px\" \/><\/figure><\/li><li class=\"blocks-gallery-item\"><figure><img loading=\"lazy\" decoding=\"async\" width=\"700\" height=\"1162\" src=\"https:\/\/echta-derminga.de\/wp-content\/uploads\/2021\/05\/2-2-700x1162.jpg\" alt=\"\" data-id=\"9736\" data-link=\"https:\/\/echta-derminga.de\/?attachment_id=9736\" class=\"wp-image-9736\" srcset=\"https:\/\/echta-derminga.de\/wp-content\/uploads\/2021\/05\/2-2-700x1162.jpg 700w, https:\/\/echta-derminga.de\/wp-content\/uploads\/2021\/05\/2-2-181x300.jpg 181w, https:\/\/echta-derminga.de\/wp-content\/uploads\/2021\/05\/2-2-768x1275.jpg 768w, https:\/\/echta-derminga.de\/wp-content\/uploads\/2021\/05\/2-2.jpg 900w\" sizes=\"auto, (max-width: 700px) 100vw, 700px\" \/><\/figure><\/li><li class=\"blocks-gallery-item\"><figure><img loading=\"lazy\" decoding=\"async\" width=\"700\" height=\"968\" src=\"https:\/\/echta-derminga.de\/wp-content\/uploads\/2021\/05\/3-3-700x968.jpg\" alt=\"\" data-id=\"9737\" data-full-url=\"https:\/\/echta-derminga.de\/wp-content\/uploads\/2021\/05\/3-3.jpg\" data-link=\"https:\/\/echta-derminga.de\/?attachment_id=9737\" class=\"wp-image-9737\" srcset=\"https:\/\/echta-derminga.de\/wp-content\/uploads\/2021\/05\/3-3-700x968.jpg 700w, https:\/\/echta-derminga.de\/wp-content\/uploads\/2021\/05\/3-3-217x300.jpg 217w, https:\/\/echta-derminga.de\/wp-content\/uploads\/2021\/05\/3-3-768x1062.jpg 768w, https:\/\/echta-derminga.de\/wp-content\/uploads\/2021\/05\/3-3.jpg 900w\" sizes=\"auto, (max-width: 700px) 100vw, 700px\" \/><\/figure><\/li><\/ul><\/figure>\n\n\n\n<p class=\"wp-block-paragraph\" style=\"font-size:18px\"><strong>War fr\u00fcher also alles besser? Nein, ich w\u00fcrde sagen, es war anders! Am Ende ist es immer das, was man daraus macht. Heute gibt es bessere M\u00f6glichkeiten und auch gr\u00f6\u00dfere Angebote. Die Kunst liegt darin diese sinnvoll zu nutzen. Nicht alles, war fr\u00fcher besser, vielleicht aber einfacher! Wir hatten fr\u00fcher immer irgendeiner Art Sehnsucht. Dabei standen wir aber auch immer unter der Aufsicht der Fenster. Dort hinter den Fenstern spielte sich das Leben ab. Dort hinter den Fenstern fand man Neid, Hass, Liebe und auch Zuversicht. Das war fr\u00fcher schon so und hat sich bis heute nicht ge\u00e4ndert.<\/strong><\/p>\n\n\n\n<blockquote class=\"wp-block-quote is-layout-flow wp-block-quote-is-layout-flow\"><p><strong>\u201eKomm, blauer Mond, Zeig mir noch mal meine alten Gassen \u2013 Ich hab&#8216; heut&#8216; Nacht getr\u00e4umt, Von einem Kind, das sucht und streunt\u201c<\/strong><\/p><cite><strong>Liedtext: Klaus Hoffmann<\/strong><\/cite><\/blockquote>\n","protected":false},"excerpt":{"rendered":"<p>\u201eIch h\u00e4tte nie gedacht, da\u00df ich die alten Strassen, meiner Kinderfilme nochmal wiederseh, wo wir schon morgens auf den Treppenstiegen sa\u00dfen, und wo noch heute Sch\u00fcler in die Schule gehen\u201c Songtext: Klaus Hoffmann Wenn man sich einmal im Internet umblickt, findet man zahlreiche Stra\u00dfen die den Namen \u201eHohlstrasse\u201c, \u201eHohlweg\u201c oder \u201eIn der Hohl\u201c tragen. Ein solcher Stra\u00dfenname ist in unserem<\/p>\n","protected":false},"author":1,"featured_media":9729,"comment_status":"open","ping_status":"closed","sticky":false,"template":"","format":"standard","meta":{"_crdt_document":"","footnotes":""},"categories":[1],"tags":[],"class_list":["post-9720","post","type-post","status-publish","format-standard","has-post-thumbnail","hentry","category-allgemein"],"_links":{"self":[{"href":"https:\/\/echta-derminga.de\/index.php?rest_route=\/wp\/v2\/posts\/9720","targetHints":{"allow":["GET"]}}],"collection":[{"href":"https:\/\/echta-derminga.de\/index.php?rest_route=\/wp\/v2\/posts"}],"about":[{"href":"https:\/\/echta-derminga.de\/index.php?rest_route=\/wp\/v2\/types\/post"}],"author":[{"embeddable":true,"href":"https:\/\/echta-derminga.de\/index.php?rest_route=\/wp\/v2\/users\/1"}],"replies":[{"embeddable":true,"href":"https:\/\/echta-derminga.de\/index.php?rest_route=%2Fwp%2Fv2%2Fcomments&post=9720"}],"version-history":[{"count":33,"href":"https:\/\/echta-derminga.de\/index.php?rest_route=\/wp\/v2\/posts\/9720\/revisions"}],"predecessor-version":[{"id":9766,"href":"https:\/\/echta-derminga.de\/index.php?rest_route=\/wp\/v2\/posts\/9720\/revisions\/9766"}],"wp:featuredmedia":[{"embeddable":true,"href":"https:\/\/echta-derminga.de\/index.php?rest_route=\/wp\/v2\/media\/9729"}],"wp:attachment":[{"href":"https:\/\/echta-derminga.de\/index.php?rest_route=%2Fwp%2Fv2%2Fmedia&parent=9720"}],"wp:term":[{"taxonomy":"category","embeddable":true,"href":"https:\/\/echta-derminga.de\/index.php?rest_route=%2Fwp%2Fv2%2Fcategories&post=9720"},{"taxonomy":"post_tag","embeddable":true,"href":"https:\/\/echta-derminga.de\/index.php?rest_route=%2Fwp%2Fv2%2Ftags&post=9720"}],"curies":[{"name":"wp","href":"https:\/\/api.w.org\/{rel}","templated":true}]}}