{"id":9787,"date":"2021-05-29T13:44:26","date_gmt":"2021-05-29T12:44:26","guid":{"rendered":"https:\/\/echta-derminga.de\/?p=9787"},"modified":"2021-05-29T16:08:09","modified_gmt":"2021-05-29T15:08:09","slug":"ursachenforschung-woher-kommt-der-hass-auf-juden","status":"publish","type":"post","link":"https:\/\/echta-derminga.de\/?p=9787","title":{"rendered":"Ursachenforschung &#8211; Woher kommt der Hass auf Juden ?"},"content":{"rendered":"\n<p class=\"has-medium-font-size wp-block-paragraph\"><strong>Schon in Shakespeares &#8222;Kaufmann von Venedig&#8220; protestiert der Jude Shylock zu Recht gegen jegliche Form von Antisemitismus. &nbsp;Ich kann den heute wieder aufflammenden Hass auf Juden nicht nachvollziehen und frage mich woher diese Abneigung kommt. Wenn heute wieder in deutschen Stra\u00dfen: &#8222;Schei\u00df Jude&#8220; gerufen wird, macht mich das traurig.<\/strong><\/p>\n\n\n\n<blockquote class=\"wp-block-quote is-layout-flow wp-block-quote-is-layout-flow\"><p><strong>&#8222;Und was hat er f\u00fcr Grund! Ich bin ein Jude. Hat nicht ein Jude Augen? Hat nicht ein Jude H\u00e4nde, Gliedma\u00dfen, Werkzeuge, Sinne, Neigungen, Leidenschaften? Mit derselben Speise gen\u00e4hrt, mit denselben Waffen verletzt, denselben Krankheiten unterworfen, mit denselben Mitteln geheilt, gew\u00e4rmt und gek\u00e4ltet von eben dem Winter und Sommer als ein Christ? Wenn ihr uns stecht, bluten wir nicht? Wenn ihr uns kitzelt, lachen wir nicht? Wenn ihr uns vergiftet, sterben wir nicht? Und wenn ihr uns beleidigt, sollen wir uns nicht r\u00e4chen? Sind wir euch in allen Dingen \u00e4hnlich, so wollen wir\u2019s euch auch darin gleich tun. Wenn ein Jude einen Christen beleidigt, was ist seine Demut? Rache. Wenn ein Christ einen Juden beleidigt, was muss seine Geduld sein nach christlichem Vorbild? Nu, Rache. Die Bosheit, die ihr mich lehrt, die will ich aus\u00fcben, und es muss schlimm hergehen, oder ich will es meinen Meistern zuvortun.<\/strong><\/p><cite>(Quelle: Der Kaufmann von Venedig; 1600 ; Shylock)<\/cite><\/blockquote>\n\n\n\n<p class=\"has-medium-font-size wp-block-paragraph\">Der Hass auf Juden ist tief in unserer Gesellschaft verwurzelt. Manchmal frage ich mich, woher diese Abneigung r\u00fchrt und wie sie \u00fcber Generationen hinaus \u00fcbertragen wird. Woher stammt der Antisemitismus, der bis in die kleinsten D\u00f6rfer reicht. Ich pers\u00f6nlich kenne keinen Menschen mit j\u00fcdischen Wurzeln. Ich hatte auch noch nie das Vergn\u00fcgen mich mit jemanden auszutauschen, der j\u00fcdischen Glaubens ist. Eigentlich schade, ich kann mir leider kein eigenes Bild machen. Der Hass auf Juden geht weit zur\u00fcck, wobei schon die Christen den Juden vorwarfen, dass sie an der Kreuzigung von Jesus Christus die Verantwortung tragen. Im Mittelalter wurden Juden verfolgt, weil man ihnen angebliche Kindsmorde unterstellt hat. Ganz oft waren Juden schlaue und intelligente Menschen, die ihren Zeitgenossen etwas voraushatten. Der Neid auf die reichen Juden kam schon recht fr\u00fch zur Geltung. Bis heute gibt es zahlreiche Verschw\u00f6rungsmythen gegen das Judentum. Irgendwie wird diesem Volk immer die Schuld gegeben. Warum eigentlich?<\/p>\n\n\n\n<p class=\"has-medium-font-size wp-block-paragraph\">Leider findet die Geschichte der Juden in unserem Land ihren traurigen H\u00f6hepunkt. Das Drama gipfelte w\u00e4hrend des Nationalsozialismus in einem echten Massenmord. Sechs Millionen Juden wurden von den Nationalsozialisten ermordet. Sechs Millionen. Davon rund vier Millionen in Konzentrations- und Vernichtungslagern. Viele unserer Mitb\u00fcrger haben damals weggesehen oder wussten \u00fcberhaupt nichts von diesen Gr\u00e4ueltaten. Ganz nebenbei ist der Nationalsozialismus nicht die einzige S\u00fcnde unseres Volkes. In den letzten Tagen erreichte uns die Nachricht, dass Deutschland endlich die Gr\u00e4ueltaten an den Nama und den Herero als V\u00f6lkermord anerkennt. Im Jahre 1904 fielen dem verbrecherischen Vorgehen der deutschen \u201eSchutztruppe\u201c in Afrika bis zu 95. 000 Menschen vom Stamm der Herero und Nama zum Opfer. Dieses historische Ereignis gilt nachweislich als der erste verbrecherische V\u00f6lkermord.<\/p>\n\n\n\n<p class=\"has-medium-font-size wp-block-paragraph\"><strong>Unsere Chroniken geben keine Hinweise darauf, ob in Dirmingen zur Zeit des Holocaust j\u00fcdische Mitb\u00fcrger lebten. Absolut sicher kann man sich diesbez\u00fcglich jedoch nicht sein. Meine Recherchen im Staatsarchiv Saarbr\u00fccken haben jedoch ergeben, dass zumindest keine j\u00fcdischen Opfer aus Dirmingen zu beklagen waren. In unserem Nachbarort Illingen hingegen gab es seit Beginn des 18. Jahrhunderts j\u00fcdische Mitb\u00fcrger. Aus vorliegenden Unterlagen geht hervor, dass gegen Mitte des 18.Jahrhunderts in Illingen der j\u00fcdische Begr\u00e4bnisplatz angelegt wurden. Sp\u00e4ter entstand sogar eine j\u00fcdische Gemeinde. Nach dem Ersten Weltkrieg wurde in Illingen vermehrt antisemitisches Gedankengut verbreitet. Zwischen 1933 und 1939 mussten mehr als 100 Juden aus Illingen ihren Heimatort verlassen. W\u00e4hrend des Novemberpogroms von 1938 wurde die vorhandene Synagoge von den Nazis gepl\u00fcndert und angez\u00fcndet. Das Geb\u00e4ude brannte bis auf die Grundmauern nieder und die restlichen Juden mussten fliehen oder wurden festgenommen. Die einheimischen Juden wurden auf LKWs abtransportiert. Illingen liegt nun mal knapp 8 Kilometer von Dirmingen entfernt. Wie haben unsere Landsleute damals reagiert? Aufgrund der N\u00e4he zu Illingen k\u00f6nnen wir davon ausgehen, dass einige j\u00fcdische Mitmenschen auch Kontakt nach Dirmingen pflegten.<\/strong><\/p>\n\n\n\n<div class=\"wp-block-image\"><figure class=\"aligncenter size-large\"><img loading=\"lazy\" decoding=\"async\" width=\"644\" height=\"483\" src=\"https:\/\/echta-derminga.de\/wp-content\/uploads\/2019\/04\/2-1-644x483.jpg\" alt=\"\" class=\"wp-image-3538\" srcset=\"https:\/\/echta-derminga.de\/wp-content\/uploads\/2019\/04\/2-1-644x483.jpg 644w, https:\/\/echta-derminga.de\/wp-content\/uploads\/2019\/04\/2-1-300x225.jpg 300w, https:\/\/echta-derminga.de\/wp-content\/uploads\/2019\/04\/2-1.jpg 700w\" sizes=\"auto, (max-width: 644px) 100vw, 644px\" \/><\/figure><\/div>\n\n\n\n<p class=\"has-medium-font-size wp-block-paragraph\">Woher kommt der Hass auf Juden? Ich pers\u00f6nlich kann mit dieser Abneigung nichts anfangen. Ich m\u00f6chte mich auch nicht verantwortlich f\u00fchlen m\u00fcssen. Meine Familie hat w\u00e4hrend der beiden Weltkriege gro\u00dfe Opfer gebracht. Mein Ur-Gro\u00dfvater fiel w\u00e4hrend des ersten Weltkrieges in Russland und mein Gro\u00dfvater w\u00e4hrend des zweiten Weltkrieges an der Ostfront. Meine Gro\u00dftante wurde w\u00e4hrend eines Luftangriffs auf Dirmingen get\u00f6tet und aus meinem entfernten Verwandtschaftkreis wurde sogar jemand wegen seiner politischen Einstellung, in einem Konzentrationslager get\u00f6tet.\u00a0 Ich k\u00f6nnte also gut und gerne fragen: Was gehen mich eure G\u00f6tter an???<\/p>\n\n\n\n<p class=\"has-medium-font-size wp-block-paragraph\"><strong>Das w\u00e4re jedoch zu einfach! Schlie\u00dflich ist es auch mein Land und auch ich habe in diesem Land meine Geschichte. Der Holocaust-\u00dcberlebende Max Mannheimer sagte einmal: \u201eIhr seid nicht schuld an dem, was war, aber verantwortlich daf\u00fcr, dass es nicht mehr geschieht.\u201c\u00a0 Ich schlie\u00dfe mich diesem guten Zitat an. Wir alle tragen die Verantwortung, dass es nicht wieder geschieht. Wehret den Anf\u00e4ngen und setzt ein Signal f\u00fcr Menschlichkeit. Zugegebenerma\u00dfen wird das gerade f\u00fcr die j\u00fcngere Generation, aufgrund ihrer fehlenden Bindung zur Geschichte, immer schwieriger. Das Netz sorgt mit Fehlinformationen ganz oft daf\u00fcr, dass Hass entsteht.<\/strong><\/p>\n\n\n\n<p class=\"has-medium-font-size wp-block-paragraph\">Bei vielen Corona-Demonstrationen findet man Rechtsextremisten, Linksextremisten, Reichsb\u00fcrger, Impfgegner und auch christliche Gruppen. Alle sind davon \u00fcberzeugt, dass ihre Grundrechte zu Unrecht eingeschr\u00e4nkt wurden. Ich pers\u00f6nliche glaube jedoch, dass gerade die rechtsradikale Szene diese B\u00fchne zur Eigenprofilierung nutzt. Auf vielen Demonstrationen werden erneut Juden f\u00fcr die Pandemie verantwortlich gemacht. Anderorts vergleichen sich manche Coronaleugner mit Holocaustopfern. Gezeigt wird der Davidstern mit der Inschrift \u201eCorona\u201c. Ich frage mich: \u201cGeht\u2019s noch\u201c? Ich lasse jedem seine Meinung und wenn ich mich bem\u00fche, kann ich alles verstehen. F\u00fcr solche Aktionen fehlt mir jedoch die jegliche Form von Empathie. H\u00f6hepunkt dieser unr\u00fchmlichen Entwicklung, war der Auftritt eines Elfj\u00e4hrigen M\u00e4dchens, w\u00e4hrend der \u201eQuerdenker\u201c-Demo in Stuttgart, die sich mit der J\u00fcdin Anne Frank verglichen hatte. Dabei verurteile ich keineswegs das M\u00e4dchen, sondern vielmehr ihre Eltern. \u00a0<\/p>\n\n\n\n<p class=\"has-medium-font-size wp-block-paragraph\"><strong>Jetzt hat es im Nahen Osten wieder geknallt. Der Konflikt um die Region Pal\u00e4stina zwischen Juden und Pal\u00e4stinensern begann im 20. Jahrhundert, wobei bis heute kein Ende in Sicht ist.&nbsp;Alle politischen Bem\u00fchungen waren bisher erfolglos. Man fragt sich: Was hat das alles mit dem Antisemitismus in unserem Land zu tun ? Als die ersten Demonstrationen gegen das j\u00fcdische Volk aufflammten stand ich vor der Frage, warum man dies hier in unserem Land ausdiskutieren muss. Irgendwie scheint unser Land mit seiner Demonstrationsfreiheit eine gute B\u00fchne zu bieten. Auch Kurden oder Osteurop\u00e4er demonstrierten in unserem Land f\u00fcr ihre Rechte in ihrem Heimatland. Soweit so gut, ich habe damit grunds\u00e4tzlich kein Problem. Die Kosten tr\u00e4gt jedoch der Steuerzahler und die Verantwortung bekommt immer die Politik in die Schuhe geschoben. Wahrscheinlich ist dies der Preis f\u00fcr unser uns\u00e4gliches Verhalten w\u00e4hrend des Nationalsozialismus. Genau dort schlie\u00dft sich der Kreis und es stellt sich die Frage, was k\u00f6nnen meine Kinder daf\u00fcr, dass die Leute sich in Nahost nicht vertragen?<\/strong><\/p>\n\n\n\n<p class=\"has-medium-font-size wp-block-paragraph\">Zur Wahrheit geh\u00f6rt aber auch, dass gerade unser Volk gegen\u00fcber den Juden eine gewisse Verantwortung tr\u00e4gt. Wobei bei den j\u00fcngsten Demonstrationen gegen den Nahost Konflikt \u00fcberwiegend Menschen aus Pal\u00e4stina \u201eSchei\u00df Juden\u201c schrien. Keine Frage, nat\u00fcrlich findet man w\u00e4hrend diesen Demonstrationen auch Vertreter der rechten Szene. Witzigerweise zeugen deren Nachnamen ganz oft davon, dass ihre Wurzeln nicht in Deutschland liegen. Grunds\u00e4tzlich haben Diskriminierungen und Fremdenhass jeglicher Art nichts in unserem Land verloren ! <\/p>\n\n\n\n<p class=\"has-medium-font-size wp-block-paragraph\"><strong>Ich f\u00fcr meinen Teil halte es mit Sophie Scholl die w\u00e4hrend des Verh\u00f6rs sagte: \u201eIch f\u00fcr meine Person will mit dem Nationalsozialismus nichts zu tun haben.\u201c&nbsp;Dabei wurde die gute Sophie Scholl von der rechen Szene auch schon zu Propagandazwecken benutzt. Plakate mit der Aufschrift \u201eSophie Scholl w\u00fcrde\u2026..w\u00e4hlen&#8220; entziehen sich jeder Grundlage und sind aus meiner Sicht untragbar.<\/strong><\/p>\n\n\n\n<p class=\"has-medium-font-size wp-block-paragraph\">Vielmehr sollte uns ein weiteres Zitat von Sophie Scholl wachr\u00fctteln und zur Vorsicht mahnen:<\/p>\n\n\n\n<blockquote class=\"wp-block-quote is-layout-flow wp-block-quote-is-layout-flow\"><p><strong>\u201eDer wirkliche Schaden geschieht durch jene Millionen die \u201e\u00fcberleben\u201c wollen. Die ehrlichen M\u00e4nner die nur in Ruhe gelassen werden wollen. Jene die ihre kleinen Leben nicht durch etwas Gr\u00f6\u00dferes als sie selbst gest\u00f6rt haben wollen. Jene ohne Seiten und ohne Gr\u00fcnde.\u201c\u201c<\/strong><\/p><cite>Zitat : Sophie Scholl<\/cite><\/blockquote>\n","protected":false},"excerpt":{"rendered":"<p>Schon in Shakespeares &#8222;Kaufmann von Venedig&#8220; protestiert der Jude Shylock zu Recht gegen jegliche Form von Antisemitismus. &nbsp;Ich kann den heute wieder aufflammenden Hass auf Juden nicht nachvollziehen und frage mich woher diese Abneigung kommt. Wenn heute wieder in deutschen Stra\u00dfen: &#8222;Schei\u00df Jude&#8220; gerufen wird, macht mich das traurig. &#8222;Und was hat er f\u00fcr Grund! Ich bin ein Jude. Hat<\/p>\n","protected":false},"author":1,"featured_media":3534,"comment_status":"open","ping_status":"closed","sticky":false,"template":"","format":"standard","meta":{"_crdt_document":"","footnotes":""},"categories":[1,902],"tags":[5,618,127,310],"class_list":["post-9787","post","type-post","status-publish","format-standard","has-post-thumbnail","hentry","category-allgemein","category-meine-meinung","tag-dirmingen","tag-gemeinde-eppelborn","tag-landkreis-neunkirchen","tag-saarland"],"_links":{"self":[{"href":"https:\/\/echta-derminga.de\/index.php?rest_route=\/wp\/v2\/posts\/9787","targetHints":{"allow":["GET"]}}],"collection":[{"href":"https:\/\/echta-derminga.de\/index.php?rest_route=\/wp\/v2\/posts"}],"about":[{"href":"https:\/\/echta-derminga.de\/index.php?rest_route=\/wp\/v2\/types\/post"}],"author":[{"embeddable":true,"href":"https:\/\/echta-derminga.de\/index.php?rest_route=\/wp\/v2\/users\/1"}],"replies":[{"embeddable":true,"href":"https:\/\/echta-derminga.de\/index.php?rest_route=%2Fwp%2Fv2%2Fcomments&post=9787"}],"version-history":[{"count":22,"href":"https:\/\/echta-derminga.de\/index.php?rest_route=\/wp\/v2\/posts\/9787\/revisions"}],"predecessor-version":[{"id":9809,"href":"https:\/\/echta-derminga.de\/index.php?rest_route=\/wp\/v2\/posts\/9787\/revisions\/9809"}],"wp:featuredmedia":[{"embeddable":true,"href":"https:\/\/echta-derminga.de\/index.php?rest_route=\/wp\/v2\/media\/3534"}],"wp:attachment":[{"href":"https:\/\/echta-derminga.de\/index.php?rest_route=%2Fwp%2Fv2%2Fmedia&parent=9787"}],"wp:term":[{"taxonomy":"category","embeddable":true,"href":"https:\/\/echta-derminga.de\/index.php?rest_route=%2Fwp%2Fv2%2Fcategories&post=9787"},{"taxonomy":"post_tag","embeddable":true,"href":"https:\/\/echta-derminga.de\/index.php?rest_route=%2Fwp%2Fv2%2Ftags&post=9787"}],"curies":[{"name":"wp","href":"https:\/\/api.w.org\/{rel}","templated":true}]}}