{"id":9811,"date":"2021-06-02T19:13:15","date_gmt":"2021-06-02T18:13:15","guid":{"rendered":"https:\/\/echta-derminga.de\/?p=9811"},"modified":"2021-06-02T19:35:03","modified_gmt":"2021-06-02T18:35:03","slug":"vandalismus-und-umweltverschmutzung-vom-taeglichen-kampf-gegen-windmuehlen","status":"publish","type":"post","link":"https:\/\/echta-derminga.de\/?p=9811","title":{"rendered":"Vandalismus und Umweltverschmutzung &#8211; Vom t\u00e4glichen Kampf gegen Windm\u00fchlen"},"content":{"rendered":"\n<p class=\"has-medium-font-size wp-block-paragraph\"><strong>Kein Ende in Sicht: Verspr\u00fchte W\u00e4nde, beschmierte Hausw\u00e4nde, demolierte M\u00fclleimer, illegale M\u00fcllablagerung beziehungsweise illegale Reifenablagerung. Die Verschmutzung und mutwillige Zerst\u00f6rung oder Besch\u00e4digung von privaten oder \u00f6ffentlichen Eigentum hat in den letzten Wochen massiv zugenommen. Auf der Suche nach sinnvollen pr\u00e4ventiven Ma\u00dfnahmen, gerate ich in letzter Zeit st\u00e4ndig in Gefahr die Nerven zu verlieren.<\/strong><\/p>\n\n\n\n<p class=\"has-medium-font-size wp-block-paragraph\">Keine Frage: Wir alle haben in unserer Jugend schonmal Mist gebaut. In den letzten Wochen geht es jedoch nicht mehr nur um irgendwelche Jugends\u00fcnden. Aus meiner Sicht haben wir es hier mit b\u00f6sartigem Vandalismus und einer geh\u00f6rigen Portion Respektlosigkeit zu tun. Den T\u00e4tern fehlt es nicht nur an dem besagten Respekt, sondern auch an jeglicher Empathie. Mit irgendeiner Form von Rebellion oder Protest haben diese unsinnigen Taten nur wenig zu tun.<\/p>\n\n\n\n<p class=\"has-medium-font-size wp-block-paragraph\">Die j\u00fcngsten Vorkommisse in unserem Dorf lassen mich kopfsch\u00fcttelt zur\u00fcck. M\u00fclleimer werden demontiert und in die Ill geworfen, Altglas wird \u00fcber den Br\u00fchlpark verstreut in die Ill geworfen, M\u00fcllt\u00fcten und Gr\u00fcnschnitt werden im Wald abgelagert und Sonderm\u00fcll einfach den Abhang runtergeworfen. Das Recht und Eigentum des anderen wird mit F\u00fc\u00dfen getreten. Dort, wo sich Menschen ehrenamtliche bet\u00e4tigen, wird deren Arbeit einfach kurzerhand zerst\u00f6rt. Blumen werden ausgerissen und privater Besitz zerst\u00f6rt. Einfach so, ohne ersichtlichen Grund. Unser Heimatort hat einen relativ gro\u00dfen Bann der mit reichlich Waldgebiet gesegnet ist. Die zahlreichen Wanderwege laden zum Spazieren, Wandern oder Fahrradfahren ein. Dies h\u00e4lt einige Unverbesserliche jedoch nicht davon ab, ihren Sonderm\u00fcll einfach so auf den Feldweg abzulegen. Es ist zum verzweifeln !<\/p>\n\n\n\n<figure class=\"wp-block-gallery columns-2 is-cropped wp-block-gallery-1 is-layout-flex wp-block-gallery-is-layout-flex\"><ul class=\"blocks-gallery-grid\"><li class=\"blocks-gallery-item\"><figure><img loading=\"lazy\" decoding=\"async\" width=\"700\" height=\"401\" src=\"https:\/\/echta-derminga.de\/wp-content\/uploads\/2021\/06\/3-700x401.jpg\" alt=\"\" data-id=\"9815\" data-full-url=\"https:\/\/echta-derminga.de\/wp-content\/uploads\/2021\/06\/3-scaled.jpg\" data-link=\"https:\/\/echta-derminga.de\/?attachment_id=9815\" class=\"wp-image-9815\" srcset=\"https:\/\/echta-derminga.de\/wp-content\/uploads\/2021\/06\/3-700x401.jpg 700w, https:\/\/echta-derminga.de\/wp-content\/uploads\/2021\/06\/3-300x172.jpg 300w, https:\/\/echta-derminga.de\/wp-content\/uploads\/2021\/06\/3-768x440.jpg 768w, https:\/\/echta-derminga.de\/wp-content\/uploads\/2021\/06\/3-1536x880.jpg 1536w, https:\/\/echta-derminga.de\/wp-content\/uploads\/2021\/06\/3-2048x1174.jpg 2048w\" sizes=\"auto, (max-width: 700px) 100vw, 700px\" \/><\/figure><\/li><li class=\"blocks-gallery-item\"><figure><img loading=\"lazy\" decoding=\"async\" width=\"700\" height=\"490\" src=\"https:\/\/echta-derminga.de\/wp-content\/uploads\/2021\/06\/2-700x490.jpg\" alt=\"\" data-id=\"9813\" data-full-url=\"https:\/\/echta-derminga.de\/wp-content\/uploads\/2021\/06\/2.jpg\" data-link=\"https:\/\/echta-derminga.de\/?attachment_id=9813\" class=\"wp-image-9813\" srcset=\"https:\/\/echta-derminga.de\/wp-content\/uploads\/2021\/06\/2-700x490.jpg 700w, https:\/\/echta-derminga.de\/wp-content\/uploads\/2021\/06\/2-300x210.jpg 300w, https:\/\/echta-derminga.de\/wp-content\/uploads\/2021\/06\/2-768x537.jpg 768w, https:\/\/echta-derminga.de\/wp-content\/uploads\/2021\/06\/2.jpg 868w\" sizes=\"auto, (max-width: 700px) 100vw, 700px\" \/><\/figure><\/li><\/ul><\/figure>\n\n\n\n<p class=\"has-medium-font-size wp-block-paragraph\"><strong>In den letzten Wochen haben sich vermehrt B\u00fcrgerinnen und B\u00fcrger dazu bereit erkl\u00e4rt Verantwortung zu \u00fcbernehmen und mitzuhelfen, dass unser Dorf sch\u00f6ner wird. Leider tragen andere wiederum dazu bei, dass den ehrenamtlichen Mitstreitern sehr schnell die Lust vergeht.<\/strong><\/p>\n\n\n\n<p class=\"has-medium-font-size wp-block-paragraph\">Wir alle k\u00f6nnen uns noch gut daran erinnern, mit welchen Anstrengungen um eine neue Kita in Dirmingen gerungen wurde. In diesem Projekt steckt sehr viel Herzblut. Als nur kurze Zeit sp\u00e4ter auch unsere Grundschule saniert wurde, haben wir uns alle sehr gefreut. Mittlerweile wurde der Schulhof und das Kindergartengel\u00e4nde schon mehrmals Tatort sinnloser Verschmutzung und Graffiti -Spr\u00fcherei. Ich frage mich, was treibt die T\u00e4ter an und was will man mit solchen Aktionen bewirken. Irgendetwas scheint hier schon bei der Erziehung schief gelaufen zu sein. Warum tut man so etwas? Was f\u00fchrt dazu, dass man fremdes Eigentum mit den F\u00fc\u00dfen tritt. Handelt es sich hier vielleicht um eine missverstandene Pers\u00f6nlichkeit, die ihrer Trauer Ausdruck geben m\u00f6chten oder um irgendeine Form von Protest? Fakt ist, die Rechnung zahlt der Steuerzahler.<\/p>\n\n\n\n<p class=\"has-medium-font-size wp-block-paragraph\">Auch das organisierte Verbrechen ist beim Thema Umwelts\u00fcnde am Start. In Dirmingen klagen wir schon seit geraumer Zeit \u00fcber einen zunehmenden Diebstahl von Altkleidern. Eigentlich m\u00fcssten die regionalen Dienstleistungsunternehmen viel \u00f6fter die Container leeren. Allein daf\u00fcr fehlt jegliches Personal. Wir sind gut beraten die S\u00e4cke, die nicht mehr in den Container passen wieder mitzunehmen. Das Deutsche Rote Kreuz (DRK) berichtet in dem Zusammenhang von einer Altkleider-Mafia. Die durchwollten, zerst\u00f6rten Altkleiders\u00e4cke werden irgendwo im Wald oder auf der Wiese abgelegt. Wegr\u00e4umen d\u00fcrfen diese dann die Mitarbeiter der Gemeindeverwaltung oder ehrenamtliche Mitstreiter. Mittlerweile verliert der Baubetriebshof der Gemeindeverwaltung jede Woche enorm viel Arbeitszeit, um den M\u00fcll anderer Leute aufzusammeln. In dieser Zeit h\u00e4tten die Mitarbeiter mit Sicherheit wichtigeres zu tun gehabt.<\/p>\n\n\n\n<figure class=\"wp-block-gallery columns-2 is-cropped wp-block-gallery-2 is-layout-flex wp-block-gallery-is-layout-flex\"><ul class=\"blocks-gallery-grid\"><li class=\"blocks-gallery-item\"><figure><img loading=\"lazy\" decoding=\"async\" width=\"700\" height=\"331\" src=\"https:\/\/echta-derminga.de\/wp-content\/uploads\/2021\/04\/20210410_101725-700x331.jpg\" alt=\"\" data-id=\"9399\" data-full-url=\"https:\/\/echta-derminga.de\/wp-content\/uploads\/2021\/04\/20210410_101725.jpg\" data-link=\"https:\/\/echta-derminga.de\/?attachment_id=9399\" class=\"wp-image-9399\" srcset=\"https:\/\/echta-derminga.de\/wp-content\/uploads\/2021\/04\/20210410_101725-700x331.jpg 700w, https:\/\/echta-derminga.de\/wp-content\/uploads\/2021\/04\/20210410_101725-300x142.jpg 300w, https:\/\/echta-derminga.de\/wp-content\/uploads\/2021\/04\/20210410_101725-768x363.jpg 768w, https:\/\/echta-derminga.de\/wp-content\/uploads\/2021\/04\/20210410_101725.jpg 900w\" sizes=\"auto, (max-width: 700px) 100vw, 700px\" \/><\/figure><\/li><li class=\"blocks-gallery-item\"><figure><img loading=\"lazy\" decoding=\"async\" width=\"637\" height=\"422\" src=\"https:\/\/echta-derminga.de\/wp-content\/uploads\/2020\/09\/120014885_3323762817718420_3124950199152651915_n-Kopie.jpg\" alt=\"\" data-id=\"7489\" data-full-url=\"https:\/\/echta-derminga.de\/wp-content\/uploads\/2020\/09\/120014885_3323762817718420_3124950199152651915_n-Kopie.jpg\" data-link=\"https:\/\/echta-derminga.de\/?attachment_id=7489\" class=\"wp-image-7489\" srcset=\"https:\/\/echta-derminga.de\/wp-content\/uploads\/2020\/09\/120014885_3323762817718420_3124950199152651915_n-Kopie.jpg 637w, https:\/\/echta-derminga.de\/wp-content\/uploads\/2020\/09\/120014885_3323762817718420_3124950199152651915_n-Kopie-300x199.jpg 300w, https:\/\/echta-derminga.de\/wp-content\/uploads\/2020\/09\/120014885_3323762817718420_3124950199152651915_n-Kopie-120x80.jpg 120w\" sizes=\"auto, (max-width: 637px) 100vw, 637px\" \/><\/figure><\/li><\/ul><\/figure>\n\n\n\n<p class=\"has-medium-font-size wp-block-paragraph\"><strong>Was ist also zu tun? Wie k\u00f6nnen wir dieses Problem angehen oder sogar l\u00f6sen? Videokameras, Alarmanlagen und eine dauerhafte Beleuchtung k\u00f6nnen mit Sicherheit helfen. Das Thema Datenschutz sorgt jedoch daf\u00fcr, dass die Anbringung einer Kamera nur bedingt Sinn macht. Aus meiner Sicht der Dinge gibt es nur eine relevante L\u00f6sung gegen dieses Problem: Zivilcourage zeigen!<\/strong> <strong>Wir alle sind aufgerufen mitzumachen und anzupacken. B\u00fcrger, es ist auch dein Dorf!<\/strong><\/p>\n\n\n\n<p class=\"has-medium-font-size wp-block-paragraph\">Immer wieder erlebe ich es, dass Menschen zu mir kommen und einen Tatverd\u00e4chtigen melden. Ganz oft fehlt den Mitb\u00fcrgern der Mut die Sache selbst zur Anzeige zu bringen. Eine Meldung \u00fcber dritte wird von der Polizei nicht angenommen und bringt kaum den gew\u00fcnschten Erfolg. Beim Thema Umweltverschmutzung und Vandalismus m\u00fcssen wir alle viel mehr tun und auch nicht davor zur\u00fcckscheuen selbst eine Anzeige zu schalten. Am besten man fotografiert den Schaden und meldet sich umgehend bei der Polizei. Wegducken und umdrehen hilft uns bei diesem Problem leider nicht weiter. Wichtig ist: Schaut nicht weg, wenn jemand Sachen mutwillig besch\u00e4digt oder zerst\u00f6rt. Macht laut oder sucht Hilfe in unmittelbarer Umgebung. Am besten ist jedoch man ruft sofort die Polizei. Dabei ist es wichtig keineswegs selbst einzugreifen. Es kann durchaus geschehen, dass es zu Gewalt gegen Personen kommen kann. Wenn man eine Tat beobachtet, hat man aus meiner Sicht der Dinge auch eine gewisse Verantwortung Ross und Reiter zu nennen. <\/p>\n\n\n\n<figure class=\"wp-block-gallery columns-2 is-cropped wp-block-gallery-3 is-layout-flex wp-block-gallery-is-layout-flex\"><ul class=\"blocks-gallery-grid\"><li class=\"blocks-gallery-item\"><figure><img loading=\"lazy\" decoding=\"async\" width=\"700\" height=\"399\" src=\"https:\/\/echta-derminga.de\/wp-content\/uploads\/2021\/04\/20210410_111939-1-700x399.jpg\" alt=\"\" data-id=\"9388\" data-full-url=\"https:\/\/echta-derminga.de\/wp-content\/uploads\/2021\/04\/20210410_111939-1-scaled.jpg\" data-link=\"https:\/\/echta-derminga.de\/?attachment_id=9388\" class=\"wp-image-9388\" srcset=\"https:\/\/echta-derminga.de\/wp-content\/uploads\/2021\/04\/20210410_111939-1-700x399.jpg 700w, https:\/\/echta-derminga.de\/wp-content\/uploads\/2021\/04\/20210410_111939-1-300x171.jpg 300w, https:\/\/echta-derminga.de\/wp-content\/uploads\/2021\/04\/20210410_111939-1-768x438.jpg 768w, https:\/\/echta-derminga.de\/wp-content\/uploads\/2021\/04\/20210410_111939-1-1536x875.jpg 1536w, https:\/\/echta-derminga.de\/wp-content\/uploads\/2021\/04\/20210410_111939-1-2048x1167.jpg 2048w\" sizes=\"auto, (max-width: 700px) 100vw, 700px\" \/><\/figure><\/li><li class=\"blocks-gallery-item\"><figure><img loading=\"lazy\" decoding=\"async\" width=\"691\" height=\"402\" src=\"https:\/\/echta-derminga.de\/wp-content\/uploads\/2020\/05\/1-2.jpg\" alt=\"\" data-id=\"6310\" data-full-url=\"https:\/\/echta-derminga.de\/wp-content\/uploads\/2020\/05\/1-2.jpg\" data-link=\"https:\/\/echta-derminga.de\/?attachment_id=6310\" class=\"wp-image-6310\" srcset=\"https:\/\/echta-derminga.de\/wp-content\/uploads\/2020\/05\/1-2.jpg 691w, https:\/\/echta-derminga.de\/wp-content\/uploads\/2020\/05\/1-2-300x175.jpg 300w, https:\/\/echta-derminga.de\/wp-content\/uploads\/2020\/05\/1-2-350x205.jpg 350w\" sizes=\"auto, (max-width: 691px) 100vw, 691px\" \/><\/figure><\/li><\/ul><\/figure>\n\n\n\n<p class=\"has-medium-font-size wp-block-paragraph\"><strong>Im t\u00e4glichen Leben sollten wir im Umgang mit Kindern eine Vorbildfunktion \u00fcbernehmen. Unsere Kinder sollten fr\u00fch erfahren wie man mit \u00f6ffentlichem, fremden oder privatem Eigentum umgeht. Vandalismus und Umwelts\u00fcnden gehen uns schlie\u00dflich alle an. Wer eine \u201eGemeinsch\u00e4dliche Sachbesch\u00e4digung\u201c (\u00a7 304 StGB) begeht, muss mit bis zu drei Jahren Freiheitsstrafe oder einer Geldstrafe rechnen. Jedes Jahr entsteht bundesweit Sch\u00e4den in Millionenh\u00f6he, die WIR alle gemeinsam bezahlen m\u00fcssen.<\/strong> <strong>Ich f\u00fcr meinen Teil werde mich nicht wegducken und auch nicht weichen. Ich kann und m\u00f6chte mir das nicht weiter gefallen lassen&#8230;..<\/strong><\/p>\n\n\n\n<figure class=\"wp-block-gallery columns-3 is-cropped wp-block-gallery-4 is-layout-flex wp-block-gallery-is-layout-flex\"><ul class=\"blocks-gallery-grid\"><li class=\"blocks-gallery-item\"><figure><img loading=\"lazy\" decoding=\"async\" width=\"700\" height=\"394\" src=\"https:\/\/echta-derminga.de\/wp-content\/uploads\/2021\/04\/IMG-20210409-WA0015-Kopie-700x394.jpg\" alt=\"\" data-id=\"9389\" data-full-url=\"https:\/\/echta-derminga.de\/wp-content\/uploads\/2021\/04\/IMG-20210409-WA0015-Kopie.jpg\" data-link=\"https:\/\/echta-derminga.de\/?attachment_id=9389\" class=\"wp-image-9389\" srcset=\"https:\/\/echta-derminga.de\/wp-content\/uploads\/2021\/04\/IMG-20210409-WA0015-Kopie-700x394.jpg 700w, https:\/\/echta-derminga.de\/wp-content\/uploads\/2021\/04\/IMG-20210409-WA0015-Kopie-300x169.jpg 300w, https:\/\/echta-derminga.de\/wp-content\/uploads\/2021\/04\/IMG-20210409-WA0015-Kopie-768x432.jpg 768w, https:\/\/echta-derminga.de\/wp-content\/uploads\/2021\/04\/IMG-20210409-WA0015-Kopie.jpg 900w\" sizes=\"auto, (max-width: 700px) 100vw, 700px\" \/><\/figure><\/li><li class=\"blocks-gallery-item\"><figure><img loading=\"lazy\" decoding=\"async\" width=\"700\" height=\"525\" src=\"https:\/\/echta-derminga.de\/wp-content\/uploads\/2021\/04\/IMG-20210410-WA0024-Kopie-700x525.jpg\" alt=\"\" data-id=\"9398\" data-full-url=\"https:\/\/echta-derminga.de\/wp-content\/uploads\/2021\/04\/IMG-20210410-WA0024-Kopie.jpg\" data-link=\"https:\/\/echta-derminga.de\/?attachment_id=9398\" class=\"wp-image-9398\" srcset=\"https:\/\/echta-derminga.de\/wp-content\/uploads\/2021\/04\/IMG-20210410-WA0024-Kopie-700x525.jpg 700w, https:\/\/echta-derminga.de\/wp-content\/uploads\/2021\/04\/IMG-20210410-WA0024-Kopie-300x225.jpg 300w, https:\/\/echta-derminga.de\/wp-content\/uploads\/2021\/04\/IMG-20210410-WA0024-Kopie-768x576.jpg 768w, https:\/\/echta-derminga.de\/wp-content\/uploads\/2021\/04\/IMG-20210410-WA0024-Kopie.jpg 800w\" sizes=\"auto, (max-width: 700px) 100vw, 700px\" \/><\/figure><\/li><li class=\"blocks-gallery-item\"><figure><img loading=\"lazy\" decoding=\"async\" width=\"700\" height=\"392\" src=\"https:\/\/echta-derminga.de\/wp-content\/uploads\/2021\/06\/6-1-700x392.jpg\" alt=\"\" data-id=\"9817\" data-full-url=\"https:\/\/echta-derminga.de\/wp-content\/uploads\/2021\/06\/6-1.jpg\" data-link=\"https:\/\/echta-derminga.de\/?attachment_id=9817\" class=\"wp-image-9817\" srcset=\"https:\/\/echta-derminga.de\/wp-content\/uploads\/2021\/06\/6-1-700x392.jpg 700w, https:\/\/echta-derminga.de\/wp-content\/uploads\/2021\/06\/6-1-300x168.jpg 300w, https:\/\/echta-derminga.de\/wp-content\/uploads\/2021\/06\/6-1-768x430.jpg 768w, https:\/\/echta-derminga.de\/wp-content\/uploads\/2021\/06\/6-1.jpg 1000w\" sizes=\"auto, (max-width: 700px) 100vw, 700px\" \/><\/figure><\/li><li class=\"blocks-gallery-item\"><figure><img loading=\"lazy\" decoding=\"async\" width=\"700\" height=\"592\" src=\"https:\/\/echta-derminga.de\/wp-content\/uploads\/2021\/06\/6-2-700x592.jpg\" alt=\"\" data-id=\"9818\" data-full-url=\"https:\/\/echta-derminga.de\/wp-content\/uploads\/2021\/06\/6-2.jpg\" data-link=\"https:\/\/echta-derminga.de\/?attachment_id=9818\" class=\"wp-image-9818\" srcset=\"https:\/\/echta-derminga.de\/wp-content\/uploads\/2021\/06\/6-2-700x592.jpg 700w, https:\/\/echta-derminga.de\/wp-content\/uploads\/2021\/06\/6-2-300x254.jpg 300w, https:\/\/echta-derminga.de\/wp-content\/uploads\/2021\/06\/6-2-768x649.jpg 768w, https:\/\/echta-derminga.de\/wp-content\/uploads\/2021\/06\/6-2-1536x1298.jpg 1536w, https:\/\/echta-derminga.de\/wp-content\/uploads\/2021\/06\/6-2.jpg 1600w\" sizes=\"auto, (max-width: 700px) 100vw, 700px\" \/><\/figure><\/li><li class=\"blocks-gallery-item\"><figure><img loading=\"lazy\" decoding=\"async\" width=\"700\" height=\"1108\" src=\"https:\/\/echta-derminga.de\/wp-content\/uploads\/2021\/06\/7-700x1108.jpg\" alt=\"\" data-id=\"9819\" data-full-url=\"https:\/\/echta-derminga.de\/wp-content\/uploads\/2021\/06\/7.jpg\" data-link=\"https:\/\/echta-derminga.de\/?attachment_id=9819\" class=\"wp-image-9819\" srcset=\"https:\/\/echta-derminga.de\/wp-content\/uploads\/2021\/06\/7-700x1108.jpg 700w, https:\/\/echta-derminga.de\/wp-content\/uploads\/2021\/06\/7-190x300.jpg 190w, https:\/\/echta-derminga.de\/wp-content\/uploads\/2021\/06\/7-768x1215.jpg 768w, https:\/\/echta-derminga.de\/wp-content\/uploads\/2021\/06\/7.jpg 817w\" sizes=\"auto, (max-width: 700px) 100vw, 700px\" \/><\/figure><\/li><li class=\"blocks-gallery-item\"><figure><img loading=\"lazy\" decoding=\"async\" width=\"700\" height=\"1002\" src=\"https:\/\/echta-derminga.de\/wp-content\/uploads\/2021\/06\/8-700x1002.jpg\" alt=\"\" data-id=\"9820\" data-full-url=\"https:\/\/echta-derminga.de\/wp-content\/uploads\/2021\/06\/8.jpg\" data-link=\"https:\/\/echta-derminga.de\/?attachment_id=9820\" class=\"wp-image-9820\" srcset=\"https:\/\/echta-derminga.de\/wp-content\/uploads\/2021\/06\/8-700x1002.jpg 700w, https:\/\/echta-derminga.de\/wp-content\/uploads\/2021\/06\/8-210x300.jpg 210w, https:\/\/echta-derminga.de\/wp-content\/uploads\/2021\/06\/8-768x1100.jpg 768w, https:\/\/echta-derminga.de\/wp-content\/uploads\/2021\/06\/8.jpg 850w\" sizes=\"auto, (max-width: 700px) 100vw, 700px\" \/><\/figure><\/li><\/ul><\/figure>\n","protected":false},"excerpt":{"rendered":"<p>Kein Ende in Sicht: Verspr\u00fchte W\u00e4nde, beschmierte Hausw\u00e4nde, demolierte M\u00fclleimer, illegale M\u00fcllablagerung beziehungsweise illegale Reifenablagerung. Die Verschmutzung und mutwillige Zerst\u00f6rung oder Besch\u00e4digung von privaten oder \u00f6ffentlichen Eigentum hat in den letzten Wochen massiv zugenommen. Auf der Suche nach sinnvollen pr\u00e4ventiven Ma\u00dfnahmen, gerate ich in letzter Zeit st\u00e4ndig in Gefahr die Nerven zu verlieren. Keine Frage: Wir alle haben in unserer<\/p>\n","protected":false},"author":1,"featured_media":9823,"comment_status":"open","ping_status":"closed","sticky":false,"template":"","format":"standard","meta":{"_crdt_document":"","footnotes":""},"categories":[1,9,902],"tags":[5,618,127,310],"class_list":["post-9811","post","type-post","status-publish","format-standard","has-post-thumbnail","hentry","category-allgemein","category-dorfgetratsche","category-meine-meinung","tag-dirmingen","tag-gemeinde-eppelborn","tag-landkreis-neunkirchen","tag-saarland"],"_links":{"self":[{"href":"https:\/\/echta-derminga.de\/index.php?rest_route=\/wp\/v2\/posts\/9811","targetHints":{"allow":["GET"]}}],"collection":[{"href":"https:\/\/echta-derminga.de\/index.php?rest_route=\/wp\/v2\/posts"}],"about":[{"href":"https:\/\/echta-derminga.de\/index.php?rest_route=\/wp\/v2\/types\/post"}],"author":[{"embeddable":true,"href":"https:\/\/echta-derminga.de\/index.php?rest_route=\/wp\/v2\/users\/1"}],"replies":[{"embeddable":true,"href":"https:\/\/echta-derminga.de\/index.php?rest_route=%2Fwp%2Fv2%2Fcomments&post=9811"}],"version-history":[{"count":7,"href":"https:\/\/echta-derminga.de\/index.php?rest_route=\/wp\/v2\/posts\/9811\/revisions"}],"predecessor-version":[{"id":9827,"href":"https:\/\/echta-derminga.de\/index.php?rest_route=\/wp\/v2\/posts\/9811\/revisions\/9827"}],"wp:featuredmedia":[{"embeddable":true,"href":"https:\/\/echta-derminga.de\/index.php?rest_route=\/wp\/v2\/media\/9823"}],"wp:attachment":[{"href":"https:\/\/echta-derminga.de\/index.php?rest_route=%2Fwp%2Fv2%2Fmedia&parent=9811"}],"wp:term":[{"taxonomy":"category","embeddable":true,"href":"https:\/\/echta-derminga.de\/index.php?rest_route=%2Fwp%2Fv2%2Fcategories&post=9811"},{"taxonomy":"post_tag","embeddable":true,"href":"https:\/\/echta-derminga.de\/index.php?rest_route=%2Fwp%2Fv2%2Ftags&post=9811"}],"curies":[{"name":"wp","href":"https:\/\/api.w.org\/{rel}","templated":true}]}}