{"id":9828,"date":"2021-06-05T12:47:59","date_gmt":"2021-06-05T11:47:59","guid":{"rendered":"https:\/\/echta-derminga.de\/?p=9828"},"modified":"2021-06-05T12:50:12","modified_gmt":"2021-06-05T11:50:12","slug":"in-sachen-ortsvorsteher-vom-naechsten-schritt-in-sachen-bruehlpark-und-nervenden-umweltsuendern","status":"publish","type":"post","link":"https:\/\/echta-derminga.de\/?p=9828","title":{"rendered":"In Sachen Ortsvorsteher: Vom n\u00e4chsten Schritt in Sachen Br\u00fchlpark und nervigen Umwelts\u00fcnden"},"content":{"rendered":"\n<p class=\"has-medium-font-size wp-block-paragraph\">Wie Sie bereits an dieser Stelle und in den sozialen Medien erfahren konnten, haben wir in Dirmingen wieder vermehrt mit Vandalismus und Umweltverschmutzung zu tun. Ich m\u00f6chte Sie dazu ermutigen diesen Straftaten entgegenzuwirken. Bitte zeigen Sie mit ihrer Zivilcourage Flagge und ein deutliches Zeichen f\u00fcr unseren Heimatort. Zweifellos gibt es auch gute Nachrichten. Immer mehr B\u00fcrgerinnen und B\u00fcrger sind bereit im Ehrenamt Verantwortung zu \u00fcbernehmen. Vielleicht ist dies eines der wenigen guten Dinge, die diese Pandemie mit sich gebracht hat. Die Identifikation zu unserem Heimatort ist in den letzten Monaten zusehends gewachsen. In diesem Zusammenhang m\u00f6chte ich unser Bankpatenprojekt hervorheben. W\u00f6chentlich wird in ehrenamtlicher T\u00e4tigkeit an den vielen B\u00e4nken in unserem Heimatort gearbeitet. Inzwischen wurden die meisten unserer B\u00e4nke nummeriert und in einem Bankkataster angelegt. Sollten Sie also einen Schaden an einer Bank erkennen, brauchen Sie uns einfach nur anzurufen und die Banknummer mitzuteilen. Das Ganze erleichtert unseren Paten und auch der Bev\u00f6lkerung die Arbeit. Unabh\u00e4ngig davon wird vieles in unserem Dorf auf dem \u201ekleinen Dienstweg\u201c erledigt. Menschen \u00fcbernehmen Verantwortung f\u00fcr die Ortseingangsschilder, kaufen Blumenk\u00e4sten und f\u00fcllen diese mit Leben und reinigen gemeindeeigenes Eigentum. Das alles ohne gro\u00dfes Aufheben im Sinne der Dorfgemeinschaft. Gro\u00dfe Fortschritte macht auch die Aufwertung des \u201eB\u00fcttels Eck\u201c. Dort arbeitet der neue zust\u00e4ndige Pate Harald Gerstner seit geraumer Zeit auf Hochtouren. Unser Bankpate Josef Wilhelm hat die Chance ergriffen und eine neue Bank mit M\u00fclleimer angebracht. Bez\u00fcglich des Br\u00fchlparks wird ebenfalls an einer Aufwertung gearbeitet. Der Bankpate Rudi Kontzeka arbeitet bereits an der Umsetzung seiner Pl\u00e4ne. Sie sehen also, unsere Dorfgemeinschaft befindet sich durchaus auf einem guten Weg. Wenn, ja wenn, da nicht st\u00e4ndig diese unn\u00f6tigen St\u00f6rfeuer durch Vandalismus und Umweltverschmutzung w\u00e4ren.<\/p>\n\n\n\n<figure class=\"wp-block-gallery columns-2 is-cropped wp-block-gallery-1 is-layout-flex wp-block-gallery-is-layout-flex\"><ul class=\"blocks-gallery-grid\"><li class=\"blocks-gallery-item\"><figure><img loading=\"lazy\" decoding=\"async\" width=\"700\" height=\"502\" src=\"https:\/\/echta-derminga.de\/wp-content\/uploads\/2021\/06\/20210515_113935-700x502-1.jpg\" alt=\"\" data-id=\"9863\" data-link=\"https:\/\/echta-derminga.de\/?attachment_id=9863\" class=\"wp-image-9863\" srcset=\"https:\/\/echta-derminga.de\/wp-content\/uploads\/2021\/06\/20210515_113935-700x502-1.jpg 700w, https:\/\/echta-derminga.de\/wp-content\/uploads\/2021\/06\/20210515_113935-700x502-1-300x215.jpg 300w\" sizes=\"auto, (max-width: 700px) 100vw, 700px\" \/><\/figure><\/li><li class=\"blocks-gallery-item\"><figure><img loading=\"lazy\" decoding=\"async\" width=\"700\" height=\"467\" src=\"https:\/\/echta-derminga.de\/wp-content\/uploads\/2021\/06\/Bankpaten-Harald-Gerstner-Kopie-700x467.jpg\" alt=\"\" data-id=\"9864\" data-full-url=\"https:\/\/echta-derminga.de\/wp-content\/uploads\/2021\/06\/Bankpaten-Harald-Gerstner-Kopie-scaled.jpg\" data-link=\"https:\/\/echta-derminga.de\/?attachment_id=9864\" class=\"wp-image-9864\" srcset=\"https:\/\/echta-derminga.de\/wp-content\/uploads\/2021\/06\/Bankpaten-Harald-Gerstner-Kopie-700x467.jpg 700w, https:\/\/echta-derminga.de\/wp-content\/uploads\/2021\/06\/Bankpaten-Harald-Gerstner-Kopie-300x200.jpg 300w, https:\/\/echta-derminga.de\/wp-content\/uploads\/2021\/06\/Bankpaten-Harald-Gerstner-Kopie-768x512.jpg 768w, https:\/\/echta-derminga.de\/wp-content\/uploads\/2021\/06\/Bankpaten-Harald-Gerstner-Kopie-1536x1024.jpg 1536w, https:\/\/echta-derminga.de\/wp-content\/uploads\/2021\/06\/Bankpaten-Harald-Gerstner-Kopie-2048x1365.jpg 2048w\" sizes=\"auto, (max-width: 700px) 100vw, 700px\" \/><\/figure><\/li><\/ul><\/figure>\n\n\n\n<p class=\"has-medium-font-size wp-block-paragraph\"><strong>In Sachen Br\u00fchlpark &#8211; Jetzt weitermachen !<\/strong><\/p>\n\n\n\n<p class=\"has-medium-font-size wp-block-paragraph\">Der Dirminger Br\u00fchlpark ist eine \u00f6ffentliche Gr\u00fcnfl\u00e4che im Zentrum unseres Heimatortes. Es gibt nicht viele D\u00f6rfer unserer Gr\u00f6\u00dfenordnung die \u00fcber eine solche Wohlf\u00fchloase im Herzen des Dorfes verf\u00fcgen. Nachdem unser verstorbener Ortsvorsteher Manfred Klein mit dem Bau eines Illstrandes ein erstes Zeichen gesetzt hatte, m\u00f6chte ich genau dort ansetzen und weitermachen. Die Aufwertung des Dirminger Br\u00fchlparkes ist mir eine Herzensangelegenheit und gelingt nur in einem gemeinsamen Schulterschluss. Der Ortsrat hat mir zuletzt den Auftrag gegeben, dass Thema &#8222;Br\u00fchlpark&#8220; weiter zu forcieren. Ich freue mich dar\u00fcber, dass auch B\u00fcrgermeister Dr. Feld und die Gemeindeverwaltung an meiner Seite stehen. Im vergangenen Jahr hat unsere Dorfgemeinschaft im Br\u00fchlpark gro\u00dfartiges geleistet. \u00dcber 70 Menschen aus unserem Dorf beteiligten sich an einem Arbeitseinsatz. Diese Arbeit soll und darf nicht umsonst gewesen sein. Nach dem Arbeitseinsatz fand ein gemeinsames &#8222;Brainstorming&#8220; statt. Die dort gemeinsam beschlossen Ergebnisse habe ich bereits im vergangenen Herbst unserem B\u00fcrgermeister \u00fcberreicht. Ziel ist es, mit Hilfe der Verwaltung, in den Topf des sogenannten ELER-Programms zu gelangen. Aus meiner Sicht der Dinge erf\u00fcllt unsere Sache alle Voraussetzungen um finanzielle Zusch\u00fcsse dieses ELER-Programms zu bekommen. Gerade wenn man eine Durchf\u00fchrung von Bauma\u00dfnahmen, Dorfentwicklungskonzepten oder anderen Ma\u00dfnahmen zur St\u00e4rkung des Tourismus und d\u00f6rflichen Lebens plant, kann man auf eine finanzielle Geldspritze setzen. Um unseren Br\u00fchlpark aufzuwerten brauchen wir genau dieses Geld. Nach R\u00fccksprache mit B\u00fcrgermeister Dr. Feld wurden zudem Gelder in den aktuellen Haushalt eingesetzt. In den letzten Monaten waren wir keineswegs unt\u00e4tig. F\u00fcr einen entsprechenden Antrag f\u00fcr das ELER-Programm mussten einige Details gekl\u00e4rt werden. Mit Hilfe des Bauamts unserer Verwaltung und besonders mit einigen ehrenamtlichen Mitstreitern ist es gelungen einen guten Plan zu entwickeln. Ich bin zuversichtlich, dass die n\u00e4chsten Monate gute Nachrichten bringen werden. Ideen gibt es nicht zuletzt auch wegen des gemeinsamen &#8222;Brainstorming&#8220; unserer Dorfgemeinschaft, Nach etlichen Gespr\u00e4chen mit B\u00fcrgerinnen und B\u00fcrgern sowie mit Vereinen und Organisationen bin ich zur \u00dcberzeugung gekommen, dass ein Bouleplatz genau das richtige f\u00fcr unseren Br\u00fchlpark w\u00e4re. Obwohl der neu gegr\u00fcndete Bouleverein Dirmingen derzeit eine Boulehalle an der Dirminger Tennisanlage errichtet, bietet ein Bouleplatz in Br\u00fchlpark eine perfekte Alternative. Au\u00dferdem k\u00f6nnte man den Platz als Multifunktionsfeld nutzen auf dem man auch z. B Volleyball spielen k\u00f6nnte. Zudem ben\u00f6tigen wir im Br\u00fchlpark neue Sitzm\u00f6glichkeiten, neue Beleuchtungsvorrichtungen, eine Ausbesserung des Gehweges, neue Blumenfelder und eine Erholungsm\u00f6glichkeit f\u00fcr Familie und Kinder. Der Dirminger Br\u00fchlpark soll damit noch mehr in das Bewusstsein unserer Bev\u00f6lkerung ger\u00fcckt werden. Der Antrag auf Unterst\u00fctzung des ELER-Programms muss Ende Juni gestellt werden. B\u00fcrgermeister Dr. Feld hat mir zugesagt den Antrag mit seiner Verwaltung einzureichen. Sollte der Br\u00fchlpark eine Aufwertung erfahren, ist dies mit Unterst\u00fctzung und nach den Pl\u00e4nen der Dorfgemeinschaft geschehen. Somit hat die Bev\u00f6lkerung ma\u00dfgeblich an dem Projekt Br\u00fchlpark mitgearbeitet. W\u00e4re das nicht wunderbar ?<\/p>\n\n\n\n<figure class=\"wp-block-gallery columns-3 is-cropped wp-block-gallery-2 is-layout-flex wp-block-gallery-is-layout-flex\"><ul class=\"blocks-gallery-grid\"><li class=\"blocks-gallery-item\"><figure><img loading=\"lazy\" decoding=\"async\" width=\"700\" height=\"525\" src=\"https:\/\/echta-derminga.de\/wp-content\/uploads\/2021\/01\/Ill-700x525.jpg\" alt=\"\" data-id=\"8580\" data-full-url=\"https:\/\/echta-derminga.de\/wp-content\/uploads\/2021\/01\/Ill.jpg\" data-link=\"https:\/\/echta-derminga.de\/?attachment_id=8580\" class=\"wp-image-8580\" srcset=\"https:\/\/echta-derminga.de\/wp-content\/uploads\/2021\/01\/Ill-700x525.jpg 700w, https:\/\/echta-derminga.de\/wp-content\/uploads\/2021\/01\/Ill-300x225.jpg 300w, https:\/\/echta-derminga.de\/wp-content\/uploads\/2021\/01\/Ill-768x576.jpg 768w, https:\/\/echta-derminga.de\/wp-content\/uploads\/2021\/01\/Ill.jpg 900w\" sizes=\"auto, (max-width: 700px) 100vw, 700px\" \/><\/figure><\/li><li class=\"blocks-gallery-item\"><figure><img loading=\"lazy\" decoding=\"async\" width=\"693\" height=\"724\" src=\"https:\/\/echta-derminga.de\/wp-content\/uploads\/2020\/10\/holz.jpg\" alt=\"\" data-id=\"7563\" data-full-url=\"https:\/\/echta-derminga.de\/wp-content\/uploads\/2020\/10\/holz.jpg\" data-link=\"https:\/\/echta-derminga.de\/?attachment_id=7563\" class=\"wp-image-7563\" srcset=\"https:\/\/echta-derminga.de\/wp-content\/uploads\/2020\/10\/holz.jpg 693w, https:\/\/echta-derminga.de\/wp-content\/uploads\/2020\/10\/holz-287x300.jpg 287w\" sizes=\"auto, (max-width: 693px) 100vw, 693px\" \/><\/figure><\/li><li class=\"blocks-gallery-item\"><figure><img loading=\"lazy\" decoding=\"async\" width=\"700\" height=\"525\" src=\"https:\/\/echta-derminga.de\/wp-content\/uploads\/2020\/08\/3-2-700x525.jpg\" alt=\"\" data-id=\"7195\" data-full-url=\"https:\/\/echta-derminga.de\/wp-content\/uploads\/2020\/08\/3-2.jpg\" data-link=\"https:\/\/echta-derminga.de\/?attachment_id=7195\" class=\"wp-image-7195\" srcset=\"https:\/\/echta-derminga.de\/wp-content\/uploads\/2020\/08\/3-2-700x525.jpg 700w, https:\/\/echta-derminga.de\/wp-content\/uploads\/2020\/08\/3-2-300x225.jpg 300w, https:\/\/echta-derminga.de\/wp-content\/uploads\/2020\/08\/3-2-768x576.jpg 768w, https:\/\/echta-derminga.de\/wp-content\/uploads\/2020\/08\/3-2.jpg 800w\" sizes=\"auto, (max-width: 700px) 100vw, 700px\" \/><\/figure><\/li><\/ul><\/figure>\n\n\n\n<p class=\"has-medium-font-size wp-block-paragraph\"><strong>Mit der \u201eLuca- App\u201c zur\u00fcck in die Zukunft<\/strong><\/p>\n\n\n\n<p class=\"has-medium-font-size wp-block-paragraph\">Die \u201eLuca-App\u201c soll mithelfen ihre Kontakte schnell und effektiv nachzuverfolgen. &nbsp;Schon vor einiger Zeit hat die Landesregierung die Firma culture4life mit der Etablierung der \u201eluca-App\u201c beauftragt. Mittlerweile sind die saarl\u00e4ndischen Gesundheits\u00e4mter an die \u201eluca-App\u201c angebunden. Dadurch konnte die App fl\u00e4chendeckend eingef\u00fchrt werden. Wer die App nutzen m\u00f6chte, kann seine Anwesenheit in einem Restaurant, Gastst\u00e4tte oder bei einer \u00f6ffentlichen Veranstaltung einfach und sicher dokumentieren. Die Gastronomie oder die Veranstalter k\u00f6nnen die App selbst nicht auslesen. Nur das zust\u00e4ndige Gesundheitsamt kann die Daten der App entschl\u00fcsseln und so Infektionen schnell nachverfolgen. Einmal auf das Smartphone heruntergeladen, kann sich der Nutzer in \u00d6rtlichkeiten mit Hilfe eines sich st\u00e4ndig \u00e4ndernden QR-Codes einchecken. Kommt es zu einem Infektionsfall, werden die betroffenen Personen sowie das Gesundheitsamt informiert. Ich m\u00f6chte Ihnen die Nutzung dieser \u201eLuca-App\u201c ans Herz legen. Die App k\u00f6nnte ein wichtiger Schritt zur\u00fcck in die Zukunft werden. In meinem Ortsvorsteherb\u00fcro k\u00f6nnen Sie w\u00e4hrend meiner Sprechstunde, jeden Mittwoch in der Zeit von 18:00 Uhr bis 19:30 Uhr, kostenlos einen \u201eluca-Schl\u00fcsselanh\u00e4nger\u201c bekommen. Gerade f\u00fcr B\u00fcrgerinnen und B\u00fcrger, die kein Smartphone besitzen, bieten der handlichen luca-Anh\u00e4nger eine gute Alternative. Dabei m\u00fcssen Sie sich nur einmal unter www.luca-app.de registrieren. Danach k\u00f6nnen Sie sich die Nutzer mit einem QR-Code versehenen Schl\u00fcsselanh\u00e4nger schnell und einfach einloggen. Zur Registrierung ben\u00f6tigt werden ein Internetanschluss sowie ein Telefon. Zum Abschlie\u00dfen der Registrierung wird eine TAN versendet. Diese muss am Ende des Registrierungsvorganges eingegeben werden. Die luca-Anh\u00e4nger gibt es auch zu den \u00d6ffnungszeiten des Eppelborner Rathauses, oberer Eingang, ohne vorherige Anmeldung.<\/p>\n\n\n\n<div class=\"wp-block-image\"><figure class=\"aligncenter size-large\"><img loading=\"lazy\" decoding=\"async\" width=\"700\" height=\"336\" src=\"https:\/\/echta-derminga.de\/wp-content\/uploads\/2021\/06\/20210512_175916-700x336.jpg\" alt=\"\" class=\"wp-image-9866\" srcset=\"https:\/\/echta-derminga.de\/wp-content\/uploads\/2021\/06\/20210512_175916-700x336.jpg 700w, https:\/\/echta-derminga.de\/wp-content\/uploads\/2021\/06\/20210512_175916-300x144.jpg 300w, https:\/\/echta-derminga.de\/wp-content\/uploads\/2021\/06\/20210512_175916-768x369.jpg 768w, https:\/\/echta-derminga.de\/wp-content\/uploads\/2021\/06\/20210512_175916.jpg 900w\" sizes=\"auto, (max-width: 700px) 100vw, 700px\" \/><\/figure><\/div>\n\n\n\n<p class=\"has-medium-font-size wp-block-paragraph\"><strong>Infomaterial und Brosch\u00fcren zum Freizeitzentrum Finkenrech<\/strong><\/p>\n\n\n\n<p class=\"has-medium-font-size wp-block-paragraph\">Das Freizeitzentrum Finkenrech bietet viele Gelegenheiten zur Erholung. Auf dem Dirminger Finkenrech kann man Natur und Kultur hautnah erleben. Schon mein Vorg\u00e4nger Manfred Klein suchte die enge Zusammenarbeit mit der Tourismus- und Kulturzentrale des Landkreises Neunkirchen. Nat\u00fcrlich habe auch ich in einem pers\u00f6nlichen Gespr\u00e4ch meine Hand zur Zusammenarbeit gereicht. Heute freue ich mich dar\u00fcber, dass wir uns auf einem guten gemeinsamen Weg befinden. Ab dem 31. Mai 2021 \u00f6ffnet das Naherholungsgebiet Schritt f\u00fcr Schritt wieder seine Pforten. Mit den niedrigen Inzidenzwerten in unserem Landkreis bieten sich neue M\u00f6glichkeiten f\u00fcr den sanften Tourismus. Die Innengastronomie darf wieder \u00f6ffnen wobei ein Test, fester Sitzplatz und Reservierung n\u00f6tig sein wird. Touristische Beherbergungen im Landhotel sind mit Test endlich wieder erlaubt. In unserem Heimatort gibt es verschiedene M\u00f6glichkeiten sich vorab schnell und unkompliziert testen zu lassen. Machen Sie Gebrauch davon und erleben Sie den Dirminger Finkenrech hautnah. In meinem Ortsvorsteherb\u00fcro k\u00f6nnen sie sich jeden Mittwoch in der Zeit von 18:00 bis 19:30 Uhr das neueste Infomaterial der Saison 2021 kostenlos mitnehmen. Machen Sie Gebrauch davon!<\/p>\n\n\n\n<figure class=\"wp-block-gallery columns-3 is-cropped wp-block-gallery-3 is-layout-flex wp-block-gallery-is-layout-flex\"><ul class=\"blocks-gallery-grid\"><li class=\"blocks-gallery-item\"><figure><img loading=\"lazy\" decoding=\"async\" width=\"700\" height=\"417\" src=\"https:\/\/echta-derminga.de\/wp-content\/uploads\/2021\/02\/100-1-700x417.jpg\" alt=\"\" data-id=\"9095\" data-full-url=\"https:\/\/echta-derminga.de\/wp-content\/uploads\/2021\/02\/100-1.jpg\" data-link=\"https:\/\/echta-derminga.de\/?attachment_id=9095\" class=\"wp-image-9095\" srcset=\"https:\/\/echta-derminga.de\/wp-content\/uploads\/2021\/02\/100-1-700x417.jpg 700w, https:\/\/echta-derminga.de\/wp-content\/uploads\/2021\/02\/100-1-300x179.jpg 300w, https:\/\/echta-derminga.de\/wp-content\/uploads\/2021\/02\/100-1-768x458.jpg 768w, https:\/\/echta-derminga.de\/wp-content\/uploads\/2021\/02\/100-1.jpg 1000w\" sizes=\"auto, (max-width: 700px) 100vw, 700px\" \/><\/figure><\/li><li class=\"blocks-gallery-item\"><figure><img loading=\"lazy\" decoding=\"async\" width=\"700\" height=\"396\" src=\"https:\/\/echta-derminga.de\/wp-content\/uploads\/2021\/02\/12-700x396.jpg\" alt=\"\" data-id=\"9097\" data-full-url=\"https:\/\/echta-derminga.de\/wp-content\/uploads\/2021\/02\/12.jpg\" data-link=\"https:\/\/echta-derminga.de\/?attachment_id=9097\" class=\"wp-image-9097\" srcset=\"https:\/\/echta-derminga.de\/wp-content\/uploads\/2021\/02\/12-700x396.jpg 700w, https:\/\/echta-derminga.de\/wp-content\/uploads\/2021\/02\/12-300x170.jpg 300w, https:\/\/echta-derminga.de\/wp-content\/uploads\/2021\/02\/12-768x435.jpg 768w, https:\/\/echta-derminga.de\/wp-content\/uploads\/2021\/02\/12.jpg 857w\" sizes=\"auto, (max-width: 700px) 100vw, 700px\" \/><\/figure><\/li><li class=\"blocks-gallery-item\"><figure><img loading=\"lazy\" decoding=\"async\" width=\"700\" height=\"441\" src=\"https:\/\/echta-derminga.de\/wp-content\/uploads\/2021\/02\/11-4-700x441.jpg\" alt=\"\" data-id=\"9096\" data-full-url=\"https:\/\/echta-derminga.de\/wp-content\/uploads\/2021\/02\/11-4.jpg\" data-link=\"https:\/\/echta-derminga.de\/?attachment_id=9096\" class=\"wp-image-9096\" srcset=\"https:\/\/echta-derminga.de\/wp-content\/uploads\/2021\/02\/11-4-700x441.jpg 700w, https:\/\/echta-derminga.de\/wp-content\/uploads\/2021\/02\/11-4-300x189.jpg 300w, https:\/\/echta-derminga.de\/wp-content\/uploads\/2021\/02\/11-4-768x484.jpg 768w, https:\/\/echta-derminga.de\/wp-content\/uploads\/2021\/02\/11-4.jpg 900w\" sizes=\"auto, (max-width: 700px) 100vw, 700px\" \/><\/figure><\/li><\/ul><\/figure>\n\n\n\n<p class=\"has-medium-font-size wp-block-paragraph\">Ansonsten befinden wir uns in Dirmingen weiterhin in einer Art Warteschleife. Wir warten das es besser wird und sich die Pandemie endlich zu Ende neigt. In mir w\u00e4chst die Hoffnung, dass bereits im Hebst wieder einiges m\u00f6glich sein wird. Mal sehen, was sich unsere Vereine einfallen lassen. Ich dr\u00fccke die Daumen. Bez\u00fcglich der vielen Baustellen in unserem Dorf ist ebenfalls Besserung in Sicht. Die Bauma\u00dfnahme am Br\u00fchlpark ist aufgrund des Wetters ein wenig ins Hintertreffen geraten und soll nun am 15. Juli beendet werden. Im Sommer soll jedoch eine neue Baustelle in der Illingerstrasse zwischen der Lagerhalle und der Einm\u00fcndung \u201eIm Loss\u201c erfolgen. Nach Pl\u00e4nen der Verwaltung und des LFS soll dort die Fahrbahn und auch die Randsteine und der B\u00fcrgersteig neu gemacht werden. Au\u00dferdem sollen im Sommer die Bauma\u00dfnahmen am Dirminger Bahnhof beginnen. Hingegen werden die Bauma\u00dfnahmen an der Autobahnzufahrt im Sp\u00e4tsommer ihr Ende finden.<\/p>\n\n\n\n<div class=\"wp-block-image\"><figure class=\"aligncenter size-large\"><img loading=\"lazy\" decoding=\"async\" width=\"700\" height=\"525\" src=\"https:\/\/echta-derminga.de\/wp-content\/uploads\/2020\/11\/20-700x525.jpg\" alt=\"\" class=\"wp-image-7791\" srcset=\"https:\/\/echta-derminga.de\/wp-content\/uploads\/2020\/11\/20-700x525.jpg 700w, https:\/\/echta-derminga.de\/wp-content\/uploads\/2020\/11\/20-300x225.jpg 300w, https:\/\/echta-derminga.de\/wp-content\/uploads\/2020\/11\/20-768x576.jpg 768w, https:\/\/echta-derminga.de\/wp-content\/uploads\/2020\/11\/20.jpg 900w\" sizes=\"auto, (max-width: 700px) 100vw, 700px\" \/><figcaption>Steenrutsch<\/figcaption><\/figure><\/div>\n\n\n\n<p class=\"has-medium-font-size wp-block-paragraph\"><strong>Der Sommer steht unmittelbar bevor. Vielleicht nutzen Sie ihre Freizeit mal wieder zu einem Spaziergang an unsere &#8222;Steenrutsch&#8220; im Naherholungsgebiet &#8222;Steinrausche&#8220;. Ich w\u00fcnsche Ihnen in dieser bewegten Zeit vor allen Dingen Mut und Zuversicht. Bitte denken Sie immer daran: Es \u00e4ndert sich hier \u00fcberhaupt nichts, wenn WIR es nicht \u00e4ndern.<\/strong><\/p>\n\n\n\n<p class=\"has-medium-font-size wp-block-paragraph\">In diesem Sinne.<\/p>\n\n\n\n<p class=\"has-medium-font-size wp-block-paragraph\">Ihr Ortsvorsteher<\/p>\n\n\n\n<p class=\"has-medium-font-size wp-block-paragraph\">Frank Klein<\/p>\n","protected":false},"excerpt":{"rendered":"<p>Wie Sie bereits an dieser Stelle und in den sozialen Medien erfahren konnten, haben wir in Dirmingen wieder vermehrt mit Vandalismus und Umweltverschmutzung zu tun. Ich m\u00f6chte Sie dazu ermutigen diesen Straftaten entgegenzuwirken. Bitte zeigen Sie mit ihrer Zivilcourage Flagge und ein deutliches Zeichen f\u00fcr unseren Heimatort. Zweifellos gibt es auch gute Nachrichten. Immer mehr B\u00fcrgerinnen und B\u00fcrger sind bereit<\/p>\n","protected":false},"author":1,"featured_media":9862,"comment_status":"open","ping_status":"closed","sticky":false,"template":"","format":"standard","meta":{"_crdt_document":"","footnotes":""},"categories":[1,812],"tags":[5,618,127,634,795,310],"class_list":["post-9828","post","type-post","status-publish","format-standard","has-post-thumbnail","hentry","category-allgemein","category-ortsvorsteher-dirmingen","tag-dirmingen","tag-gemeinde-eppelborn","tag-landkreis-neunkirchen","tag-ortsvorsteher","tag-ortsvorsteher-dirmingen","tag-saarland"],"_links":{"self":[{"href":"https:\/\/echta-derminga.de\/index.php?rest_route=\/wp\/v2\/posts\/9828","targetHints":{"allow":["GET"]}}],"collection":[{"href":"https:\/\/echta-derminga.de\/index.php?rest_route=\/wp\/v2\/posts"}],"about":[{"href":"https:\/\/echta-derminga.de\/index.php?rest_route=\/wp\/v2\/types\/post"}],"author":[{"embeddable":true,"href":"https:\/\/echta-derminga.de\/index.php?rest_route=\/wp\/v2\/users\/1"}],"replies":[{"embeddable":true,"href":"https:\/\/echta-derminga.de\/index.php?rest_route=%2Fwp%2Fv2%2Fcomments&post=9828"}],"version-history":[{"count":15,"href":"https:\/\/echta-derminga.de\/index.php?rest_route=\/wp\/v2\/posts\/9828\/revisions"}],"predecessor-version":[{"id":9877,"href":"https:\/\/echta-derminga.de\/index.php?rest_route=\/wp\/v2\/posts\/9828\/revisions\/9877"}],"wp:featuredmedia":[{"embeddable":true,"href":"https:\/\/echta-derminga.de\/index.php?rest_route=\/wp\/v2\/media\/9862"}],"wp:attachment":[{"href":"https:\/\/echta-derminga.de\/index.php?rest_route=%2Fwp%2Fv2%2Fmedia&parent=9828"}],"wp:term":[{"taxonomy":"category","embeddable":true,"href":"https:\/\/echta-derminga.de\/index.php?rest_route=%2Fwp%2Fv2%2Fcategories&post=9828"},{"taxonomy":"post_tag","embeddable":true,"href":"https:\/\/echta-derminga.de\/index.php?rest_route=%2Fwp%2Fv2%2Ftags&post=9828"}],"curies":[{"name":"wp","href":"https:\/\/api.w.org\/{rel}","templated":true}]}}