{"id":9895,"date":"2021-06-13T18:24:07","date_gmt":"2021-06-13T17:24:07","guid":{"rendered":"https:\/\/echta-derminga.de\/?p=9895"},"modified":"2021-06-13T18:39:16","modified_gmt":"2021-06-13T17:39:16","slug":"wo-ist-bloss-mein-fussballfieber-geblieben","status":"publish","type":"post","link":"https:\/\/echta-derminga.de\/?p=9895","title":{"rendered":"Wo ist blo\u00df mein Fu\u00dfballfieber geblieben ?"},"content":{"rendered":"\n<p class=\"has-medium-font-size wp-block-paragraph\"><strong>Seit meinem 6. Lebensjahr bin ich dem Fu\u00dfball verbunden. Dabei habe ich selbst 45 Jahre aktiv in Jugend, M\u00e4nner und Alt- Herrenmannschaft gespielt. \u00dcber 25 Jahre war ich Vorstandsmitglied in meinem Heimatverein dem SV Dirmingen, davon 18 Jahre Jugendleiter und Jugendtrainer. Im Jahre 2006 wechselte ich als Funktion\u00e4r zum, Saarl\u00e4ndischen Fu\u00dfballverband und war dort als Jugend-Staffelleiter und sp\u00e4ter 6 Jahre als Kreisjugendleiter t\u00e4tig. Ich habe dem Fu\u00dfball ein Gro\u00dfteil meines Lebens gewidmet und bin diesem Sport bis heute dankbar. Der Fu\u00dfball hat mir viele sch\u00f6ne Stunden geschenkt. Jedes Jahr freue ich mich auf die Er\u00f6ffnung der Bundesligasaison einer EM oder WM. Ungeduldig fiebere ich sogar der Er\u00f6ffnung der Bezirksliga-Saison entgegen und freue mich auf die vielen Jugendspiele.<\/strong><\/p>\n\n\n\n<p class=\"has-medium-font-size wp-block-paragraph\">Bei der Er\u00f6ffnung der diesj\u00e4hrigen Europameisterschaft ertappte ich mich jedoch dabei, dass ich dieses Spektakel ganz nebenbei und v\u00f6llig emotionslos verfolgte. Was ist passiert? Wo ist mein Fu\u00dfballfieber geblieben? Schon einige Tage vor dem EM-Start in Rom versp\u00fcrte ich keinerlei Vorfreude. Von Euphorie und Begeisterung konnte keine Rede sein.<\/p>\n\n\n\n<p class=\"has-medium-font-size wp-block-paragraph\"><strong>Fr\u00fcher war auch nicht alles gut aber zumindest anders und vielleicht besser. Ein Spiel der deutschen Elf durfte man nicht verpassen. Meistens wurde schon Stunden vor der Partie vorgegl\u00fcht. W\u00e4hrend der Begegnung lagen die Nerven blank und nicht selten flossen bei einer Niederlage sogar die Tr\u00e4nen. Das alles kann ich mir heute kaum noch vorstellen. Das mag unter anderem auch an der Vielzahl der Spiele liegen. Sicherlich liegt es auch daran, dass man \u00e4lter wird und mit den Jahren auch etwas ruhiger und gelassener. Haupts\u00e4chlich liegt es jedoch daran, dass mit den Jahren die Identifikation mit dem Team auf der Strecke blieb. <\/strong><\/p>\n\n\n\n<p class=\"has-medium-font-size wp-block-paragraph\">Autos mit schwarz-rot-goldenen F\u00e4hnchen, Nationalfarben auf den Wangen gemalt und das feierw\u00fctige Volk im schwarz-wei\u00dfen Dress geh\u00fcllt. Fehlanzeige. Warum habe ich in diesem Jahr keine EM-Stimmung? Die erste Ursachenerforschung ergab, dass der Patient unter starker Unlust leidet. Neben der Pandemie d\u00fcrfte der aufgebl\u00e4hte Turniermodus und der Zustand unserer Nationalelf eine Rolle spielen. Selten herrschte eine so deutliche Kluft zwischen Mannschaft und Fans. Zugegeben, als ich w\u00e4hrend der Er\u00f6ffnung die Fans im Stadion sah, habe ich mich gefreut. Endlich wieder Zuschauer und Emotionen. <\/p>\n\n\n\n<p class=\"has-medium-font-size wp-block-paragraph\"><strong>Der Fu\u00dfball hat sich ver\u00e4ndert und die Pandemie hat die vielen Probleme verdeutlicht. Die Kluft zwischen Fans und Vereine, Funktion\u00e4ren und Spielern ist gewachsen. W\u00e4hrend vielerorts Vereine wegen der Pandemie an den Abgrund gedr\u00e4ngt wurden, handelte unsere Nationalmannschaft eine Rekord EM-Pr\u00e4mie von 400 000,- \u20ac pro Spieler heraus. Wo sind die Spieler die Zu fu\u00df durch Europa laufen w\u00fcrden, nur um einmal den Adler auf der Brust tragen zu d\u00fcrfen? Unsere U-21 zeigte, wie es gehen kann. Mit viel Herzblut, Bescheidenheit und einer gro\u00dfen Portion Demut und Einsatzwille wurde die Europameisterschaft gewonnen. Das hat Spa\u00df gemacht!<\/strong><\/p>\n\n\n\n<p class=\"has-medium-font-size wp-block-paragraph\">Der Fu\u00dfball von Heute vergisst immer \u00f6fter diejenigen die ihn tragen. Wenn die Identifikation mit der Mannschaft verloren geht, steht das Turnier auf wackeligen Beinen. Unser Fu\u00dfball hat l\u00e4ngst viele seiner Werte verloren. F\u00fcr Geld werden sogar L\u00e4nder unterst\u00fctzt die Menschenrechte mit F\u00fc\u00dfen treten. Kinderarbeit wird mal kurz vergessen und f\u00fcr ein Trikot der deutschen Elf muss ein Schulkind gut und gerne das Taschengeld eines ganzen Jahres opfern. Was interessiert den Fu\u00dfballstar, den Arbeiter, der in Katar bei \u00fcber 45 Grad bis zu 12 Stunden am Tag schuften muss, um mit wenig Lohn seine Familie zu ern\u00e4hren. <\/p>\n\n\n\n<p class=\"has-medium-font-size wp-block-paragraph\"><strong>Unser Fu\u00dfball ist erkrankt und ben\u00f6tigt dringend einen erheblichen Reformprozess. Dabei muss die Basis viel enger mit einbezogen werden. Vereine und auch Spieler vergessen immer \u00f6fter, dass sie \u00fcber eine gro\u00dfe Vorbildfunktion verf\u00fcgen. Der DFB, immerhin einer der gr\u00f6\u00dften Dachverb\u00e4nde weltweit, schlittert von einer Krise in die N\u00e4chste. Kein Mensch in Sicht, der in der Lage w\u00e4re, dem Verband eine Stabilit\u00e4t zu verleihen. Aus meiner Sicht der Dinge hilft nur eines: Back tot he Roots \u2013 Zur\u00fcck zu den Wurzeln. Fairness muss man nicht nur auf dem Spielfeld, sondern auch im Ehrenamt und im Umgang mit den Mitgliedern und Vereinen walten lassen. Es gibt Zuwenig vertrauensw\u00fcrdige Funktion\u00e4re. Ich kann mich kaum noch an einen guten DFB-Pr\u00e4sidenten erinnern. Viele der DFB-Funktion\u00e4re lassen jegliche Empathie vermissen.<\/strong><\/p>\n\n\n\n<p class=\"has-medium-font-size wp-block-paragraph\">Wie in einer alten Ehe, haben sich mein geliebter Fu\u00dfball und meine Wenigkeit, entfremdet und auseinandergelebt. Wir beide ben\u00f6tigen dringend eine Paartherapie. Vereine und auch Fans m\u00fcssen jetzt mehr einbezogen werden. Der Fu\u00dfball geh\u00f6rt nicht nur den oberen Zehntausend. Nein, gerade das hat den Fu\u00dfball so fantastisch gemacht. Wo ist der geliebte Stra\u00dfenfu\u00dfball geblieben? Wo sind die Jungs oder M\u00e4dels die sich ohne lukrativen Vertrag aufopfern und Flagge zeigen. Was wir brauchen sind mehr Fu\u00dfballromantiker. Eine Mitverantwortung an dieser Entwicklung tragen die vielen ehrgeizigen Eltern und Vereine, die schon die J\u00fcngsten aus ihren Kindermannschaften herauskaufen. Immer h\u00f6her, schneller weiter! Kinder bekommen kaum die Zeit die sie f\u00fcr ihre Entwicklung ben\u00f6tigen. Nur die Guten kommen durch und nur Gott wei\u00df wie viele versteckte Talente auf dem Weg \u00fcbersehen wurden.<\/p>\n\n\n\n<p class=\"has-medium-font-size wp-block-paragraph\"><strong>Jeder Rekord will gebrochen werden und jede Abl\u00f6sesumme kann man \u00fcberbieten. Vertr\u00e4ge sind da, um sie zu brechen. Welcher Lizenzspieler oder seit neustem auch Trainer legt noch Wert auf seinen Vertrag? Es soll selbsternannte Fachleute geben, die im Fernsehen erkl\u00e4ren, dass dies in der Branche v\u00f6llig normal sei. Wenn das Angebot stimmt, kann man \u00fcber alles reden. Wie soll so noch eine Identifikation mit dem Verein, den Fans und der eigenen Jugend Zustandekommen ? In der Bundesliga wird den Kindern doch vorgelebt, wie Profis mit dem W\u00f6rtchen Ehre umzugehen haben.<\/strong><\/p>\n\n\n\n<p class=\"has-medium-font-size wp-block-paragraph\">Der Fu\u00dfball ist krank und muss sich ver\u00e4ndern. Dabei hat der Sport nichts von seiner Strahlkraft und Faszination verloren.  Millionen tingeln, wenn sie denn d\u00fcrfen, jedes Wochenende in die Stadien. Ich geh\u00f6re in der Regel dazu und m\u00f6chte kein Spiel verpassen. Zumindest war das bisher immer genauso! Und jetzt? Alles im Leben \u00e4ndert sich und ich brauche wahrscheinlich einmal eine Pause. W\u00e4hrend ich diese Zeilen schreibe, l\u00e4uft das EM-Spiel D\u00e4nemark gegen Finnland. Der d\u00e4nische Spieler Erikson f\u00e4llt pl\u00f6tzlich zu Boden und muss wiederbelebt werden. Ich habe das Drama nicht live erlebt und bekomme den Trubel zun\u00e4chst \u00fcberhaupt nicht mit. Der Vorfall f\u00fchrt mir jedoch wieder mal brutal vor Augen, was im Leben eigentlich wirklich z\u00e4hlt. Als ich schlie\u00dflich vor dem Fernseher lande, ist das schlimmste \u00fcberstanden. Ich pers\u00f6nlich h\u00e4tte das Spiel nach diesem Vorfall nicht mehr angepfiffen. Das Geld hat wohl anders entschieden und der Mensch muss hintenanstehen.<\/p>\n\n\n\n<p class=\"has-medium-font-size wp-block-paragraph\"><strong>Beeindruckend war jedoch die Reaktion der d\u00e4nischen und finnischen Fans. In den Farben getrennt in der Sache vereint wurde der Spieler Erikson unter Ges\u00e4ngen und gro\u00dfem Beifall verabschiedet. G\u00e4nsehautmomente wie sie nur der Fu\u00dfball kennt. Genau das sind die Emotionen, die den Fu\u00dfball so besonders und einzigartig machen. Dieser Sport hat so viel zu bieten. Es wird h\u00f6chste Zeit, dass das wieder erkannt, gelebt und in den Vordergrund ger\u00fcckt wird.<\/strong><\/p>\n\n\n\n<div class=\"wp-block-image\"><figure class=\"aligncenter size-large\"><img loading=\"lazy\" decoding=\"async\" width=\"700\" height=\"525\" src=\"https:\/\/echta-derminga.de\/wp-content\/uploads\/2021\/06\/Folxfeschd-10-038-700x525.jpg\" alt=\"\" class=\"wp-image-9899\" srcset=\"https:\/\/echta-derminga.de\/wp-content\/uploads\/2021\/06\/Folxfeschd-10-038-700x525.jpg 700w, https:\/\/echta-derminga.de\/wp-content\/uploads\/2021\/06\/Folxfeschd-10-038-300x225.jpg 300w, https:\/\/echta-derminga.de\/wp-content\/uploads\/2021\/06\/Folxfeschd-10-038-768x576.jpg 768w, https:\/\/echta-derminga.de\/wp-content\/uploads\/2021\/06\/Folxfeschd-10-038.jpg 900w\" sizes=\"auto, (max-width: 700px) 100vw, 700px\" \/><\/figure><\/div>\n","protected":false},"excerpt":{"rendered":"<p>Seit meinem 6. Lebensjahr bin ich dem Fu\u00dfball verbunden. Dabei habe ich selbst 45 Jahre aktiv in Jugend, M\u00e4nner und Alt- Herrenmannschaft gespielt. \u00dcber 25 Jahre war ich Vorstandsmitglied in meinem Heimatverein dem SV Dirmingen, davon 18 Jahre Jugendleiter und Jugendtrainer. Im Jahre 2006 wechselte ich als Funktion\u00e4r zum, Saarl\u00e4ndischen Fu\u00dfballverband und war dort als Jugend-Staffelleiter und sp\u00e4ter 6 Jahre<\/p>\n","protected":false},"author":1,"featured_media":9898,"comment_status":"open","ping_status":"closed","sticky":false,"template":"","format":"standard","meta":{"_crdt_document":"","footnotes":""},"categories":[1,45],"tags":[934,933,25,310,24],"class_list":["post-9895","post","type-post","status-publish","format-standard","has-post-thumbnail","hentry","category-allgemein","category-mein-fussball","tag-deutschland","tag-europameisterschaft-2021","tag-fussball","tag-saarland","tag-sv-dirmingen"],"_links":{"self":[{"href":"https:\/\/echta-derminga.de\/index.php?rest_route=\/wp\/v2\/posts\/9895","targetHints":{"allow":["GET"]}}],"collection":[{"href":"https:\/\/echta-derminga.de\/index.php?rest_route=\/wp\/v2\/posts"}],"about":[{"href":"https:\/\/echta-derminga.de\/index.php?rest_route=\/wp\/v2\/types\/post"}],"author":[{"embeddable":true,"href":"https:\/\/echta-derminga.de\/index.php?rest_route=\/wp\/v2\/users\/1"}],"replies":[{"embeddable":true,"href":"https:\/\/echta-derminga.de\/index.php?rest_route=%2Fwp%2Fv2%2Fcomments&post=9895"}],"version-history":[{"count":13,"href":"https:\/\/echta-derminga.de\/index.php?rest_route=\/wp\/v2\/posts\/9895\/revisions"}],"predecessor-version":[{"id":9915,"href":"https:\/\/echta-derminga.de\/index.php?rest_route=\/wp\/v2\/posts\/9895\/revisions\/9915"}],"wp:featuredmedia":[{"embeddable":true,"href":"https:\/\/echta-derminga.de\/index.php?rest_route=\/wp\/v2\/media\/9898"}],"wp:attachment":[{"href":"https:\/\/echta-derminga.de\/index.php?rest_route=%2Fwp%2Fv2%2Fmedia&parent=9895"}],"wp:term":[{"taxonomy":"category","embeddable":true,"href":"https:\/\/echta-derminga.de\/index.php?rest_route=%2Fwp%2Fv2%2Fcategories&post=9895"},{"taxonomy":"post_tag","embeddable":true,"href":"https:\/\/echta-derminga.de\/index.php?rest_route=%2Fwp%2Fv2%2Ftags&post=9895"}],"curies":[{"name":"wp","href":"https:\/\/api.w.org\/{rel}","templated":true}]}}