{"id":9932,"date":"2021-06-20T11:23:16","date_gmt":"2021-06-20T10:23:16","guid":{"rendered":"https:\/\/echta-derminga.de\/?p=9932"},"modified":"2021-06-20T11:29:19","modified_gmt":"2021-06-20T10:29:19","slug":"in-sachen-ortsvorsteher-von-dingen-die-hoffnung-machen-und-dem-traum-von-einem-unbeschwerten-sommer","status":"publish","type":"post","link":"https:\/\/echta-derminga.de\/?p=9932","title":{"rendered":"In Sachen Ortsvorsteher: Von Dingen die Hoffnung machen und dem Traum von einem unbeschwerten Sommer"},"content":{"rendered":"\n<p class=\"has-medium-font-size wp-block-paragraph\"><strong>Niemand kann vorhersagen, ob wir die Pandemie tats\u00e4chlich schon bald besiegt haben. Tats\u00e4chlich sp\u00fcren wir jedoch eine gewisse Erleichterung. Mit jeder Impfdosis kommt ein St\u00fcck Normalit\u00e4t zur\u00fcck in unser Leben. Mit Hilfe von Tests, Impfungen und Genesungsnachweisen wird schon in diesem Sommer wieder einiges m\u00f6glich sein. Ich m\u00f6chte Sie bitten, dass Angebot unserer Vereine und Gastronomen anzunehmen. Nutzen Sie die M\u00f6glichkeiten und gehen sie doch mal wieder mit ihrem Partnerin oder Partner gut Essen. Sch\u00f6n, dass unsere Vereine sich wieder langsam zur\u00fcckmelden. Unsere Ballsportvereine haben den Trainingsbetreib wieder aufgenommen wobei auch endlich wieder unsere Kinder- und Jugendliche ihre \u00dcbungseinheiten durchf\u00fchren k\u00f6nnen. W\u00e4hrend unser Kulturverein in der vergangenen Woche in seiner ersten Sitzung nach vielen Monaten wieder einen Grundstein legte, startet unser TV 04 Dirmingen mit einem \u201ePublic Viewing\u201c in einen hoffentlich entspannten Sommer. Das Freizeitzentrum Finkenrech startet am Dienstag, 22. Juni mit seiner Veranstaltungsreihe \u201eMusikpicknick\u201c. Bei allem was Sie tun und lassen w\u00fcnsche ich Ihnen viel Spa\u00df und Gelassenheit.<\/strong><\/p>\n\n\n\n<p class=\"has-medium-font-size wp-block-paragraph\"><strong>Helga Sch\u00e4fer feierte 90. Wiegenfest<\/strong><\/p>\n\n\n\n<p class=\"has-medium-font-size wp-block-paragraph\">Die Dirmingerin Helga Sch\u00e4fer feierte am 09. Juni 2021 ihr nunmehr 90. Wiegenfest. Gemeinsam mit ihrem inzwischen verstorbenen Ehemann genoss Helga Sch\u00e4fer ein Leben im Ehrenamt. Viele Jahrzehnte engagierte sich die Dirmingerin in der Begegnungsst\u00e4tte des \u201eDeutschen Roten Kreuz\u201c und bei den Landfrauen. Ganz nebenbei unterst\u00fctzte Sie ihren Ehemann Helmut Sch\u00e4fer in seiner T\u00e4tigkeit beim M\u00e4nnergesangsverein Dirmingen und auch in der Evangelischen Kirchengemeinde Dirmingen. Die Handarbeit geh\u00f6rte viele Jahre zu ihrem sch\u00f6nsten Zeitvertreib. Die stets gut gelaunte Helga Sch\u00e4fer beteiligte sich rege in unserer Dorfgemeinschaft und errang dadurch einen hohen Beliebtheitsgrad. Gefeiert wurde das 90. Wiegenfest im engsten Familien &#8211; und Bekanntenkreis. Bei meiner Gratulation \u00fcberbrachte ich die Gl\u00fcckw\u00fcnsche unseres B\u00fcrgermeisters Dr. Andreas Feld, des Landrates S\u00f6ren Meng und nat\u00fcrlich des Ministerpr\u00e4sidenten Tobias Hans. Auch an dieser Stelle m\u00f6chte ich nochmals im Namen des Dirminger Ortsrates und unserer Bev\u00f6lkerung ganz herzlich gratulieren. Ich w\u00fcnsche Helga Sch\u00e4fer auch zuk\u00fcnftig viel Gl\u00fcck und vor allen Dingen Gesundheit.<\/p>\n\n\n\n<div class=\"wp-block-image\"><figure class=\"aligncenter size-large\"><img loading=\"lazy\" decoding=\"async\" width=\"700\" height=\"394\" src=\"https:\/\/echta-derminga.de\/wp-content\/uploads\/2021\/06\/200-700x394.jpg\" alt=\"\" class=\"wp-image-9950\" srcset=\"https:\/\/echta-derminga.de\/wp-content\/uploads\/2021\/06\/200-700x394.jpg 700w, https:\/\/echta-derminga.de\/wp-content\/uploads\/2021\/06\/200-300x169.jpg 300w, https:\/\/echta-derminga.de\/wp-content\/uploads\/2021\/06\/200-768x432.jpg 768w, https:\/\/echta-derminga.de\/wp-content\/uploads\/2021\/06\/200.jpg 800w\" sizes=\"auto, (max-width: 700px) 100vw, 700px\" \/><\/figure><\/div>\n\n\n\n<p class=\"has-medium-font-size wp-block-paragraph\"><strong>Musikpicknick im Freizeitzentrum Finkenrech<\/strong><\/p>\n\n\n\n<p class=\"has-medium-font-size wp-block-paragraph\">Gute Neuigkeiten aus dem Freizeitzentrum Finkenrech in Eppelborn-Dirmingen: Wie die Tourismus- und Kulturzentrale des Landkreises Neunkirchen (TKN) mitteilt, kann das feierabendliche Musikpicknick am Dienstag, 22. Juni 2021, stattfinden. &nbsp;Inmitten der bl\u00fchenden Gartenanlage spielt die Band \u201eSoLexx\u201c von 18.30 bis 20.30 Uhr auf eine reduzierte, rein akustische Art aktuelle und altbekannte Coversongs. W\u00e4hrenddessen k\u00f6nnen es sich die Besucher auf der Wiese rund um die kleine Gartenb\u00fchne gem\u00fctlich machen, in entspannter Atmosph\u00e4re picknicken und ausgelassen den musikalischen Kl\u00e4ngen lauschen. Auf Grund der aktuellen Corona-Verordnung ist eine Voranmeldung erforderlich, um die Kontaktnachverfolgung gew\u00e4hrleisten zu k\u00f6nnen. Eine Anmeldung ist von Montag bis Freitag, jeweils zwischen 09.00 und 17.00 Uhr unter der Telefonnummer 06821 972920 m\u00f6glich. Voraussetzung f\u00fcr die Teilnahme an der Veranstaltung sind ein negativer Testbescheid, ein Nachweis \u00fcber eine vollst\u00e4ndige Impfung oder \u00fcber eine Genesung. Picknick-Utensilien sowie Speisen und Getr\u00e4nke k\u00f6nnen sich die G\u00e4ste von zu Hause mitbringen. Vor Ort werden keine Speisen oder Getr\u00e4nke verkauft. Einlass ist ab 17.30 Uhr, der Eintritt ist frei. <strong>Weitere Termine: 27. Juli 2021: 2minusbass, 10. August 2021: Yannisha (Nachholtermin vom 25. Mai 2021), 24. August 2021: Day5<\/strong>. <strong>Anmeldung und n\u00e4here Infos:<\/strong> Tourismus- und Kulturzentrale des Landkreises Neunkirchen, Am Bergwerk Reden 10, 66578 Schiffweiler\/Landsweiler-Reden, Telefon 06821\/972920, www.finkenrech.de, E-Mail: <a href=\"mailto:info@finkenrech.de\">info@finkenrech.de<\/a><\/p>\n\n\n\n<div class=\"wp-block-image\"><figure class=\"aligncenter size-large\"><img loading=\"lazy\" decoding=\"async\" width=\"700\" height=\"467\" src=\"https:\/\/echta-derminga.de\/wp-content\/uploads\/2021\/06\/111-700x467.jpg\" alt=\"\" class=\"wp-image-9955\" srcset=\"https:\/\/echta-derminga.de\/wp-content\/uploads\/2021\/06\/111-700x467.jpg 700w, https:\/\/echta-derminga.de\/wp-content\/uploads\/2021\/06\/111-300x200.jpg 300w, https:\/\/echta-derminga.de\/wp-content\/uploads\/2021\/06\/111-768x512.jpg 768w, https:\/\/echta-derminga.de\/wp-content\/uploads\/2021\/06\/111.jpg 1000w\" sizes=\"auto, (max-width: 700px) 100vw, 700px\" \/><figcaption>Musikpicknick auf Finkenrech<\/figcaption><\/figure><\/div>\n\n\n\n<p class=\"has-medium-font-size wp-block-paragraph\"><strong>\u201eMir mache et Dorf scheena\u201c \u2013 Unsere Dorfgemeinschaft packt an!<\/strong><\/p>\n\n\n\n<p class=\"has-medium-font-size wp-block-paragraph\">Oftmals sind es die kleinen Dinge, die uns Hoffnung zur\u00fcckbringen und das Leben bereichern. Das aktuelle Engagement in unserer Dorfgemeinschaft ist einfach nur gro\u00dfartig. Dabei ist in den letzten Monaten eine gewisse Selbstverst\u00e4ndlichkeit zur\u00fcckgekommen. Ohne gro\u00dfes Aufsehen werden Patenschaften \u00fcbernommen, Blumen gekauft und gemeindeeigene Einrichtungen versch\u00f6nert. Parzellen werden gem\u00e4ht, Schilder gereinigt und M\u00fcll gesammelt. Am vergangenen Samstag haben sich einige ehrenamtliche Mitstreiter aufgemacht, um die Ortseingangsschilder zu sanieren. Im Laufe der letzten Jahre haben die Schilder so einiges abbekommen. Eine \u00dcberarbeitung ist dringend von N\u00f6ten. Schritt f\u00fcr Schritt werden nun die drei Holzvorrichtungen repariert, geschliffen und gestrichen. Der Heimat- und Verkehrsverein hatte damals diese Ortseingangsschilder aufgestellt. Nun werden wir als Dorfgemeinschaft, nach Absprache mit dem Verein, daf\u00fcr Sorge tragen, dass diese Holzvorrichtungen wieder ansehnlich werden. In dem nun ersten Arbeitseinsatz wurden die Ortseingangsschilder von Wustweiler und Eppelborn kommend in Angriff genommen. Demn\u00e4chst geht es weiter! In diesem Zusammenhang m\u00f6chte ich mich nochmals bei den Menschen bedanken, die ehrenamtlich daf\u00fcr sorgen, dass die Blumen gehegt, gegossen und gepflegt werden. Teilweise wurde sogar die Finanzierung der Blumenk\u00e4sten und deren Inhalt \u00fcbernommen. Danke an Familie Utter, Familie Meyer und neuerdings auch an Familie Bock f\u00fcr die Bereitschaft. Abschlie\u00dfend m\u00f6chte ich mich bei meinen ehrenamtlichen Mitstreitern bedanken. Herzlichen Dank an Daniel Klein und seine Lebensgef\u00e4hrtin Julia, Stefan Resch, Winfried Schmitt, Yorick Meiser, Luca Heinen, Max Gordner und meinen Stellvertreter Michael Polotzek. Ein besonderer Dank geht an unser Blumengesch\u00e4ft \u201eBettinas Floristik\u201c f\u00fcr die freundliche und wichtige Unterst\u00fctzung. Wir Dirminger wissen das zu sch\u00e4tzen.<\/p>\n\n\n\n<figure class=\"wp-block-gallery columns-3 is-cropped wp-block-gallery-1 is-layout-flex wp-block-gallery-is-layout-flex\"><ul class=\"blocks-gallery-grid\"><li class=\"blocks-gallery-item\"><figure><img loading=\"lazy\" decoding=\"async\" width=\"700\" height=\"626\" src=\"https:\/\/echta-derminga.de\/wp-content\/uploads\/2021\/06\/202253964_4073419856086042_5632488955737015884_n-700x626.jpg\" alt=\"\" data-id=\"9945\" data-link=\"https:\/\/echta-derminga.de\/?attachment_id=9945\" class=\"wp-image-9945\" srcset=\"https:\/\/echta-derminga.de\/wp-content\/uploads\/2021\/06\/202253964_4073419856086042_5632488955737015884_n-700x626.jpg 700w, https:\/\/echta-derminga.de\/wp-content\/uploads\/2021\/06\/202253964_4073419856086042_5632488955737015884_n-300x268.jpg 300w, https:\/\/echta-derminga.de\/wp-content\/uploads\/2021\/06\/202253964_4073419856086042_5632488955737015884_n-768x687.jpg 768w, https:\/\/echta-derminga.de\/wp-content\/uploads\/2021\/06\/202253964_4073419856086042_5632488955737015884_n.jpg 960w\" sizes=\"auto, (max-width: 700px) 100vw, 700px\" \/><\/figure><\/li><li class=\"blocks-gallery-item\"><figure><img loading=\"lazy\" decoding=\"async\" width=\"700\" height=\"331\" src=\"https:\/\/echta-derminga.de\/wp-content\/uploads\/2021\/06\/203162762_4073419999419361_1586590047011501130_n-700x331.jpg\" alt=\"\" data-id=\"9947\" data-link=\"https:\/\/echta-derminga.de\/?attachment_id=9947\" class=\"wp-image-9947\" srcset=\"https:\/\/echta-derminga.de\/wp-content\/uploads\/2021\/06\/203162762_4073419999419361_1586590047011501130_n-700x331.jpg 700w, https:\/\/echta-derminga.de\/wp-content\/uploads\/2021\/06\/203162762_4073419999419361_1586590047011501130_n-300x142.jpg 300w, https:\/\/echta-derminga.de\/wp-content\/uploads\/2021\/06\/203162762_4073419999419361_1586590047011501130_n-768x364.jpg 768w, https:\/\/echta-derminga.de\/wp-content\/uploads\/2021\/06\/203162762_4073419999419361_1586590047011501130_n.jpg 1352w\" sizes=\"auto, (max-width: 700px) 100vw, 700px\" \/><\/figure><\/li><li class=\"blocks-gallery-item\"><figure><img loading=\"lazy\" decoding=\"async\" width=\"700\" height=\"331\" src=\"https:\/\/echta-derminga.de\/wp-content\/uploads\/2021\/06\/202009987_4073420102752684_6062968014350014018_n-700x331.jpg\" alt=\"\" data-id=\"9948\" data-full-url=\"https:\/\/echta-derminga.de\/wp-content\/uploads\/2021\/06\/202009987_4073420102752684_6062968014350014018_n.jpg\" data-link=\"https:\/\/echta-derminga.de\/?attachment_id=9948\" class=\"wp-image-9948\" srcset=\"https:\/\/echta-derminga.de\/wp-content\/uploads\/2021\/06\/202009987_4073420102752684_6062968014350014018_n-700x331.jpg 700w, https:\/\/echta-derminga.de\/wp-content\/uploads\/2021\/06\/202009987_4073420102752684_6062968014350014018_n-300x142.jpg 300w, https:\/\/echta-derminga.de\/wp-content\/uploads\/2021\/06\/202009987_4073420102752684_6062968014350014018_n-768x364.jpg 768w, https:\/\/echta-derminga.de\/wp-content\/uploads\/2021\/06\/202009987_4073420102752684_6062968014350014018_n.jpg 1352w\" sizes=\"auto, (max-width: 700px) 100vw, 700px\" \/><\/figure><\/li><\/ul><\/figure>\n\n\n\n<p class=\"has-medium-font-size wp-block-paragraph\"><strong>via &#8211; Akti(F) &#8211; Aktiv f\u00fcr Familien und ihre Kinder<\/strong><\/p>\n\n\n\n<p class=\"has-medium-font-size wp-block-paragraph\">Neue Einrichtung der Diakonie Saar unterst\u00fctzt und ber\u00e4t Familien und Alleinerziehende. Die Mitarbeiterinnen von \u201evia\u201c machen sich mit Familien und Alleinerziehenden auf den \u201eWeg\u201c. Ziel ist die Verbesserung der Lebensumst\u00e4nde aller Familienmitglieder. Die neue Einrichtung der Diakonie Saar hilft Familien, Elternpaaren und Alleinerziehenden in deren Haushalt mindestens ein Kind unter 18 Jahren lebt und die Arbeitslosengeld II (SGB II) bekommen oder Anspruch auf Kinderzuschlag haben bei der Verbesserung ihrer Lebenssituation. Die Mitarbeiterinnen der Diakonie unterst\u00fctzen bei der Planung der privaten und beruflichen Zukunft und stehen den Frauen und M\u00e4nnern auch bei der Umsetzung ihrer Pl\u00e4ne zur Seite. Dies umfasst beispielsweise Hilfen bei der Jobsuche und bei der Beantragung von Unterst\u00fctzungsleistungen f\u00fcr die Familie. Die neue Beratungsstelle ist im Haus der Diakonie in der Bahnhofstra\u00dfe 26 in Neunkirchen zu finden. Seit dem 14. Januar 2021 steht Ihnen vierzehnt\u00e4gig Donnerstag von 8:00 Uhr bis 12:00 Uhr eine via-Mitarbeiterin in der Evangelischen Kirchengemeinde Dirmingen zur Verf\u00fcgung. Aufgrund der COVID-19 Pandemie sind derzeit leider nur Termine nach telefonischer Vereinbarung m\u00f6glich. Das Projekt \u201evia\u201c wird im Rahmen des Programms \u201eAkti(F)\u201c durch das Bundesministerium f\u00fcr Arbeit und Soziales und den Europ\u00e4ischen Sozialfonds gef\u00f6rdert. Gef\u00f6rdert durch: &#8222;via \u2013 Unterst\u00fctzung und Beratung f\u00fcr Familien und Alleinerziehende&#8220;. Evangelische Kirchengemeinde Dirmingen, Marktplatz 8, 66571 Dirmingen. Vierzehnt\u00e4gig Donnerstag 8:00 Uhr &#8211; 12:00 Uhr, Telefon: 0172 4587549 Termine nach Vereinbarung via@dwsaar.de, <a href=\"http:\/\/www.diakonie-saar.de\">www.diakonie-saar.de<\/a>. Bitte nehmen Sie dieses Angebot an.<\/p>\n\n\n\n<p class=\"has-medium-font-size wp-block-paragraph\"><strong>\u201eB\u00fcttels Eck\u201c wird zu einer Wohlf\u00fchloase<\/strong><\/p>\n\n\n\n<p class=\"has-medium-font-size wp-block-paragraph\">Unser neuer Pate Harald Gerstner hat kr\u00e4ftig angepackt und dem \u201eB\u00fcttels Eck\u201c zu einem sch\u00f6neren Aussehen verholfen. Mit Unterst\u00fctzung der Bankpaten, allen voran Josef Wilhelm und auch Rudi Konetzka wurde schon einiges in die Wege geleitet. Immer \u00f6fter verharren die Menschen vor dem \u201eB\u00fcttels Eck\u201c und genie\u00dfen auf der neuen Ruhebank eine kleine Verschnaufpause. Ich m\u00f6chte mich an dieser Stelle auch bei der Gemeindeverwaltung und dem Baubetriebshof f\u00fcr die Unterst\u00fctzung bedanken. In diesem Zustand wird das \u201eB\u00fcttels Eck\u201c wieder eine Bereicherung f\u00fcr unser Dorf werden. Nun gilt es weiterzumachen und genau dort anzusetzen. Es gibt viel zu tun in unserem Dorf. Gemeinsam erreichen wir MEHR f\u00fcr unsere Heimat.<\/p>\n\n\n\n<figure class=\"wp-block-gallery columns-3 is-cropped wp-block-gallery-2 is-layout-flex wp-block-gallery-is-layout-flex\"><ul class=\"blocks-gallery-grid\"><li class=\"blocks-gallery-item\"><figure><img loading=\"lazy\" decoding=\"async\" width=\"700\" height=\"331\" src=\"https:\/\/echta-derminga.de\/wp-content\/uploads\/2021\/06\/11-700x331.jpg\" alt=\"\" data-id=\"9941\" data-link=\"https:\/\/echta-derminga.de\/?attachment_id=9941\" class=\"wp-image-9941\" srcset=\"https:\/\/echta-derminga.de\/wp-content\/uploads\/2021\/06\/11-700x331.jpg 700w, https:\/\/echta-derminga.de\/wp-content\/uploads\/2021\/06\/11-300x142.jpg 300w, https:\/\/echta-derminga.de\/wp-content\/uploads\/2021\/06\/11-768x363.jpg 768w, https:\/\/echta-derminga.de\/wp-content\/uploads\/2021\/06\/11.jpg 1000w\" sizes=\"auto, (max-width: 700px) 100vw, 700px\" \/><\/figure><\/li><li class=\"blocks-gallery-item\"><figure><img loading=\"lazy\" decoding=\"async\" width=\"700\" height=\"580\" src=\"https:\/\/echta-derminga.de\/wp-content\/uploads\/2021\/06\/2-5-700x580.jpg\" alt=\"\" data-id=\"9942\" data-link=\"https:\/\/echta-derminga.de\/?attachment_id=9942\" class=\"wp-image-9942\" srcset=\"https:\/\/echta-derminga.de\/wp-content\/uploads\/2021\/06\/2-5-700x580.jpg 700w, https:\/\/echta-derminga.de\/wp-content\/uploads\/2021\/06\/2-5-300x249.jpg 300w, https:\/\/echta-derminga.de\/wp-content\/uploads\/2021\/06\/2-5-768x637.jpg 768w, https:\/\/echta-derminga.de\/wp-content\/uploads\/2021\/06\/2-5.jpg 900w\" sizes=\"auto, (max-width: 700px) 100vw, 700px\" \/><\/figure><\/li><li class=\"blocks-gallery-item\"><figure><img loading=\"lazy\" decoding=\"async\" width=\"700\" height=\"331\" src=\"https:\/\/echta-derminga.de\/wp-content\/uploads\/2021\/06\/44-700x331.jpg\" alt=\"\" data-id=\"9953\" data-full-url=\"https:\/\/echta-derminga.de\/wp-content\/uploads\/2021\/06\/44.jpg\" data-link=\"https:\/\/echta-derminga.de\/?attachment_id=9953\" class=\"wp-image-9953\" srcset=\"https:\/\/echta-derminga.de\/wp-content\/uploads\/2021\/06\/44-700x331.jpg 700w, https:\/\/echta-derminga.de\/wp-content\/uploads\/2021\/06\/44-300x142.jpg 300w, https:\/\/echta-derminga.de\/wp-content\/uploads\/2021\/06\/44-768x363.jpg 768w, https:\/\/echta-derminga.de\/wp-content\/uploads\/2021\/06\/44.jpg 900w\" sizes=\"auto, (max-width: 700px) 100vw, 700px\" \/><\/figure><\/li><\/ul><\/figure>\n\n\n\n<p class=\"has-medium-font-size wp-block-paragraph\"><strong>Die EM mit \u201ePublic Viewing\u201c genie\u00dfen \u2013 TVD l\u00e4dt zum Fu\u00dfballabend ein<\/strong><\/p>\n\n\n\n<p class=\"has-medium-font-size wp-block-paragraph\">Am Mittwoch, 23. Juni l\u00e4dt der TV 04 Dirmingen zum gemeinsamen \u201ePublic Viewing\u201c auf dem Kleinspielfeld ein. Einlass ist ab 20 Uhr nach Voranmeldung bei Timo Spaniol unter: 0176 43583420 oder <a href=\"mailto:spanioltimo@gmx.de\">spanioltimo@gmx.de<\/a>. Der Eintritt ist kostenlos wobei man nat\u00fcrlich ein Negativtest, einen Genesungsnachweis oder einen vollst\u00e4ndigen Impfnachweis vorzuzeigen muss. Ich m\u00f6chte dem TV 04 Dirmingen f\u00fcr sein Engagement danken und w\u00fcnsche allen Fu\u00dfball-Fans einen sch\u00f6nen und vor allen Dingen erfolgreichen Abend auf dem Kleinspielfeld in Dirmingen.<\/p>\n\n\n\n<p class=\"has-medium-font-size wp-block-paragraph\"><strong>\u00d6kumenischer Freiluft-Gottesdienst in Macherbach<\/strong><\/p>\n\n\n\n<p class=\"has-medium-font-size wp-block-paragraph\">In der Reihe der \u00f6kumenischen Freiluft- Gottesdiensten, mit der katholischen Pfarreiengemeinschaft Eppelborn- Dirmingen und der Evangelischen Kirchengemeinde Dirmingen findet am Sonntag, 27. Juni um 10:00 Uhr in der Josefskapelle in Macherbach die n\u00e4chste Veranstaltung statt. Anmeldungen nimmt das Pfarramt in Eppelborn unter der Telefonnummer 06881 &#8211; 7124 entgegen. Der Gottesdienst wird unter den aktuellen Hygienevorschriften mit Mund-und Nasenschutz und Mindestabstand durchgef\u00fchrt. Sitzm\u00f6glichkeiten und wetterfeste Kleidung sind mitzubringen.<\/p>\n\n\n\n<figure class=\"wp-block-gallery columns-2 is-cropped wp-block-gallery-3 is-layout-flex wp-block-gallery-is-layout-flex\"><ul class=\"blocks-gallery-grid\"><li class=\"blocks-gallery-item\"><figure><img loading=\"lazy\" decoding=\"async\" width=\"700\" height=\"926\" src=\"https:\/\/echta-derminga.de\/wp-content\/uploads\/2021\/06\/203472908_4069111276516900_7125724286211189819_n-700x926.jpg\" alt=\"\" data-id=\"9937\" data-full-url=\"https:\/\/echta-derminga.de\/wp-content\/uploads\/2021\/06\/203472908_4069111276516900_7125724286211189819_n.jpg\" data-link=\"https:\/\/echta-derminga.de\/?attachment_id=9937\" class=\"wp-image-9937\" srcset=\"https:\/\/echta-derminga.de\/wp-content\/uploads\/2021\/06\/203472908_4069111276516900_7125724286211189819_n-700x926.jpg 700w, https:\/\/echta-derminga.de\/wp-content\/uploads\/2021\/06\/203472908_4069111276516900_7125724286211189819_n-227x300.jpg 227w, https:\/\/echta-derminga.de\/wp-content\/uploads\/2021\/06\/203472908_4069111276516900_7125724286211189819_n-768x1016.jpg 768w, https:\/\/echta-derminga.de\/wp-content\/uploads\/2021\/06\/203472908_4069111276516900_7125724286211189819_n.jpg 1080w\" sizes=\"auto, (max-width: 700px) 100vw, 700px\" \/><\/figure><\/li><li class=\"blocks-gallery-item\"><figure><img loading=\"lazy\" decoding=\"async\" width=\"700\" height=\"987\" src=\"https:\/\/echta-derminga.de\/wp-content\/uploads\/2021\/06\/201511981_4065255746902453_8698837484970150153_n-700x987.jpg\" alt=\"\" data-id=\"9959\" data-full-url=\"https:\/\/echta-derminga.de\/wp-content\/uploads\/2021\/06\/201511981_4065255746902453_8698837484970150153_n.jpg\" data-link=\"https:\/\/echta-derminga.de\/?attachment_id=9959\" class=\"wp-image-9959\" srcset=\"https:\/\/echta-derminga.de\/wp-content\/uploads\/2021\/06\/201511981_4065255746902453_8698837484970150153_n-700x987.jpg 700w, https:\/\/echta-derminga.de\/wp-content\/uploads\/2021\/06\/201511981_4065255746902453_8698837484970150153_n-213x300.jpg 213w, https:\/\/echta-derminga.de\/wp-content\/uploads\/2021\/06\/201511981_4065255746902453_8698837484970150153_n-768x1083.jpg 768w, https:\/\/echta-derminga.de\/wp-content\/uploads\/2021\/06\/201511981_4065255746902453_8698837484970150153_n.jpg 968w\" sizes=\"auto, (max-width: 700px) 100vw, 700px\" \/><\/figure><\/li><\/ul><\/figure>\n\n\n\n<p class=\"has-medium-font-size wp-block-paragraph\"><strong>Sie sehen, es bewegt sich so einiges in unserem Dorf. Dabei sind es gerade die kleinen Dinge die unser Leben erleichtern. Nicht immer muss es eine gro\u00dfangelegte Aktion oder ein zeitaufwendiges Ehrenamt sein. Manchmal gen\u00fcgen schon ein paar helfende H\u00e4nde und ein guter Wille. Jeder so wie er kann und m\u00f6chte ! Wichtig ist, dass wir etwas bewegen. Dabei sollte uns allen klar sein: Es bewegt sich auch in unserem Dorf \u00fcberhaupt nichts, wenn wir nichts bewegen ! In diesem Sinne denken Sie immer daran: &#8222;Am Ende wird alles gut, sollte es noch nicht gut sein, ist es noch nicht zu Ende.<\/strong><\/p>\n\n\n\n<p class=\"has-medium-font-size wp-block-paragraph\"><strong><em>Ihr Ortsvorsteher<\/em><\/strong><\/p>\n\n\n\n<p class=\"has-medium-font-size wp-block-paragraph\"><strong><em>Frank Klein<\/em><\/strong><\/p>\n","protected":false},"excerpt":{"rendered":"<p>Niemand kann vorhersagen, ob wir die Pandemie tats\u00e4chlich schon bald besiegt haben. Tats\u00e4chlich sp\u00fcren wir jedoch eine gewisse Erleichterung. Mit jeder Impfdosis kommt ein St\u00fcck Normalit\u00e4t zur\u00fcck in unser Leben. Mit Hilfe von Tests, Impfungen und Genesungsnachweisen wird schon in diesem Sommer wieder einiges m\u00f6glich sein. Ich m\u00f6chte Sie bitten, dass Angebot unserer Vereine und Gastronomen anzunehmen. Nutzen Sie die<\/p>\n","protected":false},"author":1,"featured_media":9946,"comment_status":"open","ping_status":"closed","sticky":false,"template":"","format":"standard","meta":{"_crdt_document":"","footnotes":""},"categories":[1,9,812],"tags":[5,618,127,795,310],"class_list":["post-9932","post","type-post","status-publish","format-standard","has-post-thumbnail","hentry","category-allgemein","category-dorfgetratsche","category-ortsvorsteher-dirmingen","tag-dirmingen","tag-gemeinde-eppelborn","tag-landkreis-neunkirchen","tag-ortsvorsteher-dirmingen","tag-saarland"],"_links":{"self":[{"href":"https:\/\/echta-derminga.de\/index.php?rest_route=\/wp\/v2\/posts\/9932","targetHints":{"allow":["GET"]}}],"collection":[{"href":"https:\/\/echta-derminga.de\/index.php?rest_route=\/wp\/v2\/posts"}],"about":[{"href":"https:\/\/echta-derminga.de\/index.php?rest_route=\/wp\/v2\/types\/post"}],"author":[{"embeddable":true,"href":"https:\/\/echta-derminga.de\/index.php?rest_route=\/wp\/v2\/users\/1"}],"replies":[{"embeddable":true,"href":"https:\/\/echta-derminga.de\/index.php?rest_route=%2Fwp%2Fv2%2Fcomments&post=9932"}],"version-history":[{"count":21,"href":"https:\/\/echta-derminga.de\/index.php?rest_route=\/wp\/v2\/posts\/9932\/revisions"}],"predecessor-version":[{"id":9965,"href":"https:\/\/echta-derminga.de\/index.php?rest_route=\/wp\/v2\/posts\/9932\/revisions\/9965"}],"wp:featuredmedia":[{"embeddable":true,"href":"https:\/\/echta-derminga.de\/index.php?rest_route=\/wp\/v2\/media\/9946"}],"wp:attachment":[{"href":"https:\/\/echta-derminga.de\/index.php?rest_route=%2Fwp%2Fv2%2Fmedia&parent=9932"}],"wp:term":[{"taxonomy":"category","embeddable":true,"href":"https:\/\/echta-derminga.de\/index.php?rest_route=%2Fwp%2Fv2%2Fcategories&post=9932"},{"taxonomy":"post_tag","embeddable":true,"href":"https:\/\/echta-derminga.de\/index.php?rest_route=%2Fwp%2Fv2%2Ftags&post=9932"}],"curies":[{"name":"wp","href":"https:\/\/api.w.org\/{rel}","templated":true}]}}