{"id":9979,"date":"2021-06-26T12:02:17","date_gmt":"2021-06-26T11:02:17","guid":{"rendered":"https:\/\/echta-derminga.de\/?p=9979"},"modified":"2022-03-31T12:56:42","modified_gmt":"2022-03-31T11:56:42","slug":"das-buettelseck-bietet-echte-chancen-fuer-unseren-heimatort-vom-gemeindehaus-zur-naherholung","status":"publish","type":"post","link":"https:\/\/echta-derminga.de\/?p=9979","title":{"rendered":"Das &#8222;B\u00fcttelseck&#8220; bietet echte Chancen f\u00fcr unseren Heimatort &#8211; Vom Gemeindehaus zur Naherholung"},"content":{"rendered":"\n<p class=\"has-medium-font-size wp-block-paragraph\"><strong>Im Jahre 1974 wurde die bis dahin selbstst\u00e4ndige Gemeinde Dirmingen der neuen Einheitsgemeinde Eppelborn zugeteilt. Bis ins 18. Jahrhundert wurde unser Ort von einem Meier, Schulzen oder Ortsvorsteher verwaltet. Im Jahre 1795 wurde Heintz Georg zum ersten B\u00fcrgermeister der B\u00fcrgermeisterei Dirmingen ernannt. In den folgenden Jahren fanden in regelm\u00e4\u00dfigen Abst\u00e4nden B\u00fcrgermeisterwahlen statt. Dabei war die Amtsdauer oftmals sehr unterschiedlich. Hermann Bock wurde im Jahre 1972 zum letzten B\u00fcrgermeister unseres Dorfes gew\u00e4hlt. Seine Amtszeit endete mit der Umsetzung des Gesetzes \u00fcber die Neugliederung der Kreise und Gemeinden im Jahre 1973. Am 01. Januar 1974 verlor die Gemeinde Dirmingen ihre Selbst\u00e4ndigkeit als Gemeinde und somit auch den eigenen B\u00fcrgermeister. Der Dirminger Hans Baltes wurde nach der Gebietsverwaltungsreform zum ersten Ortsvorsteher gew\u00e4hlt. Mit der Eingliederung Dirmingens, in die Gemeinde Eppelborn, verlor auch das bisherige gemeindeeigene Rathaus seinen Nutzen.<\/strong><\/p>\n\n\n\n<p class=\"has-medium-font-size wp-block-paragraph\">Die Gemeinde Dirmingen hatte im Jahre 1972 einen Bausparvertrag \u00fcber 50 000,- \u20ac abgeschlossen. Der damalige Gemeinderat hatte fest im Blick das Gemeindehaus zu sanieren. Bis zur Gebietsverwaltungsreform im Jahre 1974 gelang es jedoch nicht auf diese Zuteilung zur\u00fcckzugreifen. Das alte Gemeindehaus verlor zusehends an Attraktivit\u00e4t und wurde sogar zu einem echten Schandfleck. Auch das am Gemeindehaus angebaute Ger\u00e4tehaus der Dirminger Feuerwehr war zu diesem Zeitpunkt l\u00e4ngst keine Augenweide mehr. In der Bev\u00f6lkerung wurden erste Stimmen laut, die eine L\u00f6sung forderten. Die Frage:&#8220; wo denn der Bausparvertrag geblieben sei&#8220; wurde zunehmend lauter. Schon die die Eingliederung in die neue Einheitsgemeinde Eppelborn wurde von der Bev\u00f6lkerung keineswegs ohne Murren hingenommen. Dabei ging es der Bev\u00f6lkerung im Wesentlichen um den Verbleib des Ortes im Kreis Ottweiler. Die geplante Zuordnung in den Kreis Saarlouis hielten die Dirminger f\u00fcr nicht sinnvoll. Der Dirminger Gemeinderat favorisierte damals eine Eingliederung in die Einheitsgemeinde Illingen mit Zugeh\u00f6rigkeit zum Kreis Ottweiler oder alternativ den Zusammenschluss einer sogenannten Alsbachtal-Gemeinde. Aus Dirminger Sicht w\u00fcrden in diesem Fall die historischen, kulturellen, kirchlichen und verwandtschaftlichen Beziehungen zu Berschweiler gewahrt werden. Viele der \u00e4lteren Bewohner unseres Dorfes vertreten noch heute die Meinung, dass das bis heute oftmals angespannte Verh\u00e4ltnis zu der Gemeinde Eppelborn aus dieser Zeit stammt.<\/p>\n\n\n<div class=\"wp-block-image is-style-default\">\n<figure class=\"aligncenter size-large\"><img loading=\"lazy\" decoding=\"async\" width=\"700\" height=\"536\" src=\"https:\/\/echta-derminga.de\/wp-content\/uploads\/2021\/06\/dirmingen161-1-700x536.jpg\" alt=\"\" class=\"wp-image-9985\" srcset=\"https:\/\/echta-derminga.de\/wp-content\/uploads\/2021\/06\/dirmingen161-1-700x536.jpg 700w, https:\/\/echta-derminga.de\/wp-content\/uploads\/2021\/06\/dirmingen161-1-300x230.jpg 300w, https:\/\/echta-derminga.de\/wp-content\/uploads\/2021\/06\/dirmingen161-1-768x588.jpg 768w, https:\/\/echta-derminga.de\/wp-content\/uploads\/2021\/06\/dirmingen161-1.jpg 779w\" sizes=\"auto, (max-width: 700px) 100vw, 700px\" \/><figcaption>Altes Dirminger Gemeindehaus<\/figcaption><\/figure>\n<\/div>\n\n\n<p class=\"has-medium-font-size wp-block-paragraph\"><strong>Als der Eppelborner Gemeinderat gemeinsam mit dem Dirminger Ortsrat zu Beginn der 1980-ger Jahre den Abri\u00df das ehemalige Gemeindehaus beschloss, entfachte in der Bev\u00f6lkerung erneut eine rege Diskussion. Der ehemalige B\u00fcrgermeister der Gemeinde Dirmingen Otto Gordner forderte als Vorsitzender des Heimat -und Verkehrsvereins den Erhalt des Gemeindehauses und verwies darauf, dass auch der Seniorentreff des DRK mit diesem Vorhaben seine Anlaufstelle verlieren w\u00fcrde. Die Dirminger Feuerwehr hingegen setzte sich schon recht fr\u00fch f\u00fcr den Bau eines neuen Ger\u00e4tehauses ein. Nach den Abrissarbeiten des angebauten Feuerwehrger\u00e4tehauses und des Gemeindehauses dauerte es noch eine Weile bis das heutige &#8222;B\u00fcttelseck&#8220; entstand.<\/strong><\/p>\n\n\n\n<p class=\"has-medium-font-size wp-block-paragraph\">Der &#8222;B\u00fcttelseck&#8220; stellt die Ecke im Dorf dar, wo der B\u00fcttel oder Gemeindediener lebte. Dabei hat die Amtsbezeichnung B\u00fcttel heute l\u00e4ngst ihre Bedeutung verloren. Der B\u00fcttel war ein Bote der fr\u00fcher im Gemeindehaus wohnte. Im Grunde war ein B\u00fcttel nichts anderes als ein Bote, Diener, H\u00e4scher oder Scherge des Gerichts oder der Beh\u00f6rde. Der B\u00fcttel hatte die Aufgabe Gebote zu vollstrecken und Anweisungen durchzuf\u00fchren. Der B\u00fcttel bekam es also zur Aufgabe gemacht, Dinge zu erledigen, die andere Gemeindearbeiter nicht erledigen wollten. Ein B\u00fcttel war ein Gerichtsdiener und wurde vom Amtsherrn als Hilfsperson eingesetzt, um dienstfertig Befehle auszurichten. Dazu geh\u00f6rten neben den Gerichtsdienern auch die Gehilfen der Richter oder des Henkers. Zu den T\u00e4tigkeiten des B\u00fcttels geh\u00f6rte das Zureichen von Gerichtsakten sowie diverse Boteng\u00e4nge. Sie waren Handlanger der Obrigkeit und wurden auch zum Eintreiben von Steuern und Abgaben eingesetzt. Sie standen im Ruf, manchen Auftrag zu ihrem eigenen Nutzen auszuf\u00fchren. Ein B\u00fcttel war au\u00dferdem daf\u00fcr verantwortlich Neuigkeiten aus der Verwaltung zu verk\u00fcnden.<\/p>\n\n\n\n<figure class=\"wp-block-gallery has-nested-images columns-default is-cropped wp-block-gallery-1 is-layout-flex wp-block-gallery-is-layout-flex\">\n<figure class=\"wp-block-image size-large\"><img loading=\"lazy\" decoding=\"async\" width=\"700\" height=\"478\" data-id=\"9988\" src=\"https:\/\/echta-derminga.de\/wp-content\/uploads\/2021\/06\/dirmingen226-700x478.jpg\" alt=\"\" class=\"wp-image-9988\" srcset=\"https:\/\/echta-derminga.de\/wp-content\/uploads\/2021\/06\/dirmingen226-700x478.jpg 700w, https:\/\/echta-derminga.de\/wp-content\/uploads\/2021\/06\/dirmingen226-300x205.jpg 300w, https:\/\/echta-derminga.de\/wp-content\/uploads\/2021\/06\/dirmingen226-768x524.jpg 768w, https:\/\/echta-derminga.de\/wp-content\/uploads\/2021\/06\/dirmingen226.jpg 900w\" sizes=\"auto, (max-width: 700px) 100vw, 700px\" \/><\/figure>\n\n\n\n<figure class=\"wp-block-image size-large\"><img loading=\"lazy\" decoding=\"async\" width=\"700\" height=\"478\" data-id=\"9989\" src=\"https:\/\/echta-derminga.de\/wp-content\/uploads\/2021\/06\/dirmingen233-700x478.jpg\" alt=\"\" class=\"wp-image-9989\" srcset=\"https:\/\/echta-derminga.de\/wp-content\/uploads\/2021\/06\/dirmingen233-700x478.jpg 700w, https:\/\/echta-derminga.de\/wp-content\/uploads\/2021\/06\/dirmingen233-300x205.jpg 300w, https:\/\/echta-derminga.de\/wp-content\/uploads\/2021\/06\/dirmingen233-768x524.jpg 768w, https:\/\/echta-derminga.de\/wp-content\/uploads\/2021\/06\/dirmingen233.jpg 900w\" sizes=\"auto, (max-width: 700px) 100vw, 700px\" \/><\/figure>\n<\/figure>\n\n\n\n<p class=\"has-medium-font-size wp-block-paragraph\"><strong>Der Heimat -und Verkehrsverein Dirmingen setzte sich nach dem Abriss des Gemeindehauses f\u00fcr eine Alternativl\u00f6sung ein. Mit dem &#8222;B\u00fcttelseck&#8220; wurde eine Naherholungsm\u00f6glichkeit f\u00fcr die Bev\u00f6lkerung geschaffen. In liebevoller Kleinarbeit entstand eine Wohlf\u00fchloase f\u00fcr Jedermann.<\/strong><\/p>\n\n\n\n<p class=\"has-medium-font-size wp-block-paragraph\">In den 2000 Jahren wurde das Kleinod immer mehr vernachl\u00e4ssigt und kaum noch angenommen. Auch ich muss gestehen, dass &#8222;B\u00fcttelseck&#8220; immer mehr aus den Augen verloren zu haben. Wenn man jedoch in Amt und W\u00fcrden ist, beginnt man sich \u00fcber so machen Missstand Gedanken zu machen. Mit der Zeit entstand also die Idee das B\u00fcttelseck wieder aufzuwerten. Mit Harald Gerstner, einem direkten Anwohner, wurde ein geeigneter P\u00e4chter gefunden der sich mit viel M\u00fche und gro\u00dfem Aufwand an die Arbeit machte. Heute erstrahlt das B\u00fcttels Eck wieder in seiner nat\u00fcrlichen Sch\u00f6nheit. Unsere Bankpaten, allen voran Josef Wilhelm, reagierten sofort und brachten eine neue Bank und einen M\u00fclleimer an. Die Gemeindeverwaltung folgte unserer Bitte und unterst\u00fctzte das Vorhaben. Schritt f\u00fcr Schritt bekommt das B\u00fcttels Eck wieder seinen alten Glanz zur\u00fcck. Dabei sind wir noch lange nicht am Ende. Vieles kann und sollte noch entstehen. Ideen gibt es zu gen\u00fcge !<\/p>\n\n\n\n<figure class=\"wp-block-gallery has-nested-images columns-default is-cropped wp-block-gallery-2 is-layout-flex wp-block-gallery-is-layout-flex\">\n<figure class=\"wp-block-image size-large\"><img loading=\"lazy\" decoding=\"async\" width=\"700\" height=\"466\" data-id=\"9862\" src=\"https:\/\/echta-derminga.de\/wp-content\/uploads\/2021\/06\/Bankpaten1a-Kopie-700x466.jpg\" alt=\"\" class=\"wp-image-9862\" srcset=\"https:\/\/echta-derminga.de\/wp-content\/uploads\/2021\/06\/Bankpaten1a-Kopie-700x466.jpg 700w, https:\/\/echta-derminga.de\/wp-content\/uploads\/2021\/06\/Bankpaten1a-Kopie-300x200.jpg 300w, https:\/\/echta-derminga.de\/wp-content\/uploads\/2021\/06\/Bankpaten1a-Kopie-768x511.jpg 768w, https:\/\/echta-derminga.de\/wp-content\/uploads\/2021\/06\/Bankpaten1a-Kopie.jpg 1000w\" sizes=\"auto, (max-width: 700px) 100vw, 700px\" \/><\/figure>\n\n\n\n<figure class=\"wp-block-image size-large\"><img loading=\"lazy\" decoding=\"async\" width=\"700\" height=\"331\" data-id=\"9941\" src=\"https:\/\/echta-derminga.de\/wp-content\/uploads\/2021\/06\/11-700x331.jpg\" alt=\"\" class=\"wp-image-9941\" srcset=\"https:\/\/echta-derminga.de\/wp-content\/uploads\/2021\/06\/11-700x331.jpg 700w, https:\/\/echta-derminga.de\/wp-content\/uploads\/2021\/06\/11-300x142.jpg 300w, https:\/\/echta-derminga.de\/wp-content\/uploads\/2021\/06\/11-768x363.jpg 768w, https:\/\/echta-derminga.de\/wp-content\/uploads\/2021\/06\/11.jpg 1000w\" sizes=\"auto, (max-width: 700px) 100vw, 700px\" \/><\/figure>\n\n\n\n<figure class=\"wp-block-image size-large\"><img loading=\"lazy\" decoding=\"async\" width=\"700\" height=\"331\" data-id=\"9943\" src=\"https:\/\/echta-derminga.de\/wp-content\/uploads\/2021\/06\/3-5-700x331.jpg\" alt=\"\" class=\"wp-image-9943\" srcset=\"https:\/\/echta-derminga.de\/wp-content\/uploads\/2021\/06\/3-5-700x331.jpg 700w, https:\/\/echta-derminga.de\/wp-content\/uploads\/2021\/06\/3-5-300x142.jpg 300w, https:\/\/echta-derminga.de\/wp-content\/uploads\/2021\/06\/3-5-768x363.jpg 768w, https:\/\/echta-derminga.de\/wp-content\/uploads\/2021\/06\/3-5.jpg 900w\" sizes=\"auto, (max-width: 700px) 100vw, 700px\" \/><\/figure>\n<\/figure>\n\n\n\n<p class=\"has-medium-font-size wp-block-paragraph\"><strong>Vielleicht sollten wir uns im Sp\u00e4tsommer oder Herbst einmal dort zu einem kleinen Fest treffen und gemeinsam \u00fcber die Zukunft des B\u00fcttels Eck diskutieren. Dank der aufopferungsvollen, ehrenamtlichen Arbeit einiger Mitb\u00fcrger ist das B\u00fcttels Eck wieder zu einer echten Anlaufstelle geworden. So soll es bleiben !<\/strong><\/p>\n\n\n<div class=\"wp-block-image\">\n<figure class=\"aligncenter size-large\"><img loading=\"lazy\" decoding=\"async\" width=\"700\" height=\"906\" src=\"https:\/\/echta-derminga.de\/wp-content\/uploads\/2021\/06\/001-20-700x906.jpg\" alt=\"\" class=\"wp-image-9992\" srcset=\"https:\/\/echta-derminga.de\/wp-content\/uploads\/2021\/06\/001-20-700x906.jpg 700w, https:\/\/echta-derminga.de\/wp-content\/uploads\/2021\/06\/001-20-232x300.jpg 232w, https:\/\/echta-derminga.de\/wp-content\/uploads\/2021\/06\/001-20-768x994.jpg 768w, https:\/\/echta-derminga.de\/wp-content\/uploads\/2021\/06\/001-20-1187x1536.jpg 1187w, https:\/\/echta-derminga.de\/wp-content\/uploads\/2021\/06\/001-20.jpg 1446w\" sizes=\"auto, (max-width: 700px) 100vw, 700px\" \/><\/figure>\n<\/div>","protected":false},"excerpt":{"rendered":"<p>Im Jahre 1974 wurde die bis dahin selbstst\u00e4ndige Gemeinde Dirmingen der neuen Einheitsgemeinde Eppelborn zugeteilt. Bis ins 18. Jahrhundert wurde unser Ort von einem Meier, Schulzen oder Ortsvorsteher verwaltet. Im Jahre 1795 wurde Heintz Georg zum ersten B\u00fcrgermeister der B\u00fcrgermeisterei Dirmingen ernannt. In den folgenden Jahren fanden in regelm\u00e4\u00dfigen Abst\u00e4nden B\u00fcrgermeisterwahlen statt. Dabei war die Amtsdauer oftmals sehr unterschiedlich. Hermann<\/p>\n","protected":false},"author":1,"featured_media":9982,"comment_status":"closed","ping_status":"closed","sticky":false,"template":"","format":"standard","meta":{"_crdt_document":"","footnotes":""},"categories":[1,9,8],"tags":[123,5,618,127,310],"class_list":["post-9979","post","type-post","status-publish","format-standard","has-post-thumbnail","hentry","category-allgemein","category-dorfgetratsche","category-sellemols-und-awweile","tag-buettelseck","tag-dirmingen","tag-gemeinde-eppelborn","tag-landkreis-neunkirchen","tag-saarland"],"_links":{"self":[{"href":"https:\/\/echta-derminga.de\/index.php?rest_route=\/wp\/v2\/posts\/9979","targetHints":{"allow":["GET"]}}],"collection":[{"href":"https:\/\/echta-derminga.de\/index.php?rest_route=\/wp\/v2\/posts"}],"about":[{"href":"https:\/\/echta-derminga.de\/index.php?rest_route=\/wp\/v2\/types\/post"}],"author":[{"embeddable":true,"href":"https:\/\/echta-derminga.de\/index.php?rest_route=\/wp\/v2\/users\/1"}],"replies":[{"embeddable":true,"href":"https:\/\/echta-derminga.de\/index.php?rest_route=%2Fwp%2Fv2%2Fcomments&post=9979"}],"version-history":[{"count":12,"href":"https:\/\/echta-derminga.de\/index.php?rest_route=\/wp\/v2\/posts\/9979\/revisions"}],"predecessor-version":[{"id":12491,"href":"https:\/\/echta-derminga.de\/index.php?rest_route=\/wp\/v2\/posts\/9979\/revisions\/12491"}],"wp:featuredmedia":[{"embeddable":true,"href":"https:\/\/echta-derminga.de\/index.php?rest_route=\/wp\/v2\/media\/9982"}],"wp:attachment":[{"href":"https:\/\/echta-derminga.de\/index.php?rest_route=%2Fwp%2Fv2%2Fmedia&parent=9979"}],"wp:term":[{"taxonomy":"category","embeddable":true,"href":"https:\/\/echta-derminga.de\/index.php?rest_route=%2Fwp%2Fv2%2Fcategories&post=9979"},{"taxonomy":"post_tag","embeddable":true,"href":"https:\/\/echta-derminga.de\/index.php?rest_route=%2Fwp%2Fv2%2Ftags&post=9979"}],"curies":[{"name":"wp","href":"https:\/\/api.w.org\/{rel}","templated":true}]}}