{"id":9998,"date":"2021-06-27T12:19:11","date_gmt":"2021-06-27T11:19:11","guid":{"rendered":"https:\/\/echta-derminga.de\/?p=9998"},"modified":"2021-06-27T12:29:07","modified_gmt":"2021-06-27T11:29:07","slug":"in-sachen-ortsvorsteher-vom-traum-eines-unbeschwerten-sommers-und-wichtigen-lichtblicken","status":"publish","type":"post","link":"https:\/\/echta-derminga.de\/?p=9998","title":{"rendered":"In Sachen Ortsvorsteher: Von ersten Veranstaltungen und einem gro\u00dfartigen Engagement"},"content":{"rendered":"\n<p class=\"has-medium-font-size wp-block-paragraph\">Mit dem Sommer gelangt eine gewisse Gelassenheit zur\u00fcck in unser Leben. Das erste Musikpicknick auf Finkenrech, am 22.Juni hat trotz m\u00e4\u00dfigen Wetter zahlreiche Zuschauer angelockt. Die Menschen genossen bei toller Livemusik, in einem wundersch\u00f6nen Ambiente auf Finkenrech, den Abend und die Leichtigkeit des Seins. Unser Leben gelangt langsam wieder in ruhigere Fahrwasser. Die Normalit\u00e4t kommt St\u00fcck f\u00fcr St\u00fcck zur\u00fcck und l\u00e4sst uns positiv den Dingen entgegensehen. <strong>Weitere Termine f\u00fcr das Musikpicknick sind : 27. Juli 2021: 2minusbass, 10. August 2021: Yannisha (Nachholtermin vom 25. Mai 2021), 24. August 2021: Day5. Anmeldung und n\u00e4here Infos: Tourismus- und Kulturzentrale des Landkreises Neunkirchen, Am Bergwerk Reden 10, 66578 Schiffweiler\/Landsweiler-Reden, Telefon 06821\/972920, www.finkenrech.de, E-Mail: <a href=\"mailto:info@finkenrech.de\">info@finkenrech.de<\/a>. <\/strong>Voraussetzung f\u00fcr die Teilnahme an der Veranstaltung sind ein negativer Testbescheid, ein Nachweis \u00fcber eine vollst\u00e4ndige Impfung oder \u00fcber eine Genesung. Einlass ist ab 17.30 Uhr, der Eintritt ist frei. Bleibt zu hoffen, dass nach dem Saisonstart auf Finkenrech auch unsere Vereine endlich wieder richtig durchstarten k\u00f6nnen und auch unsere Gastronomie davon profitiert. Ich m\u00f6chte Sie bitten die Angebote anzunehmen und ganz vorsichtig und langsam wieder das Leben zu genie\u00dfen. Bei allem was Sie tun, w\u00fcnsche ich Ihnen viel Spa\u00df !<\/p>\n\n\n\n<div class=\"wp-block-image\"><figure class=\"aligncenter size-large\"><img loading=\"lazy\" decoding=\"async\" width=\"700\" height=\"331\" src=\"https:\/\/echta-derminga.de\/wp-content\/uploads\/2021\/06\/11-2-700x331.jpg\" alt=\"\" class=\"wp-image-10001\" srcset=\"https:\/\/echta-derminga.de\/wp-content\/uploads\/2021\/06\/11-2-700x331.jpg 700w, https:\/\/echta-derminga.de\/wp-content\/uploads\/2021\/06\/11-2-300x142.jpg 300w, https:\/\/echta-derminga.de\/wp-content\/uploads\/2021\/06\/11-2-768x364.jpg 768w, https:\/\/echta-derminga.de\/wp-content\/uploads\/2021\/06\/11-2.jpg 1352w\" sizes=\"auto, (max-width: 700px) 100vw, 700px\" \/><figcaption>Musikpicknick auf Finkenrech<\/figcaption><\/figure><\/div>\n\n\n\n<p class=\"has-medium-font-size wp-block-paragraph\"><strong>Herzlichen Gl\u00fcckwunsch an Siegfried Zurek zum 95. Wiegenfest<\/strong><\/p>\n\n\n\n<p class=\"has-medium-font-size wp-block-paragraph\">Am Mittwoch, 23. Juni durfte ich in Begleitung des 1. Beigeordneten Christian Ney unserem Mitb\u00fcrger Siegfried Zurek zum 95. Wiegenfest gratulieren. Bei unserem Besuch \u00fcberbrachte ich die Gl\u00fcckw\u00fcnsche unserer Bev\u00f6lkerung und des Ortsrates. Christian Ney \u00fcberbrachte die Gl\u00fcckw\u00fcnsche des B\u00fcrgermeisters Andreas Feld, des Ministerpr\u00e4sidenten und des Landrates S\u00f6ren Meng. Der Besuch bei Herrn Zurek war sehr kurzweilig. Die Lebensgeschichte von Siegfried Zurek ist sehr interessant und voller \u00dcberraschungen. Mit seinen nun 95. Jahren steht Siegfried Zurek noch mitten im Leben und wirkt ger\u00fcstet f\u00fcr die Zukunft. Auch an dieser Stelle gratuliere ich Herrn Zurek herzlich zum Geburtstag. Ich w\u00fcnsche viel Gl\u00fcck und Gesundheit. Vielen Dank f\u00fcr diesen sch\u00f6nen Nachmittag.<\/p>\n\n\n\n<div class=\"wp-block-image\"><figure class=\"aligncenter size-large\"><img loading=\"lazy\" decoding=\"async\" width=\"700\" height=\"360\" src=\"https:\/\/echta-derminga.de\/wp-content\/uploads\/2021\/06\/12-700x360.jpg\" alt=\"\" class=\"wp-image-10004\" srcset=\"https:\/\/echta-derminga.de\/wp-content\/uploads\/2021\/06\/12-700x360.jpg 700w, https:\/\/echta-derminga.de\/wp-content\/uploads\/2021\/06\/12-300x154.jpg 300w, https:\/\/echta-derminga.de\/wp-content\/uploads\/2021\/06\/12-768x395.jpg 768w, https:\/\/echta-derminga.de\/wp-content\/uploads\/2021\/06\/12.jpg 1440w\" sizes=\"auto, (max-width: 700px) 100vw, 700px\" \/><figcaption>Herzlichen Gl\u00fcckwunsch Siegfried Zurek<\/figcaption><\/figure><\/div>\n\n\n\n<p class=\"has-medium-font-size wp-block-paragraph\"><strong>Herzlichen Gl\u00fcckwunsch an Thomas Kr\u00f6ner zum 60. Wiegenfest<\/strong><\/p>\n\n\n\n<p class=\"has-medium-font-size wp-block-paragraph\">60. Jahre und kein bisschen leise! Am Montag, 21. Juni feierte Thomas Kr\u00f6ner sein nunmehr 60. Wiegenfest. Das Dirminger Original ist seit vielen Jahrzehnten fester Bestandteil unserer Dorfgemeinschaft. F\u00fcr seinen Heimatverein, den SV Dirmingen, leistet die &#8222;Stimme vom Belker&#8220; seit vielen Jahren wichtige ehrenamtliche Arbeit. Der gelernte B\u00e4cker tr\u00e4gt sein Herz auf der Zunge und steht jederzeit hilfsbereit zur Verf\u00fcgung. Thomas Kr\u00f6ner ist im Laufe der Jahre zu einem echten Aush\u00e4ngeschild unserer Dorfgemeinschaft geworden. Mit seiner freundlichen und unkomplizierten Art ist der Dirminger leicht in der Lage Br\u00fccken zu schlagen. Gemeinsam mit den Vorsitzenden des SV Dirmingen, Bjorn Krabbe, gratulierte ich Thomas Kr\u00f6ner an seinem Ehrentag auf das Herzlichste. Auch an dieser Stelle w\u00fcnsche ich &#8222;Tschibo&#8220; alles erdenklich Gute sowie viel Gl\u00fcck und vor allen Dingen Gesundheit.<\/p>\n\n\n\n<div class=\"wp-block-image\"><figure class=\"aligncenter size-large\"><img loading=\"lazy\" decoding=\"async\" width=\"700\" height=\"694\" src=\"https:\/\/echta-derminga.de\/wp-content\/uploads\/2021\/06\/tschip-700x694.jpg\" alt=\"\" class=\"wp-image-10007\" srcset=\"https:\/\/echta-derminga.de\/wp-content\/uploads\/2021\/06\/tschip-700x694.jpg 700w, https:\/\/echta-derminga.de\/wp-content\/uploads\/2021\/06\/tschip-300x297.jpg 300w, https:\/\/echta-derminga.de\/wp-content\/uploads\/2021\/06\/tschip-150x150.jpg 150w, https:\/\/echta-derminga.de\/wp-content\/uploads\/2021\/06\/tschip-768x761.jpg 768w, https:\/\/echta-derminga.de\/wp-content\/uploads\/2021\/06\/tschip-90x90.jpg 90w, https:\/\/echta-derminga.de\/wp-content\/uploads\/2021\/06\/tschip-75x75.jpg 75w, https:\/\/echta-derminga.de\/wp-content\/uploads\/2021\/06\/tschip.jpg 1500w\" sizes=\"auto, (max-width: 700px) 100vw, 700px\" \/><figcaption>Herzlichen Gl\u00fcckwunsch Thomas &#8222;Tschibo&#8220; Kr\u00f6ner<\/figcaption><\/figure><\/div>\n\n\n\n<p class=\"has-medium-font-size wp-block-paragraph\"><strong>Gut f\u00fcr Dirmingen- Hellbergbad \u00f6ffnet wieder seine Pforten<\/strong><\/p>\n\n\n\n<p class=\"has-medium-font-size wp-block-paragraph\">Unser B\u00fcrgermeister Andreas Feld teilte in der vergangenen Woche mit, dass das Hellbergbad wieder seine Pforten \u00f6ffnet. Dies ist auch f\u00fcr viele Dirmingerinnen und Dirminger eine gute Nachricht. Dabei haben laut B\u00fcrgermeister Feld zun\u00e4chst die Kinderschwimmkurse oberste Priorit\u00e4t, Auch das Vereinstraining kann unter den entsprechenden Hygienema\u00dfnahmen wieder aufgenommen werden.  In einem n\u00e4chsten Schritt wird nun das Hellbergbad, wenn zun\u00e4chst auch nur eingeschr\u00e4nkt, f\u00fcr den allgemeinen Schwimmbetrieb &nbsp;ge\u00f6ffnet. Ein umfangreiches Hygienekonzept, eine telefonische Voranmeldung sowie eine Begrenzung auf zun\u00e4chst 35 Personen, macht dies m\u00f6glich.<\/p>\n\n\n\n<p class=\"has-medium-font-size wp-block-paragraph\"><strong>An folgenden Tagen wird das Hellbergbad ab dem 1. Juli 2021 wieder ge\u00f6ffnet sein:<\/strong><\/p>\n\n\n\n<ul class=\"has-medium-font-size wp-block-list\"><li>Mittwochs und freitags von 6:30 Uhr bis 9:00 Uhr (in den Ferien bis 10:00 Uhr)<\/li><li>Freitags von 16:00 bis 18:00 Uhr (bis zum Ende der Sommerferien) sowie von 18:30 bis 21:00 Uhr<\/li><li>Sonntags von 7:30 bis 10:00 Uhr sowie von 10:30 Uhr bis 12:30 Uhr<\/li><\/ul>\n\n\n\n<p class=\"has-medium-font-size wp-block-paragraph\"><strong>Wichtige Informationen:<\/strong>&nbsp;Buchungen sind aktuell ausschlie\u00dflich telefonisch \u00fcber Tel.: &nbsp;(06881) 68 30 m\u00f6glich (telefonische Erreichbarkeit: Montag bis Freitag sowie Sonntag von 8:00 Uhr bis 12:00 Uhr, Mittwoch von 15:30 Uhr bis 18.00 Uhr und Freitag von 16:00 Uhr bis 20:00 Uhr). <strong>Erste Buchungen sind am Montag, 28. Juni 2021, m\u00f6glich! Buchungen \u00fcber mehrere Wochen werden nicht angenommen.<\/strong> Der Einlass ist jeweils nur bis eine Stunde nach \u00d6ffnung der Badezeit &nbsp;m\u00f6glich, um so den Begegnungsverkehr auf den Fluren zu minimieren. (Quelle: Info der Gemeindeverwaltung)<\/p>\n\n\n\n<div class=\"wp-block-image\"><figure class=\"aligncenter size-large\"><img loading=\"lazy\" decoding=\"async\" width=\"700\" height=\"407\" src=\"https:\/\/echta-derminga.de\/wp-content\/uploads\/2021\/06\/25_hellbergbad-1024x596-1-700x407.jpg\" alt=\"\" class=\"wp-image-10012\" srcset=\"https:\/\/echta-derminga.de\/wp-content\/uploads\/2021\/06\/25_hellbergbad-1024x596-1-700x407.jpg 700w, https:\/\/echta-derminga.de\/wp-content\/uploads\/2021\/06\/25_hellbergbad-1024x596-1-300x175.jpg 300w, https:\/\/echta-derminga.de\/wp-content\/uploads\/2021\/06\/25_hellbergbad-1024x596-1-768x447.jpg 768w, https:\/\/echta-derminga.de\/wp-content\/uploads\/2021\/06\/25_hellbergbad-1024x596-1.jpg 1024w\" sizes=\"auto, (max-width: 700px) 100vw, 700px\" \/><figcaption>Quelle Gemeinde Epeplborn<\/figcaption><\/figure><\/div>\n\n\n\n<p class=\"has-medium-font-size wp-block-paragraph\"><strong>Genau Jetzt &#8211; Dirminger Natur und Kultur hautnah erleben<\/strong><\/p>\n\n\n\n<p class=\"has-medium-font-size wp-block-paragraph\">Das Wandern hat w\u00e4hrend der Pandemie erstaunlicherweise an Popularit\u00e4t gewonnen. Die Menschen nutzten die schwierige Zeit um durch das Wandern Abstand zu gewinnen. Unser Heimatort Dirmingen bietet allen Wanderern, Radfahrern und auch allen Touristen wunderbare M\u00f6glichkeiten. Vielleicht nutzen auch Sie einmal ihre Freizeit zu einer Wanderung an die Dirminger &#8222;Steenrutsch&#8220; oder zum Finkenrech. Dort k\u00f6nnen Sie wunderbar die Seele baumeln lassen. Das ausgiebige Dirminger Waldgebiet l\u00e4dt mit seinen vielen Wanderwegen zu interessanten und abwechslungsreichen Touren ein. Warum in die Ferne schweifen, wenn dass gute liegt so nah ? Genau jetzt ist die Zeit um die eigene Heimat zu genie\u00dfen. Gehen Sie einfach drauf los und staunen Sie wie sch\u00f6n unser Heimatort tats\u00e4chlich ist. Dirmingen ist eine Perle im Naturpark Saar-Hunsr\u00fcck und in unserer Heimatgemeinde Eppelborn.<\/p>\n\n\n\n<figure class=\"wp-block-gallery columns-3 is-cropped wp-block-gallery-1 is-layout-flex wp-block-gallery-is-layout-flex\"><ul class=\"blocks-gallery-grid\"><li class=\"blocks-gallery-item\"><figure><img loading=\"lazy\" decoding=\"async\" width=\"700\" height=\"525\" src=\"https:\/\/echta-derminga.de\/wp-content\/uploads\/2021\/06\/11-1-700x525.jpg\" alt=\"\" data-id=\"9970\" data-full-url=\"https:\/\/echta-derminga.de\/wp-content\/uploads\/2021\/06\/11-1.jpg\" data-link=\"https:\/\/echta-derminga.de\/?attachment_id=9970\" class=\"wp-image-9970\" srcset=\"https:\/\/echta-derminga.de\/wp-content\/uploads\/2021\/06\/11-1-700x525.jpg 700w, https:\/\/echta-derminga.de\/wp-content\/uploads\/2021\/06\/11-1-300x225.jpg 300w, https:\/\/echta-derminga.de\/wp-content\/uploads\/2021\/06\/11-1-768x576.jpg 768w, https:\/\/echta-derminga.de\/wp-content\/uploads\/2021\/06\/11-1.jpg 900w\" sizes=\"auto, (max-width: 700px) 100vw, 700px\" \/><\/figure><\/li><li class=\"blocks-gallery-item\"><figure><img loading=\"lazy\" decoding=\"async\" width=\"700\" height=\"396\" src=\"https:\/\/echta-derminga.de\/wp-content\/uploads\/2021\/02\/12-700x396.jpg\" alt=\"\" data-id=\"9097\" data-full-url=\"https:\/\/echta-derminga.de\/wp-content\/uploads\/2021\/02\/12.jpg\" data-link=\"https:\/\/echta-derminga.de\/?attachment_id=9097\" class=\"wp-image-9097\" srcset=\"https:\/\/echta-derminga.de\/wp-content\/uploads\/2021\/02\/12-700x396.jpg 700w, https:\/\/echta-derminga.de\/wp-content\/uploads\/2021\/02\/12-300x170.jpg 300w, https:\/\/echta-derminga.de\/wp-content\/uploads\/2021\/02\/12-768x435.jpg 768w, https:\/\/echta-derminga.de\/wp-content\/uploads\/2021\/02\/12.jpg 857w\" sizes=\"auto, (max-width: 700px) 100vw, 700px\" \/><\/figure><\/li><li class=\"blocks-gallery-item\"><figure><img loading=\"lazy\" decoding=\"async\" width=\"700\" height=\"525\" src=\"https:\/\/echta-derminga.de\/wp-content\/uploads\/2021\/01\/bild-8-700x525.jpg\" alt=\"\" data-id=\"8570\" data-full-url=\"https:\/\/echta-derminga.de\/wp-content\/uploads\/2021\/01\/bild-8.jpg\" data-link=\"https:\/\/echta-derminga.de\/?attachment_id=8570\" class=\"wp-image-8570\" srcset=\"https:\/\/echta-derminga.de\/wp-content\/uploads\/2021\/01\/bild-8-700x525.jpg 700w, https:\/\/echta-derminga.de\/wp-content\/uploads\/2021\/01\/bild-8-300x225.jpg 300w, https:\/\/echta-derminga.de\/wp-content\/uploads\/2021\/01\/bild-8-768x576.jpg 768w, https:\/\/echta-derminga.de\/wp-content\/uploads\/2021\/01\/bild-8.jpg 900w\" sizes=\"auto, (max-width: 700px) 100vw, 700px\" \/><\/figure><\/li><\/ul><\/figure>\n\n\n\n<p class=\"has-medium-font-size wp-block-paragraph\"><strong>TV 04 Dirmingen startet mit ansprechender Veranstaltungsreihe<\/strong><\/p>\n\n\n\n<p class=\"has-medium-font-size wp-block-paragraph\">Unser TVD lockt im Sommer mit einem ansprechenden Sommerprogramm. W\u00e4hrend der Fu\u00dfball Europameisterschaft wird unter den gegebenen Hygienerichtlinien ein &#8222;Public Viewing&#8220; angeboten. In der vergangenen Woche durfte ich mich pers\u00f6nlich davon \u00fcberzeugen wie gut der TVD seine Veranstaltung organisiert. Am 17. Juli veranstaltet der TVD auf seiner Kleinspielfeldanlage ein Konzert mit der Band \u201eDoktor Azzurro\u201c. Beginn ist um 19:30 Uhr, wobei der Eintritt kostenlos ist. Einlass mit negativem Test, Genesungsnachweis oder vollst\u00e4ndigen Impfnachweis. Ich m\u00f6chte dem TV Dirmingen an dieser Stelle f\u00fcr sein Engagement danken und w\u00fcnsche weiterhin alles Gute. Wir sehen uns !<\/p>\n\n\n\n<div class=\"wp-block-image\"><figure class=\"aligncenter size-large\"><img loading=\"lazy\" decoding=\"async\" width=\"700\" height=\"987\" src=\"https:\/\/echta-derminga.de\/wp-content\/uploads\/2021\/06\/IMG-20210627-WA0008-700x987.jpg\" alt=\"\" class=\"wp-image-10010\" srcset=\"https:\/\/echta-derminga.de\/wp-content\/uploads\/2021\/06\/IMG-20210627-WA0008-700x987.jpg 700w, https:\/\/echta-derminga.de\/wp-content\/uploads\/2021\/06\/IMG-20210627-WA0008-213x300.jpg 213w, https:\/\/echta-derminga.de\/wp-content\/uploads\/2021\/06\/IMG-20210627-WA0008-768x1083.jpg 768w, https:\/\/echta-derminga.de\/wp-content\/uploads\/2021\/06\/IMG-20210627-WA0008-1090x1536.jpg 1090w, https:\/\/echta-derminga.de\/wp-content\/uploads\/2021\/06\/IMG-20210627-WA0008.jpg 1135w\" sizes=\"auto, (max-width: 700px) 100vw, 700px\" \/><\/figure><\/div>\n\n\n\n<p class=\"has-medium-font-size wp-block-paragraph\">Wir stellen also fest, dass Leben kommt langsam aber sicher zur\u00fcck. Ich hoffe Sie genie\u00dfen ihre Zeit und blicken zuversichtlich in die Zukunft. Abschlie\u00dfend m\u00f6chte ich es nicht vers\u00e4umen Danke zu sagen. Die Hilfsbereitschaft in unserem Dorf ist aller Ehren wert. Wie selbstverst\u00e4ndlich \u00fcbernehmen Menschen Verantwortung und helfen genau dort, wo es angebracht und n\u00f6tig ist. Parzellen des Nachbarn oder auch der Gemeinde werden wie selbstverst\u00e4ndlich mit gem\u00e4ht und gepflegt. In diesem Zusammenhang m\u00f6chte ich einmal Timo Alt f\u00fcr sein ehrenamtliches Engagement danken. Mit seiner Hilfe wurde die Fl\u00e4che rund um das alte Denkmal enorm aufgewertet. Vielen Dank auch an Dieter Kleer f\u00fcr seine gro\u00dfartige Nachbarschaftshilfe. Meistens ist diese Hilfe mit gro\u00dfem Aufwand verbunden. Sch\u00f6n, dass es euch gibt ! Danke an alle die helfen und unser Dorf aufwerten. <\/p>\n\n\n\n<div class=\"wp-block-image\"><figure class=\"aligncenter size-large\"><img loading=\"lazy\" decoding=\"async\" width=\"700\" height=\"525\" src=\"https:\/\/echta-derminga.de\/wp-content\/uploads\/2021\/06\/timo-700x525.jpg\" alt=\"\" class=\"wp-image-10015\" srcset=\"https:\/\/echta-derminga.de\/wp-content\/uploads\/2021\/06\/timo-700x525.jpg 700w, https:\/\/echta-derminga.de\/wp-content\/uploads\/2021\/06\/timo-300x225.jpg 300w, https:\/\/echta-derminga.de\/wp-content\/uploads\/2021\/06\/timo-768x576.jpg 768w, https:\/\/echta-derminga.de\/wp-content\/uploads\/2021\/06\/timo.jpg 960w\" sizes=\"auto, (max-width: 700px) 100vw, 700px\" \/><figcaption>Danke<\/figcaption><\/figure><\/div>\n\n\n\n<p class=\"has-medium-font-size wp-block-paragraph\">Sie sehen also, am Ende wird alles gut. Wenn es noch nicht gut ist, ist es eben noch nicht zu Ende. Wenn wir aber gemeinsam anpacken, liegt eine gute Zukunft vor uns allen.<\/p>\n\n\n\n<p class=\"has-medium-font-size wp-block-paragraph\">In diesem Sinne.<\/p>\n\n\n\n<p class=\"has-medium-font-size wp-block-paragraph\"><strong>Ihr Ortsvorsteher<\/strong><\/p>\n\n\n\n<p class=\"has-medium-font-size wp-block-paragraph\"><strong><em>Frank Klein<\/em><\/strong><\/p>\n","protected":false},"excerpt":{"rendered":"<p>Mit dem Sommer gelangt eine gewisse Gelassenheit zur\u00fcck in unser Leben. Das erste Musikpicknick auf Finkenrech, am 22.Juni hat trotz m\u00e4\u00dfigen Wetter zahlreiche Zuschauer angelockt. Die Menschen genossen bei toller Livemusik, in einem wundersch\u00f6nen Ambiente auf Finkenrech, den Abend und die Leichtigkeit des Seins. Unser Leben gelangt langsam wieder in ruhigere Fahrwasser. Die Normalit\u00e4t kommt St\u00fcck f\u00fcr St\u00fcck zur\u00fcck und<\/p>\n","protected":false},"author":1,"featured_media":9969,"comment_status":"open","ping_status":"closed","sticky":false,"template":"","format":"standard","meta":{"_crdt_document":"","footnotes":""},"categories":[1,812],"tags":[5,618,127,634,795,310],"class_list":["post-9998","post","type-post","status-publish","format-standard","has-post-thumbnail","hentry","category-allgemein","category-ortsvorsteher-dirmingen","tag-dirmingen","tag-gemeinde-eppelborn","tag-landkreis-neunkirchen","tag-ortsvorsteher","tag-ortsvorsteher-dirmingen","tag-saarland"],"_links":{"self":[{"href":"https:\/\/echta-derminga.de\/index.php?rest_route=\/wp\/v2\/posts\/9998","targetHints":{"allow":["GET"]}}],"collection":[{"href":"https:\/\/echta-derminga.de\/index.php?rest_route=\/wp\/v2\/posts"}],"about":[{"href":"https:\/\/echta-derminga.de\/index.php?rest_route=\/wp\/v2\/types\/post"}],"author":[{"embeddable":true,"href":"https:\/\/echta-derminga.de\/index.php?rest_route=\/wp\/v2\/users\/1"}],"replies":[{"embeddable":true,"href":"https:\/\/echta-derminga.de\/index.php?rest_route=%2Fwp%2Fv2%2Fcomments&post=9998"}],"version-history":[{"count":22,"href":"https:\/\/echta-derminga.de\/index.php?rest_route=\/wp\/v2\/posts\/9998\/revisions"}],"predecessor-version":[{"id":10028,"href":"https:\/\/echta-derminga.de\/index.php?rest_route=\/wp\/v2\/posts\/9998\/revisions\/10028"}],"wp:featuredmedia":[{"embeddable":true,"href":"https:\/\/echta-derminga.de\/index.php?rest_route=\/wp\/v2\/media\/9969"}],"wp:attachment":[{"href":"https:\/\/echta-derminga.de\/index.php?rest_route=%2Fwp%2Fv2%2Fmedia&parent=9998"}],"wp:term":[{"taxonomy":"category","embeddable":true,"href":"https:\/\/echta-derminga.de\/index.php?rest_route=%2Fwp%2Fv2%2Fcategories&post=9998"},{"taxonomy":"post_tag","embeddable":true,"href":"https:\/\/echta-derminga.de\/index.php?rest_route=%2Fwp%2Fv2%2Ftags&post=9998"}],"curies":[{"name":"wp","href":"https:\/\/api.w.org\/{rel}","templated":true}]}}